{"id":2390,"date":"2014-08-13T10:15:10","date_gmt":"2014-08-13T09:15:10","guid":{"rendered":"https:\/\/giannidavico.it\/staging\/gopiedmont\/?p=2390"},"modified":"2015-03-12T11:01:37","modified_gmt":"2015-03-12T10:01:37","slug":"el-piemonteis-e-ij-cit-na-roba-faita","status":"publish","type":"post","link":"https:\/\/giannidavico.it\/gopiedmont\/2014\/08\/13\/el-piemonteis-e-ij-cit-na-roba-faita\/","title":{"rendered":"\u00cbl piemont\u00e8is e ij cit, na r\u00f2ba f\u00e0ita"},"content":{"rendered":"<p><a href=\"https:\/\/giannidavico.it\/gopiedmont\/files\/2014\/08\/rifugio.jpg\"><img loading=\"lazy\" src=\"https:\/\/giannidavico.it\/gopiedmont\/files\/2014\/08\/rifugio.jpg\" alt=\"rifugio\" width=\"259\" height=\"194\" class=\"alignright size-full wp-image-2664\" \/><\/a><br \/>\nI l&#8217;oma f\u00e0it un p\u00f2ch \u00ebd festa, saba.<\/p>\n<p>A l&#8217;\u00e9 st\u00e0ita na r\u00f2ba estemporanea. A l&#8217;ha fame tant pias\u00ec parl\u00e9 \u00ebd n&#8217;argoment ch&#8217;i con\u00f2ss bin e ch&#8217;am toca da davzin, \u00ebl piemont\u00e8is e ij cit. Dzora &#8216;d tut a l&#8217;ha fame tanta g\u00f2j ancontr\u00e9 torna, d\u00f2p tanti agn, <a href=\"http:\/\/arsorsepiemonteise.wikispaces.com\/\" title=\"Arsorse p\u00ebr la lenga piemont\u00e8isa\" target=\"_blank\">Riccardo &#8220;Borich\u00e8t&#8221;<\/a>, che con soe masn\u00e0 p\u00ec grande a l&#8217;ha f\u00e0it un baron d\u00eb stra p\u00ebr vn\u00ec fin-a s\u00ec dzora a l&#8217;ancontr.<\/p>\n<p>I l&#8217;oma les\u00f9 qu\u00e0ich \u00ebst\u00f2ria, i l&#8217;oma scambiasse d&#8217;opinion con le p\u00ebrson-e ch&#8217;a j&#8217;ero presente. Miraco p\u00f2che, ma nen pr\u00f2pi p\u00f2che, a penseje da bin: i j&#8217;ero squasi na vinten-a. P\u00f2chi cit, ma a f\u00e0 gnente: i foma l\u00f2n ch&#8217;i podoma con \u00ebl p\u00f2ch ch&#8217;i l&#8217;oma.<\/p>\n<p>A l&#8217;\u00e9 st\u00e0ita ma moderna\/antica vij\u00e0. Am ven an ment na str\u00f2fa gav\u00e0 da na <a href=\"https:\/\/www.youtube.com\/watch?v=XtNIWdVpNlo\" title=\"Amemanera\" target=\"_blank\">canson<\/a> dj&#8217;Amemanera, cola ch&#8217;a-i d\u00e0 \u00ebl t\u00ectol al disch (an tra parentesi bel concert, j\u00e9r s\u00e8ira a Vernant &#8211; i na parlerai n&#8217;\u00e0utr merco):<\/p>\n<blockquote><p>Tucc ansema foma o teatro<br \/>\nfoma and\u00e9 via fastidi e sagrin.<\/p><\/blockquote>\n<p>Peui, la s\u00e8ira, na sin-a an alegr\u00eca a l&#8217;ha conclud\u00f9 na bela giorn\u00e0. E mi i j&#8217;era content \u00ebd cost ancontr f\u00e0it an cost leu sperd\u00f9 ant le montagne ma che p\u00ebr mi a l&#8217;\u00e9 ca.<\/p>\n<p>Ant na par\u00f2la a l&#8217;\u00e9 com ch&#8217;a l&#8217;ha dit Eduardo an soa \u00f9ltima sort\u00eca p\u00f9blica (Taormina, 15 st\u00e8mber 1983):<\/p>\n<blockquote><p>Anche stasera mi batte il cuore. E continuer\u00e0 a battermi pure quando si sar\u00e0 fermato.<\/p><\/blockquote>\n","protected":false},"excerpt":{"rendered":"<p><a href=\"https:\/\/giannidavico.it\/gopiedmont\/files\/2014\/08\/rifugio.jpg\"><img loading=\"lazy\" src=\"https:\/\/giannidavico.it\/gopiedmont\/files\/2014\/08\/rifugio.jpg\" alt=\"rifugio\" width=\"259\" height=\"194\" class=\"alignright size-full wp-image-2664\" \/><\/a><br \/> I l&#8217;oma f\u00e0it un p\u00f2ch \u00ebd festa, saba.<\/p>\n<p>A l&#8217;\u00e9 st\u00e0ita na r\u00f2ba estemporanea. A l&#8217;ha fame tant pias\u00ec parl\u00e9 \u00ebd n&#8217;argoment ch&#8217;i con\u00f2ss bin e ch&#8217;am toca da davzin, \u00ebl piemont\u00e8is e ij cit. Dzora &#8216;d tut a l&#8217;ha fame tanta g\u00f2j ancontr\u00e9 torna, d\u00f2p tanti agn, <a href=\"http:\/\/arsorsepiemonteise.wikispaces.com\/\" title=\"Arsorse p\u00ebr la lenga piemont\u00e8isa\" target=\"_blank\">Riccardo &#8220;Borich\u00e8t&#8221;<\/a>, che con soe masn\u00e0 p\u00ec grande a l&#8217;ha f\u00e0it un baron d\u00eb stra p\u00ebr vn\u00ec fin-a s\u00ec dzora a l&#8217;ancontr.<\/p>\n<p>I l&#8217;oma les\u00f9 qu\u00e0ich \u00ebst\u00f2ria, i l&#8217;oma scambiasse d&#8217;opinion con le p\u00ebrson-e ch&#8217;a j&#8217;ero presente. Miraco p\u00f2che, ma nen pr\u00f2pi p\u00f2che, a penseje da bin: i j&#8217;ero squasi na vinten-a. P\u00f2chi cit, ma a f\u00e0 gnente: i foma l\u00f2n ch&#8217;i podoma con \u00ebl p\u00f2ch ch&#8217;i l&#8217;oma.<\/p>\n<p>A l&#8217;\u00e9 st\u00e0ita ma moderna\/antica vij\u00e0. Am ven an ment na str\u00f2fa gav\u00e0 da na <a href=\"https:\/\/www.youtube.com\/watch?v=XtNIWdVpNlo\" title=\"Amemanera\" target=\"_blank\">canson<\/a> dj&#8217;Amemanera, cola ch&#8217;a-i d\u00e0 \u00ebl t\u00ectol al disch (an tra parentesi bel concert, j\u00e9r s\u00e8ira a Vernant &#8211; i na parlerai n&#8217;\u00e0utr merco):<\/p>\n<p>Tucc ansema foma o teatro<br \/> foma and\u00e9 via fastidi e sagrin.<\/p>\n<p>Peui, la s\u00e8ira, na sin-a an alegr\u00eca a l&#8217;ha conclud\u00f9 na [\u2026] <a class=\"moretag\" href=\"https:\/\/giannidavico.it\/gopiedmont\/2014\/08\/13\/el-piemonteis-e-ij-cit-na-roba-faita\/\">continua a leggere \u00bb<\/a><\/p>\n","protected":false},"author":4,"featured_media":0,"comment_status":"open","ping_status":"open","sticky":false,"template":"","format":"standard","meta":[],"categories":[130],"tags":[64,4020],"yoast_head":"<!-- This site is optimized with the Yoast SEO plugin v19.14 - https:\/\/yoast.com\/wordpress\/plugins\/seo\/ -->\n<title>\u00cbl piemont\u00e8is e ij cit, na r\u00f2ba f\u00e0ita - Go Piedmont<\/title>\n<meta name=\"robots\" content=\"index, follow, max-snippet:-1, max-image-preview:large, max-video-preview:-1\" \/>\n<link rel=\"canonical\" href=\"https:\/\/giannidavico.it\/gopiedmont\/2014\/08\/13\/el-piemonteis-e-ij-cit-na-roba-faita\/\" \/>\n<meta property=\"og:locale\" content=\"it_IT\" \/>\n<meta property=\"og:type\" content=\"article\" \/>\n<meta property=\"og:title\" content=\"\u00cbl piemont\u00e8is e ij cit, na r\u00f2ba f\u00e0ita - Go Piedmont\" \/>\n<meta property=\"og:description\" content=\"I l&#8217;oma f\u00e0it un p\u00f2ch \u00ebd festa, saba. A l&#8217;\u00e9 st\u00e0ita na r\u00f2ba estemporanea. A l&#8217;ha fame tant pias\u00ec parl\u00e9 \u00ebd n&#8217;argoment ch&#8217;i con\u00f2ss bin e ch&#8217;am toca da davzin, \u00ebl piemont\u00e8is e ij cit. Dzora &#8216;d tut a l&#8217;ha fame tanta g\u00f2j ancontr\u00e9 torna, d\u00f2p tanti agn, Riccardo &#8220;Borich\u00e8t&#8221;, che con soe masn\u00e0 p\u00ec grande a l&#8217;ha f\u00e0it un baron d\u00eb stra p\u00ebr vn\u00ec fin-a s\u00ec dzora a l&#8217;ancontr. I l&#8217;oma les\u00f9 qu\u00e0ich \u00ebst\u00f2ria, i l&#8217;oma scambiasse d&#8217;opinion con le p\u00ebrson-e ch&#8217;a j&#8217;ero presente. Miraco p\u00f2che, ma nen pr\u00f2pi p\u00f2che, a penseje da bin: i j&#8217;ero squasi na vinten-a. P\u00f2chi cit, ma a f\u00e0 gnente: i foma l\u00f2n ch&#8217;i podoma con \u00ebl p\u00f2ch ch&#8217;i l&#8217;oma. A l&#8217;\u00e9 st\u00e0ita ma moderna\/antica vij\u00e0. Am ven an ment na str\u00f2fa gav\u00e0 da na canson dj&#8217;Amemanera, cola ch&#8217;a-i d\u00e0 \u00ebl t\u00ectol al disch (an tra parentesi bel concert, j\u00e9r s\u00e8ira a Vernant &#8211; i na parlerai n&#8217;\u00e0utr merco): Tucc ansema foma o teatro foma and\u00e9 via fastidi e sagrin. Peui, la s\u00e8ira, na sin-a an alegr\u00eca a l&#8217;ha conclud\u00f9 na [\u2026] continua a leggere \u00bb\" \/>\n<meta property=\"og:url\" content=\"https:\/\/giannidavico.it\/gopiedmont\/2014\/08\/13\/el-piemonteis-e-ij-cit-na-roba-faita\/\" \/>\n<meta property=\"og:site_name\" content=\"Go Piedmont\" \/>\n<meta property=\"article:published_time\" content=\"2014-08-13T09:15:10+00:00\" \/>\n<meta property=\"article:modified_time\" content=\"2015-03-12T10:01:37+00:00\" \/>\n<meta property=\"og:image\" content=\"https:\/\/giannidavico.it\/gopiedmont\/files\/2014\/08\/rifugio.jpg\" \/>\n<meta name=\"author\" content=\"giannidavico\" \/>\n<meta name=\"twitter:card\" content=\"summary_large_image\" \/>\n<meta name=\"twitter:label1\" content=\"Scritto da\" \/>\n\t<meta name=\"twitter:data1\" content=\"giannidavico\" \/>\n\t<meta name=\"twitter:label2\" content=\"Tempo di lettura stimato\" \/>\n\t<meta name=\"twitter:data2\" content=\"1 minuto\" \/>\n<script type=\"application\/ld+json\" class=\"yoast-schema-graph\">{\"@context\":\"https:\/\/schema.org\",\"@graph\":[{\"@type\":\"WebPage\",\"@id\":\"https:\/\/giannidavico.it\/gopiedmont\/2014\/08\/13\/el-piemonteis-e-ij-cit-na-roba-faita\/\",\"url\":\"https:\/\/giannidavico.it\/gopiedmont\/2014\/08\/13\/el-piemonteis-e-ij-cit-na-roba-faita\/\",\"name\":\"\u00cbl piemont\u00e8is e ij cit, na r\u00f2ba f\u00e0ita - Go Piedmont\",\"isPartOf\":{\"@id\":\"https:\/\/giannidavico.it\/gopiedmont\/#website\"},\"datePublished\":\"2014-08-13T09:15:10+00:00\",\"dateModified\":\"2015-03-12T10:01:37+00:00\",\"author\":{\"@id\":\"https:\/\/giannidavico.it\/gopiedmont\/#\/schema\/person\/ea1fd17d8f2dba325f3712219efa8f77\"},\"inLanguage\":\"it-IT\",\"potentialAction\":[{\"@type\":\"ReadAction\",\"target\":[\"https:\/\/giannidavico.it\/gopiedmont\/2014\/08\/13\/el-piemonteis-e-ij-cit-na-roba-faita\/\"]}]},{\"@type\":\"WebSite\",\"@id\":\"https:\/\/giannidavico.it\/gopiedmont\/#website\",\"url\":\"https:\/\/giannidavico.it\/gopiedmont\/\",\"name\":\"Go Piedmont\",\"description\":\"pens\u00e9 dzora l\u00ecber, event e p\u00ebrson-e grop\u00e0 al Piemont e a la lenga piemont\u00e8isa\",\"potentialAction\":[{\"@type\":\"SearchAction\",\"target\":{\"@type\":\"EntryPoint\",\"urlTemplate\":\"https:\/\/giannidavico.it\/gopiedmont\/?s={search_term_string}\"},\"query-input\":\"required name=search_term_string\"}],\"inLanguage\":\"it-IT\"},{\"@type\":\"Person\",\"@id\":\"https:\/\/giannidavico.it\/gopiedmont\/#\/schema\/person\/ea1fd17d8f2dba325f3712219efa8f77\",\"name\":\"giannidavico\",\"image\":{\"@type\":\"ImageObject\",\"inLanguage\":\"it-IT\",\"@id\":\"https:\/\/giannidavico.it\/gopiedmont\/#\/schema\/person\/image\/\",\"url\":\"https:\/\/secure.gravatar.com\/avatar\/337748753d882602f3038b55fb369ba1?s=96&d=mm&r=g\",\"contentUrl\":\"https:\/\/secure.gravatar.com\/avatar\/337748753d882602f3038b55fb369ba1?s=96&d=mm&r=g\",\"caption\":\"giannidavico\"},\"url\":\"https:\/\/giannidavico.it\/gopiedmont\/author\/giannidavico\/\"}]}<\/script>\n<!-- \/ Yoast SEO plugin. -->","yoast_head_json":{"title":"\u00cbl piemont\u00e8is e ij cit, na r\u00f2ba f\u00e0ita - Go Piedmont","robots":{"index":"index","follow":"follow","max-snippet":"max-snippet:-1","max-image-preview":"max-image-preview:large","max-video-preview":"max-video-preview:-1"},"canonical":"https:\/\/giannidavico.it\/gopiedmont\/2014\/08\/13\/el-piemonteis-e-ij-cit-na-roba-faita\/","og_locale":"it_IT","og_type":"article","og_title":"\u00cbl piemont\u00e8is e ij cit, na r\u00f2ba f\u00e0ita - Go Piedmont","og_description":"I l&#8217;oma f\u00e0it un p\u00f2ch \u00ebd festa, saba. A l&#8217;\u00e9 st\u00e0ita na r\u00f2ba estemporanea. A l&#8217;ha fame tant pias\u00ec parl\u00e9 \u00ebd n&#8217;argoment ch&#8217;i con\u00f2ss bin e ch&#8217;am toca da davzin, \u00ebl piemont\u00e8is e ij cit. Dzora &#8216;d tut a l&#8217;ha fame tanta g\u00f2j ancontr\u00e9 torna, d\u00f2p tanti agn, Riccardo &#8220;Borich\u00e8t&#8221;, che con soe masn\u00e0 p\u00ec grande a l&#8217;ha f\u00e0it un baron d\u00eb stra p\u00ebr vn\u00ec fin-a s\u00ec dzora a l&#8217;ancontr. I l&#8217;oma les\u00f9 qu\u00e0ich \u00ebst\u00f2ria, i l&#8217;oma scambiasse d&#8217;opinion con le p\u00ebrson-e ch&#8217;a j&#8217;ero presente. Miraco p\u00f2che, ma nen pr\u00f2pi p\u00f2che, a penseje da bin: i j&#8217;ero squasi na vinten-a. P\u00f2chi cit, ma a f\u00e0 gnente: i foma l\u00f2n ch&#8217;i podoma con \u00ebl p\u00f2ch ch&#8217;i l&#8217;oma. A l&#8217;\u00e9 st\u00e0ita ma moderna\/antica vij\u00e0. Am ven an ment na str\u00f2fa gav\u00e0 da na canson dj&#8217;Amemanera, cola ch&#8217;a-i d\u00e0 \u00ebl t\u00ectol al disch (an tra parentesi bel concert, j\u00e9r s\u00e8ira a Vernant &#8211; i na parlerai n&#8217;\u00e0utr merco): Tucc ansema foma o teatro foma and\u00e9 via fastidi e sagrin. Peui, la s\u00e8ira, na sin-a an alegr\u00eca a l&#8217;ha conclud\u00f9 na [\u2026] continua a leggere \u00bb","og_url":"https:\/\/giannidavico.it\/gopiedmont\/2014\/08\/13\/el-piemonteis-e-ij-cit-na-roba-faita\/","og_site_name":"Go Piedmont","article_published_time":"2014-08-13T09:15:10+00:00","article_modified_time":"2015-03-12T10:01:37+00:00","og_image":[{"url":"https:\/\/giannidavico.it\/gopiedmont\/files\/2014\/08\/rifugio.jpg"}],"author":"giannidavico","twitter_card":"summary_large_image","twitter_misc":{"Scritto da":"giannidavico","Tempo di lettura stimato":"1 minuto"},"schema":{"@context":"https:\/\/schema.org","@graph":[{"@type":"WebPage","@id":"https:\/\/giannidavico.it\/gopiedmont\/2014\/08\/13\/el-piemonteis-e-ij-cit-na-roba-faita\/","url":"https:\/\/giannidavico.it\/gopiedmont\/2014\/08\/13\/el-piemonteis-e-ij-cit-na-roba-faita\/","name":"\u00cbl piemont\u00e8is e ij cit, na r\u00f2ba f\u00e0ita - Go Piedmont","isPartOf":{"@id":"https:\/\/giannidavico.it\/gopiedmont\/#website"},"datePublished":"2014-08-13T09:15:10+00:00","dateModified":"2015-03-12T10:01:37+00:00","author":{"@id":"https:\/\/giannidavico.it\/gopiedmont\/#\/schema\/person\/ea1fd17d8f2dba325f3712219efa8f77"},"inLanguage":"it-IT","potentialAction":[{"@type":"ReadAction","target":["https:\/\/giannidavico.it\/gopiedmont\/2014\/08\/13\/el-piemonteis-e-ij-cit-na-roba-faita\/"]}]},{"@type":"WebSite","@id":"https:\/\/giannidavico.it\/gopiedmont\/#website","url":"https:\/\/giannidavico.it\/gopiedmont\/","name":"Go Piedmont","description":"pens\u00e9 dzora l\u00ecber, event e p\u00ebrson-e grop\u00e0 al Piemont e a la lenga piemont\u00e8isa","potentialAction":[{"@type":"SearchAction","target":{"@type":"EntryPoint","urlTemplate":"https:\/\/giannidavico.it\/gopiedmont\/?s={search_term_string}"},"query-input":"required name=search_term_string"}],"inLanguage":"it-IT"},{"@type":"Person","@id":"https:\/\/giannidavico.it\/gopiedmont\/#\/schema\/person\/ea1fd17d8f2dba325f3712219efa8f77","name":"giannidavico","image":{"@type":"ImageObject","inLanguage":"it-IT","@id":"https:\/\/giannidavico.it\/gopiedmont\/#\/schema\/person\/image\/","url":"https:\/\/secure.gravatar.com\/avatar\/337748753d882602f3038b55fb369ba1?s=96&d=mm&r=g","contentUrl":"https:\/\/secure.gravatar.com\/avatar\/337748753d882602f3038b55fb369ba1?s=96&d=mm&r=g","caption":"giannidavico"},"url":"https:\/\/giannidavico.it\/gopiedmont\/author\/giannidavico\/"}]}},"_links":{"self":[{"href":"https:\/\/giannidavico.it\/gopiedmont\/wp-json\/wp\/v2\/posts\/2390"}],"collection":[{"href":"https:\/\/giannidavico.it\/gopiedmont\/wp-json\/wp\/v2\/posts"}],"about":[{"href":"https:\/\/giannidavico.it\/gopiedmont\/wp-json\/wp\/v2\/types\/post"}],"author":[{"embeddable":true,"href":"https:\/\/giannidavico.it\/gopiedmont\/wp-json\/wp\/v2\/users\/4"}],"replies":[{"embeddable":true,"href":"https:\/\/giannidavico.it\/gopiedmont\/wp-json\/wp\/v2\/comments?post=2390"}],"version-history":[{"count":4,"href":"https:\/\/giannidavico.it\/gopiedmont\/wp-json\/wp\/v2\/posts\/2390\/revisions"}],"predecessor-version":[{"id":2665,"href":"https:\/\/giannidavico.it\/gopiedmont\/wp-json\/wp\/v2\/posts\/2390\/revisions\/2665"}],"wp:attachment":[{"href":"https:\/\/giannidavico.it\/gopiedmont\/wp-json\/wp\/v2\/media?parent=2390"}],"wp:term":[{"taxonomy":"category","embeddable":true,"href":"https:\/\/giannidavico.it\/gopiedmont\/wp-json\/wp\/v2\/categories?post=2390"},{"taxonomy":"post_tag","embeddable":true,"href":"https:\/\/giannidavico.it\/gopiedmont\/wp-json\/wp\/v2\/tags?post=2390"}],"curies":[{"name":"wp","href":"https:\/\/api.w.org\/{rel}","templated":true}]}}