{"id":2396,"date":"2014-08-20T06:00:44","date_gmt":"2014-08-20T05:00:44","guid":{"rendered":"https:\/\/giannidavico.it\/staging\/gopiedmont\/?p=2396"},"modified":"2014-08-15T18:41:04","modified_gmt":"2014-08-15T17:41:04","slug":"amemanera-a-vernant","status":"publish","type":"post","link":"https:\/\/giannidavico.it\/gopiedmont\/2014\/08\/20\/amemanera-a-vernant\/","title":{"rendered":"Amemanera a Vernant"},"content":{"rendered":"<p><a href=\"https:\/\/giannidavico.it\/gopiedmont\/files\/2014\/08\/Amemanera.jpg\"><img loading=\"lazy\" src=\"https:\/\/giannidavico.it\/gopiedmont\/files\/2014\/08\/Amemanera-300x254.jpg\" alt=\"Amemanera\" width=\"300\" height=\"254\" class=\"alignright size-medium wp-image-2397\" srcset=\"https:\/\/giannidavico.it\/gopiedmont\/files\/2014\/08\/Amemanera-300x254.jpg 300w, https:\/\/giannidavico.it\/gopiedmont\/files\/2014\/08\/Amemanera.jpg 552w\" sizes=\"(max-width: 300px) 100vw, 300px\" \/><\/a><br \/>\nL&#8217;\u00e0utra sman-a i son st\u00e0it con mia famija a sente j&#8217;<a href=\"http:\/\/amemanera.com\/\" title=\"Amemanera\" target=\"_blank\">Amemanera<\/a> a Vernant. I l&#8217;hai parl\u00e0 &#8216;d lor <a href=\"https:\/\/giannidavico.it\/gopiedmont\/2013\/05\/22\/amemanera\/\" title=\"AMEMANERA\">ambeless\u00ec<\/a> e <a href=\"https:\/\/giannidavico.it\/gopiedmont\/2014\/06\/18\/amemanera-nann-dop\/\" title=\"Amemanera, n\u2019ann d\u00f2p\">ambeless\u00ec<\/a>; i j&#8217;ero scambiasse &#8216;d mail ma i l&#8217;av\u00eca mai scotaje an presensa. La prom\u00ebssa, per\u00f2, i l&#8217;av\u00eca fajla gi\u00e0 da qu\u00e0ich m\u00e8is: che aponto an cola s\u00e8ira i sar\u00eca and\u00e0it a scoteje.<\/p>\n<p>E che bel concert!<\/p>\n<p>Costa a l&#8217;\u00e9 la neuva m\u00f9sica piemont\u00e8isa, ch&#8217;a part da n\u00f2ste r\u00e8is, da la tradission (<a href=\"https:\/\/giannidavico.it\/gopiedmont\/2012\/07\/04\/maria-gioana-torna\/\" title=\"Maria Gioana\u2026 torna!\">Maria Gioana<\/a>, Giaco Tross e via f\u00f2rt), p\u00ebr riv\u00e9 al r\u00f2ck, al country, al f\u00f2lk, al jazz e chi sa a v\u00e0ire d&#8217;\u00e0utri gener ch&#8217;i con\u00f2ss nen \u2013 ma brav a son brav, e come! Chiel, Marco, a l&#8217;\u00e9 un mit con la chitara, ch&#8217;a smija squasi n&#8217;estension \u00ebd s\u00f2 brass; chila, Marica, a l&#8217;ha na vos ch&#8217;a f\u00e0 mn\u00ec la pel d&#8217;\u00f2ca.<\/p>\n<p>E peui a j&#8217;ero d&#8217;\u00e0utri tre musicista ch&#8217;a-i compagnavo. E a j&#8217;era tanta gent.<\/p>\n<p>I l&#8217;hai av\u00f9 la fortun-a d\u00eb scambi\u00e9 qu\u00e0ich par\u00f2la con lor: a l&#8217;han j&#8217;id\u00e8je ci\u00e0ire, e bin s&#8217;a l&#8217;\u00e9 dif\u00eccil a l&#8217;\u00e9 \u00ebdc\u00f2 bel segue costa stra. Gi\u00e0, p\u00ebrch\u00e8 con Orazio i podoma d\u00ec:<\/p>\n<blockquote><p>Aut insanit homo aut versus facit.<\/p><\/blockquote>\n<p>E lor doi a son certament dij poeta; miraco un p\u00f2 mat, ma ant la manera giusta. A san bin l\u00f2n ch&#8217;a fan e l\u00f2n ch&#8217;a venta f\u00e9.<\/p>\n<p>Adess a venta spanti\u00e9 la neuva: p\u00ebrch\u00e8 a lo merito, p\u00ebrch\u00e8 a l&#8217;\u00e9 na c\u00f2sa bela, p\u00ebrch\u00e8 la m\u00f9sica a gropa le p\u00ebrson-e e a slarga &#8216;l cheur. A venta ch&#8217;as sapia ch&#8217;a son an gamba, ch&#8217;a son j&#8217;interpret \u00ebd na tradission ch&#8217;a ven da lontan. A venta and\u00e9 da j&#8217;assessor a la coltura, feje f\u00e9 \u00ebd concert &#8211; a benefissi &#8216;d tuti.<\/p>\n<p>Piemont ch&#8217;a bogia. Con semplicit\u00e0 e decision. A bogia, e come!<\/p>\n","protected":false},"excerpt":{"rendered":"<p><a href=\"https:\/\/giannidavico.it\/gopiedmont\/files\/2014\/08\/Amemanera.jpg\"><img loading=\"lazy\" src=\"https:\/\/giannidavico.it\/gopiedmont\/files\/2014\/08\/Amemanera-300x254.jpg\" alt=\"Amemanera\" width=\"300\" height=\"254\" class=\"alignright size-medium wp-image-2397\" srcset=\"https:\/\/giannidavico.it\/gopiedmont\/files\/2014\/08\/Amemanera-300x254.jpg 300w, https:\/\/giannidavico.it\/gopiedmont\/files\/2014\/08\/Amemanera.jpg 552w\" sizes=\"(max-width: 300px) 100vw, 300px\" \/><\/a><br \/> L&#8217;\u00e0utra sman-a i son st\u00e0it con mia famija a sente j&#8217;<a href=\"http:\/\/amemanera.com\/\" title=\"Amemanera\" target=\"_blank\">Amemanera<\/a> a Vernant. I l&#8217;hai parl\u00e0 &#8216;d lor <a href=\"https:\/\/giannidavico.it\/gopiedmont\/2013\/05\/22\/amemanera\/\" title=\"AMEMANERA\">ambeless\u00ec<\/a> e <a href=\"https:\/\/giannidavico.it\/gopiedmont\/2014\/06\/18\/amemanera-nann-dop\/\" title=\"Amemanera, n\u2019ann d\u00f2p\">ambeless\u00ec<\/a>; i j&#8217;ero scambiasse &#8216;d mail ma i l&#8217;av\u00eca mai scotaje an presensa. La prom\u00ebssa, per\u00f2, i l&#8217;av\u00eca fajla gi\u00e0 da qu\u00e0ich m\u00e8is: che aponto an cola s\u00e8ira i sar\u00eca and\u00e0it a scoteje.<\/p>\n<p>E che bel concert!<\/p>\n<p>Costa a l&#8217;\u00e9 la neuva m\u00f9sica piemont\u00e8isa, ch&#8217;a part da n\u00f2ste r\u00e8is, da la tradission (<a href=\"https:\/\/giannidavico.it\/gopiedmont\/2012\/07\/04\/maria-gioana-torna\/\" title=\"Maria Gioana\u2026 torna!\">Maria Gioana<\/a>, Giaco Tross e via f\u00f2rt), p\u00ebr riv\u00e9 al r\u00f2ck, al country, al f\u00f2lk, al jazz e chi sa a v\u00e0ire d&#8217;\u00e0utri gener ch&#8217;i con\u00f2ss nen \u2013 ma brav a son brav, e come! Chiel, Marco, a l&#8217;\u00e9 un mit con la chitara, ch&#8217;a smija squasi n&#8217;estension \u00ebd s\u00f2 brass; chila, Marica, a l&#8217;ha na vos ch&#8217;a f\u00e0 mn\u00ec la pel d&#8217;\u00f2ca.<\/p>\n<p>E peui a j&#8217;ero d&#8217;\u00e0utri tre musicista ch&#8217;a-i compagnavo. E a j&#8217;era tanta gent.<\/p>\n<p>I l&#8217;hai av\u00f9 la fortun-a d\u00eb scambi\u00e9 qu\u00e0ich par\u00f2la con lor: a l&#8217;han j&#8217;id\u00e8je ci\u00e0ire, e bin s&#8217;a [\u2026] <a class=\"moretag\" href=\"https:\/\/giannidavico.it\/gopiedmont\/2014\/08\/20\/amemanera-a-vernant\/\">continua a leggere \u00bb<\/a><\/p>\n","protected":false},"author":4,"featured_media":0,"comment_status":"open","ping_status":"open","sticky":false,"template":"","format":"standard","meta":[],"categories":[130],"tags":[45],"yoast_head":"<!-- This site is optimized with the Yoast SEO plugin v19.14 - https:\/\/yoast.com\/wordpress\/plugins\/seo\/ -->\n<title>Amemanera a Vernant - Go Piedmont<\/title>\n<meta name=\"robots\" content=\"index, follow, max-snippet:-1, max-image-preview:large, max-video-preview:-1\" \/>\n<link rel=\"canonical\" href=\"https:\/\/giannidavico.it\/gopiedmont\/2014\/08\/20\/amemanera-a-vernant\/\" \/>\n<meta property=\"og:locale\" content=\"it_IT\" \/>\n<meta property=\"og:type\" content=\"article\" \/>\n<meta property=\"og:title\" content=\"Amemanera a Vernant - Go Piedmont\" \/>\n<meta property=\"og:description\" content=\"L&#8217;\u00e0utra sman-a i son st\u00e0it con mia famija a sente j&#8217;Amemanera a Vernant. I l&#8217;hai parl\u00e0 &#8216;d lor ambeless\u00ec e ambeless\u00ec; i j&#8217;ero scambiasse &#8216;d mail ma i l&#8217;av\u00eca mai scotaje an presensa. La prom\u00ebssa, per\u00f2, i l&#8217;av\u00eca fajla gi\u00e0 da qu\u00e0ich m\u00e8is: che aponto an cola s\u00e8ira i sar\u00eca and\u00e0it a scoteje. E che bel concert! Costa a l&#8217;\u00e9 la neuva m\u00f9sica piemont\u00e8isa, ch&#8217;a part da n\u00f2ste r\u00e8is, da la tradission (Maria Gioana, Giaco Tross e via f\u00f2rt), p\u00ebr riv\u00e9 al r\u00f2ck, al country, al f\u00f2lk, al jazz e chi sa a v\u00e0ire d&#8217;\u00e0utri gener ch&#8217;i con\u00f2ss nen \u2013 ma brav a son brav, e come! Chiel, Marco, a l&#8217;\u00e9 un mit con la chitara, ch&#8217;a smija squasi n&#8217;estension \u00ebd s\u00f2 brass; chila, Marica, a l&#8217;ha na vos ch&#8217;a f\u00e0 mn\u00ec la pel d&#8217;\u00f2ca. E peui a j&#8217;ero d&#8217;\u00e0utri tre musicista ch&#8217;a-i compagnavo. E a j&#8217;era tanta gent. I l&#8217;hai av\u00f9 la fortun-a d\u00eb scambi\u00e9 qu\u00e0ich par\u00f2la con lor: a l&#8217;han j&#8217;id\u00e8je ci\u00e0ire, e bin s&#8217;a [\u2026] continua a leggere \u00bb\" \/>\n<meta property=\"og:url\" content=\"https:\/\/giannidavico.it\/gopiedmont\/2014\/08\/20\/amemanera-a-vernant\/\" \/>\n<meta property=\"og:site_name\" content=\"Go Piedmont\" \/>\n<meta property=\"article:published_time\" content=\"2014-08-20T05:00:44+00:00\" \/>\n<meta property=\"article:modified_time\" content=\"2014-08-15T17:41:04+00:00\" \/>\n<meta property=\"og:image\" content=\"https:\/\/giannidavico.it\/gopiedmont\/files\/2014\/08\/Amemanera-300x254.jpg\" \/>\n<meta name=\"author\" content=\"giannidavico\" \/>\n<meta name=\"twitter:card\" content=\"summary_large_image\" \/>\n<meta name=\"twitter:label1\" content=\"Scritto da\" \/>\n\t<meta name=\"twitter:data1\" content=\"giannidavico\" \/>\n\t<meta name=\"twitter:label2\" content=\"Tempo di lettura stimato\" \/>\n\t<meta name=\"twitter:data2\" content=\"2 minuti\" \/>\n<script type=\"application\/ld+json\" class=\"yoast-schema-graph\">{\"@context\":\"https:\/\/schema.org\",\"@graph\":[{\"@type\":\"WebPage\",\"@id\":\"https:\/\/giannidavico.it\/gopiedmont\/2014\/08\/20\/amemanera-a-vernant\/\",\"url\":\"https:\/\/giannidavico.it\/gopiedmont\/2014\/08\/20\/amemanera-a-vernant\/\",\"name\":\"Amemanera a Vernant - Go Piedmont\",\"isPartOf\":{\"@id\":\"https:\/\/giannidavico.it\/gopiedmont\/#website\"},\"datePublished\":\"2014-08-20T05:00:44+00:00\",\"dateModified\":\"2014-08-15T17:41:04+00:00\",\"author\":{\"@id\":\"https:\/\/giannidavico.it\/gopiedmont\/#\/schema\/person\/ea1fd17d8f2dba325f3712219efa8f77\"},\"inLanguage\":\"it-IT\",\"potentialAction\":[{\"@type\":\"ReadAction\",\"target\":[\"https:\/\/giannidavico.it\/gopiedmont\/2014\/08\/20\/amemanera-a-vernant\/\"]}]},{\"@type\":\"WebSite\",\"@id\":\"https:\/\/giannidavico.it\/gopiedmont\/#website\",\"url\":\"https:\/\/giannidavico.it\/gopiedmont\/\",\"name\":\"Go Piedmont\",\"description\":\"pens\u00e9 dzora l\u00ecber, event e p\u00ebrson-e grop\u00e0 al Piemont e a la lenga piemont\u00e8isa\",\"potentialAction\":[{\"@type\":\"SearchAction\",\"target\":{\"@type\":\"EntryPoint\",\"urlTemplate\":\"https:\/\/giannidavico.it\/gopiedmont\/?s={search_term_string}\"},\"query-input\":\"required name=search_term_string\"}],\"inLanguage\":\"it-IT\"},{\"@type\":\"Person\",\"@id\":\"https:\/\/giannidavico.it\/gopiedmont\/#\/schema\/person\/ea1fd17d8f2dba325f3712219efa8f77\",\"name\":\"giannidavico\",\"image\":{\"@type\":\"ImageObject\",\"inLanguage\":\"it-IT\",\"@id\":\"https:\/\/giannidavico.it\/gopiedmont\/#\/schema\/person\/image\/\",\"url\":\"https:\/\/secure.gravatar.com\/avatar\/337748753d882602f3038b55fb369ba1?s=96&d=mm&r=g\",\"contentUrl\":\"https:\/\/secure.gravatar.com\/avatar\/337748753d882602f3038b55fb369ba1?s=96&d=mm&r=g\",\"caption\":\"giannidavico\"},\"url\":\"https:\/\/giannidavico.it\/gopiedmont\/author\/giannidavico\/\"}]}<\/script>\n<!-- \/ Yoast SEO plugin. -->","yoast_head_json":{"title":"Amemanera a Vernant - Go Piedmont","robots":{"index":"index","follow":"follow","max-snippet":"max-snippet:-1","max-image-preview":"max-image-preview:large","max-video-preview":"max-video-preview:-1"},"canonical":"https:\/\/giannidavico.it\/gopiedmont\/2014\/08\/20\/amemanera-a-vernant\/","og_locale":"it_IT","og_type":"article","og_title":"Amemanera a Vernant - Go Piedmont","og_description":"L&#8217;\u00e0utra sman-a i son st\u00e0it con mia famija a sente j&#8217;Amemanera a Vernant. I l&#8217;hai parl\u00e0 &#8216;d lor ambeless\u00ec e ambeless\u00ec; i j&#8217;ero scambiasse &#8216;d mail ma i l&#8217;av\u00eca mai scotaje an presensa. La prom\u00ebssa, per\u00f2, i l&#8217;av\u00eca fajla gi\u00e0 da qu\u00e0ich m\u00e8is: che aponto an cola s\u00e8ira i sar\u00eca and\u00e0it a scoteje. E che bel concert! Costa a l&#8217;\u00e9 la neuva m\u00f9sica piemont\u00e8isa, ch&#8217;a part da n\u00f2ste r\u00e8is, da la tradission (Maria Gioana, Giaco Tross e via f\u00f2rt), p\u00ebr riv\u00e9 al r\u00f2ck, al country, al f\u00f2lk, al jazz e chi sa a v\u00e0ire d&#8217;\u00e0utri gener ch&#8217;i con\u00f2ss nen \u2013 ma brav a son brav, e come! Chiel, Marco, a l&#8217;\u00e9 un mit con la chitara, ch&#8217;a smija squasi n&#8217;estension \u00ebd s\u00f2 brass; chila, Marica, a l&#8217;ha na vos ch&#8217;a f\u00e0 mn\u00ec la pel d&#8217;\u00f2ca. E peui a j&#8217;ero d&#8217;\u00e0utri tre musicista ch&#8217;a-i compagnavo. E a j&#8217;era tanta gent. I l&#8217;hai av\u00f9 la fortun-a d\u00eb scambi\u00e9 qu\u00e0ich par\u00f2la con lor: a l&#8217;han j&#8217;id\u00e8je ci\u00e0ire, e bin s&#8217;a [\u2026] continua a leggere \u00bb","og_url":"https:\/\/giannidavico.it\/gopiedmont\/2014\/08\/20\/amemanera-a-vernant\/","og_site_name":"Go Piedmont","article_published_time":"2014-08-20T05:00:44+00:00","article_modified_time":"2014-08-15T17:41:04+00:00","og_image":[{"url":"https:\/\/giannidavico.it\/gopiedmont\/files\/2014\/08\/Amemanera-300x254.jpg"}],"author":"giannidavico","twitter_card":"summary_large_image","twitter_misc":{"Scritto da":"giannidavico","Tempo di lettura stimato":"2 minuti"},"schema":{"@context":"https:\/\/schema.org","@graph":[{"@type":"WebPage","@id":"https:\/\/giannidavico.it\/gopiedmont\/2014\/08\/20\/amemanera-a-vernant\/","url":"https:\/\/giannidavico.it\/gopiedmont\/2014\/08\/20\/amemanera-a-vernant\/","name":"Amemanera a Vernant - Go Piedmont","isPartOf":{"@id":"https:\/\/giannidavico.it\/gopiedmont\/#website"},"datePublished":"2014-08-20T05:00:44+00:00","dateModified":"2014-08-15T17:41:04+00:00","author":{"@id":"https:\/\/giannidavico.it\/gopiedmont\/#\/schema\/person\/ea1fd17d8f2dba325f3712219efa8f77"},"inLanguage":"it-IT","potentialAction":[{"@type":"ReadAction","target":["https:\/\/giannidavico.it\/gopiedmont\/2014\/08\/20\/amemanera-a-vernant\/"]}]},{"@type":"WebSite","@id":"https:\/\/giannidavico.it\/gopiedmont\/#website","url":"https:\/\/giannidavico.it\/gopiedmont\/","name":"Go Piedmont","description":"pens\u00e9 dzora l\u00ecber, event e p\u00ebrson-e grop\u00e0 al Piemont e a la lenga piemont\u00e8isa","potentialAction":[{"@type":"SearchAction","target":{"@type":"EntryPoint","urlTemplate":"https:\/\/giannidavico.it\/gopiedmont\/?s={search_term_string}"},"query-input":"required name=search_term_string"}],"inLanguage":"it-IT"},{"@type":"Person","@id":"https:\/\/giannidavico.it\/gopiedmont\/#\/schema\/person\/ea1fd17d8f2dba325f3712219efa8f77","name":"giannidavico","image":{"@type":"ImageObject","inLanguage":"it-IT","@id":"https:\/\/giannidavico.it\/gopiedmont\/#\/schema\/person\/image\/","url":"https:\/\/secure.gravatar.com\/avatar\/337748753d882602f3038b55fb369ba1?s=96&d=mm&r=g","contentUrl":"https:\/\/secure.gravatar.com\/avatar\/337748753d882602f3038b55fb369ba1?s=96&d=mm&r=g","caption":"giannidavico"},"url":"https:\/\/giannidavico.it\/gopiedmont\/author\/giannidavico\/"}]}},"_links":{"self":[{"href":"https:\/\/giannidavico.it\/gopiedmont\/wp-json\/wp\/v2\/posts\/2396"}],"collection":[{"href":"https:\/\/giannidavico.it\/gopiedmont\/wp-json\/wp\/v2\/posts"}],"about":[{"href":"https:\/\/giannidavico.it\/gopiedmont\/wp-json\/wp\/v2\/types\/post"}],"author":[{"embeddable":true,"href":"https:\/\/giannidavico.it\/gopiedmont\/wp-json\/wp\/v2\/users\/4"}],"replies":[{"embeddable":true,"href":"https:\/\/giannidavico.it\/gopiedmont\/wp-json\/wp\/v2\/comments?post=2396"}],"version-history":[{"count":3,"href":"https:\/\/giannidavico.it\/gopiedmont\/wp-json\/wp\/v2\/posts\/2396\/revisions"}],"predecessor-version":[{"id":2401,"href":"https:\/\/giannidavico.it\/gopiedmont\/wp-json\/wp\/v2\/posts\/2396\/revisions\/2401"}],"wp:attachment":[{"href":"https:\/\/giannidavico.it\/gopiedmont\/wp-json\/wp\/v2\/media?parent=2396"}],"wp:term":[{"taxonomy":"category","embeddable":true,"href":"https:\/\/giannidavico.it\/gopiedmont\/wp-json\/wp\/v2\/categories?post=2396"},{"taxonomy":"post_tag","embeddable":true,"href":"https:\/\/giannidavico.it\/gopiedmont\/wp-json\/wp\/v2\/tags?post=2396"}],"curies":[{"name":"wp","href":"https:\/\/api.w.org\/{rel}","templated":true}]}}