{"id":24,"date":"2008-10-23T11:57:00","date_gmt":"2008-10-23T11:57:00","guid":{"rendered":"https:\/\/giannidavico.it\/staging\/gopiedmont\/2008\/10\/23\/festa-del-piemont-cha-fa-42\/"},"modified":"2010-05-20T14:01:00","modified_gmt":"2010-05-20T14:01:00","slug":"festa-del-piemont-cha-fa-42","status":"publish","type":"post","link":"https:\/\/giannidavico.it\/gopiedmont\/2008\/10\/23\/festa-del-piemont-cha-fa-42\/","title":{"rendered":"Festa d\u00ebl Piemont ch&#8217;a f\u00e0 42"},"content":{"rendered":"<p>La Festa d\u00ebl Piemont 2009, la festa ch&#8217;a f\u00e0 42, a s\u00eb tnir\u00e0 a C\u00e8j (Cellio), an Valsesia. La manifestassion a chita la Provincia Granda p\u00ebr le colin-e e ij brich ai pe d\u00ebl Reusa.<\/p>\n<p>A sar\u00e0 na festa dedic\u00e0 a la lenga piemont\u00e8isa e a j&#8217;\u00e0utre lenghe d\u00ebl Piemont. S\u00f2n p\u00ebrch\u00e8 an Valsesia a-i \u00e9 &#8216;dc\u00f2 n&#8217;\u00e0utra lenga st\u00f2rica, \u00ebl titzschu (dont n\u00f2st vate Sergi Girardin a l&#8217;ha pront\u00e0 un bel <a href=\"http:\/\/www.google.it\/url?sa=t&amp;source=web&amp;ct=res&amp;cd=2&amp;url=http%3A%2F%2Fwww.cai.it%2Ffileadmin%2Fdocumenti%2FComunicati_Stampa_2008%2FResoconti%2FGILARDINO.pdf&amp;ei=dmcASfXkH4ne0QXT4JjwDQ&amp;usg=AFQjCNHh9Pg7lFFnBKCNHOjV2gCYMhVp8w&amp;sig2=ZF1Mn3BJzd7PL6lwp7goVg\">dissionari<\/a>), e a sar\u00e0 bel v\u00ebdde rapresent\u00e0 tute le lenghe dla n\u00f2sta region. &#8220;Dal Viso al Reusa&#8221;, come ch&#8217;a dis D\u00e0vide Fili\u00e9 (Cireseu), che a l&#8217;\u00e9 gi\u00e0 an camin ch&#8217;a travaja a l&#8217;organisassion.<\/p>\n<p>Organis\u00e9 na manifestassion par\u00e8j a l&#8217;\u00e9 nen bel f\u00e9. Chi ch&#8217;a l&#8217;ha d&#8217;id\u00e8je o &#8211; mej ancora &#8211; \u00ebd veuja \u00ebd f\u00e9 (Pavese: &#8220;Non voglio idee! Ne ho gi\u00e0 troppe, di idee! Voglio gente che faccia le cose!&#8221;) ch&#8217;as fassa anans.<\/p>\n","protected":false},"excerpt":{"rendered":"<p>La Festa d\u00ebl Piemont 2009, la festa ch&#8217;a f\u00e0 42, a s\u00eb tnir\u00e0 a C\u00e8j (Cellio), an Valsesia. La manifestassion a chita la Provincia Granda p\u00ebr le colin-e e ij brich ai pe d\u00ebl Reusa.<\/p>\n<p>A sar\u00e0 na festa dedic\u00e0 a la lenga piemont\u00e8isa e a j&#8217;\u00e0utre lenghe d\u00ebl Piemont. S\u00f2n p\u00ebrch\u00e8 an Valsesia a-i \u00e9 &#8216;dc\u00f2 n&#8217;\u00e0utra lenga st\u00f2rica, \u00ebl titzschu (dont n\u00f2st vate Sergi Girardin a l&#8217;ha pront\u00e0 un bel <a href=\"http:\/\/www.google.it\/url?sa=t&amp;source=web&amp;ct=res&amp;cd=2&amp;url=http%3A%2F%2Fwww.cai.it%2Ffileadmin%2Fdocumenti%2FComunicati_Stampa_2008%2FResoconti%2FGILARDINO.pdf&amp;ei=dmcASfXkH4ne0QXT4JjwDQ&amp;usg=AFQjCNHh9Pg7lFFnBKCNHOjV2gCYMhVp8w&amp;sig2=ZF1Mn3BJzd7PL6lwp7goVg\">dissionari<\/a>), e a sar\u00e0 bel v\u00ebdde rapresent\u00e0 tute le lenghe dla n\u00f2sta region. &#8220;Dal Viso al Reusa&#8221;, come ch&#8217;a dis D\u00e0vide Fili\u00e9 (Cireseu), che a l&#8217;\u00e9 gi\u00e0 an camin ch&#8217;a travaja a l&#8217;organisassion.<\/p>\n<p>Organis\u00e9 na manifestassion par\u00e8j a l&#8217;\u00e9 nen bel f\u00e9. Chi ch&#8217;a l&#8217;ha d&#8217;id\u00e8je o &#8211; mej ancora &#8211; \u00ebd veuja \u00ebd f\u00e9 (Pavese: &#8220;Non voglio idee! Ne ho gi\u00e0 troppe, di idee! Voglio gente che faccia le cose!&#8221;) ch&#8217;as fassa anans.<\/p>\n","protected":false},"author":1,"featured_media":0,"comment_status":"open","ping_status":"open","sticky":false,"template":"","format":"standard","meta":[],"categories":[130],"tags":[131],"yoast_head":"<!-- This site is optimized with the Yoast SEO plugin v19.14 - https:\/\/yoast.com\/wordpress\/plugins\/seo\/ -->\n<title>Festa d\u00ebl Piemont ch&#039;a f\u00e0 42 - Go Piedmont<\/title>\n<meta name=\"robots\" content=\"index, follow, max-snippet:-1, max-image-preview:large, max-video-preview:-1\" \/>\n<link rel=\"canonical\" href=\"https:\/\/giannidavico.it\/gopiedmont\/2008\/10\/23\/festa-del-piemont-cha-fa-42\/\" \/>\n<meta property=\"og:locale\" content=\"it_IT\" \/>\n<meta property=\"og:type\" content=\"article\" \/>\n<meta property=\"og:title\" content=\"Festa d\u00ebl Piemont ch&#039;a f\u00e0 42 - Go Piedmont\" \/>\n<meta property=\"og:description\" content=\"La Festa d\u00ebl Piemont 2009, la festa ch&#8217;a f\u00e0 42, a s\u00eb tnir\u00e0 a C\u00e8j (Cellio), an Valsesia. La manifestassion a chita la Provincia Granda p\u00ebr le colin-e e ij brich ai pe d\u00ebl Reusa. A sar\u00e0 na festa dedic\u00e0 a la lenga piemont\u00e8isa e a j&#8217;\u00e0utre lenghe d\u00ebl Piemont. S\u00f2n p\u00ebrch\u00e8 an Valsesia a-i \u00e9 &#8216;dc\u00f2 n&#8217;\u00e0utra lenga st\u00f2rica, \u00ebl titzschu (dont n\u00f2st vate Sergi Girardin a l&#8217;ha pront\u00e0 un bel dissionari), e a sar\u00e0 bel v\u00ebdde rapresent\u00e0 tute le lenghe dla n\u00f2sta region. &#8220;Dal Viso al Reusa&#8221;, come ch&#8217;a dis D\u00e0vide Fili\u00e9 (Cireseu), che a l&#8217;\u00e9 gi\u00e0 an camin ch&#8217;a travaja a l&#8217;organisassion. Organis\u00e9 na manifestassion par\u00e8j a l&#8217;\u00e9 nen bel f\u00e9. Chi ch&#8217;a l&#8217;ha d&#8217;id\u00e8je o &#8211; mej ancora &#8211; \u00ebd veuja \u00ebd f\u00e9 (Pavese: &#8220;Non voglio idee! Ne ho gi\u00e0 troppe, di idee! Voglio gente che faccia le cose!&#8221;) ch&#8217;as fassa anans.\" \/>\n<meta property=\"og:url\" content=\"https:\/\/giannidavico.it\/gopiedmont\/2008\/10\/23\/festa-del-piemont-cha-fa-42\/\" \/>\n<meta property=\"og:site_name\" content=\"Go Piedmont\" \/>\n<meta property=\"article:published_time\" content=\"2008-10-23T11:57:00+00:00\" \/>\n<meta property=\"article:modified_time\" content=\"2010-05-20T14:01:00+00:00\" \/>\n<meta name=\"author\" content=\"admin\" \/>\n<meta name=\"twitter:card\" content=\"summary_large_image\" \/>\n<meta name=\"twitter:label1\" content=\"Scritto da\" \/>\n\t<meta name=\"twitter:data1\" content=\"admin\" \/>\n\t<meta name=\"twitter:label2\" content=\"Tempo di lettura stimato\" \/>\n\t<meta name=\"twitter:data2\" content=\"1 minuto\" \/>\n<script type=\"application\/ld+json\" class=\"yoast-schema-graph\">{\"@context\":\"https:\/\/schema.org\",\"@graph\":[{\"@type\":\"WebPage\",\"@id\":\"https:\/\/giannidavico.it\/gopiedmont\/2008\/10\/23\/festa-del-piemont-cha-fa-42\/\",\"url\":\"https:\/\/giannidavico.it\/gopiedmont\/2008\/10\/23\/festa-del-piemont-cha-fa-42\/\",\"name\":\"Festa d\u00ebl Piemont ch'a f\u00e0 42 - Go Piedmont\",\"isPartOf\":{\"@id\":\"https:\/\/giannidavico.it\/gopiedmont\/#website\"},\"datePublished\":\"2008-10-23T11:57:00+00:00\",\"dateModified\":\"2010-05-20T14:01:00+00:00\",\"author\":{\"@id\":\"https:\/\/giannidavico.it\/gopiedmont\/#\/schema\/person\/6a96d8672f14b275ece93af45a6da78b\"},\"inLanguage\":\"it-IT\",\"potentialAction\":[{\"@type\":\"ReadAction\",\"target\":[\"https:\/\/giannidavico.it\/gopiedmont\/2008\/10\/23\/festa-del-piemont-cha-fa-42\/\"]}]},{\"@type\":\"WebSite\",\"@id\":\"https:\/\/giannidavico.it\/gopiedmont\/#website\",\"url\":\"https:\/\/giannidavico.it\/gopiedmont\/\",\"name\":\"Go Piedmont\",\"description\":\"pens\u00e9 dzora l\u00ecber, event e p\u00ebrson-e grop\u00e0 al Piemont e a la lenga piemont\u00e8isa\",\"potentialAction\":[{\"@type\":\"SearchAction\",\"target\":{\"@type\":\"EntryPoint\",\"urlTemplate\":\"https:\/\/giannidavico.it\/gopiedmont\/?s={search_term_string}\"},\"query-input\":\"required name=search_term_string\"}],\"inLanguage\":\"it-IT\"},{\"@type\":\"Person\",\"@id\":\"https:\/\/giannidavico.it\/gopiedmont\/#\/schema\/person\/6a96d8672f14b275ece93af45a6da78b\",\"name\":\"admin\",\"image\":{\"@type\":\"ImageObject\",\"inLanguage\":\"it-IT\",\"@id\":\"https:\/\/giannidavico.it\/gopiedmont\/#\/schema\/person\/image\/\",\"url\":\"https:\/\/secure.gravatar.com\/avatar\/337748753d882602f3038b55fb369ba1?s=96&d=mm&r=g\",\"contentUrl\":\"https:\/\/secure.gravatar.com\/avatar\/337748753d882602f3038b55fb369ba1?s=96&d=mm&r=g\",\"caption\":\"admin\"},\"url\":\"https:\/\/giannidavico.it\/gopiedmont\/author\/admin\/\"}]}<\/script>\n<!-- \/ Yoast SEO plugin. -->","yoast_head_json":{"title":"Festa d\u00ebl Piemont ch'a f\u00e0 42 - Go Piedmont","robots":{"index":"index","follow":"follow","max-snippet":"max-snippet:-1","max-image-preview":"max-image-preview:large","max-video-preview":"max-video-preview:-1"},"canonical":"https:\/\/giannidavico.it\/gopiedmont\/2008\/10\/23\/festa-del-piemont-cha-fa-42\/","og_locale":"it_IT","og_type":"article","og_title":"Festa d\u00ebl Piemont ch'a f\u00e0 42 - Go Piedmont","og_description":"La Festa d\u00ebl Piemont 2009, la festa ch&#8217;a f\u00e0 42, a s\u00eb tnir\u00e0 a C\u00e8j (Cellio), an Valsesia. La manifestassion a chita la Provincia Granda p\u00ebr le colin-e e ij brich ai pe d\u00ebl Reusa. A sar\u00e0 na festa dedic\u00e0 a la lenga piemont\u00e8isa e a j&#8217;\u00e0utre lenghe d\u00ebl Piemont. S\u00f2n p\u00ebrch\u00e8 an Valsesia a-i \u00e9 &#8216;dc\u00f2 n&#8217;\u00e0utra lenga st\u00f2rica, \u00ebl titzschu (dont n\u00f2st vate Sergi Girardin a l&#8217;ha pront\u00e0 un bel dissionari), e a sar\u00e0 bel v\u00ebdde rapresent\u00e0 tute le lenghe dla n\u00f2sta region. &#8220;Dal Viso al Reusa&#8221;, come ch&#8217;a dis D\u00e0vide Fili\u00e9 (Cireseu), che a l&#8217;\u00e9 gi\u00e0 an camin ch&#8217;a travaja a l&#8217;organisassion. Organis\u00e9 na manifestassion par\u00e8j a l&#8217;\u00e9 nen bel f\u00e9. Chi ch&#8217;a l&#8217;ha d&#8217;id\u00e8je o &#8211; mej ancora &#8211; \u00ebd veuja \u00ebd f\u00e9 (Pavese: &#8220;Non voglio idee! Ne ho gi\u00e0 troppe, di idee! Voglio gente che faccia le cose!&#8221;) ch&#8217;as fassa anans.","og_url":"https:\/\/giannidavico.it\/gopiedmont\/2008\/10\/23\/festa-del-piemont-cha-fa-42\/","og_site_name":"Go Piedmont","article_published_time":"2008-10-23T11:57:00+00:00","article_modified_time":"2010-05-20T14:01:00+00:00","author":"admin","twitter_card":"summary_large_image","twitter_misc":{"Scritto da":"admin","Tempo di lettura stimato":"1 minuto"},"schema":{"@context":"https:\/\/schema.org","@graph":[{"@type":"WebPage","@id":"https:\/\/giannidavico.it\/gopiedmont\/2008\/10\/23\/festa-del-piemont-cha-fa-42\/","url":"https:\/\/giannidavico.it\/gopiedmont\/2008\/10\/23\/festa-del-piemont-cha-fa-42\/","name":"Festa d\u00ebl Piemont ch'a f\u00e0 42 - Go Piedmont","isPartOf":{"@id":"https:\/\/giannidavico.it\/gopiedmont\/#website"},"datePublished":"2008-10-23T11:57:00+00:00","dateModified":"2010-05-20T14:01:00+00:00","author":{"@id":"https:\/\/giannidavico.it\/gopiedmont\/#\/schema\/person\/6a96d8672f14b275ece93af45a6da78b"},"inLanguage":"it-IT","potentialAction":[{"@type":"ReadAction","target":["https:\/\/giannidavico.it\/gopiedmont\/2008\/10\/23\/festa-del-piemont-cha-fa-42\/"]}]},{"@type":"WebSite","@id":"https:\/\/giannidavico.it\/gopiedmont\/#website","url":"https:\/\/giannidavico.it\/gopiedmont\/","name":"Go Piedmont","description":"pens\u00e9 dzora l\u00ecber, event e p\u00ebrson-e grop\u00e0 al Piemont e a la lenga piemont\u00e8isa","potentialAction":[{"@type":"SearchAction","target":{"@type":"EntryPoint","urlTemplate":"https:\/\/giannidavico.it\/gopiedmont\/?s={search_term_string}"},"query-input":"required name=search_term_string"}],"inLanguage":"it-IT"},{"@type":"Person","@id":"https:\/\/giannidavico.it\/gopiedmont\/#\/schema\/person\/6a96d8672f14b275ece93af45a6da78b","name":"admin","image":{"@type":"ImageObject","inLanguage":"it-IT","@id":"https:\/\/giannidavico.it\/gopiedmont\/#\/schema\/person\/image\/","url":"https:\/\/secure.gravatar.com\/avatar\/337748753d882602f3038b55fb369ba1?s=96&d=mm&r=g","contentUrl":"https:\/\/secure.gravatar.com\/avatar\/337748753d882602f3038b55fb369ba1?s=96&d=mm&r=g","caption":"admin"},"url":"https:\/\/giannidavico.it\/gopiedmont\/author\/admin\/"}]}},"_links":{"self":[{"href":"https:\/\/giannidavico.it\/gopiedmont\/wp-json\/wp\/v2\/posts\/24"}],"collection":[{"href":"https:\/\/giannidavico.it\/gopiedmont\/wp-json\/wp\/v2\/posts"}],"about":[{"href":"https:\/\/giannidavico.it\/gopiedmont\/wp-json\/wp\/v2\/types\/post"}],"author":[{"embeddable":true,"href":"https:\/\/giannidavico.it\/gopiedmont\/wp-json\/wp\/v2\/users\/1"}],"replies":[{"embeddable":true,"href":"https:\/\/giannidavico.it\/gopiedmont\/wp-json\/wp\/v2\/comments?post=24"}],"version-history":[{"count":1,"href":"https:\/\/giannidavico.it\/gopiedmont\/wp-json\/wp\/v2\/posts\/24\/revisions"}],"predecessor-version":[{"id":358,"href":"https:\/\/giannidavico.it\/gopiedmont\/wp-json\/wp\/v2\/posts\/24\/revisions\/358"}],"wp:attachment":[{"href":"https:\/\/giannidavico.it\/gopiedmont\/wp-json\/wp\/v2\/media?parent=24"}],"wp:term":[{"taxonomy":"category","embeddable":true,"href":"https:\/\/giannidavico.it\/gopiedmont\/wp-json\/wp\/v2\/categories?post=24"},{"taxonomy":"post_tag","embeddable":true,"href":"https:\/\/giannidavico.it\/gopiedmont\/wp-json\/wp\/v2\/tags?post=24"}],"curies":[{"name":"wp","href":"https:\/\/api.w.org\/{rel}","templated":true}]}}