{"id":2409,"date":"2014-09-03T09:20:23","date_gmt":"2014-09-03T08:20:23","guid":{"rendered":"https:\/\/giannidavico.it\/staging\/gopiedmont\/?p=2409"},"modified":"2014-09-03T09:22:24","modified_gmt":"2014-09-03T08:22:24","slug":"un-lumin-anvisch-la-seira-d-saba-6-stember","status":"publish","type":"post","link":"https:\/\/giannidavico.it\/gopiedmont\/2014\/09\/03\/un-lumin-anvisch-la-seira-d-saba-6-stember\/","title":{"rendered":"Un lumin anvisch la s\u00e8ira \u2018d saba 6 st\u00e8mber"},"content":{"rendered":"<p><a href=\"https:\/\/giannidavico.it\/gopiedmont\/files\/2014\/09\/lumin.jpg\"><img loading=\"lazy\" src=\"https:\/\/giannidavico.it\/gopiedmont\/files\/2014\/09\/lumin-300x107.jpg\" alt=\"lumin\" width=\"300\" height=\"107\" class=\"alignright size-medium wp-image-2411\" srcset=\"https:\/\/giannidavico.it\/gopiedmont\/files\/2014\/09\/lumin-300x107.jpg 300w, https:\/\/giannidavico.it\/gopiedmont\/files\/2014\/09\/lumin.jpg 720w\" sizes=\"(max-width: 300px) 100vw, 300px\" \/><\/a><br \/>\n<a href=\"https:\/\/giannidavico.it\/gopiedmont\/2013\/09\/04\/arneuv-dij-vot-ed-soperga\/\" title=\"Arneuv dij Vot \u00ebd Soperga\">Com ch&#8217;i l&#8217;av\u00eca gi\u00e0 f\u00e0it l&#8217;\u00e0utr ann<\/a>, i segnal costa bela <a href=\"http:\/\/www.gioventurapiemonteisa.net\/?p=21698\" title=\"Un lumin anvisch la s\u00e8ira \u2018d saba 6 d\u00eb St\u00e8mber, p\u00ebr la Lib\u00ebrt\u00e0 dj\u2019\u00cbstat \u00ebd Sav\u00f2ja\" target=\"_blank\">inissiativa<\/a> &#8216;d Gioventura Piemont\u00e8isa cost saba a eut meno un quart, al cal\u00e9 d\u00ebl sol: un lumin anvisch f\u00f2ra dla fnestra p\u00ebr la vrit\u00e0, la libert\u00e0 e la pas.<\/p>\n<p>Chi ch&#8217;a pudr\u00e0 e a vurr\u00e0 as truvr\u00e0 a Soperga, autramentre a soa ca. Un gest cit, che mi i farai <a href=\"https:\/\/giannidavico.it\/brainfood\/2014\/09\/01\/e-poi-venne-settembre\/\" title=\"E poi venne settembre\" target=\"_blank\">da la montagna an mes al mar<\/a>.<\/p>\n<p>(La festa, peui, a seguita &#8216;l di d\u00f2p. Ij detaj a son <a href=\"http:\/\/www.gioventurapiemonteisa.net\/?p=21604\" title=\"7 d\u00eb St\u00e8mber a Soperga: Festa Nassional \u00ebd j\u2019\u00cbstat \u00ebd Sav\u00f2ja\" target=\"_blank\">ambeless\u00ec<\/a>.)<\/p>\n<p>Un cit segn p\u00ebr la n\u00f2stra patria cita.<\/p>\n","protected":false},"excerpt":{"rendered":"<p><a href=\"https:\/\/giannidavico.it\/gopiedmont\/files\/2014\/09\/lumin.jpg\"><img loading=\"lazy\" src=\"https:\/\/giannidavico.it\/gopiedmont\/files\/2014\/09\/lumin-300x107.jpg\" alt=\"lumin\" width=\"300\" height=\"107\" class=\"alignright size-medium wp-image-2411\" srcset=\"https:\/\/giannidavico.it\/gopiedmont\/files\/2014\/09\/lumin-300x107.jpg 300w, https:\/\/giannidavico.it\/gopiedmont\/files\/2014\/09\/lumin.jpg 720w\" sizes=\"(max-width: 300px) 100vw, 300px\" \/><\/a><br \/> <a href=\"https:\/\/giannidavico.it\/gopiedmont\/2013\/09\/04\/arneuv-dij-vot-ed-soperga\/\" title=\"Arneuv dij Vot \u00ebd Soperga\">Com ch&#8217;i l&#8217;av\u00eca gi\u00e0 f\u00e0it l&#8217;\u00e0utr ann<\/a>, i segnal costa bela <a href=\"http:\/\/www.gioventurapiemonteisa.net\/?p=21698\" title=\"Un lumin anvisch la s\u00e8ira \u2018d saba 6 d\u00eb St\u00e8mber, p\u00ebr la Lib\u00ebrt\u00e0 dj\u2019\u00cbstat \u00ebd Sav\u00f2ja\" target=\"_blank\">inissiativa<\/a> &#8216;d Gioventura Piemont\u00e8isa cost saba a eut meno un quart, al cal\u00e9 d\u00ebl sol: un lumin anvisch f\u00f2ra dla fnestra p\u00ebr la vrit\u00e0, la libert\u00e0 e la pas.<\/p>\n<p>Chi ch&#8217;a pudr\u00e0 e a vurr\u00e0 as truvr\u00e0 a Soperga, autramentre a soa ca. Un gest cit, che mi i farai <a href=\"https:\/\/giannidavico.it\/brainfood\/2014\/09\/01\/e-poi-venne-settembre\/\" title=\"E poi venne settembre\" target=\"_blank\">da la montagna an mes al mar<\/a>.<\/p>\n<p>(La festa, peui, a seguita &#8216;l di d\u00f2p. Ij detaj a son <a href=\"http:\/\/www.gioventurapiemonteisa.net\/?p=21604\" title=\"7 d\u00eb St\u00e8mber a Soperga: Festa Nassional \u00ebd j\u2019\u00cbstat \u00ebd Sav\u00f2ja\" target=\"_blank\">ambeless\u00ec<\/a>.)<\/p>\n<p>Un cit segn p\u00ebr la n\u00f2stra patria cita.<\/p>\n","protected":false},"author":4,"featured_media":0,"comment_status":"open","ping_status":"open","sticky":false,"template":"","format":"standard","meta":[],"categories":[130],"tags":[131],"yoast_head":"<!-- This site is optimized with the Yoast SEO plugin v19.14 - https:\/\/yoast.com\/wordpress\/plugins\/seo\/ -->\n<title>Un lumin anvisch la s\u00e8ira \u2018d saba 6 st\u00e8mber - Go Piedmont<\/title>\n<meta name=\"robots\" content=\"index, follow, max-snippet:-1, max-image-preview:large, max-video-preview:-1\" \/>\n<link rel=\"canonical\" href=\"https:\/\/giannidavico.it\/gopiedmont\/2014\/09\/03\/un-lumin-anvisch-la-seira-d-saba-6-stember\/\" \/>\n<meta property=\"og:locale\" content=\"it_IT\" \/>\n<meta property=\"og:type\" content=\"article\" \/>\n<meta property=\"og:title\" content=\"Un lumin anvisch la s\u00e8ira \u2018d saba 6 st\u00e8mber - Go Piedmont\" \/>\n<meta property=\"og:description\" content=\"Com ch&#8217;i l&#8217;av\u00eca gi\u00e0 f\u00e0it l&#8217;\u00e0utr ann, i segnal costa bela inissiativa &#8216;d Gioventura Piemont\u00e8isa cost saba a eut meno un quart, al cal\u00e9 d\u00ebl sol: un lumin anvisch f\u00f2ra dla fnestra p\u00ebr la vrit\u00e0, la libert\u00e0 e la pas. Chi ch&#8217;a pudr\u00e0 e a vurr\u00e0 as truvr\u00e0 a Soperga, autramentre a soa ca. Un gest cit, che mi i farai da la montagna an mes al mar. (La festa, peui, a seguita &#8216;l di d\u00f2p. Ij detaj a son ambeless\u00ec.) Un cit segn p\u00ebr la n\u00f2stra patria cita.\" \/>\n<meta property=\"og:url\" content=\"https:\/\/giannidavico.it\/gopiedmont\/2014\/09\/03\/un-lumin-anvisch-la-seira-d-saba-6-stember\/\" \/>\n<meta property=\"og:site_name\" content=\"Go Piedmont\" \/>\n<meta property=\"article:published_time\" content=\"2014-09-03T08:20:23+00:00\" \/>\n<meta property=\"article:modified_time\" content=\"2014-09-03T08:22:24+00:00\" \/>\n<meta property=\"og:image\" content=\"https:\/\/giannidavico.it\/gopiedmont\/files\/2014\/09\/lumin-300x107.jpg\" \/>\n<meta name=\"author\" content=\"giannidavico\" \/>\n<meta name=\"twitter:card\" content=\"summary_large_image\" \/>\n<meta name=\"twitter:label1\" content=\"Scritto da\" \/>\n\t<meta name=\"twitter:data1\" content=\"giannidavico\" \/>\n<script type=\"application\/ld+json\" class=\"yoast-schema-graph\">{\"@context\":\"https:\/\/schema.org\",\"@graph\":[{\"@type\":\"WebPage\",\"@id\":\"https:\/\/giannidavico.it\/gopiedmont\/2014\/09\/03\/un-lumin-anvisch-la-seira-d-saba-6-stember\/\",\"url\":\"https:\/\/giannidavico.it\/gopiedmont\/2014\/09\/03\/un-lumin-anvisch-la-seira-d-saba-6-stember\/\",\"name\":\"Un lumin anvisch la s\u00e8ira \u2018d saba 6 st\u00e8mber - Go Piedmont\",\"isPartOf\":{\"@id\":\"https:\/\/giannidavico.it\/gopiedmont\/#website\"},\"datePublished\":\"2014-09-03T08:20:23+00:00\",\"dateModified\":\"2014-09-03T08:22:24+00:00\",\"author\":{\"@id\":\"https:\/\/giannidavico.it\/gopiedmont\/#\/schema\/person\/ea1fd17d8f2dba325f3712219efa8f77\"},\"inLanguage\":\"it-IT\",\"potentialAction\":[{\"@type\":\"ReadAction\",\"target\":[\"https:\/\/giannidavico.it\/gopiedmont\/2014\/09\/03\/un-lumin-anvisch-la-seira-d-saba-6-stember\/\"]}]},{\"@type\":\"WebSite\",\"@id\":\"https:\/\/giannidavico.it\/gopiedmont\/#website\",\"url\":\"https:\/\/giannidavico.it\/gopiedmont\/\",\"name\":\"Go Piedmont\",\"description\":\"pens\u00e9 dzora l\u00ecber, event e p\u00ebrson-e grop\u00e0 al Piemont e a la lenga piemont\u00e8isa\",\"potentialAction\":[{\"@type\":\"SearchAction\",\"target\":{\"@type\":\"EntryPoint\",\"urlTemplate\":\"https:\/\/giannidavico.it\/gopiedmont\/?s={search_term_string}\"},\"query-input\":\"required name=search_term_string\"}],\"inLanguage\":\"it-IT\"},{\"@type\":\"Person\",\"@id\":\"https:\/\/giannidavico.it\/gopiedmont\/#\/schema\/person\/ea1fd17d8f2dba325f3712219efa8f77\",\"name\":\"giannidavico\",\"image\":{\"@type\":\"ImageObject\",\"inLanguage\":\"it-IT\",\"@id\":\"https:\/\/giannidavico.it\/gopiedmont\/#\/schema\/person\/image\/\",\"url\":\"https:\/\/secure.gravatar.com\/avatar\/337748753d882602f3038b55fb369ba1?s=96&d=mm&r=g\",\"contentUrl\":\"https:\/\/secure.gravatar.com\/avatar\/337748753d882602f3038b55fb369ba1?s=96&d=mm&r=g\",\"caption\":\"giannidavico\"},\"url\":\"https:\/\/giannidavico.it\/gopiedmont\/author\/giannidavico\/\"}]}<\/script>\n<!-- \/ Yoast SEO plugin. -->","yoast_head_json":{"title":"Un lumin anvisch la s\u00e8ira \u2018d saba 6 st\u00e8mber - Go Piedmont","robots":{"index":"index","follow":"follow","max-snippet":"max-snippet:-1","max-image-preview":"max-image-preview:large","max-video-preview":"max-video-preview:-1"},"canonical":"https:\/\/giannidavico.it\/gopiedmont\/2014\/09\/03\/un-lumin-anvisch-la-seira-d-saba-6-stember\/","og_locale":"it_IT","og_type":"article","og_title":"Un lumin anvisch la s\u00e8ira \u2018d saba 6 st\u00e8mber - Go Piedmont","og_description":"Com ch&#8217;i l&#8217;av\u00eca gi\u00e0 f\u00e0it l&#8217;\u00e0utr ann, i segnal costa bela inissiativa &#8216;d Gioventura Piemont\u00e8isa cost saba a eut meno un quart, al cal\u00e9 d\u00ebl sol: un lumin anvisch f\u00f2ra dla fnestra p\u00ebr la vrit\u00e0, la libert\u00e0 e la pas. Chi ch&#8217;a pudr\u00e0 e a vurr\u00e0 as truvr\u00e0 a Soperga, autramentre a soa ca. Un gest cit, che mi i farai da la montagna an mes al mar. (La festa, peui, a seguita &#8216;l di d\u00f2p. Ij detaj a son ambeless\u00ec.) Un cit segn p\u00ebr la n\u00f2stra patria cita.","og_url":"https:\/\/giannidavico.it\/gopiedmont\/2014\/09\/03\/un-lumin-anvisch-la-seira-d-saba-6-stember\/","og_site_name":"Go Piedmont","article_published_time":"2014-09-03T08:20:23+00:00","article_modified_time":"2014-09-03T08:22:24+00:00","og_image":[{"url":"https:\/\/giannidavico.it\/gopiedmont\/files\/2014\/09\/lumin-300x107.jpg"}],"author":"giannidavico","twitter_card":"summary_large_image","twitter_misc":{"Scritto da":"giannidavico"},"schema":{"@context":"https:\/\/schema.org","@graph":[{"@type":"WebPage","@id":"https:\/\/giannidavico.it\/gopiedmont\/2014\/09\/03\/un-lumin-anvisch-la-seira-d-saba-6-stember\/","url":"https:\/\/giannidavico.it\/gopiedmont\/2014\/09\/03\/un-lumin-anvisch-la-seira-d-saba-6-stember\/","name":"Un lumin anvisch la s\u00e8ira \u2018d saba 6 st\u00e8mber - Go Piedmont","isPartOf":{"@id":"https:\/\/giannidavico.it\/gopiedmont\/#website"},"datePublished":"2014-09-03T08:20:23+00:00","dateModified":"2014-09-03T08:22:24+00:00","author":{"@id":"https:\/\/giannidavico.it\/gopiedmont\/#\/schema\/person\/ea1fd17d8f2dba325f3712219efa8f77"},"inLanguage":"it-IT","potentialAction":[{"@type":"ReadAction","target":["https:\/\/giannidavico.it\/gopiedmont\/2014\/09\/03\/un-lumin-anvisch-la-seira-d-saba-6-stember\/"]}]},{"@type":"WebSite","@id":"https:\/\/giannidavico.it\/gopiedmont\/#website","url":"https:\/\/giannidavico.it\/gopiedmont\/","name":"Go Piedmont","description":"pens\u00e9 dzora l\u00ecber, event e p\u00ebrson-e grop\u00e0 al Piemont e a la lenga piemont\u00e8isa","potentialAction":[{"@type":"SearchAction","target":{"@type":"EntryPoint","urlTemplate":"https:\/\/giannidavico.it\/gopiedmont\/?s={search_term_string}"},"query-input":"required name=search_term_string"}],"inLanguage":"it-IT"},{"@type":"Person","@id":"https:\/\/giannidavico.it\/gopiedmont\/#\/schema\/person\/ea1fd17d8f2dba325f3712219efa8f77","name":"giannidavico","image":{"@type":"ImageObject","inLanguage":"it-IT","@id":"https:\/\/giannidavico.it\/gopiedmont\/#\/schema\/person\/image\/","url":"https:\/\/secure.gravatar.com\/avatar\/337748753d882602f3038b55fb369ba1?s=96&d=mm&r=g","contentUrl":"https:\/\/secure.gravatar.com\/avatar\/337748753d882602f3038b55fb369ba1?s=96&d=mm&r=g","caption":"giannidavico"},"url":"https:\/\/giannidavico.it\/gopiedmont\/author\/giannidavico\/"}]}},"_links":{"self":[{"href":"https:\/\/giannidavico.it\/gopiedmont\/wp-json\/wp\/v2\/posts\/2409"}],"collection":[{"href":"https:\/\/giannidavico.it\/gopiedmont\/wp-json\/wp\/v2\/posts"}],"about":[{"href":"https:\/\/giannidavico.it\/gopiedmont\/wp-json\/wp\/v2\/types\/post"}],"author":[{"embeddable":true,"href":"https:\/\/giannidavico.it\/gopiedmont\/wp-json\/wp\/v2\/users\/4"}],"replies":[{"embeddable":true,"href":"https:\/\/giannidavico.it\/gopiedmont\/wp-json\/wp\/v2\/comments?post=2409"}],"version-history":[{"count":6,"href":"https:\/\/giannidavico.it\/gopiedmont\/wp-json\/wp\/v2\/posts\/2409\/revisions"}],"predecessor-version":[{"id":2416,"href":"https:\/\/giannidavico.it\/gopiedmont\/wp-json\/wp\/v2\/posts\/2409\/revisions\/2416"}],"wp:attachment":[{"href":"https:\/\/giannidavico.it\/gopiedmont\/wp-json\/wp\/v2\/media?parent=2409"}],"wp:term":[{"taxonomy":"category","embeddable":true,"href":"https:\/\/giannidavico.it\/gopiedmont\/wp-json\/wp\/v2\/categories?post=2409"},{"taxonomy":"post_tag","embeddable":true,"href":"https:\/\/giannidavico.it\/gopiedmont\/wp-json\/wp\/v2\/tags?post=2409"}],"curies":[{"name":"wp","href":"https:\/\/api.w.org\/{rel}","templated":true}]}}