{"id":2418,"date":"2014-09-10T12:10:10","date_gmt":"2014-09-10T11:10:10","guid":{"rendered":"https:\/\/giannidavico.it\/staging\/gopiedmont\/?p=2418"},"modified":"2014-09-10T12:10:10","modified_gmt":"2014-09-10T11:10:11","slug":"famija","status":"publish","type":"post","link":"https:\/\/giannidavico.it\/gopiedmont\/2014\/09\/10\/famija\/","title":{"rendered":"Famija"},"content":{"rendered":"<p>Dle vire a manco le par\u00f2le.<\/p>\n<p>I l&#8217;hai sempe av\u00f9 l&#8217;id\u00e8ja che la mia famija a fussa cola &#8216;d pap\u00e0, lassand un p\u00f2ch da part cola &#8216;d mama p\u00ebrch\u00e8 p\u00f2vra e campagnin-a. Ma cola famija &#8211; la <em>mia<\/em> famija &#8211; a l&#8217;ha r\u00e8is profonde e s-ciasse, e dzora &#8216;d tut a l&#8217;ha j&#8217;anej ch&#8217;a ten-o. Alora ancontresse, come stamatin, a la sipoltura &#8216;d na magna a l&#8217;ha fame, come na <em>madeleine<\/em>, torn\u00e9 a la ment tanti epis\u00f2di dla famija, dzora &#8216;d tut \u00ebd quand chi j&#8217;era gagno e &#8216;l mond a fin\u00eca p\u00ec o meno al T\u00e8j Lussi.<\/p>\n<p>Dle vire a manco le par\u00f2le ma a penseje da bin n\u00f2, a manco nen: a l&#8217;\u00e9 mach che noi i foma tante r\u00f2be, is anmaginoma &#8216;d mond lontan, i foma la guera, i foma &#8216;l gir d\u00ebl mond ma a la fin dle fin is trovoma sempe an cola cesa a ricord\u00e9 chi ch&#8217;a-i \u00e9 p\u00ec nen.<\/p>\n<p>La famija a l&#8217;\u00e9 sangh, a l&#8217;\u00e9 t\u00e8ra, a l&#8217;\u00e9 vent e nebia e fatiga e <em>travaille qui dure victoire qui vient<\/em>: e la vit\u00f2ria a l&#8217;\u00e9 pa gnente, a l&#8217;\u00e9 mach f\u00e9 le r\u00f2be com a venta e peui truvesse minca tant, salutesse, d\u00ec na par\u00f2la ansema, rispet\u00e9 j&#8217;anten\u00e0 e f\u00e9 \u00ebl bin.<\/p>\n<p>P\u00ebrch\u00e8 a l&#8217;ha rason Cesare Pavese quand a scriv:<\/p>\n<blockquote><p>L&#8217;ignorante non si conosce mica dal lavoro che fa ma da come lo fa.<\/p><\/blockquote>\n<p>E l&#8217;istess as peul disse p\u00ebr la brava p\u00ebrson-a: la vita a l&#8217;\u00e9 longa, e l\u00f2n ch&#8217;it f\u00e0 a parla p\u00ebr ti motobin p\u00ec f\u00f2rt che nen l\u00f2n ch&#8217;it dise.<\/p>\n<p>Qu\u00e0ich agn f\u00e0 Milo Br\u00e9 <a href=\"https:\/\/giannidavico.it\/gopiedmont\/2012\/08\/08\/daj-sermon-subalpin-al-pare-etern\/\" title=\"Daj Sermon Subalpin al Pare Etern\">a l&#8217;ha dime<\/a>:<\/p>\n<blockquote><p>Com ch\u2019am dis\u00eca mia mama, \u2018ric\u00f2rd-te Lino che a sto mond a venta f\u00e9 bin, f\u00e9 \u2018d bin, vor\u00e8j bin, d\u00ec \u00ebl bin, p\u00ebrch\u00e8 \u00ebl Bin an veuja bin. Butlo p\u00ebr orcin e p\u00f2rtit-lo dapress sempe\u2019. E ti it ses un testim\u00f2ni.<\/p><\/blockquote>\n<p>Alora mi i son mach un testim\u00f2ni, gnente &#8216;d p\u00ec; e an mi &#8216;me un tracior &#8211; a l&#8217;avr\u00eca dit Tavo Burat &#8211; \u00ebl sangh \u00ebd tuti coj ch&#8217;a son pass\u00e0 da s\u00ec prima &#8216;d mi a cola. Mach s\u00f2n.<\/p>\n","protected":false},"excerpt":{"rendered":"<p>Dle vire a manco le par\u00f2le.<\/p>\n<p>I l&#8217;hai sempe av\u00f9 l&#8217;id\u00e8ja che la mia famija a fussa cola &#8216;d pap\u00e0, lassand un p\u00f2ch da part cola &#8216;d mama p\u00ebrch\u00e8 p\u00f2vra e campagnin-a. Ma cola famija &#8211; la <em>mia<\/em> famija &#8211; a l&#8217;ha r\u00e8is profonde e s-ciasse, e dzora &#8216;d tut a l&#8217;ha j&#8217;anej ch&#8217;a ten-o. Alora ancontresse, come stamatin, a la sipoltura &#8216;d na magna a l&#8217;ha fame, come na <em>madeleine<\/em>, torn\u00e9 a la ment tanti epis\u00f2di dla famija, dzora &#8216;d tut \u00ebd quand chi j&#8217;era gagno e &#8216;l mond a fin\u00eca p\u00ec o meno al T\u00e8j Lussi.<\/p>\n<p>Dle vire a manco le par\u00f2le ma a penseje da bin n\u00f2, a manco nen: a l&#8217;\u00e9 mach che noi i foma tante r\u00f2be, is anmaginoma &#8216;d mond lontan, i foma la guera, i foma &#8216;l gir d\u00ebl mond ma a la fin dle fin is trovoma sempe an cola cesa a ricord\u00e9 chi ch&#8217;a-i \u00e9 p\u00ec nen.<\/p>\n<p>La famija a l&#8217;\u00e9 sangh, a l&#8217;\u00e9 t\u00e8ra, a l&#8217;\u00e9 vent e nebia e fatiga e <em>travaille qui dure victoire qui vient<\/em>: e la vit\u00f2ria a l&#8217;\u00e9 pa gnente, a l&#8217;\u00e9 mach f\u00e9 le r\u00f2be com a venta e peui truvesse minca tant, salutesse, [\u2026] <a class=\"moretag\" href=\"https:\/\/giannidavico.it\/gopiedmont\/2014\/09\/10\/famija\/\">continua a leggere \u00bb<\/a><\/p>\n","protected":false},"author":4,"featured_media":0,"comment_status":"open","ping_status":"open","sticky":false,"template":"","format":"standard","meta":[],"categories":[130],"tags":[76],"yoast_head":"<!-- This site is optimized with the Yoast SEO plugin v19.14 - https:\/\/yoast.com\/wordpress\/plugins\/seo\/ -->\n<title>Famija - Go Piedmont<\/title>\n<meta name=\"robots\" content=\"index, follow, max-snippet:-1, max-image-preview:large, max-video-preview:-1\" \/>\n<link rel=\"canonical\" href=\"https:\/\/giannidavico.it\/gopiedmont\/2014\/09\/10\/famija\/\" \/>\n<meta property=\"og:locale\" content=\"it_IT\" \/>\n<meta property=\"og:type\" content=\"article\" \/>\n<meta property=\"og:title\" content=\"Famija - Go Piedmont\" \/>\n<meta property=\"og:description\" content=\"Dle vire a manco le par\u00f2le. I l&#8217;hai sempe av\u00f9 l&#8217;id\u00e8ja che la mia famija a fussa cola &#8216;d pap\u00e0, lassand un p\u00f2ch da part cola &#8216;d mama p\u00ebrch\u00e8 p\u00f2vra e campagnin-a. Ma cola famija &#8211; la mia famija &#8211; a l&#8217;ha r\u00e8is profonde e s-ciasse, e dzora &#8216;d tut a l&#8217;ha j&#8217;anej ch&#8217;a ten-o. Alora ancontresse, come stamatin, a la sipoltura &#8216;d na magna a l&#8217;ha fame, come na madeleine, torn\u00e9 a la ment tanti epis\u00f2di dla famija, dzora &#8216;d tut \u00ebd quand chi j&#8217;era gagno e &#8216;l mond a fin\u00eca p\u00ec o meno al T\u00e8j Lussi. Dle vire a manco le par\u00f2le ma a penseje da bin n\u00f2, a manco nen: a l&#8217;\u00e9 mach che noi i foma tante r\u00f2be, is anmaginoma &#8216;d mond lontan, i foma la guera, i foma &#8216;l gir d\u00ebl mond ma a la fin dle fin is trovoma sempe an cola cesa a ricord\u00e9 chi ch&#8217;a-i \u00e9 p\u00ec nen. La famija a l&#8217;\u00e9 sangh, a l&#8217;\u00e9 t\u00e8ra, a l&#8217;\u00e9 vent e nebia e fatiga e travaille qui dure victoire qui vient: e la vit\u00f2ria a l&#8217;\u00e9 pa gnente, a l&#8217;\u00e9 mach f\u00e9 le r\u00f2be com a venta e peui truvesse minca tant, salutesse, [\u2026] continua a leggere \u00bb\" \/>\n<meta property=\"og:url\" content=\"https:\/\/giannidavico.it\/gopiedmont\/2014\/09\/10\/famija\/\" \/>\n<meta property=\"og:site_name\" content=\"Go Piedmont\" \/>\n<meta property=\"article:published_time\" content=\"2014-09-10T11:10:10+00:00\" \/>\n<meta property=\"article:modified_time\" content=\"2014-09-10T11:10:11+00:00\" \/>\n<meta name=\"author\" content=\"giannidavico\" \/>\n<meta name=\"twitter:card\" content=\"summary_large_image\" \/>\n<meta name=\"twitter:label1\" content=\"Scritto da\" \/>\n\t<meta name=\"twitter:data1\" content=\"giannidavico\" \/>\n\t<meta name=\"twitter:label2\" content=\"Tempo di lettura stimato\" \/>\n\t<meta name=\"twitter:data2\" content=\"2 minuti\" \/>\n<script type=\"application\/ld+json\" class=\"yoast-schema-graph\">{\"@context\":\"https:\/\/schema.org\",\"@graph\":[{\"@type\":\"WebPage\",\"@id\":\"https:\/\/giannidavico.it\/gopiedmont\/2014\/09\/10\/famija\/\",\"url\":\"https:\/\/giannidavico.it\/gopiedmont\/2014\/09\/10\/famija\/\",\"name\":\"Famija - Go Piedmont\",\"isPartOf\":{\"@id\":\"https:\/\/giannidavico.it\/gopiedmont\/#website\"},\"datePublished\":\"2014-09-10T11:10:10+00:00\",\"dateModified\":\"2014-09-10T11:10:11+00:00\",\"author\":{\"@id\":\"https:\/\/giannidavico.it\/gopiedmont\/#\/schema\/person\/ea1fd17d8f2dba325f3712219efa8f77\"},\"inLanguage\":\"it-IT\",\"potentialAction\":[{\"@type\":\"ReadAction\",\"target\":[\"https:\/\/giannidavico.it\/gopiedmont\/2014\/09\/10\/famija\/\"]}]},{\"@type\":\"WebSite\",\"@id\":\"https:\/\/giannidavico.it\/gopiedmont\/#website\",\"url\":\"https:\/\/giannidavico.it\/gopiedmont\/\",\"name\":\"Go Piedmont\",\"description\":\"pens\u00e9 dzora l\u00ecber, event e p\u00ebrson-e grop\u00e0 al Piemont e a la lenga piemont\u00e8isa\",\"potentialAction\":[{\"@type\":\"SearchAction\",\"target\":{\"@type\":\"EntryPoint\",\"urlTemplate\":\"https:\/\/giannidavico.it\/gopiedmont\/?s={search_term_string}\"},\"query-input\":\"required name=search_term_string\"}],\"inLanguage\":\"it-IT\"},{\"@type\":\"Person\",\"@id\":\"https:\/\/giannidavico.it\/gopiedmont\/#\/schema\/person\/ea1fd17d8f2dba325f3712219efa8f77\",\"name\":\"giannidavico\",\"image\":{\"@type\":\"ImageObject\",\"inLanguage\":\"it-IT\",\"@id\":\"https:\/\/giannidavico.it\/gopiedmont\/#\/schema\/person\/image\/\",\"url\":\"https:\/\/secure.gravatar.com\/avatar\/337748753d882602f3038b55fb369ba1?s=96&d=mm&r=g\",\"contentUrl\":\"https:\/\/secure.gravatar.com\/avatar\/337748753d882602f3038b55fb369ba1?s=96&d=mm&r=g\",\"caption\":\"giannidavico\"},\"url\":\"https:\/\/giannidavico.it\/gopiedmont\/author\/giannidavico\/\"}]}<\/script>\n<!-- \/ Yoast SEO plugin. -->","yoast_head_json":{"title":"Famija - Go Piedmont","robots":{"index":"index","follow":"follow","max-snippet":"max-snippet:-1","max-image-preview":"max-image-preview:large","max-video-preview":"max-video-preview:-1"},"canonical":"https:\/\/giannidavico.it\/gopiedmont\/2014\/09\/10\/famija\/","og_locale":"it_IT","og_type":"article","og_title":"Famija - Go Piedmont","og_description":"Dle vire a manco le par\u00f2le. I l&#8217;hai sempe av\u00f9 l&#8217;id\u00e8ja che la mia famija a fussa cola &#8216;d pap\u00e0, lassand un p\u00f2ch da part cola &#8216;d mama p\u00ebrch\u00e8 p\u00f2vra e campagnin-a. Ma cola famija &#8211; la mia famija &#8211; a l&#8217;ha r\u00e8is profonde e s-ciasse, e dzora &#8216;d tut a l&#8217;ha j&#8217;anej ch&#8217;a ten-o. Alora ancontresse, come stamatin, a la sipoltura &#8216;d na magna a l&#8217;ha fame, come na madeleine, torn\u00e9 a la ment tanti epis\u00f2di dla famija, dzora &#8216;d tut \u00ebd quand chi j&#8217;era gagno e &#8216;l mond a fin\u00eca p\u00ec o meno al T\u00e8j Lussi. Dle vire a manco le par\u00f2le ma a penseje da bin n\u00f2, a manco nen: a l&#8217;\u00e9 mach che noi i foma tante r\u00f2be, is anmaginoma &#8216;d mond lontan, i foma la guera, i foma &#8216;l gir d\u00ebl mond ma a la fin dle fin is trovoma sempe an cola cesa a ricord\u00e9 chi ch&#8217;a-i \u00e9 p\u00ec nen. La famija a l&#8217;\u00e9 sangh, a l&#8217;\u00e9 t\u00e8ra, a l&#8217;\u00e9 vent e nebia e fatiga e travaille qui dure victoire qui vient: e la vit\u00f2ria a l&#8217;\u00e9 pa gnente, a l&#8217;\u00e9 mach f\u00e9 le r\u00f2be com a venta e peui truvesse minca tant, salutesse, [\u2026] continua a leggere \u00bb","og_url":"https:\/\/giannidavico.it\/gopiedmont\/2014\/09\/10\/famija\/","og_site_name":"Go Piedmont","article_published_time":"2014-09-10T11:10:10+00:00","article_modified_time":"2014-09-10T11:10:11+00:00","author":"giannidavico","twitter_card":"summary_large_image","twitter_misc":{"Scritto da":"giannidavico","Tempo di lettura stimato":"2 minuti"},"schema":{"@context":"https:\/\/schema.org","@graph":[{"@type":"WebPage","@id":"https:\/\/giannidavico.it\/gopiedmont\/2014\/09\/10\/famija\/","url":"https:\/\/giannidavico.it\/gopiedmont\/2014\/09\/10\/famija\/","name":"Famija - Go Piedmont","isPartOf":{"@id":"https:\/\/giannidavico.it\/gopiedmont\/#website"},"datePublished":"2014-09-10T11:10:10+00:00","dateModified":"2014-09-10T11:10:11+00:00","author":{"@id":"https:\/\/giannidavico.it\/gopiedmont\/#\/schema\/person\/ea1fd17d8f2dba325f3712219efa8f77"},"inLanguage":"it-IT","potentialAction":[{"@type":"ReadAction","target":["https:\/\/giannidavico.it\/gopiedmont\/2014\/09\/10\/famija\/"]}]},{"@type":"WebSite","@id":"https:\/\/giannidavico.it\/gopiedmont\/#website","url":"https:\/\/giannidavico.it\/gopiedmont\/","name":"Go Piedmont","description":"pens\u00e9 dzora l\u00ecber, event e p\u00ebrson-e grop\u00e0 al Piemont e a la lenga piemont\u00e8isa","potentialAction":[{"@type":"SearchAction","target":{"@type":"EntryPoint","urlTemplate":"https:\/\/giannidavico.it\/gopiedmont\/?s={search_term_string}"},"query-input":"required name=search_term_string"}],"inLanguage":"it-IT"},{"@type":"Person","@id":"https:\/\/giannidavico.it\/gopiedmont\/#\/schema\/person\/ea1fd17d8f2dba325f3712219efa8f77","name":"giannidavico","image":{"@type":"ImageObject","inLanguage":"it-IT","@id":"https:\/\/giannidavico.it\/gopiedmont\/#\/schema\/person\/image\/","url":"https:\/\/secure.gravatar.com\/avatar\/337748753d882602f3038b55fb369ba1?s=96&d=mm&r=g","contentUrl":"https:\/\/secure.gravatar.com\/avatar\/337748753d882602f3038b55fb369ba1?s=96&d=mm&r=g","caption":"giannidavico"},"url":"https:\/\/giannidavico.it\/gopiedmont\/author\/giannidavico\/"}]}},"_links":{"self":[{"href":"https:\/\/giannidavico.it\/gopiedmont\/wp-json\/wp\/v2\/posts\/2418"}],"collection":[{"href":"https:\/\/giannidavico.it\/gopiedmont\/wp-json\/wp\/v2\/posts"}],"about":[{"href":"https:\/\/giannidavico.it\/gopiedmont\/wp-json\/wp\/v2\/types\/post"}],"author":[{"embeddable":true,"href":"https:\/\/giannidavico.it\/gopiedmont\/wp-json\/wp\/v2\/users\/4"}],"replies":[{"embeddable":true,"href":"https:\/\/giannidavico.it\/gopiedmont\/wp-json\/wp\/v2\/comments?post=2418"}],"version-history":[{"count":7,"href":"https:\/\/giannidavico.it\/gopiedmont\/wp-json\/wp\/v2\/posts\/2418\/revisions"}],"predecessor-version":[{"id":2428,"href":"https:\/\/giannidavico.it\/gopiedmont\/wp-json\/wp\/v2\/posts\/2418\/revisions\/2428"}],"wp:attachment":[{"href":"https:\/\/giannidavico.it\/gopiedmont\/wp-json\/wp\/v2\/media?parent=2418"}],"wp:term":[{"taxonomy":"category","embeddable":true,"href":"https:\/\/giannidavico.it\/gopiedmont\/wp-json\/wp\/v2\/categories?post=2418"},{"taxonomy":"post_tag","embeddable":true,"href":"https:\/\/giannidavico.it\/gopiedmont\/wp-json\/wp\/v2\/tags?post=2418"}],"curies":[{"name":"wp","href":"https:\/\/api.w.org\/{rel}","templated":true}]}}