{"id":2435,"date":"2014-09-24T07:49:33","date_gmt":"2014-09-24T06:49:33","guid":{"rendered":"https:\/\/giannidavico.it\/staging\/gopiedmont\/?p=2435"},"modified":"2015-09-22T13:18:52","modified_gmt":"2015-09-22T12:18:52","slug":"giuseppe-giacosa-storia-d-wilhelm-rhedy","status":"publish","type":"post","link":"https:\/\/giannidavico.it\/gopiedmont\/2014\/09\/24\/giuseppe-giacosa-storia-d-wilhelm-rhedy\/","title":{"rendered":"Giuseppe Giacosa, St\u00f2ria \u2019d Wilhelm Rhedy"},"content":{"rendered":"<p><a href=\"https:\/\/giannidavico.it\/gopiedmont\/files\/2014\/09\/Lys.jpg\"><img loading=\"lazy\" src=\"https:\/\/giannidavico.it\/gopiedmont\/files\/2014\/09\/Lys-300x225.jpg\" alt=\"Lys\" width=\"300\" height=\"225\" class=\"alignright size-medium wp-image-2436\" srcset=\"https:\/\/giannidavico.it\/gopiedmont\/files\/2014\/09\/Lys-300x225.jpg 300w, https:\/\/giannidavico.it\/gopiedmont\/files\/2014\/09\/Lys.jpg 1024w\" sizes=\"(max-width: 300px) 100vw, 300px\" \/><\/a><br \/>\nTorna Ren\u00e9 Agagliate (n\u00f2st tradutor &#8220;ufissial&#8221;), torna Giuseppe Giacosa (un dij s\u00f2 autor prefer\u00ec).<\/p>\n<p>An italian a l&#8217;\u00e9 la <em>Storia di Guglielmo Rhedy<\/em>, e as peul truvesse an <a href=\"http:\/\/www.amazon.it\/Novelle-paesi-valdostani-Giuseppe-Giacosa-ebook\/dp\/B0052GD70M\/ref=sr_1_1?ie=UTF8&#038;qid=1442924288&#038;sr=8-1&#038;tag=giandavi-21\" title=\"Giuseppe Giacosa, Novelle e paesi valdostani\" target=\"_blank\">cost l\u00ecber<\/a>, opurament d\u00ebscariesse a gr\u00e0tis <a href=\"http:\/\/www.liberliber.it\/libri\/g\/giacosa\/index.php\" title=\"Giuseppe Giacosa\" target=\"_blank\">ambeless\u00ec<\/a>.<\/p>\n<p>La tradussion a l&#8217;\u00e9 <a href=\"https:\/\/giannidavico.it\/gopiedmont\/files\/2014\/09\/Wilhelm-Rhedy.pdf\" title=\"Giuseppe Giacosa, St\u00f2ria \u2019d Wilhelm Rhedy\">ambeless\u00ec<\/a>.<\/p>\n<p>Na n\u00f2ta d\u00ebl tradutor:<\/p>\n<blockquote><p>L\u2019autor ant \u00ebl racont a ciama ij s\u00f2 personagi \u201cGuglielmo\u201d e \u201cTeresa\u201d, mi i l\u2019hai p\u00ec car ij n\u00f2m alman \u201cWilhelm\u201d e \u201cTherese\u201d p\u00ebr rest\u00e8 p\u00ec aderent a la lenga parl\u00e0 ant la comba d\u00ebl Lys, \u00ebl walser.<\/p><\/blockquote>\n<p>Na bela st\u00f2ria &#8216;d montagna e passion, na bela letura an n\u00f2sta lenga.<\/p>\n","protected":false},"excerpt":{"rendered":"<p><a href=\"https:\/\/giannidavico.it\/gopiedmont\/files\/2014\/09\/Lys.jpg\"><img loading=\"lazy\" src=\"https:\/\/giannidavico.it\/gopiedmont\/files\/2014\/09\/Lys-300x225.jpg\" alt=\"Lys\" width=\"300\" height=\"225\" class=\"alignright size-medium wp-image-2436\" srcset=\"https:\/\/giannidavico.it\/gopiedmont\/files\/2014\/09\/Lys-300x225.jpg 300w, https:\/\/giannidavico.it\/gopiedmont\/files\/2014\/09\/Lys.jpg 1024w\" sizes=\"(max-width: 300px) 100vw, 300px\" \/><\/a><br \/> Torna Ren\u00e9 Agagliate (n\u00f2st tradutor &#8220;ufissial&#8221;), torna Giuseppe Giacosa (un dij s\u00f2 autor prefer\u00ec).<\/p>\n<p>An italian a l&#8217;\u00e9 la <em>Storia di Guglielmo Rhedy<\/em>, e as peul truvesse an <a href=\"http:\/\/www.amazon.it\/Novelle-paesi-valdostani-Giuseppe-Giacosa-ebook\/dp\/B0052GD70M\/ref=sr_1_1?ie=UTF8&#038;qid=1442924288&#038;sr=8-1&#038;tag=giandavi-21\" title=\"Giuseppe Giacosa, Novelle e paesi valdostani\" target=\"_blank\">cost l\u00ecber<\/a>, opurament d\u00ebscariesse a gr\u00e0tis <a href=\"http:\/\/www.liberliber.it\/libri\/g\/giacosa\/index.php\" title=\"Giuseppe Giacosa\" target=\"_blank\">ambeless\u00ec<\/a>.<\/p>\n<p>La tradussion a l&#8217;\u00e9 <a href=\"https:\/\/giannidavico.it\/gopiedmont\/files\/2014\/09\/Wilhelm-Rhedy.pdf\" title=\"Giuseppe Giacosa, St\u00f2ria \u2019d Wilhelm Rhedy\">ambeless\u00ec<\/a>.<\/p>\n<p>Na n\u00f2ta d\u00ebl tradutor:<\/p>\n<p>L\u2019autor ant \u00ebl racont a ciama ij s\u00f2 personagi \u201cGuglielmo\u201d e \u201cTeresa\u201d, mi i l\u2019hai p\u00ec car ij n\u00f2m alman \u201cWilhelm\u201d e \u201cTherese\u201d p\u00ebr rest\u00e8 p\u00ec aderent a la lenga parl\u00e0 ant la comba d\u00ebl Lys, \u00ebl walser.<\/p>\n<p>Na bela st\u00f2ria &#8216;d montagna e passion, na bela letura an n\u00f2sta lenga.<\/p>\n","protected":false},"author":4,"featured_media":0,"comment_status":"open","ping_status":"open","sticky":false,"template":"","format":"standard","meta":[],"categories":[130],"tags":[7851],"yoast_head":"<!-- This site is optimized with the Yoast SEO plugin v19.14 - https:\/\/yoast.com\/wordpress\/plugins\/seo\/ -->\n<title>Giuseppe Giacosa, St\u00f2ria \u2019d Wilhelm Rhedy - Go Piedmont<\/title>\n<meta name=\"robots\" content=\"index, follow, max-snippet:-1, max-image-preview:large, max-video-preview:-1\" \/>\n<link rel=\"canonical\" href=\"https:\/\/giannidavico.it\/gopiedmont\/2014\/09\/24\/giuseppe-giacosa-storia-d-wilhelm-rhedy\/\" \/>\n<meta property=\"og:locale\" content=\"it_IT\" \/>\n<meta property=\"og:type\" content=\"article\" \/>\n<meta property=\"og:title\" content=\"Giuseppe Giacosa, St\u00f2ria \u2019d Wilhelm Rhedy - Go Piedmont\" \/>\n<meta property=\"og:description\" content=\"Torna Ren\u00e9 Agagliate (n\u00f2st tradutor &#8220;ufissial&#8221;), torna Giuseppe Giacosa (un dij s\u00f2 autor prefer\u00ec). An italian a l&#8217;\u00e9 la Storia di Guglielmo Rhedy, e as peul truvesse an cost l\u00ecber, opurament d\u00ebscariesse a gr\u00e0tis ambeless\u00ec. La tradussion a l&#8217;\u00e9 ambeless\u00ec. Na n\u00f2ta d\u00ebl tradutor: L\u2019autor ant \u00ebl racont a ciama ij s\u00f2 personagi \u201cGuglielmo\u201d e \u201cTeresa\u201d, mi i l\u2019hai p\u00ec car ij n\u00f2m alman \u201cWilhelm\u201d e \u201cTherese\u201d p\u00ebr rest\u00e8 p\u00ec aderent a la lenga parl\u00e0 ant la comba d\u00ebl Lys, \u00ebl walser. Na bela st\u00f2ria &#8216;d montagna e passion, na bela letura an n\u00f2sta lenga.\" \/>\n<meta property=\"og:url\" content=\"https:\/\/giannidavico.it\/gopiedmont\/2014\/09\/24\/giuseppe-giacosa-storia-d-wilhelm-rhedy\/\" \/>\n<meta property=\"og:site_name\" content=\"Go Piedmont\" \/>\n<meta property=\"article:published_time\" content=\"2014-09-24T06:49:33+00:00\" \/>\n<meta property=\"article:modified_time\" content=\"2015-09-22T12:18:52+00:00\" \/>\n<meta property=\"og:image\" content=\"https:\/\/giannidavico.it\/gopiedmont\/files\/2014\/09\/Lys-300x225.jpg\" \/>\n<meta name=\"author\" content=\"giannidavico\" \/>\n<meta name=\"twitter:card\" content=\"summary_large_image\" \/>\n<meta name=\"twitter:label1\" content=\"Scritto da\" \/>\n\t<meta name=\"twitter:data1\" content=\"giannidavico\" \/>\n\t<meta name=\"twitter:label2\" content=\"Tempo di lettura stimato\" \/>\n\t<meta name=\"twitter:data2\" content=\"1 minuto\" \/>\n<script type=\"application\/ld+json\" class=\"yoast-schema-graph\">{\"@context\":\"https:\/\/schema.org\",\"@graph\":[{\"@type\":\"WebPage\",\"@id\":\"https:\/\/giannidavico.it\/gopiedmont\/2014\/09\/24\/giuseppe-giacosa-storia-d-wilhelm-rhedy\/\",\"url\":\"https:\/\/giannidavico.it\/gopiedmont\/2014\/09\/24\/giuseppe-giacosa-storia-d-wilhelm-rhedy\/\",\"name\":\"Giuseppe Giacosa, St\u00f2ria \u2019d Wilhelm Rhedy - Go Piedmont\",\"isPartOf\":{\"@id\":\"https:\/\/giannidavico.it\/gopiedmont\/#website\"},\"datePublished\":\"2014-09-24T06:49:33+00:00\",\"dateModified\":\"2015-09-22T12:18:52+00:00\",\"author\":{\"@id\":\"https:\/\/giannidavico.it\/gopiedmont\/#\/schema\/person\/ea1fd17d8f2dba325f3712219efa8f77\"},\"inLanguage\":\"it-IT\",\"potentialAction\":[{\"@type\":\"ReadAction\",\"target\":[\"https:\/\/giannidavico.it\/gopiedmont\/2014\/09\/24\/giuseppe-giacosa-storia-d-wilhelm-rhedy\/\"]}]},{\"@type\":\"WebSite\",\"@id\":\"https:\/\/giannidavico.it\/gopiedmont\/#website\",\"url\":\"https:\/\/giannidavico.it\/gopiedmont\/\",\"name\":\"Go Piedmont\",\"description\":\"pens\u00e9 dzora l\u00ecber, event e p\u00ebrson-e grop\u00e0 al Piemont e a la lenga piemont\u00e8isa\",\"potentialAction\":[{\"@type\":\"SearchAction\",\"target\":{\"@type\":\"EntryPoint\",\"urlTemplate\":\"https:\/\/giannidavico.it\/gopiedmont\/?s={search_term_string}\"},\"query-input\":\"required name=search_term_string\"}],\"inLanguage\":\"it-IT\"},{\"@type\":\"Person\",\"@id\":\"https:\/\/giannidavico.it\/gopiedmont\/#\/schema\/person\/ea1fd17d8f2dba325f3712219efa8f77\",\"name\":\"giannidavico\",\"image\":{\"@type\":\"ImageObject\",\"inLanguage\":\"it-IT\",\"@id\":\"https:\/\/giannidavico.it\/gopiedmont\/#\/schema\/person\/image\/\",\"url\":\"https:\/\/secure.gravatar.com\/avatar\/337748753d882602f3038b55fb369ba1?s=96&d=mm&r=g\",\"contentUrl\":\"https:\/\/secure.gravatar.com\/avatar\/337748753d882602f3038b55fb369ba1?s=96&d=mm&r=g\",\"caption\":\"giannidavico\"},\"url\":\"https:\/\/giannidavico.it\/gopiedmont\/author\/giannidavico\/\"}]}<\/script>\n<!-- \/ Yoast SEO plugin. -->","yoast_head_json":{"title":"Giuseppe Giacosa, St\u00f2ria \u2019d Wilhelm Rhedy - Go Piedmont","robots":{"index":"index","follow":"follow","max-snippet":"max-snippet:-1","max-image-preview":"max-image-preview:large","max-video-preview":"max-video-preview:-1"},"canonical":"https:\/\/giannidavico.it\/gopiedmont\/2014\/09\/24\/giuseppe-giacosa-storia-d-wilhelm-rhedy\/","og_locale":"it_IT","og_type":"article","og_title":"Giuseppe Giacosa, St\u00f2ria \u2019d Wilhelm Rhedy - Go Piedmont","og_description":"Torna Ren\u00e9 Agagliate (n\u00f2st tradutor &#8220;ufissial&#8221;), torna Giuseppe Giacosa (un dij s\u00f2 autor prefer\u00ec). An italian a l&#8217;\u00e9 la Storia di Guglielmo Rhedy, e as peul truvesse an cost l\u00ecber, opurament d\u00ebscariesse a gr\u00e0tis ambeless\u00ec. La tradussion a l&#8217;\u00e9 ambeless\u00ec. Na n\u00f2ta d\u00ebl tradutor: L\u2019autor ant \u00ebl racont a ciama ij s\u00f2 personagi \u201cGuglielmo\u201d e \u201cTeresa\u201d, mi i l\u2019hai p\u00ec car ij n\u00f2m alman \u201cWilhelm\u201d e \u201cTherese\u201d p\u00ebr rest\u00e8 p\u00ec aderent a la lenga parl\u00e0 ant la comba d\u00ebl Lys, \u00ebl walser. Na bela st\u00f2ria &#8216;d montagna e passion, na bela letura an n\u00f2sta lenga.","og_url":"https:\/\/giannidavico.it\/gopiedmont\/2014\/09\/24\/giuseppe-giacosa-storia-d-wilhelm-rhedy\/","og_site_name":"Go Piedmont","article_published_time":"2014-09-24T06:49:33+00:00","article_modified_time":"2015-09-22T12:18:52+00:00","og_image":[{"url":"https:\/\/giannidavico.it\/gopiedmont\/files\/2014\/09\/Lys-300x225.jpg"}],"author":"giannidavico","twitter_card":"summary_large_image","twitter_misc":{"Scritto da":"giannidavico","Tempo di lettura stimato":"1 minuto"},"schema":{"@context":"https:\/\/schema.org","@graph":[{"@type":"WebPage","@id":"https:\/\/giannidavico.it\/gopiedmont\/2014\/09\/24\/giuseppe-giacosa-storia-d-wilhelm-rhedy\/","url":"https:\/\/giannidavico.it\/gopiedmont\/2014\/09\/24\/giuseppe-giacosa-storia-d-wilhelm-rhedy\/","name":"Giuseppe Giacosa, St\u00f2ria \u2019d Wilhelm Rhedy - Go Piedmont","isPartOf":{"@id":"https:\/\/giannidavico.it\/gopiedmont\/#website"},"datePublished":"2014-09-24T06:49:33+00:00","dateModified":"2015-09-22T12:18:52+00:00","author":{"@id":"https:\/\/giannidavico.it\/gopiedmont\/#\/schema\/person\/ea1fd17d8f2dba325f3712219efa8f77"},"inLanguage":"it-IT","potentialAction":[{"@type":"ReadAction","target":["https:\/\/giannidavico.it\/gopiedmont\/2014\/09\/24\/giuseppe-giacosa-storia-d-wilhelm-rhedy\/"]}]},{"@type":"WebSite","@id":"https:\/\/giannidavico.it\/gopiedmont\/#website","url":"https:\/\/giannidavico.it\/gopiedmont\/","name":"Go Piedmont","description":"pens\u00e9 dzora l\u00ecber, event e p\u00ebrson-e grop\u00e0 al Piemont e a la lenga piemont\u00e8isa","potentialAction":[{"@type":"SearchAction","target":{"@type":"EntryPoint","urlTemplate":"https:\/\/giannidavico.it\/gopiedmont\/?s={search_term_string}"},"query-input":"required name=search_term_string"}],"inLanguage":"it-IT"},{"@type":"Person","@id":"https:\/\/giannidavico.it\/gopiedmont\/#\/schema\/person\/ea1fd17d8f2dba325f3712219efa8f77","name":"giannidavico","image":{"@type":"ImageObject","inLanguage":"it-IT","@id":"https:\/\/giannidavico.it\/gopiedmont\/#\/schema\/person\/image\/","url":"https:\/\/secure.gravatar.com\/avatar\/337748753d882602f3038b55fb369ba1?s=96&d=mm&r=g","contentUrl":"https:\/\/secure.gravatar.com\/avatar\/337748753d882602f3038b55fb369ba1?s=96&d=mm&r=g","caption":"giannidavico"},"url":"https:\/\/giannidavico.it\/gopiedmont\/author\/giannidavico\/"}]}},"_links":{"self":[{"href":"https:\/\/giannidavico.it\/gopiedmont\/wp-json\/wp\/v2\/posts\/2435"}],"collection":[{"href":"https:\/\/giannidavico.it\/gopiedmont\/wp-json\/wp\/v2\/posts"}],"about":[{"href":"https:\/\/giannidavico.it\/gopiedmont\/wp-json\/wp\/v2\/types\/post"}],"author":[{"embeddable":true,"href":"https:\/\/giannidavico.it\/gopiedmont\/wp-json\/wp\/v2\/users\/4"}],"replies":[{"embeddable":true,"href":"https:\/\/giannidavico.it\/gopiedmont\/wp-json\/wp\/v2\/comments?post=2435"}],"version-history":[{"count":5,"href":"https:\/\/giannidavico.it\/gopiedmont\/wp-json\/wp\/v2\/posts\/2435\/revisions"}],"predecessor-version":[{"id":2952,"href":"https:\/\/giannidavico.it\/gopiedmont\/wp-json\/wp\/v2\/posts\/2435\/revisions\/2952"}],"wp:attachment":[{"href":"https:\/\/giannidavico.it\/gopiedmont\/wp-json\/wp\/v2\/media?parent=2435"}],"wp:term":[{"taxonomy":"category","embeddable":true,"href":"https:\/\/giannidavico.it\/gopiedmont\/wp-json\/wp\/v2\/categories?post=2435"},{"taxonomy":"post_tag","embeddable":true,"href":"https:\/\/giannidavico.it\/gopiedmont\/wp-json\/wp\/v2\/tags?post=2435"}],"curies":[{"name":"wp","href":"https:\/\/api.w.org\/{rel}","templated":true}]}}