{"id":2456,"date":"2014-10-08T07:20:25","date_gmt":"2014-10-08T06:20:25","guid":{"rendered":"https:\/\/giannidavico.it\/staging\/gopiedmont\/?p=2456"},"modified":"2014-10-08T07:20:25","modified_gmt":"2014-10-08T06:20:25","slug":"escolo-de-sancto-lucio-de-coumboscuro-na-manera-per-giute-giutandse","status":"publish","type":"post","link":"https:\/\/giannidavico.it\/gopiedmont\/2014\/10\/08\/escolo-de-sancto-lucio-de-coumboscuro-na-manera-per-giute-giutandse\/","title":{"rendered":"Escolo de Sancto Lucio de Coumboscuro &#8211; na manera p\u00ebr giut\u00e9 giutandse"},"content":{"rendered":"<p><iframe loading=\"lazy\" width=\"560\" height=\"315\" src=\"\/\/www.youtube.com\/embed\/2ORmUmD7YJY?rel=0\" frameborder=\"0\" allowfullscreen><\/iframe><\/p>\n<p>Saba pass\u00e0 i son st\u00e0it <a href=\"http:\/\/www.coumboscuro.org\/\" title=\"Coumboscuro Centre Prouven\u00e7al\" target=\"_blank\">lass\u00f9<\/a>.<br \/>\nMauro, fieul \u00ebd <a href=\"https:\/\/giannidavico.it\/gopiedmont\/2013\/11\/06\/sergio-arneodo-in-memoriam\/\" title=\"Sergio Arneodo, in memoriam\"><em>lou magistre<\/em><\/a> e anima d\u00ebl prog\u00e8t.<br \/>\nI son pass\u00e0 &#8216;dc\u00f2 dal camposanto, da gi\u00e0 ch&#8217;i j&#8217;era l\u00e0, a truv\u00e9 &#8216;l pare.<br \/>\nProg\u00e8t: sosten-e la sc\u00f2la catand dij prod\u00f2t d&#8217;ecelensa d&#8217;asiende amise.<br \/>\nA-i \u00e9 damanca &#8216;d tut.<br \/>\nA l&#8217;\u00e9 un prog\u00e8t magn\u00ecfich.<br \/>\nP\u00ebr chi ch&#8217;a veul, a fonsion-a par\u00e8j: as f\u00e0 na donassion, ch&#8217;a peul esse d\u00ebscari\u00e0 da j&#8217;imp\u00f2ste, p\u00ebr giut\u00e9 la sc\u00f2la, e con coj s\u00f2ld as cata <em>lou toumo duro<\/em>, patate, b\u00ebscheuit, pan e via f\u00f2rt.<br \/>\n<a href=\"https:\/\/www.youtube.com\/redirect?q=http%3A%2F%2Fgiannidavico.it%2Fbrainfood%2Ffiles%2F2014%2F10%2FAmis-comunicato-n.-2.pdf&#038;redir_token=hNrzAE2RCc166LndsJUZvK6yz698MTQxMjgzNTA5MEAxNDEyNzQ4Njkw\" title=\"Car amis de l'Escolo de Sancto Lucio de Coumboscuro\">S\u00ec<\/a> \u00ebl PDF.<br \/>\nP\u00ebr nen parl\u00e9 d\u00ebl prog\u00e8t del dissionari e le milanta manere &#8216;d nomin\u00e9 la fi\u00f2ca.<br \/>\nGiutomlo, giutomse.<\/p>\n","protected":false},"excerpt":{"rendered":"<\/p>\n<p>Saba pass\u00e0 i son st\u00e0it <a href=\"http:\/\/www.coumboscuro.org\/\" title=\"Coumboscuro Centre Prouven\u00e7al\" target=\"_blank\">lass\u00f9<\/a>.<br \/> Mauro, fieul \u00ebd <a href=\"https:\/\/giannidavico.it\/gopiedmont\/2013\/11\/06\/sergio-arneodo-in-memoriam\/\" title=\"Sergio Arneodo, in memoriam\"><em>lou magistre<\/em><\/a> e anima d\u00ebl prog\u00e8t.<br \/> I son pass\u00e0 &#8216;dc\u00f2 dal camposanto, da gi\u00e0 ch&#8217;i j&#8217;era l\u00e0, a truv\u00e9 &#8216;l pare.<br \/> Prog\u00e8t: sosten-e la sc\u00f2la catand dij prod\u00f2t d&#8217;ecelensa d&#8217;asiende amise.<br \/> A-i \u00e9 damanca &#8216;d tut.<br \/> A l&#8217;\u00e9 un prog\u00e8t magn\u00ecfich.<br \/> P\u00ebr chi ch&#8217;a veul, a fonsion-a par\u00e8j: as f\u00e0 na donassion, ch&#8217;a peul esse d\u00ebscari\u00e0 da j&#8217;imp\u00f2ste, p\u00ebr giut\u00e9 la sc\u00f2la, e con coj s\u00f2ld as cata <em>lou toumo duro<\/em>, patate, b\u00ebscheuit, pan e via f\u00f2rt.<br \/> <a href=\"https:\/\/www.youtube.com\/redirect?q=http%3A%2F%2Fgiannidavico.it%2Fbrainfood%2Ffiles%2F2014%2F10%2FAmis-comunicato-n.-2.pdf&#038;redir_token=hNrzAE2RCc166LndsJUZvK6yz698MTQxMjgzNTA5MEAxNDEyNzQ4Njkw\" title=\"Car amis de l'Escolo de Sancto Lucio de Coumboscuro\">S\u00ec<\/a> \u00ebl PDF.<br \/> P\u00ebr nen parl\u00e9 d\u00ebl prog\u00e8t del dissionari e le milanta manere &#8216;d nomin\u00e9 la fi\u00f2ca.<br \/> Giutomlo, giutomse.<\/p>\n","protected":false},"author":4,"featured_media":0,"comment_status":"open","ping_status":"open","sticky":false,"template":"","format":"standard","meta":[],"categories":[130],"tags":[4019,4020,125],"yoast_head":"<!-- This site is optimized with the Yoast SEO plugin v19.14 - https:\/\/yoast.com\/wordpress\/plugins\/seo\/ -->\n<title>Escolo de Sancto Lucio de Coumboscuro - na manera p\u00ebr giut\u00e9 giutandse - Go Piedmont<\/title>\n<meta name=\"robots\" content=\"index, follow, max-snippet:-1, max-image-preview:large, max-video-preview:-1\" \/>\n<link rel=\"canonical\" href=\"https:\/\/giannidavico.it\/gopiedmont\/2014\/10\/08\/escolo-de-sancto-lucio-de-coumboscuro-na-manera-per-giute-giutandse\/\" \/>\n<meta property=\"og:locale\" content=\"it_IT\" \/>\n<meta property=\"og:type\" content=\"article\" \/>\n<meta property=\"og:title\" content=\"Escolo de Sancto Lucio de Coumboscuro - na manera p\u00ebr giut\u00e9 giutandse - Go Piedmont\" \/>\n<meta property=\"og:description\" content=\"Saba pass\u00e0 i son st\u00e0it lass\u00f9. Mauro, fieul \u00ebd lou magistre e anima d\u00ebl prog\u00e8t. I son pass\u00e0 &#8216;dc\u00f2 dal camposanto, da gi\u00e0 ch&#8217;i j&#8217;era l\u00e0, a truv\u00e9 &#8216;l pare. Prog\u00e8t: sosten-e la sc\u00f2la catand dij prod\u00f2t d&#8217;ecelensa d&#8217;asiende amise. A-i \u00e9 damanca &#8216;d tut. A l&#8217;\u00e9 un prog\u00e8t magn\u00ecfich. P\u00ebr chi ch&#8217;a veul, a fonsion-a par\u00e8j: as f\u00e0 na donassion, ch&#8217;a peul esse d\u00ebscari\u00e0 da j&#8217;imp\u00f2ste, p\u00ebr giut\u00e9 la sc\u00f2la, e con coj s\u00f2ld as cata lou toumo duro, patate, b\u00ebscheuit, pan e via f\u00f2rt. S\u00ec \u00ebl PDF. P\u00ebr nen parl\u00e9 d\u00ebl prog\u00e8t del dissionari e le milanta manere &#8216;d nomin\u00e9 la fi\u00f2ca. Giutomlo, giutomse.\" \/>\n<meta property=\"og:url\" content=\"https:\/\/giannidavico.it\/gopiedmont\/2014\/10\/08\/escolo-de-sancto-lucio-de-coumboscuro-na-manera-per-giute-giutandse\/\" \/>\n<meta property=\"og:site_name\" content=\"Go Piedmont\" \/>\n<meta property=\"article:published_time\" content=\"2014-10-08T06:20:25+00:00\" \/>\n<meta name=\"author\" content=\"giannidavico\" \/>\n<meta name=\"twitter:card\" content=\"summary_large_image\" \/>\n<meta name=\"twitter:label1\" content=\"Scritto da\" \/>\n\t<meta name=\"twitter:data1\" content=\"giannidavico\" \/>\n\t<meta name=\"twitter:label2\" content=\"Tempo di lettura stimato\" \/>\n\t<meta name=\"twitter:data2\" content=\"1 minuto\" \/>\n<script type=\"application\/ld+json\" class=\"yoast-schema-graph\">{\"@context\":\"https:\/\/schema.org\",\"@graph\":[{\"@type\":\"WebPage\",\"@id\":\"https:\/\/giannidavico.it\/gopiedmont\/2014\/10\/08\/escolo-de-sancto-lucio-de-coumboscuro-na-manera-per-giute-giutandse\/\",\"url\":\"https:\/\/giannidavico.it\/gopiedmont\/2014\/10\/08\/escolo-de-sancto-lucio-de-coumboscuro-na-manera-per-giute-giutandse\/\",\"name\":\"Escolo de Sancto Lucio de Coumboscuro - na manera p\u00ebr giut\u00e9 giutandse - Go Piedmont\",\"isPartOf\":{\"@id\":\"https:\/\/giannidavico.it\/gopiedmont\/#website\"},\"datePublished\":\"2014-10-08T06:20:25+00:00\",\"dateModified\":\"2014-10-08T06:20:25+00:00\",\"author\":{\"@id\":\"https:\/\/giannidavico.it\/gopiedmont\/#\/schema\/person\/ea1fd17d8f2dba325f3712219efa8f77\"},\"inLanguage\":\"it-IT\",\"potentialAction\":[{\"@type\":\"ReadAction\",\"target\":[\"https:\/\/giannidavico.it\/gopiedmont\/2014\/10\/08\/escolo-de-sancto-lucio-de-coumboscuro-na-manera-per-giute-giutandse\/\"]}]},{\"@type\":\"WebSite\",\"@id\":\"https:\/\/giannidavico.it\/gopiedmont\/#website\",\"url\":\"https:\/\/giannidavico.it\/gopiedmont\/\",\"name\":\"Go Piedmont\",\"description\":\"pens\u00e9 dzora l\u00ecber, event e p\u00ebrson-e grop\u00e0 al Piemont e a la lenga piemont\u00e8isa\",\"potentialAction\":[{\"@type\":\"SearchAction\",\"target\":{\"@type\":\"EntryPoint\",\"urlTemplate\":\"https:\/\/giannidavico.it\/gopiedmont\/?s={search_term_string}\"},\"query-input\":\"required name=search_term_string\"}],\"inLanguage\":\"it-IT\"},{\"@type\":\"Person\",\"@id\":\"https:\/\/giannidavico.it\/gopiedmont\/#\/schema\/person\/ea1fd17d8f2dba325f3712219efa8f77\",\"name\":\"giannidavico\",\"image\":{\"@type\":\"ImageObject\",\"inLanguage\":\"it-IT\",\"@id\":\"https:\/\/giannidavico.it\/gopiedmont\/#\/schema\/person\/image\/\",\"url\":\"https:\/\/secure.gravatar.com\/avatar\/337748753d882602f3038b55fb369ba1?s=96&d=mm&r=g\",\"contentUrl\":\"https:\/\/secure.gravatar.com\/avatar\/337748753d882602f3038b55fb369ba1?s=96&d=mm&r=g\",\"caption\":\"giannidavico\"},\"url\":\"https:\/\/giannidavico.it\/gopiedmont\/author\/giannidavico\/\"}]}<\/script>\n<!-- \/ Yoast SEO plugin. -->","yoast_head_json":{"title":"Escolo de Sancto Lucio de Coumboscuro - na manera p\u00ebr giut\u00e9 giutandse - Go Piedmont","robots":{"index":"index","follow":"follow","max-snippet":"max-snippet:-1","max-image-preview":"max-image-preview:large","max-video-preview":"max-video-preview:-1"},"canonical":"https:\/\/giannidavico.it\/gopiedmont\/2014\/10\/08\/escolo-de-sancto-lucio-de-coumboscuro-na-manera-per-giute-giutandse\/","og_locale":"it_IT","og_type":"article","og_title":"Escolo de Sancto Lucio de Coumboscuro - na manera p\u00ebr giut\u00e9 giutandse - Go Piedmont","og_description":"Saba pass\u00e0 i son st\u00e0it lass\u00f9. Mauro, fieul \u00ebd lou magistre e anima d\u00ebl prog\u00e8t. I son pass\u00e0 &#8216;dc\u00f2 dal camposanto, da gi\u00e0 ch&#8217;i j&#8217;era l\u00e0, a truv\u00e9 &#8216;l pare. Prog\u00e8t: sosten-e la sc\u00f2la catand dij prod\u00f2t d&#8217;ecelensa d&#8217;asiende amise. A-i \u00e9 damanca &#8216;d tut. A l&#8217;\u00e9 un prog\u00e8t magn\u00ecfich. P\u00ebr chi ch&#8217;a veul, a fonsion-a par\u00e8j: as f\u00e0 na donassion, ch&#8217;a peul esse d\u00ebscari\u00e0 da j&#8217;imp\u00f2ste, p\u00ebr giut\u00e9 la sc\u00f2la, e con coj s\u00f2ld as cata lou toumo duro, patate, b\u00ebscheuit, pan e via f\u00f2rt. S\u00ec \u00ebl PDF. P\u00ebr nen parl\u00e9 d\u00ebl prog\u00e8t del dissionari e le milanta manere &#8216;d nomin\u00e9 la fi\u00f2ca. Giutomlo, giutomse.","og_url":"https:\/\/giannidavico.it\/gopiedmont\/2014\/10\/08\/escolo-de-sancto-lucio-de-coumboscuro-na-manera-per-giute-giutandse\/","og_site_name":"Go Piedmont","article_published_time":"2014-10-08T06:20:25+00:00","author":"giannidavico","twitter_card":"summary_large_image","twitter_misc":{"Scritto da":"giannidavico","Tempo di lettura stimato":"1 minuto"},"schema":{"@context":"https:\/\/schema.org","@graph":[{"@type":"WebPage","@id":"https:\/\/giannidavico.it\/gopiedmont\/2014\/10\/08\/escolo-de-sancto-lucio-de-coumboscuro-na-manera-per-giute-giutandse\/","url":"https:\/\/giannidavico.it\/gopiedmont\/2014\/10\/08\/escolo-de-sancto-lucio-de-coumboscuro-na-manera-per-giute-giutandse\/","name":"Escolo de Sancto Lucio de Coumboscuro - na manera p\u00ebr giut\u00e9 giutandse - Go Piedmont","isPartOf":{"@id":"https:\/\/giannidavico.it\/gopiedmont\/#website"},"datePublished":"2014-10-08T06:20:25+00:00","dateModified":"2014-10-08T06:20:25+00:00","author":{"@id":"https:\/\/giannidavico.it\/gopiedmont\/#\/schema\/person\/ea1fd17d8f2dba325f3712219efa8f77"},"inLanguage":"it-IT","potentialAction":[{"@type":"ReadAction","target":["https:\/\/giannidavico.it\/gopiedmont\/2014\/10\/08\/escolo-de-sancto-lucio-de-coumboscuro-na-manera-per-giute-giutandse\/"]}]},{"@type":"WebSite","@id":"https:\/\/giannidavico.it\/gopiedmont\/#website","url":"https:\/\/giannidavico.it\/gopiedmont\/","name":"Go Piedmont","description":"pens\u00e9 dzora l\u00ecber, event e p\u00ebrson-e grop\u00e0 al Piemont e a la lenga piemont\u00e8isa","potentialAction":[{"@type":"SearchAction","target":{"@type":"EntryPoint","urlTemplate":"https:\/\/giannidavico.it\/gopiedmont\/?s={search_term_string}"},"query-input":"required name=search_term_string"}],"inLanguage":"it-IT"},{"@type":"Person","@id":"https:\/\/giannidavico.it\/gopiedmont\/#\/schema\/person\/ea1fd17d8f2dba325f3712219efa8f77","name":"giannidavico","image":{"@type":"ImageObject","inLanguage":"it-IT","@id":"https:\/\/giannidavico.it\/gopiedmont\/#\/schema\/person\/image\/","url":"https:\/\/secure.gravatar.com\/avatar\/337748753d882602f3038b55fb369ba1?s=96&d=mm&r=g","contentUrl":"https:\/\/secure.gravatar.com\/avatar\/337748753d882602f3038b55fb369ba1?s=96&d=mm&r=g","caption":"giannidavico"},"url":"https:\/\/giannidavico.it\/gopiedmont\/author\/giannidavico\/"}]}},"_links":{"self":[{"href":"https:\/\/giannidavico.it\/gopiedmont\/wp-json\/wp\/v2\/posts\/2456"}],"collection":[{"href":"https:\/\/giannidavico.it\/gopiedmont\/wp-json\/wp\/v2\/posts"}],"about":[{"href":"https:\/\/giannidavico.it\/gopiedmont\/wp-json\/wp\/v2\/types\/post"}],"author":[{"embeddable":true,"href":"https:\/\/giannidavico.it\/gopiedmont\/wp-json\/wp\/v2\/users\/4"}],"replies":[{"embeddable":true,"href":"https:\/\/giannidavico.it\/gopiedmont\/wp-json\/wp\/v2\/comments?post=2456"}],"version-history":[{"count":5,"href":"https:\/\/giannidavico.it\/gopiedmont\/wp-json\/wp\/v2\/posts\/2456\/revisions"}],"predecessor-version":[{"id":2461,"href":"https:\/\/giannidavico.it\/gopiedmont\/wp-json\/wp\/v2\/posts\/2456\/revisions\/2461"}],"wp:attachment":[{"href":"https:\/\/giannidavico.it\/gopiedmont\/wp-json\/wp\/v2\/media?parent=2456"}],"wp:term":[{"taxonomy":"category","embeddable":true,"href":"https:\/\/giannidavico.it\/gopiedmont\/wp-json\/wp\/v2\/categories?post=2456"},{"taxonomy":"post_tag","embeddable":true,"href":"https:\/\/giannidavico.it\/gopiedmont\/wp-json\/wp\/v2\/tags?post=2456"}],"curies":[{"name":"wp","href":"https:\/\/api.w.org\/{rel}","templated":true}]}}