{"id":246,"date":"2010-05-13T13:44:47","date_gmt":"2010-05-13T13:44:47","guid":{"rendered":"https:\/\/giannidavico.it\/staging\/gopiedmont\/?p=246"},"modified":"2010-05-20T10:52:57","modified_gmt":"2010-05-20T10:52:57","slug":"pare-nost-an-tera-santa","status":"publish","type":"post","link":"https:\/\/giannidavico.it\/gopiedmont\/2010\/05\/13\/pare-nost-an-tera-santa\/","title":{"rendered":"Pare N\u00f2st an T\u00e8ra Santa"},"content":{"rendered":"<p><a href=\"https:\/\/giannidavico.it\/gopiedmont\/files\/2010\/05\/Piemont2.jpg\"><img loading=\"lazy\" class=\"aligncenter size-full wp-image-259\" title=\"Piemont\" src=\"https:\/\/giannidavico.it\/gopiedmont\/files\/2010\/05\/Piemont2.jpg\" alt=\"\" width=\"450\" height=\"600\" srcset=\"https:\/\/giannidavico.it\/gopiedmont\/files\/2010\/05\/Piemont2.jpg 450w, https:\/\/giannidavico.it\/gopiedmont\/files\/2010\/05\/Piemont2-225x300.jpg 225w\" sizes=\"(max-width: 450px) 100vw, 450px\" \/><\/a>Liss\u00e0nder Motin (o Alessandro Mottino, p\u00ebr l\u00eb Stat) am manda costa f\u00f2to, f\u00e0ita da dij s\u00f2 barba ant na cesa \u00ebd Gerusalem, an T\u00e8ra Santa.<\/p>\n<p>A l\u2019\u00e9 bel da sav\u00e8j. Ma \u2018dc\u00f2 bela soa st\u00f2ria lengh\u00ecstica. Prima \u2018d tut doe righe dzora \u2018d chiel: trant\u2019agn, travaj ant \u00ebl milan\u00e8is, residensa a Moncravel (Moncrivello, an provinsa \u2018d V\u00ebrs\u00e8j). Donca un giovo bin inser\u00ec ant la realt\u00e0.<\/p>\n<p>E adess la lenga, descriv\u00f9a con soe par\u00f2le:<\/p>\n<blockquote><p>Fin da cit a l&#8217;ha sempi anciarmami la lenga ch&#8217;a parlavo ij m\u00e8 grand p\u00ebrqu\u00e8 am ancoriosiva. Mia mama a vor\u00eca nen che mia granda am parl\u00e8issa an piemont\u00e8is probabilment p\u00ebr na considerassion \u00ebd gnoransa, spanti\u00e0 ansima \u00ebl piemont\u00e8is.<br \/>\nI l&#8217;hai amprend\u00f9 a cap\u00ec \u00ebl piemont\u00e8is fin da cit an \u00ebscotand dzortut j&#8217;ansian e i l&#8217;hai amprend\u00f9 a parlelo ant\u00ebrmen ch&#8217;i fas\u00eca le sc\u00f2le medie. P\u00ebr scrivlo i l&#8217;hai f\u00e0it un cors a Als (Alice Castello).<br \/>\n[&#8230;] Comsiss\u00eca mi i pens che la c\u00f2sa p\u00ec amportanta \u00ebd tute a l\u2019\u00e9 cola  d\u00eb f\u00e9 pij\u00e9 consiensa d\u00ebl valor coltural ch\u2019a l\u2019ha \u00ebl piemont\u00e8is, element carater\u00ecstich dle n\u00f2sse tere e d\u00ebl Piemont. P\u00ebr s\u00f2n a ventr\u00eca serch\u00e9 \u00ebd sensibilis\u00e9 la gent travers r\u00ebscontr e tilet, an concentrandse an particolar s\u00ebl mostr\u00e9 \u00ebl piemont\u00e8is a le masn\u00e0.<\/p><\/blockquote>\n<p>A l\u2019ha mandame \u2018dc\u00f2 doi document: n&#8217;archeuita \u00ebd t\u00e9rmin dla variant \u00ebd Moncravel (\u00abMaraman ch&#8217;i sent \u00ebd t\u00e9rmin neuv i n\u00eb arzons; a c\u00e0pita fin-a ch&#8217;i n\u00eb scriva ch&#8217;a-i n\u00eb j&#8217;\u00e9 z\u00e0 an coregend magara le definission\u00bb), ch\u2019i l\u2019hai but\u00e0 <a href=\"https:\/\/giannidavico.it\/gopiedmont\/files\/2010\/05\/par\u00f2li.pdf\">ambeless\u00ec<\/a> e <a href=\"https:\/\/giannidavico.it\/gopiedmont\/files\/2010\/05\/par\u00f2li2.pdf\">ambeless\u00ec<\/a>. A gionta Liss\u00e0nder:<\/p>\n<blockquote>\n<p style=\"text-align: left\">Am piasr\u00eca f\u00e9 n&#8217;aplicassion anform\u00e0tica tipo dissionari, mach che d&#8217;anform\u00e0tica i n\u00eb sai verament p\u00f2ch&#8230;<\/p>\n<\/blockquote>\n<p style=\"text-align: left\">B\u00e8rto, i podoma giutelo?<\/p>\n","protected":false},"excerpt":{"rendered":"<p><a href=\"https:\/\/giannidavico.it\/gopiedmont\/files\/2010\/05\/Piemont2.jpg\"><img loading=\"lazy\" class=\"aligncenter size-full wp-image-259\" title=\"Piemont\" src=\"https:\/\/giannidavico.it\/gopiedmont\/files\/2010\/05\/Piemont2.jpg\" alt=\"\" width=\"450\" height=\"600\" srcset=\"https:\/\/giannidavico.it\/gopiedmont\/files\/2010\/05\/Piemont2.jpg 450w, https:\/\/giannidavico.it\/gopiedmont\/files\/2010\/05\/Piemont2-225x300.jpg 225w\" sizes=\"(max-width: 450px) 100vw, 450px\" \/><\/a>Liss\u00e0nder Motin (o Alessandro Mottino, p\u00ebr l\u00eb Stat) am manda costa f\u00f2to, f\u00e0ita da dij s\u00f2 barba ant na cesa \u00ebd Gerusalem, an T\u00e8ra Santa.<\/p>\n<p>A l\u2019\u00e9 bel da sav\u00e8j. Ma \u2018dc\u00f2 bela soa st\u00f2ria lengh\u00ecstica. Prima \u2018d tut doe righe dzora \u2018d chiel: trant\u2019agn, travaj ant \u00ebl milan\u00e8is, residensa a Moncravel (Moncrivello, an provinsa \u2018d V\u00ebrs\u00e8j). Donca un giovo bin inser\u00ec ant la realt\u00e0.<\/p>\n<p>E adess la lenga, descriv\u00f9a con soe par\u00f2le:<\/p>\n<p>Fin da cit a l&#8217;ha sempi anciarmami la lenga ch&#8217;a parlavo ij m\u00e8 grand p\u00ebrqu\u00e8 am ancoriosiva. Mia mama a vor\u00eca nen che mia granda am parl\u00e8issa an piemont\u00e8is probabilment p\u00ebr na considerassion \u00ebd gnoransa, spanti\u00e0 ansima \u00ebl piemont\u00e8is.<br \/> I l&#8217;hai amprend\u00f9 a cap\u00ec \u00ebl piemont\u00e8is fin da cit an \u00ebscotand dzortut j&#8217;ansian e i l&#8217;hai amprend\u00f9 a parlelo ant\u00ebrmen ch&#8217;i fas\u00eca le sc\u00f2le medie. P\u00ebr scrivlo i l&#8217;hai f\u00e0it un cors a Als (Alice Castello).<br \/> [&#8230;] Comsiss\u00eca mi i pens che la c\u00f2sa p\u00ec amportanta \u00ebd tute a l\u2019\u00e9 cola d\u00eb f\u00e9 pij\u00e9 consiensa d\u00ebl valor coltural ch\u2019a l\u2019ha \u00ebl piemont\u00e8is, element carater\u00ecstich dle n\u00f2sse [\u2026] <a class=\"moretag\" href=\"https:\/\/giannidavico.it\/gopiedmont\/2010\/05\/13\/pare-nost-an-tera-santa\/\">continua a leggere \u00bb<\/a><\/p>\n","protected":false},"author":4,"featured_media":0,"comment_status":"open","ping_status":"open","sticky":false,"template":"","format":"standard","meta":[],"categories":[130],"tags":[107],"yoast_head":"<!-- This site is optimized with the Yoast SEO plugin v19.14 - https:\/\/yoast.com\/wordpress\/plugins\/seo\/ -->\n<title>Pare N\u00f2st an T\u00e8ra Santa - Go Piedmont<\/title>\n<meta name=\"robots\" content=\"index, follow, max-snippet:-1, max-image-preview:large, max-video-preview:-1\" \/>\n<link rel=\"canonical\" href=\"https:\/\/giannidavico.it\/gopiedmont\/2010\/05\/13\/pare-nost-an-tera-santa\/\" \/>\n<meta property=\"og:locale\" content=\"it_IT\" \/>\n<meta property=\"og:type\" content=\"article\" \/>\n<meta property=\"og:title\" content=\"Pare N\u00f2st an T\u00e8ra Santa - Go Piedmont\" \/>\n<meta property=\"og:description\" content=\"Liss\u00e0nder Motin (o Alessandro Mottino, p\u00ebr l\u00eb Stat) am manda costa f\u00f2to, f\u00e0ita da dij s\u00f2 barba ant na cesa \u00ebd Gerusalem, an T\u00e8ra Santa. A l\u2019\u00e9 bel da sav\u00e8j. Ma \u2018dc\u00f2 bela soa st\u00f2ria lengh\u00ecstica. Prima \u2018d tut doe righe dzora \u2018d chiel: trant\u2019agn, travaj ant \u00ebl milan\u00e8is, residensa a Moncravel (Moncrivello, an provinsa \u2018d V\u00ebrs\u00e8j). Donca un giovo bin inser\u00ec ant la realt\u00e0. E adess la lenga, descriv\u00f9a con soe par\u00f2le: Fin da cit a l&#8217;ha sempi anciarmami la lenga ch&#8217;a parlavo ij m\u00e8 grand p\u00ebrqu\u00e8 am ancoriosiva. Mia mama a vor\u00eca nen che mia granda am parl\u00e8issa an piemont\u00e8is probabilment p\u00ebr na considerassion \u00ebd gnoransa, spanti\u00e0 ansima \u00ebl piemont\u00e8is. I l&#8217;hai amprend\u00f9 a cap\u00ec \u00ebl piemont\u00e8is fin da cit an \u00ebscotand dzortut j&#8217;ansian e i l&#8217;hai amprend\u00f9 a parlelo ant\u00ebrmen ch&#8217;i fas\u00eca le sc\u00f2le medie. P\u00ebr scrivlo i l&#8217;hai f\u00e0it un cors a Als (Alice Castello). [&#8230;] Comsiss\u00eca mi i pens che la c\u00f2sa p\u00ec amportanta \u00ebd tute a l\u2019\u00e9 cola d\u00eb f\u00e9 pij\u00e9 consiensa d\u00ebl valor coltural ch\u2019a l\u2019ha \u00ebl piemont\u00e8is, element carater\u00ecstich dle n\u00f2sse [\u2026] continua a leggere \u00bb\" \/>\n<meta property=\"og:url\" content=\"https:\/\/giannidavico.it\/gopiedmont\/2010\/05\/13\/pare-nost-an-tera-santa\/\" \/>\n<meta property=\"og:site_name\" content=\"Go Piedmont\" \/>\n<meta property=\"article:published_time\" content=\"2010-05-13T13:44:47+00:00\" \/>\n<meta property=\"article:modified_time\" content=\"2010-05-20T10:52:57+00:00\" \/>\n<meta property=\"og:image\" content=\"https:\/\/giannidavico.it\/gopiedmont\/files\/2010\/05\/Piemont2.jpg\" \/>\n<meta name=\"author\" content=\"giannidavico\" \/>\n<meta name=\"twitter:card\" content=\"summary_large_image\" \/>\n<meta name=\"twitter:label1\" content=\"Scritto da\" \/>\n\t<meta name=\"twitter:data1\" content=\"giannidavico\" \/>\n\t<meta name=\"twitter:label2\" content=\"Tempo di lettura stimato\" \/>\n\t<meta name=\"twitter:data2\" content=\"2 minuti\" \/>\n<script type=\"application\/ld+json\" class=\"yoast-schema-graph\">{\"@context\":\"https:\/\/schema.org\",\"@graph\":[{\"@type\":\"WebPage\",\"@id\":\"https:\/\/giannidavico.it\/gopiedmont\/2010\/05\/13\/pare-nost-an-tera-santa\/\",\"url\":\"https:\/\/giannidavico.it\/gopiedmont\/2010\/05\/13\/pare-nost-an-tera-santa\/\",\"name\":\"Pare N\u00f2st an T\u00e8ra Santa - Go Piedmont\",\"isPartOf\":{\"@id\":\"https:\/\/giannidavico.it\/gopiedmont\/#website\"},\"datePublished\":\"2010-05-13T13:44:47+00:00\",\"dateModified\":\"2010-05-20T10:52:57+00:00\",\"author\":{\"@id\":\"https:\/\/giannidavico.it\/gopiedmont\/#\/schema\/person\/ea1fd17d8f2dba325f3712219efa8f77\"},\"inLanguage\":\"it-IT\",\"potentialAction\":[{\"@type\":\"ReadAction\",\"target\":[\"https:\/\/giannidavico.it\/gopiedmont\/2010\/05\/13\/pare-nost-an-tera-santa\/\"]}]},{\"@type\":\"WebSite\",\"@id\":\"https:\/\/giannidavico.it\/gopiedmont\/#website\",\"url\":\"https:\/\/giannidavico.it\/gopiedmont\/\",\"name\":\"Go Piedmont\",\"description\":\"pens\u00e9 dzora l\u00ecber, event e p\u00ebrson-e grop\u00e0 al Piemont e a la lenga piemont\u00e8isa\",\"potentialAction\":[{\"@type\":\"SearchAction\",\"target\":{\"@type\":\"EntryPoint\",\"urlTemplate\":\"https:\/\/giannidavico.it\/gopiedmont\/?s={search_term_string}\"},\"query-input\":\"required name=search_term_string\"}],\"inLanguage\":\"it-IT\"},{\"@type\":\"Person\",\"@id\":\"https:\/\/giannidavico.it\/gopiedmont\/#\/schema\/person\/ea1fd17d8f2dba325f3712219efa8f77\",\"name\":\"giannidavico\",\"image\":{\"@type\":\"ImageObject\",\"inLanguage\":\"it-IT\",\"@id\":\"https:\/\/giannidavico.it\/gopiedmont\/#\/schema\/person\/image\/\",\"url\":\"https:\/\/secure.gravatar.com\/avatar\/337748753d882602f3038b55fb369ba1?s=96&d=mm&r=g\",\"contentUrl\":\"https:\/\/secure.gravatar.com\/avatar\/337748753d882602f3038b55fb369ba1?s=96&d=mm&r=g\",\"caption\":\"giannidavico\"},\"url\":\"https:\/\/giannidavico.it\/gopiedmont\/author\/giannidavico\/\"}]}<\/script>\n<!-- \/ Yoast SEO plugin. -->","yoast_head_json":{"title":"Pare N\u00f2st an T\u00e8ra Santa - Go Piedmont","robots":{"index":"index","follow":"follow","max-snippet":"max-snippet:-1","max-image-preview":"max-image-preview:large","max-video-preview":"max-video-preview:-1"},"canonical":"https:\/\/giannidavico.it\/gopiedmont\/2010\/05\/13\/pare-nost-an-tera-santa\/","og_locale":"it_IT","og_type":"article","og_title":"Pare N\u00f2st an T\u00e8ra Santa - Go Piedmont","og_description":"Liss\u00e0nder Motin (o Alessandro Mottino, p\u00ebr l\u00eb Stat) am manda costa f\u00f2to, f\u00e0ita da dij s\u00f2 barba ant na cesa \u00ebd Gerusalem, an T\u00e8ra Santa. A l\u2019\u00e9 bel da sav\u00e8j. Ma \u2018dc\u00f2 bela soa st\u00f2ria lengh\u00ecstica. Prima \u2018d tut doe righe dzora \u2018d chiel: trant\u2019agn, travaj ant \u00ebl milan\u00e8is, residensa a Moncravel (Moncrivello, an provinsa \u2018d V\u00ebrs\u00e8j). Donca un giovo bin inser\u00ec ant la realt\u00e0. E adess la lenga, descriv\u00f9a con soe par\u00f2le: Fin da cit a l&#8217;ha sempi anciarmami la lenga ch&#8217;a parlavo ij m\u00e8 grand p\u00ebrqu\u00e8 am ancoriosiva. Mia mama a vor\u00eca nen che mia granda am parl\u00e8issa an piemont\u00e8is probabilment p\u00ebr na considerassion \u00ebd gnoransa, spanti\u00e0 ansima \u00ebl piemont\u00e8is. I l&#8217;hai amprend\u00f9 a cap\u00ec \u00ebl piemont\u00e8is fin da cit an \u00ebscotand dzortut j&#8217;ansian e i l&#8217;hai amprend\u00f9 a parlelo ant\u00ebrmen ch&#8217;i fas\u00eca le sc\u00f2le medie. P\u00ebr scrivlo i l&#8217;hai f\u00e0it un cors a Als (Alice Castello). [&#8230;] Comsiss\u00eca mi i pens che la c\u00f2sa p\u00ec amportanta \u00ebd tute a l\u2019\u00e9 cola d\u00eb f\u00e9 pij\u00e9 consiensa d\u00ebl valor coltural ch\u2019a l\u2019ha \u00ebl piemont\u00e8is, element carater\u00ecstich dle n\u00f2sse [\u2026] continua a leggere \u00bb","og_url":"https:\/\/giannidavico.it\/gopiedmont\/2010\/05\/13\/pare-nost-an-tera-santa\/","og_site_name":"Go Piedmont","article_published_time":"2010-05-13T13:44:47+00:00","article_modified_time":"2010-05-20T10:52:57+00:00","og_image":[{"url":"https:\/\/giannidavico.it\/gopiedmont\/files\/2010\/05\/Piemont2.jpg"}],"author":"giannidavico","twitter_card":"summary_large_image","twitter_misc":{"Scritto da":"giannidavico","Tempo di lettura stimato":"2 minuti"},"schema":{"@context":"https:\/\/schema.org","@graph":[{"@type":"WebPage","@id":"https:\/\/giannidavico.it\/gopiedmont\/2010\/05\/13\/pare-nost-an-tera-santa\/","url":"https:\/\/giannidavico.it\/gopiedmont\/2010\/05\/13\/pare-nost-an-tera-santa\/","name":"Pare N\u00f2st an T\u00e8ra Santa - Go Piedmont","isPartOf":{"@id":"https:\/\/giannidavico.it\/gopiedmont\/#website"},"datePublished":"2010-05-13T13:44:47+00:00","dateModified":"2010-05-20T10:52:57+00:00","author":{"@id":"https:\/\/giannidavico.it\/gopiedmont\/#\/schema\/person\/ea1fd17d8f2dba325f3712219efa8f77"},"inLanguage":"it-IT","potentialAction":[{"@type":"ReadAction","target":["https:\/\/giannidavico.it\/gopiedmont\/2010\/05\/13\/pare-nost-an-tera-santa\/"]}]},{"@type":"WebSite","@id":"https:\/\/giannidavico.it\/gopiedmont\/#website","url":"https:\/\/giannidavico.it\/gopiedmont\/","name":"Go Piedmont","description":"pens\u00e9 dzora l\u00ecber, event e p\u00ebrson-e grop\u00e0 al Piemont e a la lenga piemont\u00e8isa","potentialAction":[{"@type":"SearchAction","target":{"@type":"EntryPoint","urlTemplate":"https:\/\/giannidavico.it\/gopiedmont\/?s={search_term_string}"},"query-input":"required name=search_term_string"}],"inLanguage":"it-IT"},{"@type":"Person","@id":"https:\/\/giannidavico.it\/gopiedmont\/#\/schema\/person\/ea1fd17d8f2dba325f3712219efa8f77","name":"giannidavico","image":{"@type":"ImageObject","inLanguage":"it-IT","@id":"https:\/\/giannidavico.it\/gopiedmont\/#\/schema\/person\/image\/","url":"https:\/\/secure.gravatar.com\/avatar\/337748753d882602f3038b55fb369ba1?s=96&d=mm&r=g","contentUrl":"https:\/\/secure.gravatar.com\/avatar\/337748753d882602f3038b55fb369ba1?s=96&d=mm&r=g","caption":"giannidavico"},"url":"https:\/\/giannidavico.it\/gopiedmont\/author\/giannidavico\/"}]}},"_links":{"self":[{"href":"https:\/\/giannidavico.it\/gopiedmont\/wp-json\/wp\/v2\/posts\/246"}],"collection":[{"href":"https:\/\/giannidavico.it\/gopiedmont\/wp-json\/wp\/v2\/posts"}],"about":[{"href":"https:\/\/giannidavico.it\/gopiedmont\/wp-json\/wp\/v2\/types\/post"}],"author":[{"embeddable":true,"href":"https:\/\/giannidavico.it\/gopiedmont\/wp-json\/wp\/v2\/users\/4"}],"replies":[{"embeddable":true,"href":"https:\/\/giannidavico.it\/gopiedmont\/wp-json\/wp\/v2\/comments?post=246"}],"version-history":[{"count":16,"href":"https:\/\/giannidavico.it\/gopiedmont\/wp-json\/wp\/v2\/posts\/246\/revisions"}],"predecessor-version":[{"id":281,"href":"https:\/\/giannidavico.it\/gopiedmont\/wp-json\/wp\/v2\/posts\/246\/revisions\/281"}],"wp:attachment":[{"href":"https:\/\/giannidavico.it\/gopiedmont\/wp-json\/wp\/v2\/media?parent=246"}],"wp:term":[{"taxonomy":"category","embeddable":true,"href":"https:\/\/giannidavico.it\/gopiedmont\/wp-json\/wp\/v2\/categories?post=246"},{"taxonomy":"post_tag","embeddable":true,"href":"https:\/\/giannidavico.it\/gopiedmont\/wp-json\/wp\/v2\/tags?post=246"}],"curies":[{"name":"wp","href":"https:\/\/api.w.org\/{rel}","templated":true}]}}