{"id":2463,"date":"2014-10-15T06:00:08","date_gmt":"2014-10-15T05:00:08","guid":{"rendered":"https:\/\/giannidavico.it\/staging\/gopiedmont\/?p=2463"},"modified":"2015-09-24T10:10:30","modified_gmt":"2015-09-24T09:10:30","slug":"el-nom-a-fa-nen-la-lenga","status":"publish","type":"post","link":"https:\/\/giannidavico.it\/gopiedmont\/2014\/10\/15\/el-nom-a-fa-nen-la-lenga\/","title":{"rendered":"Pep Bru: \u00cbl n\u00f2m a f\u00e0 nen la lenga"},"content":{"rendered":"<p><a href=\"https:\/\/giannidavico.it\/gopiedmont\/files\/2014\/10\/Pep.jpg\"><img loading=\"lazy\" src=\"https:\/\/giannidavico.it\/gopiedmont\/files\/2014\/10\/Pep.jpg\" alt=\"Pep\" width=\"145\" height=\"181\" class=\"alignright size-full wp-image-2472\" \/><\/a><br \/>\n<a href=\"https:\/\/giannidavico.it\/gopiedmont\/2014\/10\/08\/escolo-de-sancto-lucio-de-coumboscuro-na-manera-per-giute-giutandse\/\" title=\"Escolo de Sancto Lucio de Coumboscuro \u2013 na manera p\u00ebr giut\u00e9 giutandse\">L&#8217;art\u00eccol dl&#8217;\u00e0utra sman-a ansima a j&#8217;ativit\u00e0 &#8216;d Coumboscuro<\/a> a l&#8217;ha dait l&#8217;andi a qu\u00e0ich coment bon ben anteressant da part \u00ebd <a href=\"http:\/\/elpetitespolit.blogspot.com.es\/\" title=\"Petit \u00e9s Polit\" target=\"_blank\">Pep Bru<\/a>. I l&#8217;hai ciamaje d&#8217;aprofond\u00ec l&#8217;argoment e chiel a l&#8217;\u00e9 st\u00e0it cos\u00ec gentil da scrive l&#8217;art\u00eccol ch&#8217;as treuva s\u00ec sota.<\/p>\n<p>Prima &#8216;d tut qu\u00e0ich par\u00f2la ansima a chiel:<\/p>\n<blockquote><p>Sono Pep Bru, catalano. Dopo un blog sui dialetti liguri, ne ho appena cominciato un altro dove tenter\u00f2 di parlare su pi\u00f9 lingue: <a href=\"http:\/\/elpetitespolit.blogspot.com.es\/\" title=\"Petit \u00e9s Polit\" target=\"_blank\">Petit \u00e9s Polit<\/a>. Sono entrato in contatto coi &#8220;dialetti&#8221; italiani nel corso di un soggiorno di un anno a Parma. L\u00ec ho avuto il piacere di conoscere le lingue emiliana, veneta, ligure&#8230; anche un po&#8217; di piemontese (ma a dire il vero il piemontese ho cominciato a conoscerlo veramente solo quando sono ritornato da me, grazie a siti come quello di Gianni Davico). Ho pure ascoltato e apprezzato la bellezza dei dialetti del Sud e centro Italia, ma mi risultano pi\u00f9 ostici (per dirla chiaramente: faccio fatica a capirli).<\/p><\/blockquote>\n<p>Ambeless\u00ec sota l&#8217;art\u00eccol complet. Con tante, tante e ancor tante grassie a Pep p\u00ebr av\u00e8j truv\u00e0 \u00ebl temp d\u00eb scrivlo. La speransa, naturalment, a l&#8217;\u00e9 che quaidun d&#8217;\u00e0ut a veuja d\u00ec la soa; o, p\u00ebr dila con Nelo Risi:<\/p>\n<blockquote><p>Vorrei solo che dall&#8217;urto<br \/>\nnascesse una pi\u00f9 energica morale.<\/p><\/blockquote>\n<p>La par\u00f2la a Pep.<\/p>\n<p>&#8212;<\/p>\n<p>Premessa: non vorrei che nessuno pensasse &#8220;<em>di che si impiccia questo qua?<\/em>&#8221;\u00a0Le lingue d\u00b4oc sono state studiate da tanti specialisti, e migliaia di pagine sono state scritte (e si scrivono ancora) su di esse; quindi il mio commento non pu\u00f2 non essere niente altro che insignificante&#8230;\u00a0Questo \u00e8 solo un piccolo apporto per\u00a0la pagina di un blogger che ama la sua lingua e che abita in una delle regioni con maggiore diversit\u00e0 linguistica in Europa. E parla di un&#8217;associazione formata da gente che condivide questa voglia di salvaguardare la loro cultura. Il\u00a0disaccordo, se c&#8217;\u00e8, \u00e8 sempre benvenuto fra coloro che amano le lingue.<\/p>\n<p>La\/e lingua\/e d&#8217;oc occupano un vasto territorio, dall&#8217;Atlantico fino alle Alpi.\u00a0Dante non \u00e8 stato il primo a definire la lingua dal fatto che essa usi la particella affermativa \u00f2c, ma la sua testimonianza \u00e8 la pi\u00f9 famosa (per un resoconto delle denominazioni storiche vedi\u00a0<a href=\"http:\/\/hal.archives-ouvertes.fr\/docs\/00\/99\/02\/05\/PDF\/Sauzet_Lyon_novembre_2011_.pdf\" title=\"Occitan : de l\u2019importance d\u2019\u00eatre une langue\" target=\"_blank\">questo articolo<\/a>).\u00a0Tuttavia non c&#8217;\u00e8 unanimit\u00e0 sulla tesi che l&#8217;occitano sia una sola lingua: ad esempio il guascone, sul versante atlantico e i Pirenei, era visto sul resto del territorio gi\u00e0 nel medioevo come un &#8220;lengatge estranh&#8221; (vedi gli articoli di Jean Lafitte\u00a0su questa <a href=\"http:\/\/domaine-gascon.wifeo.com\/archives.php\" title=\"Jean Lafitte\" target=\"_blank\">pagina<\/a>).\u00a0Quello che rende diverso il guascone \u00e8 la forte influenza del sostrato basco o pre-basco.<\/p>\n<p>L&#8217;unit\u00e0 della lingua \u00e8 rifiutata anche da <a href=\"http:\/\/auvergnelangueciv.pagesperso-orange.fr\/\" title=\"Cercle Terre d'Auvergne\" target=\"_blank\">qualche collettivo<\/a> dell&#8217;<a href=\"http:\/\/it.wikipedia.org\/wiki\/Alvernia\" title=\"Alvernia\" target=\"_blank\">Alvernia<\/a>, dal <a href=\"http:\/\/fr.wikipedia.org\/wiki\/Collectif_Prouv%C3%A8n%C3%A7o\" title=\"Collectif Prouv\u00e8n\u00e7o\" target=\"_blank\">Collectif Prouven\u00e7o<\/a> della Provenza, perfino da qualche associazione di zone dove tradizionalmente si \u00e8 considerato fosse parlato il <a href=\"http:\/\/it.wikipedia.org\/wiki\/Dialetto_linguadociano\" title=\"Dialetto linguadociano\" target=\"_blank\">linguadociano<\/a>, cio\u00e8 la variet\u00e0 pi\u00f9 vicina alla lingua medievale. Queste associazioni non si sentono quindi rappresentate dal nome &#8220;occitano&#8221;.<\/p>\n<p>Anche il collettivo piemontese\u00a0<a href=\"http:\/\/www.coumboscuro.org\/\" title=\"Coumboscuro\" target=\"_blank\">coumboscuro.org<\/a>\u00a0considera che ci siano\u00a0<a href=\"http:\/\/www.coumboscuro.org\/civilta_provenzale_alpina\/territorio\/index.php\" title=\"Il Territorio\" target=\"_blank\">parecchie lingue d&#8217;oc<\/a>\u00a0(del resto lo stretto rapporto fra queste lingue\/variet\u00e0 non \u00e8 negato da nessuno), e quella che \u00e8 parlata nelle Alpi piemontesi viene chiamata da loro col nome che\u00a0fino al secolo XX\u00a0era stato usato comunemente per designare tutto l&#8217;insieme, e che in senso stretto designa la variet\u00e0 della Provenza, &#8220;provenzale&#8221;:<\/p>\n<blockquote><p>Da sempre la lingua attribuita ai trovatori medioevali (sec. XI\u00b0 &#8211; XIII\u00b0)\u00a0\u00e8 il provenzale. [&#8230;]<br \/>\nIn Francia, la lingua parlata nella Regione &#8220;Provence &#8211; Alpes &#8211; C\u00f4te d&#8217;Azur&#8221; dal Rodano alle Alpi, \u00e8 il provenzale.<br \/>\nIn Italia il territorio alpino, confinante con la Regione Provenza, compreso tra le Valli Monregalesi (prov. di Cuneo) e l&#8217; Alta Valle Susa (prov. di Torino), appartiene all&#8217;area linguistica provenzale alpina.<\/p><\/blockquote>\n<p>Sull\u00b4occitanismo\u00a0<a href=\"http:\/\/www.coumboscuro.org\/civilta_provenzale_alpina\/provenzali_e_occitani\/index.php\" title=\"Provenzali e Occitani, Due Pensieri Opposti\" target=\"_blank\">dicono<\/a>:<\/p>\n<blockquote><p>Provenzali e occitani, due pensieri opposti [&#8230;] Il contrasto tra i provenzali (che chiedono il rispetto delle lingue locali sotto il profilo di un pensiero umanista e pluralista) e i promotori dell&#8217;Occitania (Nazione) e dell&#8217;occitano (lingua normalizzata) \u00e8 pubblico.<\/p><\/blockquote>\n<p>Il rifiuto dell&#8217;occitanismo comporta anche (ed \u00e8 in gran parte dovuto a) la negazione della validit\u00e0 attuale della grafia classica su cui si basa quella occitana odierna. Secondo questo collettivo, e anche secondo quelli cui abbiamo accennato prima, la sola grafia che sia in grado di riflettere la variet\u00e0 dialettale \u00e8 quella\u00a0<a href=\"http:\/\/it.wikipedia.org\/wiki\/Norma_mistraliana\" title=\"Norma mistraliana\" target=\"_blank\">mistraliana<\/a>.<\/p>\n<p>Particolarmente chi scrive queste righe preferisce una grafia etimologica in &#8220;o&#8221;: quella in cui il suono &#8220;u&#8221; viene scritto &#8220;o&#8221; e il suono &#8220;\u00fc&#8221; viene reso da &#8220;u&#8221; (e la &#8220;a&#8221; atona si pronuncia &#8220;o&#8221;). Ed in questo modo rimane &#8220;unificato&#8221; il continuum catalano\/occitano-piemontese-ligure. (Ma c&#8217;\u00e8 anche un acceso dibattito intorno alla grafia delle variet\u00e0 liguri. Infatti quello della grafia \u00e8 l&#8217;eterno problema delle lingue minoritarie\/minorizzate; anche nel caso delle parlate piemontesi. Su questo blog, ad esempio, c&#8217;\u00e8 stata qualche tempo fa\u00a0<a href=\"https:\/\/giannidavico.it\/gopiedmont\/2011\/11\/09\/rescontr-ed-versej-%E2%80%93-mia-ideja\/\" title=\"R\u00ebscontr \u00ebd V\u00ebrsej \u2013 mia id\u00e8ja\">questa interessante conversazione<\/a>\u00a0fra Gianni Davico ed\u00a0Enric Eandi.)<br \/>\n<div id=\"attachment_2477\" style=\"width: 310px\" class=\"wp-caption alignleft\"><a href=\"https:\/\/giannidavico.it\/gopiedmont\/files\/2014\/10\/dialects.png\"><img aria-describedby=\"caption-attachment-2477\" loading=\"lazy\" src=\"https:\/\/giannidavico.it\/gopiedmont\/files\/2014\/10\/dialects-300x226.png\" alt=\"La\/e lingua\/e d\u00b4oc. A sinistra il guascone. Nella Catalogna la variet\u00e0 guascona, chiamata aranese, \u00e8 assieme al catalano e al castigliano lingua ufficiale - http:\/\/upload.wikimedia.org\/wikipedia\/commons\/thumb\/2\/27\/Occitan-Dialects.PNG\/350px-Occitan-Dialects.PNG \" width=\"300\" height=\"226\" class=\"size-medium wp-image-2477\" srcset=\"https:\/\/giannidavico.it\/gopiedmont\/files\/2014\/10\/dialects-300x226.png 300w, https:\/\/giannidavico.it\/gopiedmont\/files\/2014\/10\/dialects.png 350w\" sizes=\"(max-width: 300px) 100vw, 300px\" \/><\/a><p id=\"caption-attachment-2477\" class=\"wp-caption-text\">La\/e lingua\/e d\u00b4oc. A sinistra il guascone. Nella Catalogna la variet\u00e0 guascona, chiamata aranese, \u00e8 assieme al catalano e al castigliano lingua ufficiale &#8211; http:\/\/upload.wikimedia.org\/wikipedia\/commons\/thumb\/2\/27\/Occitan-Dialects.PNG\/350px-Occitan-Dialects.PNG<\/p><\/div><br \/>\nMa questa \u00e8 solo una opinione personale; il fatto \u00e8 che qualunque grafia si scelga, &#8220;mistraliana\/francesizzante&#8221; o &#8220;classica&#8221;, nessuna si adatta perfettamente alle lingue delle vallate. La prima, ad esempio,\u00a0serve soprattutto per il provenzale di una parte della Provenza. Perfino\u00a0uno studioso poco sospetto di panoccitanismo come Werner Forner\u00a0ha scritto:<\/p>\n<blockquote><p>Elle [la grafia classica] s\u2019oppose par l\u00e0 \u00e0 la graphie mistralienne, p.ex., qui refl\u00e8te assez bien le phon\u00e9tisme de la variante rhodanienne, mais rien que celle-l\u00e0.\u00a0<\/p><\/blockquote>\n<p>Per questo motivo, i membri di Coumboscuro usano una\u00a0<a href=\"http:\/\/it.wikipedia.org\/wiki\/Norma_dell%27Esc%C3%B2la_dau_P%C3%B2\" title=\"Norma dell'Esc\u00f2la dau P\u00f2\" target=\"_blank\">grafia mistraliana modificata<\/a>. \u00c8 questo il punto che va sottolineato: la grafia deve essere diversa da quella mistraliana perch\u00e9 diversa \u00e8 la variet\u00e0; e\u00a0secondo i linguisti la variet\u00e0 parlata nelle vallate (e anche in diverse zone del Sud-Est francese) \u00e8\u00a0il\u00a0<a href=\"http:\/\/it.wikipedia.org\/wiki\/Dialetto_vivaro-alpino\" title=\"Dialetto vivaro-alpino\" target=\"_blank\">vivaro alpino o gavot<\/a>.\u00a0<a href=\"http:\/\/pms.wikipedia.org\/wiki\/Vivaro-alpin\" title=\"Vivaro-alpin\" target=\"_blank\">Ecco cosa ne dice la Wikipedia piemont\u00e8isa<\/a>:<\/p>\n<blockquote><p>A l&#8217;\u00e9 parl\u00e0 &#8216;nt \u00ebl N\u00f2rd \u00ebd la region\u00a0Provensa-Alp-C\u00f2sta Asura, ant \u00ebl Sud \u00ebd la region\u00a0R\u00f2no-Alp, ant un cit canton \u00ebd la region\u00a0Alvergna, ant le\u00a0Valade Ossitan-e\u00a0d\u00ebl\u00a0Piemont\u00a0e &#8216;nt la comun-a &#8216;d\u00a0Guardia Piemontese\u00a0an\u00a0Calabria.<\/p><\/blockquote>\n<p>Chiunque abbia sentito parlare in provenzale ed in vivaro alpino sa che sono veramente parlate diverse. Come sono diverse le variet\u00e0 dei\u00a0<a href=\"https:\/\/www.youtube.com\/watch?v=0Q9SygeC4bs&#038;list=RD0Q9SygeC4bs#t=23\" title=\"massilia sound system - toujours\" target=\"_blank\">Massilia Sound System<\/a>\u00a0(gruppo marsigliese) e quella dei\u00a0<a href=\"https:\/\/www.youtube.com\/watch?v=YJMOVC1hIjk\" title=\"Gai Saber - La dan\u00e7arem pus - Roma Fori Imperiali\" target=\"_blank\">Gai Saber<\/a>\u00a0o dei\u00a0<a href=\"https:\/\/www.youtube.com\/watch?v=uxwc9QHQQWA\" title=\"Compagnons Roulants La Belo Janetoun\" target=\"_blank\">Compagnons Roulants<\/a>\u00a0(gruppi piemontesi).<\/p>\n<p>Due fra i migliori specialisti in gavot sono\u00a0<a href=\"http:\/\/w3.erss.univ-tlse2.fr:8080\/index.jsp?perso=sibille&#038;subURL=\" title=\"Jean Sibille\" target=\"_blank\">Jean Sibille<\/a>\u00a0e\u00a0Lauren\u00e7 Rev\u00e8st. Riportiamo qui un brano di\u00a0un <a href=\"http:\/\/opinion.jornalet.com\/laurenc-revest\/blog\/198\/las-regions-occitanas-gavotina-concept-geografic-de-la-realitat-linguistica-occitana-vivar\" title=\"Lauren\u00e7 Rev\u00e8st\" target=\"_blank\">articolo<\/a> di Rev\u00e8st:<\/p>\n<blockquote><p>D\u2019autres nian aquela realitat [la realitat della regione linguistica vivaro-alpina] [&#8230;]\u00a0en enclaure aquel airal coma un tr\u00f2\u00e7 especial d\u2019una autra entitat, una part de Proven\u00e7a la m\u00e0ger part. D\u2019aic\u00ed los t\u00e8rmes confusionistas possibles de \u201cproven\u00e7al alpenc\u201d \u00f2 \u201cn\u00f2rd proven\u00e7al\u201d, \u201cproven\u00e7al gav\u00f2t\u201d. Mas trobam pari\u00e8r lo t\u00e8rme de \u201cni\u00e7ard interior\u201d, \u201cni\u00e7ard montanh\u00f2l\u201d.<\/p><\/blockquote>\n<p><div id=\"attachment_2468\" style=\"width: 310px\" class=\"wp-caption alignright\"><a href=\"https:\/\/giannidavico.it\/gopiedmont\/files\/2014\/10\/Gavot.jpg\"><img aria-describedby=\"caption-attachment-2468\" loading=\"lazy\" src=\"https:\/\/giannidavico.it\/gopiedmont\/files\/2014\/10\/Gavot-300x275.jpg\" alt=\"mappa per cortesia di\u00a0Lauren\u00e7 Revest (http:\/\/ccocpaisnissart.chez-alice.fr\/ccocpn\/lengadoc.htm)\" width=\"300\" height=\"275\" class=\"size-medium wp-image-2468\" srcset=\"https:\/\/giannidavico.it\/gopiedmont\/files\/2014\/10\/Gavot-300x275.jpg 300w, https:\/\/giannidavico.it\/gopiedmont\/files\/2014\/10\/Gavot.jpg 511w\" sizes=\"(max-width: 300px) 100vw, 300px\" \/><\/a><p id=\"caption-attachment-2468\" class=\"wp-caption-text\">mappa per cortesia di\u00a0Lauren\u00e7 Revest (http:\/\/ccocpaisnissart.chez-alice.fr\/ccocpn\/lengadoc.htm)<\/p><\/div><br \/>\nForse a\u00a0Coumboscuro rimangono attaccati alla denominazione &#8220;provenzale&#8221; per una questione di prestigio o di tradizione (e invece alle volte sono gli occitanisti ad essere accusati di essere troppo &#8220;romantici&#8221;), o forse non vogliono accettare una classificazione che riceve la benedizione degli occitanisti, ma comunque sia si\u00a0d\u00e0 il paradosso che sono proprio gli occitanisti (o alcuni fra di loro) a difendere la reale specificit\u00e0 e originalit\u00e0 della lingua delle vallate (e delle altre parlate vivaro-alpine) nei confronti del provenzale.<\/p>\n<p>A modo di conclusione: il nostro rispetto per l&#8217;associazione\u00a0Coumboscuro \u00e8 massimo, ma riteniamo un po&#8217; ingiusta la loro affermazione riguardo l&#8217;opposizione provenzali\/occitani. E crediamo che anche nella difesa della diversit\u00e0 \u00e8 buono che ci sia&#8230; diversit\u00e0.<\/p>\n","protected":false},"excerpt":{"rendered":"<p><a href=\"https:\/\/giannidavico.it\/gopiedmont\/files\/2014\/10\/Pep.jpg\"><img loading=\"lazy\" src=\"https:\/\/giannidavico.it\/gopiedmont\/files\/2014\/10\/Pep.jpg\" alt=\"Pep\" width=\"145\" height=\"181\" class=\"alignright size-full wp-image-2472\" \/><\/a><br \/> <a href=\"https:\/\/giannidavico.it\/gopiedmont\/2014\/10\/08\/escolo-de-sancto-lucio-de-coumboscuro-na-manera-per-giute-giutandse\/\" title=\"Escolo de Sancto Lucio de Coumboscuro \u2013 na manera p\u00ebr giut\u00e9 giutandse\">L&#8217;art\u00eccol dl&#8217;\u00e0utra sman-a ansima a j&#8217;ativit\u00e0 &#8216;d Coumboscuro<\/a> a l&#8217;ha dait l&#8217;andi a qu\u00e0ich coment bon ben anteressant da part \u00ebd <a href=\"http:\/\/elpetitespolit.blogspot.com.es\/\" title=\"Petit \u00e9s Polit\" target=\"_blank\">Pep Bru<\/a>. I l&#8217;hai ciamaje d&#8217;aprofond\u00ec l&#8217;argoment e chiel a l&#8217;\u00e9 st\u00e0it cos\u00ec gentil da scrive l&#8217;art\u00eccol ch&#8217;as treuva s\u00ec sota.<\/p>\n<p>Prima &#8216;d tut qu\u00e0ich par\u00f2la ansima a chiel:<\/p>\n<p>Sono Pep Bru, catalano. Dopo un blog sui dialetti liguri, ne ho appena cominciato un altro dove tenter\u00f2 di parlare su pi\u00f9 lingue: <a href=\"http:\/\/elpetitespolit.blogspot.com.es\/\" title=\"Petit \u00e9s Polit\" target=\"_blank\">Petit \u00e9s Polit<\/a>. Sono entrato in contatto coi &#8220;dialetti&#8221; italiani nel corso di un soggiorno di un anno a Parma. L\u00ec ho avuto il piacere di conoscere le lingue emiliana, veneta, ligure&#8230; anche un po&#8217; di piemontese (ma a dire il vero il piemontese ho cominciato a conoscerlo veramente solo quando sono ritornato da me, grazie a siti come quello di Gianni Davico). Ho pure ascoltato e apprezzato la bellezza dei dialetti del Sud e centro Italia, ma mi risultano pi\u00f9 ostici (per dirla chiaramente: faccio fatica a capirli).<\/p>\n<p>Ambeless\u00ec sota l&#8217;art\u00eccol [\u2026] <a class=\"moretag\" href=\"https:\/\/giannidavico.it\/gopiedmont\/2014\/10\/15\/el-nom-a-fa-nen-la-lenga\/\">continua a leggere \u00bb<\/a><\/p>\n","protected":false},"author":4,"featured_media":0,"comment_status":"open","ping_status":"open","sticky":false,"template":"","format":"standard","meta":[],"categories":[130],"tags":[107,3606],"yoast_head":"<!-- This site is optimized with the Yoast SEO plugin v19.14 - https:\/\/yoast.com\/wordpress\/plugins\/seo\/ -->\n<title>Pep Bru: \u00cbl n\u00f2m a f\u00e0 nen la lenga - Go Piedmont<\/title>\n<meta name=\"robots\" content=\"index, follow, max-snippet:-1, max-image-preview:large, max-video-preview:-1\" \/>\n<link rel=\"canonical\" href=\"https:\/\/giannidavico.it\/gopiedmont\/2014\/10\/15\/el-nom-a-fa-nen-la-lenga\/\" \/>\n<meta property=\"og:locale\" content=\"it_IT\" \/>\n<meta property=\"og:type\" content=\"article\" \/>\n<meta property=\"og:title\" content=\"Pep Bru: \u00cbl n\u00f2m a f\u00e0 nen la lenga - Go Piedmont\" \/>\n<meta property=\"og:description\" content=\"L&#8217;art\u00eccol dl&#8217;\u00e0utra sman-a ansima a j&#8217;ativit\u00e0 &#8216;d Coumboscuro a l&#8217;ha dait l&#8217;andi a qu\u00e0ich coment bon ben anteressant da part \u00ebd Pep Bru. I l&#8217;hai ciamaje d&#8217;aprofond\u00ec l&#8217;argoment e chiel a l&#8217;\u00e9 st\u00e0it cos\u00ec gentil da scrive l&#8217;art\u00eccol ch&#8217;as treuva s\u00ec sota. Prima &#8216;d tut qu\u00e0ich par\u00f2la ansima a chiel: Sono Pep Bru, catalano. Dopo un blog sui dialetti liguri, ne ho appena cominciato un altro dove tenter\u00f2 di parlare su pi\u00f9 lingue: Petit \u00e9s Polit. Sono entrato in contatto coi &#8220;dialetti&#8221; italiani nel corso di un soggiorno di un anno a Parma. L\u00ec ho avuto il piacere di conoscere le lingue emiliana, veneta, ligure&#8230; anche un po&#8217; di piemontese (ma a dire il vero il piemontese ho cominciato a conoscerlo veramente solo quando sono ritornato da me, grazie a siti come quello di Gianni Davico). Ho pure ascoltato e apprezzato la bellezza dei dialetti del Sud e centro Italia, ma mi risultano pi\u00f9 ostici (per dirla chiaramente: faccio fatica a capirli). Ambeless\u00ec sota l&#8217;art\u00eccol [\u2026] continua a leggere \u00bb\" \/>\n<meta property=\"og:url\" content=\"https:\/\/giannidavico.it\/gopiedmont\/2014\/10\/15\/el-nom-a-fa-nen-la-lenga\/\" \/>\n<meta property=\"og:site_name\" content=\"Go Piedmont\" \/>\n<meta property=\"article:published_time\" content=\"2014-10-15T05:00:08+00:00\" \/>\n<meta property=\"article:modified_time\" content=\"2015-09-24T09:10:30+00:00\" \/>\n<meta property=\"og:image\" content=\"https:\/\/giannidavico.it\/gopiedmont\/files\/2014\/10\/Pep.jpg\" \/>\n<meta name=\"author\" content=\"giannidavico\" \/>\n<meta name=\"twitter:card\" content=\"summary_large_image\" \/>\n<meta name=\"twitter:label1\" content=\"Scritto da\" \/>\n\t<meta name=\"twitter:data1\" content=\"giannidavico\" \/>\n\t<meta name=\"twitter:label2\" content=\"Tempo di lettura stimato\" \/>\n\t<meta name=\"twitter:data2\" content=\"6 minuti\" \/>\n<script type=\"application\/ld+json\" class=\"yoast-schema-graph\">{\"@context\":\"https:\/\/schema.org\",\"@graph\":[{\"@type\":\"WebPage\",\"@id\":\"https:\/\/giannidavico.it\/gopiedmont\/2014\/10\/15\/el-nom-a-fa-nen-la-lenga\/\",\"url\":\"https:\/\/giannidavico.it\/gopiedmont\/2014\/10\/15\/el-nom-a-fa-nen-la-lenga\/\",\"name\":\"Pep Bru: \u00cbl n\u00f2m a f\u00e0 nen la lenga - Go Piedmont\",\"isPartOf\":{\"@id\":\"https:\/\/giannidavico.it\/gopiedmont\/#website\"},\"datePublished\":\"2014-10-15T05:00:08+00:00\",\"dateModified\":\"2015-09-24T09:10:30+00:00\",\"author\":{\"@id\":\"https:\/\/giannidavico.it\/gopiedmont\/#\/schema\/person\/ea1fd17d8f2dba325f3712219efa8f77\"},\"inLanguage\":\"it-IT\",\"potentialAction\":[{\"@type\":\"ReadAction\",\"target\":[\"https:\/\/giannidavico.it\/gopiedmont\/2014\/10\/15\/el-nom-a-fa-nen-la-lenga\/\"]}]},{\"@type\":\"WebSite\",\"@id\":\"https:\/\/giannidavico.it\/gopiedmont\/#website\",\"url\":\"https:\/\/giannidavico.it\/gopiedmont\/\",\"name\":\"Go Piedmont\",\"description\":\"pens\u00e9 dzora l\u00ecber, event e p\u00ebrson-e grop\u00e0 al Piemont e a la lenga piemont\u00e8isa\",\"potentialAction\":[{\"@type\":\"SearchAction\",\"target\":{\"@type\":\"EntryPoint\",\"urlTemplate\":\"https:\/\/giannidavico.it\/gopiedmont\/?s={search_term_string}\"},\"query-input\":\"required name=search_term_string\"}],\"inLanguage\":\"it-IT\"},{\"@type\":\"Person\",\"@id\":\"https:\/\/giannidavico.it\/gopiedmont\/#\/schema\/person\/ea1fd17d8f2dba325f3712219efa8f77\",\"name\":\"giannidavico\",\"image\":{\"@type\":\"ImageObject\",\"inLanguage\":\"it-IT\",\"@id\":\"https:\/\/giannidavico.it\/gopiedmont\/#\/schema\/person\/image\/\",\"url\":\"https:\/\/secure.gravatar.com\/avatar\/337748753d882602f3038b55fb369ba1?s=96&d=mm&r=g\",\"contentUrl\":\"https:\/\/secure.gravatar.com\/avatar\/337748753d882602f3038b55fb369ba1?s=96&d=mm&r=g\",\"caption\":\"giannidavico\"},\"url\":\"https:\/\/giannidavico.it\/gopiedmont\/author\/giannidavico\/\"}]}<\/script>\n<!-- \/ Yoast SEO plugin. -->","yoast_head_json":{"title":"Pep Bru: \u00cbl n\u00f2m a f\u00e0 nen la lenga - Go Piedmont","robots":{"index":"index","follow":"follow","max-snippet":"max-snippet:-1","max-image-preview":"max-image-preview:large","max-video-preview":"max-video-preview:-1"},"canonical":"https:\/\/giannidavico.it\/gopiedmont\/2014\/10\/15\/el-nom-a-fa-nen-la-lenga\/","og_locale":"it_IT","og_type":"article","og_title":"Pep Bru: \u00cbl n\u00f2m a f\u00e0 nen la lenga - Go Piedmont","og_description":"L&#8217;art\u00eccol dl&#8217;\u00e0utra sman-a ansima a j&#8217;ativit\u00e0 &#8216;d Coumboscuro a l&#8217;ha dait l&#8217;andi a qu\u00e0ich coment bon ben anteressant da part \u00ebd Pep Bru. I l&#8217;hai ciamaje d&#8217;aprofond\u00ec l&#8217;argoment e chiel a l&#8217;\u00e9 st\u00e0it cos\u00ec gentil da scrive l&#8217;art\u00eccol ch&#8217;as treuva s\u00ec sota. Prima &#8216;d tut qu\u00e0ich par\u00f2la ansima a chiel: Sono Pep Bru, catalano. Dopo un blog sui dialetti liguri, ne ho appena cominciato un altro dove tenter\u00f2 di parlare su pi\u00f9 lingue: Petit \u00e9s Polit. Sono entrato in contatto coi &#8220;dialetti&#8221; italiani nel corso di un soggiorno di un anno a Parma. L\u00ec ho avuto il piacere di conoscere le lingue emiliana, veneta, ligure&#8230; anche un po&#8217; di piemontese (ma a dire il vero il piemontese ho cominciato a conoscerlo veramente solo quando sono ritornato da me, grazie a siti come quello di Gianni Davico). Ho pure ascoltato e apprezzato la bellezza dei dialetti del Sud e centro Italia, ma mi risultano pi\u00f9 ostici (per dirla chiaramente: faccio fatica a capirli). Ambeless\u00ec sota l&#8217;art\u00eccol [\u2026] continua a leggere \u00bb","og_url":"https:\/\/giannidavico.it\/gopiedmont\/2014\/10\/15\/el-nom-a-fa-nen-la-lenga\/","og_site_name":"Go Piedmont","article_published_time":"2014-10-15T05:00:08+00:00","article_modified_time":"2015-09-24T09:10:30+00:00","og_image":[{"url":"https:\/\/giannidavico.it\/gopiedmont\/files\/2014\/10\/Pep.jpg"}],"author":"giannidavico","twitter_card":"summary_large_image","twitter_misc":{"Scritto da":"giannidavico","Tempo di lettura stimato":"6 minuti"},"schema":{"@context":"https:\/\/schema.org","@graph":[{"@type":"WebPage","@id":"https:\/\/giannidavico.it\/gopiedmont\/2014\/10\/15\/el-nom-a-fa-nen-la-lenga\/","url":"https:\/\/giannidavico.it\/gopiedmont\/2014\/10\/15\/el-nom-a-fa-nen-la-lenga\/","name":"Pep Bru: \u00cbl n\u00f2m a f\u00e0 nen la lenga - Go Piedmont","isPartOf":{"@id":"https:\/\/giannidavico.it\/gopiedmont\/#website"},"datePublished":"2014-10-15T05:00:08+00:00","dateModified":"2015-09-24T09:10:30+00:00","author":{"@id":"https:\/\/giannidavico.it\/gopiedmont\/#\/schema\/person\/ea1fd17d8f2dba325f3712219efa8f77"},"inLanguage":"it-IT","potentialAction":[{"@type":"ReadAction","target":["https:\/\/giannidavico.it\/gopiedmont\/2014\/10\/15\/el-nom-a-fa-nen-la-lenga\/"]}]},{"@type":"WebSite","@id":"https:\/\/giannidavico.it\/gopiedmont\/#website","url":"https:\/\/giannidavico.it\/gopiedmont\/","name":"Go Piedmont","description":"pens\u00e9 dzora l\u00ecber, event e p\u00ebrson-e grop\u00e0 al Piemont e a la lenga piemont\u00e8isa","potentialAction":[{"@type":"SearchAction","target":{"@type":"EntryPoint","urlTemplate":"https:\/\/giannidavico.it\/gopiedmont\/?s={search_term_string}"},"query-input":"required name=search_term_string"}],"inLanguage":"it-IT"},{"@type":"Person","@id":"https:\/\/giannidavico.it\/gopiedmont\/#\/schema\/person\/ea1fd17d8f2dba325f3712219efa8f77","name":"giannidavico","image":{"@type":"ImageObject","inLanguage":"it-IT","@id":"https:\/\/giannidavico.it\/gopiedmont\/#\/schema\/person\/image\/","url":"https:\/\/secure.gravatar.com\/avatar\/337748753d882602f3038b55fb369ba1?s=96&d=mm&r=g","contentUrl":"https:\/\/secure.gravatar.com\/avatar\/337748753d882602f3038b55fb369ba1?s=96&d=mm&r=g","caption":"giannidavico"},"url":"https:\/\/giannidavico.it\/gopiedmont\/author\/giannidavico\/"}]}},"_links":{"self":[{"href":"https:\/\/giannidavico.it\/gopiedmont\/wp-json\/wp\/v2\/posts\/2463"}],"collection":[{"href":"https:\/\/giannidavico.it\/gopiedmont\/wp-json\/wp\/v2\/posts"}],"about":[{"href":"https:\/\/giannidavico.it\/gopiedmont\/wp-json\/wp\/v2\/types\/post"}],"author":[{"embeddable":true,"href":"https:\/\/giannidavico.it\/gopiedmont\/wp-json\/wp\/v2\/users\/4"}],"replies":[{"embeddable":true,"href":"https:\/\/giannidavico.it\/gopiedmont\/wp-json\/wp\/v2\/comments?post=2463"}],"version-history":[{"count":14,"href":"https:\/\/giannidavico.it\/gopiedmont\/wp-json\/wp\/v2\/posts\/2463\/revisions"}],"predecessor-version":[{"id":3139,"href":"https:\/\/giannidavico.it\/gopiedmont\/wp-json\/wp\/v2\/posts\/2463\/revisions\/3139"}],"wp:attachment":[{"href":"https:\/\/giannidavico.it\/gopiedmont\/wp-json\/wp\/v2\/media?parent=2463"}],"wp:term":[{"taxonomy":"category","embeddable":true,"href":"https:\/\/giannidavico.it\/gopiedmont\/wp-json\/wp\/v2\/categories?post=2463"},{"taxonomy":"post_tag","embeddable":true,"href":"https:\/\/giannidavico.it\/gopiedmont\/wp-json\/wp\/v2\/tags?post=2463"}],"curies":[{"name":"wp","href":"https:\/\/api.w.org\/{rel}","templated":true}]}}