{"id":2484,"date":"2014-10-29T06:00:42","date_gmt":"2014-10-29T05:00:42","guid":{"rendered":"https:\/\/giannidavico.it\/staging\/gopiedmont\/?p=2484"},"modified":"2014-10-29T08:09:41","modified_gmt":"2014-10-29T07:09:41","slug":"montagna-viva","status":"publish","type":"post","link":"https:\/\/giannidavico.it\/gopiedmont\/2014\/10\/29\/montagna-viva\/","title":{"rendered":"Montagna viva"},"content":{"rendered":"<p><a href=\"https:\/\/giannidavico.it\/gopiedmont\/files\/2014\/10\/Valgrana.jpg\"><img loading=\"lazy\" src=\"https:\/\/giannidavico.it\/gopiedmont\/files\/2014\/10\/Valgrana-300x225.jpg\" alt=\"VLUU L110  \/ Samsung L110\" width=\"300\" height=\"225\" class=\"alignright size-medium wp-image-2485\" srcset=\"https:\/\/giannidavico.it\/gopiedmont\/files\/2014\/10\/Valgrana-300x225.jpg 300w, https:\/\/giannidavico.it\/gopiedmont\/files\/2014\/10\/Valgrana.jpg 1024w\" sizes=\"(max-width: 300px) 100vw, 300px\" \/><\/a><br \/>\nDoe sman-e f\u00e0 Pep Bru a l&#8217;av\u00eca public\u00e0 <a href=\"https:\/\/giannidavico.it\/gopiedmont\/2014\/10\/15\/el-nom-a-fa-nen-la-lenga\/\" title=\"Pep Bru: \u00cbl n\u00f2m a f\u00e0 nen la lenga\">ambeless\u00ec<\/a> &#8216;d soe considerassion an sla diferensa an tra ossitan e provensal. I l&#8217;hai ciamaje a Mauro Arneodo, diretor dl&#8217;<a href=\"http:\/\/www.coumboscuro.org\/escolo\/\" title=\"L'Escolo di Sancto Luc\u00eco de Coumboscuro\" target=\"_blank\">Escolo<\/a> dont i l&#8217;hai parl\u00e0 <a href=\"https:\/\/giannidavico.it\/gopiedmont\/2014\/10\/08\/escolo-de-sancto-lucio-de-coumboscuro-na-manera-per-giute-giutandse\/\" title=\"Escolo de Sancto Lucio de Coumboscuro \u2013 na manera p\u00ebr giut\u00e9 giutandse\">s\u00ec<\/a>, s&#8217;a-i fas\u00eca pias\u00ec d\u00ec doe par\u00f2le an sl&#8217;argoment.<\/p>\n<p>Chiel a l&#8217;ha nen vors\u00f9 felo, ma a l&#8217;ha spiegame p\u00ebrch\u00e8. E d\u00e0it che soe par\u00f2le a l&#8217;han riportame s\u00f9bit, come na proustian-a <em>madeleine<\/em>, a la realt\u00e0 ch&#8217;i vegh minca vira ch&#8217;i vad a la Piata, i pens ch&#8217;a sia interessant e util, con s\u00f2 p\u00ebrmess, riporteje.<\/p>\n<blockquote><p>Non ho fatto l&#8217;intervento sul tuo blog per due motivi.<\/p>\n<p>Primo perch\u00e9 queste sono semplici disquisizioni da salotto mentre <strong>quass\u00f9 si muore giorno dopo giorno, ed \u00e8 difficile ogni mese trovare le coperture per continuare<\/strong>.<\/p>\n<p>Secondo: per me provenzale richiama la terra dove sono emigrati i miei antenati per secoli, mentre occitano, oltre a assomigliare a padano, arpitano o altre invenzioni simili, mi ricorda il fondatore del Partito Nazionalista Occitano Fran\u00e7ois Fontan estradato dalla Francia da De Gaulle che affermava che &#8220;se ogni abitante della futura nazione Occitana dopo due anni non sapeva perfettamente parlare occitano sarebbe stato estradato&#8221;. Queste affermazioni non voglio commentarle e mi rimandano a ben biechi personaggi. Preferisco rimanere legato al nome storico della Regione Provenza e parlare a &#8220;nosto modo&#8221;. Tutto il resto come ti ho detto precedentemente \u00e8 acqua sporca che serve a sciacquare la bocca di coloro che non sanno neppure lontanamente cosa significhi vivere quass\u00f9.<\/p><\/blockquote>\n<p>S\u00f2n am f\u00e0 mn\u00ec an ment, subit e sensa mediassion, la pen-a ch&#8217;i preuv minca vira ch&#8217;i vegh Giovanni, n\u00f2str padron \u00ebd ca lass\u00f9, con j&#8217;agn ch&#8217;a passo e tante r\u00f2be da f\u00e9 e le f\u00f2rse ch&#8217;a van gi\u00f9. (Metaforicament p\u00ebr mi a l&#8217;\u00e9 un p\u00f2ch come mia lenga piemont\u00e8isa, ant\u00e9 che tr\u00f2pe vire am manco le par\u00f2le p\u00ebr d\u00ec l\u00f2n ch&#8217;i sent.)<\/p>\n<p>E alora a m\u00eb smija &#8216;d cap\u00ec un p\u00f2ch \u00ebd p\u00ec. E, \u00ebdc\u00f2, i pens che mia stra a l&#8217;\u00e9 cola ch&#8217;i ston progetand \u2013 and\u00e8 a st\u00e9 lass\u00f9 dal 2022 \u2013 p\u00ebrch\u00e8 cola l\u00ec a l&#8217;\u00e9 t\u00e8ra viva \u2013 <em>Piemont t\u00e8ra viva<\/em>, o bele mach <em>t\u00e8ra viva<\/em> \u2013 e l\u00ec a m\u00eb smija d&#8217;esse p\u00ec davzin a le c\u00f2se.<\/p>\n<p>Illusion d&#8217;un ch&#8217;as dis fil\u00f2sof? A peul desse. Ma a peul desse c\u00f2 che a-i sia &#8216;d vrit\u00e0 ant la semplicit\u00e0, come cola &#8216;d Mauro e d\u00ebl s\u00f2 travaj, lass\u00f9, mincad\u00ec, a combate contra l&#8217;evidensa, a nen vor\u00e8j mol\u00e9 bele che &#8216;l bon sens a dir\u00eca &#8216;l contrari sent vire su sent. <em>Navigare necesse, vivere non necesse.<\/em><\/p>\n<p>E i pens a cole neuve &#8216;d quand che da cole bande a meuir quaidun, ch&#8217;am colpisso come lama. Ij <a href=\"https:\/\/www.youtube.com\/watch?v=TSShKJwY19A\" title=\"I Muvrini - Mi trema l'esse\" target=\"_blank\">Muvrini<\/a>:<\/p>\n<blockquote><p>Per u castagnu mortu senza patrone<br \/>\n\u00e8 per l&#8217;alivu tortu negrucarbone<br \/>\nmi trema l&#8217;esse<br \/>\na crepacore.<\/p><\/blockquote>\n<p>A l&#8217;\u00e9 p\u00ebr s\u00f2n ch&#8217;a venta ch&#8217;i giuto Mauro e s\u00f2 seugn: p\u00ebrch\u00e8 contra tuta l&#8217;evidensa d\u00ebl mond a sia poss\u00ecbil d\u00ec che an montagna as peul anche and\u00e9 a st\u00e9, nen mach mn\u00ec via. P\u00ebrch\u00e8 col-l\u00ec a l&#8217;\u00e9 \u00ebdc\u00f2 af\u00e9 n\u00f2str, i pudoma nen sempe ciamesse f\u00f2ra.<\/p>\n","protected":false},"excerpt":{"rendered":"<p><a href=\"https:\/\/giannidavico.it\/gopiedmont\/files\/2014\/10\/Valgrana.jpg\"><img loading=\"lazy\" src=\"https:\/\/giannidavico.it\/gopiedmont\/files\/2014\/10\/Valgrana-300x225.jpg\" alt=\"VLUU L110 \/ Samsung L110\" width=\"300\" height=\"225\" class=\"alignright size-medium wp-image-2485\" srcset=\"https:\/\/giannidavico.it\/gopiedmont\/files\/2014\/10\/Valgrana-300x225.jpg 300w, https:\/\/giannidavico.it\/gopiedmont\/files\/2014\/10\/Valgrana.jpg 1024w\" sizes=\"(max-width: 300px) 100vw, 300px\" \/><\/a><br \/> Doe sman-e f\u00e0 Pep Bru a l&#8217;av\u00eca public\u00e0 <a href=\"https:\/\/giannidavico.it\/gopiedmont\/2014\/10\/15\/el-nom-a-fa-nen-la-lenga\/\" title=\"Pep Bru: \u00cbl n\u00f2m a f\u00e0 nen la lenga\">ambeless\u00ec<\/a> &#8216;d soe considerassion an sla diferensa an tra ossitan e provensal. I l&#8217;hai ciamaje a Mauro Arneodo, diretor dl&#8217;<a href=\"http:\/\/www.coumboscuro.org\/escolo\/\" title=\"L'Escolo di Sancto Luc\u00eco de Coumboscuro\" target=\"_blank\">Escolo<\/a> dont i l&#8217;hai parl\u00e0 <a href=\"https:\/\/giannidavico.it\/gopiedmont\/2014\/10\/08\/escolo-de-sancto-lucio-de-coumboscuro-na-manera-per-giute-giutandse\/\" title=\"Escolo de Sancto Lucio de Coumboscuro \u2013 na manera p\u00ebr giut\u00e9 giutandse\">s\u00ec<\/a>, s&#8217;a-i fas\u00eca pias\u00ec d\u00ec doe par\u00f2le an sl&#8217;argoment.<\/p>\n<p>Chiel a l&#8217;ha nen vors\u00f9 felo, ma a l&#8217;ha spiegame p\u00ebrch\u00e8. E d\u00e0it che soe par\u00f2le a l&#8217;han riportame s\u00f9bit, come na proustian-a <em>madeleine<\/em>, a la realt\u00e0 ch&#8217;i vegh minca vira ch&#8217;i vad a la Piata, i pens ch&#8217;a sia interessant e util, con s\u00f2 p\u00ebrmess, riporteje.<\/p>\n<p>Non ho fatto l&#8217;intervento sul tuo blog per due motivi.<\/p>\n<p>Primo perch\u00e9 queste sono semplici disquisizioni da salotto mentre <strong>quass\u00f9 si muore giorno dopo giorno, ed \u00e8 difficile ogni mese trovare le coperture per continuare<\/strong>.<\/p>\n<p>Secondo: per me provenzale richiama la terra dove sono emigrati i miei antenati per secoli, mentre occitano, oltre a assomigliare a padano, [\u2026] <a class=\"moretag\" href=\"https:\/\/giannidavico.it\/gopiedmont\/2014\/10\/29\/montagna-viva\/\">continua a leggere \u00bb<\/a><\/p>\n","protected":false},"author":4,"featured_media":0,"comment_status":"open","ping_status":"open","sticky":false,"template":"","format":"standard","meta":[],"categories":[130],"tags":[4020],"yoast_head":"<!-- This site is optimized with the Yoast SEO plugin v19.14 - https:\/\/yoast.com\/wordpress\/plugins\/seo\/ -->\n<title>Montagna viva - Go Piedmont<\/title>\n<meta name=\"robots\" content=\"index, follow, max-snippet:-1, max-image-preview:large, max-video-preview:-1\" \/>\n<link rel=\"canonical\" href=\"https:\/\/giannidavico.it\/gopiedmont\/2014\/10\/29\/montagna-viva\/\" \/>\n<meta property=\"og:locale\" content=\"it_IT\" \/>\n<meta property=\"og:type\" content=\"article\" \/>\n<meta property=\"og:title\" content=\"Montagna viva - Go Piedmont\" \/>\n<meta property=\"og:description\" content=\"Doe sman-e f\u00e0 Pep Bru a l&#8217;av\u00eca public\u00e0 ambeless\u00ec &#8216;d soe considerassion an sla diferensa an tra ossitan e provensal. I l&#8217;hai ciamaje a Mauro Arneodo, diretor dl&#8217;Escolo dont i l&#8217;hai parl\u00e0 s\u00ec, s&#8217;a-i fas\u00eca pias\u00ec d\u00ec doe par\u00f2le an sl&#8217;argoment. Chiel a l&#8217;ha nen vors\u00f9 felo, ma a l&#8217;ha spiegame p\u00ebrch\u00e8. E d\u00e0it che soe par\u00f2le a l&#8217;han riportame s\u00f9bit, come na proustian-a madeleine, a la realt\u00e0 ch&#8217;i vegh minca vira ch&#8217;i vad a la Piata, i pens ch&#8217;a sia interessant e util, con s\u00f2 p\u00ebrmess, riporteje. Non ho fatto l&#8217;intervento sul tuo blog per due motivi. Primo perch\u00e9 queste sono semplici disquisizioni da salotto mentre quass\u00f9 si muore giorno dopo giorno, ed \u00e8 difficile ogni mese trovare le coperture per continuare. Secondo: per me provenzale richiama la terra dove sono emigrati i miei antenati per secoli, mentre occitano, oltre a assomigliare a padano, [\u2026] continua a leggere \u00bb\" \/>\n<meta property=\"og:url\" content=\"https:\/\/giannidavico.it\/gopiedmont\/2014\/10\/29\/montagna-viva\/\" \/>\n<meta property=\"og:site_name\" content=\"Go Piedmont\" \/>\n<meta property=\"article:published_time\" content=\"2014-10-29T05:00:42+00:00\" \/>\n<meta property=\"article:modified_time\" content=\"2014-10-29T07:09:41+00:00\" \/>\n<meta property=\"og:image\" content=\"https:\/\/giannidavico.it\/gopiedmont\/files\/2014\/10\/Valgrana-300x225.jpg\" \/>\n<meta name=\"author\" content=\"giannidavico\" \/>\n<meta name=\"twitter:card\" content=\"summary_large_image\" \/>\n<meta name=\"twitter:label1\" content=\"Scritto da\" \/>\n\t<meta name=\"twitter:data1\" content=\"giannidavico\" \/>\n\t<meta name=\"twitter:label2\" content=\"Tempo di lettura stimato\" \/>\n\t<meta name=\"twitter:data2\" content=\"3 minuti\" \/>\n<script type=\"application\/ld+json\" class=\"yoast-schema-graph\">{\"@context\":\"https:\/\/schema.org\",\"@graph\":[{\"@type\":\"WebPage\",\"@id\":\"https:\/\/giannidavico.it\/gopiedmont\/2014\/10\/29\/montagna-viva\/\",\"url\":\"https:\/\/giannidavico.it\/gopiedmont\/2014\/10\/29\/montagna-viva\/\",\"name\":\"Montagna viva - Go Piedmont\",\"isPartOf\":{\"@id\":\"https:\/\/giannidavico.it\/gopiedmont\/#website\"},\"datePublished\":\"2014-10-29T05:00:42+00:00\",\"dateModified\":\"2014-10-29T07:09:41+00:00\",\"author\":{\"@id\":\"https:\/\/giannidavico.it\/gopiedmont\/#\/schema\/person\/ea1fd17d8f2dba325f3712219efa8f77\"},\"inLanguage\":\"it-IT\",\"potentialAction\":[{\"@type\":\"ReadAction\",\"target\":[\"https:\/\/giannidavico.it\/gopiedmont\/2014\/10\/29\/montagna-viva\/\"]}]},{\"@type\":\"WebSite\",\"@id\":\"https:\/\/giannidavico.it\/gopiedmont\/#website\",\"url\":\"https:\/\/giannidavico.it\/gopiedmont\/\",\"name\":\"Go Piedmont\",\"description\":\"pens\u00e9 dzora l\u00ecber, event e p\u00ebrson-e grop\u00e0 al Piemont e a la lenga piemont\u00e8isa\",\"potentialAction\":[{\"@type\":\"SearchAction\",\"target\":{\"@type\":\"EntryPoint\",\"urlTemplate\":\"https:\/\/giannidavico.it\/gopiedmont\/?s={search_term_string}\"},\"query-input\":\"required name=search_term_string\"}],\"inLanguage\":\"it-IT\"},{\"@type\":\"Person\",\"@id\":\"https:\/\/giannidavico.it\/gopiedmont\/#\/schema\/person\/ea1fd17d8f2dba325f3712219efa8f77\",\"name\":\"giannidavico\",\"image\":{\"@type\":\"ImageObject\",\"inLanguage\":\"it-IT\",\"@id\":\"https:\/\/giannidavico.it\/gopiedmont\/#\/schema\/person\/image\/\",\"url\":\"https:\/\/secure.gravatar.com\/avatar\/337748753d882602f3038b55fb369ba1?s=96&d=mm&r=g\",\"contentUrl\":\"https:\/\/secure.gravatar.com\/avatar\/337748753d882602f3038b55fb369ba1?s=96&d=mm&r=g\",\"caption\":\"giannidavico\"},\"url\":\"https:\/\/giannidavico.it\/gopiedmont\/author\/giannidavico\/\"}]}<\/script>\n<!-- \/ Yoast SEO plugin. -->","yoast_head_json":{"title":"Montagna viva - Go Piedmont","robots":{"index":"index","follow":"follow","max-snippet":"max-snippet:-1","max-image-preview":"max-image-preview:large","max-video-preview":"max-video-preview:-1"},"canonical":"https:\/\/giannidavico.it\/gopiedmont\/2014\/10\/29\/montagna-viva\/","og_locale":"it_IT","og_type":"article","og_title":"Montagna viva - Go Piedmont","og_description":"Doe sman-e f\u00e0 Pep Bru a l&#8217;av\u00eca public\u00e0 ambeless\u00ec &#8216;d soe considerassion an sla diferensa an tra ossitan e provensal. I l&#8217;hai ciamaje a Mauro Arneodo, diretor dl&#8217;Escolo dont i l&#8217;hai parl\u00e0 s\u00ec, s&#8217;a-i fas\u00eca pias\u00ec d\u00ec doe par\u00f2le an sl&#8217;argoment. Chiel a l&#8217;ha nen vors\u00f9 felo, ma a l&#8217;ha spiegame p\u00ebrch\u00e8. E d\u00e0it che soe par\u00f2le a l&#8217;han riportame s\u00f9bit, come na proustian-a madeleine, a la realt\u00e0 ch&#8217;i vegh minca vira ch&#8217;i vad a la Piata, i pens ch&#8217;a sia interessant e util, con s\u00f2 p\u00ebrmess, riporteje. Non ho fatto l&#8217;intervento sul tuo blog per due motivi. Primo perch\u00e9 queste sono semplici disquisizioni da salotto mentre quass\u00f9 si muore giorno dopo giorno, ed \u00e8 difficile ogni mese trovare le coperture per continuare. Secondo: per me provenzale richiama la terra dove sono emigrati i miei antenati per secoli, mentre occitano, oltre a assomigliare a padano, [\u2026] continua a leggere \u00bb","og_url":"https:\/\/giannidavico.it\/gopiedmont\/2014\/10\/29\/montagna-viva\/","og_site_name":"Go Piedmont","article_published_time":"2014-10-29T05:00:42+00:00","article_modified_time":"2014-10-29T07:09:41+00:00","og_image":[{"url":"https:\/\/giannidavico.it\/gopiedmont\/files\/2014\/10\/Valgrana-300x225.jpg"}],"author":"giannidavico","twitter_card":"summary_large_image","twitter_misc":{"Scritto da":"giannidavico","Tempo di lettura stimato":"3 minuti"},"schema":{"@context":"https:\/\/schema.org","@graph":[{"@type":"WebPage","@id":"https:\/\/giannidavico.it\/gopiedmont\/2014\/10\/29\/montagna-viva\/","url":"https:\/\/giannidavico.it\/gopiedmont\/2014\/10\/29\/montagna-viva\/","name":"Montagna viva - Go Piedmont","isPartOf":{"@id":"https:\/\/giannidavico.it\/gopiedmont\/#website"},"datePublished":"2014-10-29T05:00:42+00:00","dateModified":"2014-10-29T07:09:41+00:00","author":{"@id":"https:\/\/giannidavico.it\/gopiedmont\/#\/schema\/person\/ea1fd17d8f2dba325f3712219efa8f77"},"inLanguage":"it-IT","potentialAction":[{"@type":"ReadAction","target":["https:\/\/giannidavico.it\/gopiedmont\/2014\/10\/29\/montagna-viva\/"]}]},{"@type":"WebSite","@id":"https:\/\/giannidavico.it\/gopiedmont\/#website","url":"https:\/\/giannidavico.it\/gopiedmont\/","name":"Go Piedmont","description":"pens\u00e9 dzora l\u00ecber, event e p\u00ebrson-e grop\u00e0 al Piemont e a la lenga piemont\u00e8isa","potentialAction":[{"@type":"SearchAction","target":{"@type":"EntryPoint","urlTemplate":"https:\/\/giannidavico.it\/gopiedmont\/?s={search_term_string}"},"query-input":"required name=search_term_string"}],"inLanguage":"it-IT"},{"@type":"Person","@id":"https:\/\/giannidavico.it\/gopiedmont\/#\/schema\/person\/ea1fd17d8f2dba325f3712219efa8f77","name":"giannidavico","image":{"@type":"ImageObject","inLanguage":"it-IT","@id":"https:\/\/giannidavico.it\/gopiedmont\/#\/schema\/person\/image\/","url":"https:\/\/secure.gravatar.com\/avatar\/337748753d882602f3038b55fb369ba1?s=96&d=mm&r=g","contentUrl":"https:\/\/secure.gravatar.com\/avatar\/337748753d882602f3038b55fb369ba1?s=96&d=mm&r=g","caption":"giannidavico"},"url":"https:\/\/giannidavico.it\/gopiedmont\/author\/giannidavico\/"}]}},"_links":{"self":[{"href":"https:\/\/giannidavico.it\/gopiedmont\/wp-json\/wp\/v2\/posts\/2484"}],"collection":[{"href":"https:\/\/giannidavico.it\/gopiedmont\/wp-json\/wp\/v2\/posts"}],"about":[{"href":"https:\/\/giannidavico.it\/gopiedmont\/wp-json\/wp\/v2\/types\/post"}],"author":[{"embeddable":true,"href":"https:\/\/giannidavico.it\/gopiedmont\/wp-json\/wp\/v2\/users\/4"}],"replies":[{"embeddable":true,"href":"https:\/\/giannidavico.it\/gopiedmont\/wp-json\/wp\/v2\/comments?post=2484"}],"version-history":[{"count":7,"href":"https:\/\/giannidavico.it\/gopiedmont\/wp-json\/wp\/v2\/posts\/2484\/revisions"}],"predecessor-version":[{"id":2492,"href":"https:\/\/giannidavico.it\/gopiedmont\/wp-json\/wp\/v2\/posts\/2484\/revisions\/2492"}],"wp:attachment":[{"href":"https:\/\/giannidavico.it\/gopiedmont\/wp-json\/wp\/v2\/media?parent=2484"}],"wp:term":[{"taxonomy":"category","embeddable":true,"href":"https:\/\/giannidavico.it\/gopiedmont\/wp-json\/wp\/v2\/categories?post=2484"},{"taxonomy":"post_tag","embeddable":true,"href":"https:\/\/giannidavico.it\/gopiedmont\/wp-json\/wp\/v2\/tags?post=2484"}],"curies":[{"name":"wp","href":"https:\/\/api.w.org\/{rel}","templated":true}]}}