{"id":2494,"date":"2014-11-05T06:00:59","date_gmt":"2014-11-05T05:00:59","guid":{"rendered":"https:\/\/giannidavico.it\/staging\/gopiedmont\/?p=2494"},"modified":"2015-09-25T07:54:40","modified_gmt":"2015-09-25T06:54:40","slug":"rene-agagliate-lingegne","status":"publish","type":"post","link":"https:\/\/giannidavico.it\/gopiedmont\/2014\/11\/05\/rene-agagliate-lingegne\/","title":{"rendered":"Ren\u00e9 Agagliate, L&#8217;ingegn\u00e9 (prima part)"},"content":{"rendered":"<p><a href=\"https:\/\/giannidavico.it\/gopiedmont\/files\/2014\/11\/Mirafiori.jpeg\"><img loading=\"lazy\" src=\"https:\/\/giannidavico.it\/gopiedmont\/files\/2014\/11\/Mirafiori-300x199.jpeg\" alt=\"Mirafiori\" width=\"300\" height=\"199\" class=\"alignright size-medium wp-image-2499\" srcset=\"https:\/\/giannidavico.it\/gopiedmont\/files\/2014\/11\/Mirafiori-300x199.jpeg 300w, https:\/\/giannidavico.it\/gopiedmont\/files\/2014\/11\/Mirafiori.jpeg 650w\" sizes=\"(max-width: 300px) 100vw, 300px\" \/><\/a><br \/>\nI l\u2019hai travaj\u00e0 p\u00ebr trandedoi ani a le presse \u2019d Mirafior ant\u00e9 ch\u2019a s\u00eb stampa (a s\u00eb stampava, Mirafior a l\u2019\u00e9 giumaj dvent\u00e0 na sit\u00e0 m\u00f2rta) ij particolar \u00ebd carosser\u00eca.<\/p>\n<p>Gav\u00e0 ij primi doi ani an l\u00ecnea i son peui intr\u00e0 a la manutension \u00ebstamp. L\u00eb stampagi a fr\u00e8id \u00ebd la lamiera a l\u2019\u00e9 un mest\u00e9 ch\u2019as amprend pa sij l\u00ecber, a l\u2019ha gnun-a o p\u00f2ca teor\u00eca ma tanta, tanta pr\u00e0tica e esperiensa. Noi\u00e0utri giusteur (&#8220;giusteur&#8221; a l\u2019\u00e9 na par\u00f2la tipicament turin\u00e8isa, n\u00e0 \u2019nt le oficine Fiat \u2013 Ling\u00f2t e cors Dante \u2013 quand ch\u2019as parlava mach piemont\u00e8is. A veul d\u00ec \u201crifinitore\u201d, ma d\u00f2p l\u2019ariv \u00ebd j\u2019ovri\u00e9 meridionaj a l\u2019\u00e9 st\u00e0ita traduvuva, an lenga da festa, con \u201caggiustatore\u201d ch\u2019a l\u2019\u00e9 nen pr\u00f2pi precis) i dis\u00eco che l\u2019assel a l\u2019\u00e9 come \u2019l vin, a-i \u00e9 mai doe col\u00e0 istesse (come a-i \u00e9 mai doe v\u00ebndumie eguale), bele se f\u00e0ite dal midem \u00e0ut-forn e dai midem ovri\u00e9. La col\u00e0 a sent \u00ebl temp ch\u2019a f\u00e0, s\u2019a-i \u00e9 bel temp o s\u2019a pieuv, s\u2019a tira vent,s\u2019a l\u2019\u00e9 di o neuit, e via f\u00f2rt. Peui a venta sav\u00e8j che la lamiera, come \u2019l vin, as frusta d\u00f2p un p\u00f2ch \u00ebd temp, disoma na desen-a \u2019d m\u00e8is da la col\u00e0 e alora a son \u00ebd sagrin a stamp\u00e9 con \u00ebd lamiera veja!<\/p>\n<p>Minca tant a-i rivava un neuv ingegn\u00e9, fresch \u00ebd l\u00e0urea a comand\u00e9 e ch\u2019a pensava \u2019d sav\u00e8j tut chiel, p\u00ebrch\u00e8 chiel a l\u2019av\u00eca studi\u00e0. Oh gi\u00e0! Noi\u00e0utri ovri\u00e9 i cap\u00eco gnente! Mach chiel a sav\u00eca f\u00e9 and\u00e9 le r\u00f2be! Peui, d\u00f2p av\u00e8j f\u00e0it, con soe decision baraventan-e, \u00ebd gr\u00f2ssi pastiss e fin-a \u2019d d\u00ebsastr sensa sens, as n\u2019andas\u00eca con la cova tra le gambe an lassandne soj a rang\u00e8 ij guast coma ch\u2019as pod\u00eca. Da l\u00ec un p\u00f2 a-i rivava n\u2019\u00e0utr ingegn\u00e9, \u00ebdc\u00f2 cost-s\u00ec pien \u00ebd bab\u00eca e i \u2019ncaminavo torna&#8230; A l\u2019\u00e9 nassuje, alora, na s\u00f2rt d\u2019antipat\u00eca p\u00ebr j\u2019ingegn\u00e9&#8230;<br \/>\n<a href=\"https:\/\/giannidavico.it\/gopiedmont\/files\/2014\/11\/ingegnere.jpg\"><img loading=\"lazy\" src=\"https:\/\/giannidavico.it\/gopiedmont\/files\/2014\/11\/ingegnere.jpg\" alt=\"ingegnere\" width=\"273\" height=\"185\" class=\"alignleft size-full wp-image-2497\" \/><\/a><br \/>\nAn col temp a girolava tra \u2019d noi giusteur, con l\u2019intension \u00ebd pijeje an bala e riesse, par\u00e8j, a soporteje un p\u00f2ch \u00ebd p\u00ec, <a href=\"https:\/\/giannidavico.it\/gopiedmont\/files\/2015\/09\/ingegne.pdf\" title=\"L'ingegn\u00e9\">la st\u00f2ria \u2019d chi ch\u2019a l\u2019\u00e9, d\u2019ant\u00e9 ch\u2019a ven, coma ch\u2019a viv l\u2019ingegn\u00e9&#8230;<\/a><\/p>\n","protected":false},"excerpt":{"rendered":"<p><a href=\"https:\/\/giannidavico.it\/gopiedmont\/files\/2014\/11\/Mirafiori.jpeg\"><img loading=\"lazy\" src=\"https:\/\/giannidavico.it\/gopiedmont\/files\/2014\/11\/Mirafiori-300x199.jpeg\" alt=\"Mirafiori\" width=\"300\" height=\"199\" class=\"alignright size-medium wp-image-2499\" srcset=\"https:\/\/giannidavico.it\/gopiedmont\/files\/2014\/11\/Mirafiori-300x199.jpeg 300w, https:\/\/giannidavico.it\/gopiedmont\/files\/2014\/11\/Mirafiori.jpeg 650w\" sizes=\"(max-width: 300px) 100vw, 300px\" \/><\/a><br \/> I l\u2019hai travaj\u00e0 p\u00ebr trandedoi ani a le presse \u2019d Mirafior ant\u00e9 ch\u2019a s\u00eb stampa (a s\u00eb stampava, Mirafior a l\u2019\u00e9 giumaj dvent\u00e0 na sit\u00e0 m\u00f2rta) ij particolar \u00ebd carosser\u00eca.<\/p>\n<p>Gav\u00e0 ij primi doi ani an l\u00ecnea i son peui intr\u00e0 a la manutension \u00ebstamp. L\u00eb stampagi a fr\u00e8id \u00ebd la lamiera a l\u2019\u00e9 un mest\u00e9 ch\u2019as amprend pa sij l\u00ecber, a l\u2019ha gnun-a o p\u00f2ca teor\u00eca ma tanta, tanta pr\u00e0tica e esperiensa. Noi\u00e0utri giusteur (&#8220;giusteur&#8221; a l\u2019\u00e9 na par\u00f2la tipicament turin\u00e8isa, n\u00e0 \u2019nt le oficine Fiat \u2013 Ling\u00f2t e cors Dante \u2013 quand ch\u2019as parlava mach piemont\u00e8is. A veul d\u00ec \u201crifinitore\u201d, ma d\u00f2p l\u2019ariv \u00ebd j\u2019ovri\u00e9 meridionaj a l\u2019\u00e9 st\u00e0ita traduvuva, an lenga da festa, con \u201caggiustatore\u201d ch\u2019a l\u2019\u00e9 nen pr\u00f2pi precis) i dis\u00eco che l\u2019assel a l\u2019\u00e9 come \u2019l vin, a-i \u00e9 mai doe col\u00e0 istesse (come a-i \u00e9 mai doe v\u00ebndumie eguale), bele se f\u00e0ite dal midem \u00e0ut-forn e dai midem ovri\u00e9. La col\u00e0 a sent \u00ebl temp ch\u2019a f\u00e0, s\u2019a-i \u00e9 bel temp o s\u2019a pieuv, s\u2019a tira vent,s\u2019a l\u2019\u00e9 di o neuit, e via f\u00f2rt. [\u2026] <a class=\"moretag\" href=\"https:\/\/giannidavico.it\/gopiedmont\/2014\/11\/05\/rene-agagliate-lingegne\/\">continua a leggere \u00bb<\/a><\/p>\n","protected":false},"author":4,"featured_media":0,"comment_status":"open","ping_status":"open","sticky":false,"template":"","format":"standard","meta":[],"categories":[130],"tags":[3606,7851],"yoast_head":"<!-- This site is optimized with the Yoast SEO plugin v19.14 - https:\/\/yoast.com\/wordpress\/plugins\/seo\/ -->\n<title>Ren\u00e9 Agagliate, L&#039;ingegn\u00e9 (prima part) - Go Piedmont<\/title>\n<meta name=\"robots\" content=\"index, follow, max-snippet:-1, max-image-preview:large, max-video-preview:-1\" \/>\n<link rel=\"canonical\" href=\"https:\/\/giannidavico.it\/gopiedmont\/2014\/11\/05\/rene-agagliate-lingegne\/\" \/>\n<meta property=\"og:locale\" content=\"it_IT\" \/>\n<meta property=\"og:type\" content=\"article\" \/>\n<meta property=\"og:title\" content=\"Ren\u00e9 Agagliate, L&#039;ingegn\u00e9 (prima part) - Go Piedmont\" \/>\n<meta property=\"og:description\" content=\"I l\u2019hai travaj\u00e0 p\u00ebr trandedoi ani a le presse \u2019d Mirafior ant\u00e9 ch\u2019a s\u00eb stampa (a s\u00eb stampava, Mirafior a l\u2019\u00e9 giumaj dvent\u00e0 na sit\u00e0 m\u00f2rta) ij particolar \u00ebd carosser\u00eca. Gav\u00e0 ij primi doi ani an l\u00ecnea i son peui intr\u00e0 a la manutension \u00ebstamp. L\u00eb stampagi a fr\u00e8id \u00ebd la lamiera a l\u2019\u00e9 un mest\u00e9 ch\u2019as amprend pa sij l\u00ecber, a l\u2019ha gnun-a o p\u00f2ca teor\u00eca ma tanta, tanta pr\u00e0tica e esperiensa. Noi\u00e0utri giusteur (&#8220;giusteur&#8221; a l\u2019\u00e9 na par\u00f2la tipicament turin\u00e8isa, n\u00e0 \u2019nt le oficine Fiat \u2013 Ling\u00f2t e cors Dante \u2013 quand ch\u2019as parlava mach piemont\u00e8is. A veul d\u00ec \u201crifinitore\u201d, ma d\u00f2p l\u2019ariv \u00ebd j\u2019ovri\u00e9 meridionaj a l\u2019\u00e9 st\u00e0ita traduvuva, an lenga da festa, con \u201caggiustatore\u201d ch\u2019a l\u2019\u00e9 nen pr\u00f2pi precis) i dis\u00eco che l\u2019assel a l\u2019\u00e9 come \u2019l vin, a-i \u00e9 mai doe col\u00e0 istesse (come a-i \u00e9 mai doe v\u00ebndumie eguale), bele se f\u00e0ite dal midem \u00e0ut-forn e dai midem ovri\u00e9. La col\u00e0 a sent \u00ebl temp ch\u2019a f\u00e0, s\u2019a-i \u00e9 bel temp o s\u2019a pieuv, s\u2019a tira vent,s\u2019a l\u2019\u00e9 di o neuit, e via f\u00f2rt. [\u2026] continua a leggere \u00bb\" \/>\n<meta property=\"og:url\" content=\"https:\/\/giannidavico.it\/gopiedmont\/2014\/11\/05\/rene-agagliate-lingegne\/\" \/>\n<meta property=\"og:site_name\" content=\"Go Piedmont\" \/>\n<meta property=\"article:published_time\" content=\"2014-11-05T05:00:59+00:00\" \/>\n<meta property=\"article:modified_time\" content=\"2015-09-25T06:54:40+00:00\" \/>\n<meta property=\"og:image\" content=\"https:\/\/giannidavico.it\/gopiedmont\/files\/2014\/11\/Mirafiori-300x199.jpeg\" \/>\n<meta name=\"author\" content=\"giannidavico\" \/>\n<meta name=\"twitter:card\" content=\"summary_large_image\" \/>\n<meta name=\"twitter:label1\" content=\"Scritto da\" \/>\n\t<meta name=\"twitter:data1\" content=\"giannidavico\" \/>\n\t<meta name=\"twitter:label2\" content=\"Tempo di lettura stimato\" \/>\n\t<meta name=\"twitter:data2\" content=\"2 minuti\" \/>\n<script type=\"application\/ld+json\" class=\"yoast-schema-graph\">{\"@context\":\"https:\/\/schema.org\",\"@graph\":[{\"@type\":\"WebPage\",\"@id\":\"https:\/\/giannidavico.it\/gopiedmont\/2014\/11\/05\/rene-agagliate-lingegne\/\",\"url\":\"https:\/\/giannidavico.it\/gopiedmont\/2014\/11\/05\/rene-agagliate-lingegne\/\",\"name\":\"Ren\u00e9 Agagliate, L'ingegn\u00e9 (prima part) - Go Piedmont\",\"isPartOf\":{\"@id\":\"https:\/\/giannidavico.it\/gopiedmont\/#website\"},\"datePublished\":\"2014-11-05T05:00:59+00:00\",\"dateModified\":\"2015-09-25T06:54:40+00:00\",\"author\":{\"@id\":\"https:\/\/giannidavico.it\/gopiedmont\/#\/schema\/person\/ea1fd17d8f2dba325f3712219efa8f77\"},\"inLanguage\":\"it-IT\",\"potentialAction\":[{\"@type\":\"ReadAction\",\"target\":[\"https:\/\/giannidavico.it\/gopiedmont\/2014\/11\/05\/rene-agagliate-lingegne\/\"]}]},{\"@type\":\"WebSite\",\"@id\":\"https:\/\/giannidavico.it\/gopiedmont\/#website\",\"url\":\"https:\/\/giannidavico.it\/gopiedmont\/\",\"name\":\"Go Piedmont\",\"description\":\"pens\u00e9 dzora l\u00ecber, event e p\u00ebrson-e grop\u00e0 al Piemont e a la lenga piemont\u00e8isa\",\"potentialAction\":[{\"@type\":\"SearchAction\",\"target\":{\"@type\":\"EntryPoint\",\"urlTemplate\":\"https:\/\/giannidavico.it\/gopiedmont\/?s={search_term_string}\"},\"query-input\":\"required name=search_term_string\"}],\"inLanguage\":\"it-IT\"},{\"@type\":\"Person\",\"@id\":\"https:\/\/giannidavico.it\/gopiedmont\/#\/schema\/person\/ea1fd17d8f2dba325f3712219efa8f77\",\"name\":\"giannidavico\",\"image\":{\"@type\":\"ImageObject\",\"inLanguage\":\"it-IT\",\"@id\":\"https:\/\/giannidavico.it\/gopiedmont\/#\/schema\/person\/image\/\",\"url\":\"https:\/\/secure.gravatar.com\/avatar\/337748753d882602f3038b55fb369ba1?s=96&d=mm&r=g\",\"contentUrl\":\"https:\/\/secure.gravatar.com\/avatar\/337748753d882602f3038b55fb369ba1?s=96&d=mm&r=g\",\"caption\":\"giannidavico\"},\"url\":\"https:\/\/giannidavico.it\/gopiedmont\/author\/giannidavico\/\"}]}<\/script>\n<!-- \/ Yoast SEO plugin. -->","yoast_head_json":{"title":"Ren\u00e9 Agagliate, L'ingegn\u00e9 (prima part) - Go Piedmont","robots":{"index":"index","follow":"follow","max-snippet":"max-snippet:-1","max-image-preview":"max-image-preview:large","max-video-preview":"max-video-preview:-1"},"canonical":"https:\/\/giannidavico.it\/gopiedmont\/2014\/11\/05\/rene-agagliate-lingegne\/","og_locale":"it_IT","og_type":"article","og_title":"Ren\u00e9 Agagliate, L'ingegn\u00e9 (prima part) - Go Piedmont","og_description":"I l\u2019hai travaj\u00e0 p\u00ebr trandedoi ani a le presse \u2019d Mirafior ant\u00e9 ch\u2019a s\u00eb stampa (a s\u00eb stampava, Mirafior a l\u2019\u00e9 giumaj dvent\u00e0 na sit\u00e0 m\u00f2rta) ij particolar \u00ebd carosser\u00eca. Gav\u00e0 ij primi doi ani an l\u00ecnea i son peui intr\u00e0 a la manutension \u00ebstamp. L\u00eb stampagi a fr\u00e8id \u00ebd la lamiera a l\u2019\u00e9 un mest\u00e9 ch\u2019as amprend pa sij l\u00ecber, a l\u2019ha gnun-a o p\u00f2ca teor\u00eca ma tanta, tanta pr\u00e0tica e esperiensa. Noi\u00e0utri giusteur (&#8220;giusteur&#8221; a l\u2019\u00e9 na par\u00f2la tipicament turin\u00e8isa, n\u00e0 \u2019nt le oficine Fiat \u2013 Ling\u00f2t e cors Dante \u2013 quand ch\u2019as parlava mach piemont\u00e8is. A veul d\u00ec \u201crifinitore\u201d, ma d\u00f2p l\u2019ariv \u00ebd j\u2019ovri\u00e9 meridionaj a l\u2019\u00e9 st\u00e0ita traduvuva, an lenga da festa, con \u201caggiustatore\u201d ch\u2019a l\u2019\u00e9 nen pr\u00f2pi precis) i dis\u00eco che l\u2019assel a l\u2019\u00e9 come \u2019l vin, a-i \u00e9 mai doe col\u00e0 istesse (come a-i \u00e9 mai doe v\u00ebndumie eguale), bele se f\u00e0ite dal midem \u00e0ut-forn e dai midem ovri\u00e9. La col\u00e0 a sent \u00ebl temp ch\u2019a f\u00e0, s\u2019a-i \u00e9 bel temp o s\u2019a pieuv, s\u2019a tira vent,s\u2019a l\u2019\u00e9 di o neuit, e via f\u00f2rt. [\u2026] continua a leggere \u00bb","og_url":"https:\/\/giannidavico.it\/gopiedmont\/2014\/11\/05\/rene-agagliate-lingegne\/","og_site_name":"Go Piedmont","article_published_time":"2014-11-05T05:00:59+00:00","article_modified_time":"2015-09-25T06:54:40+00:00","og_image":[{"url":"https:\/\/giannidavico.it\/gopiedmont\/files\/2014\/11\/Mirafiori-300x199.jpeg"}],"author":"giannidavico","twitter_card":"summary_large_image","twitter_misc":{"Scritto da":"giannidavico","Tempo di lettura stimato":"2 minuti"},"schema":{"@context":"https:\/\/schema.org","@graph":[{"@type":"WebPage","@id":"https:\/\/giannidavico.it\/gopiedmont\/2014\/11\/05\/rene-agagliate-lingegne\/","url":"https:\/\/giannidavico.it\/gopiedmont\/2014\/11\/05\/rene-agagliate-lingegne\/","name":"Ren\u00e9 Agagliate, L'ingegn\u00e9 (prima part) - Go Piedmont","isPartOf":{"@id":"https:\/\/giannidavico.it\/gopiedmont\/#website"},"datePublished":"2014-11-05T05:00:59+00:00","dateModified":"2015-09-25T06:54:40+00:00","author":{"@id":"https:\/\/giannidavico.it\/gopiedmont\/#\/schema\/person\/ea1fd17d8f2dba325f3712219efa8f77"},"inLanguage":"it-IT","potentialAction":[{"@type":"ReadAction","target":["https:\/\/giannidavico.it\/gopiedmont\/2014\/11\/05\/rene-agagliate-lingegne\/"]}]},{"@type":"WebSite","@id":"https:\/\/giannidavico.it\/gopiedmont\/#website","url":"https:\/\/giannidavico.it\/gopiedmont\/","name":"Go Piedmont","description":"pens\u00e9 dzora l\u00ecber, event e p\u00ebrson-e grop\u00e0 al Piemont e a la lenga piemont\u00e8isa","potentialAction":[{"@type":"SearchAction","target":{"@type":"EntryPoint","urlTemplate":"https:\/\/giannidavico.it\/gopiedmont\/?s={search_term_string}"},"query-input":"required name=search_term_string"}],"inLanguage":"it-IT"},{"@type":"Person","@id":"https:\/\/giannidavico.it\/gopiedmont\/#\/schema\/person\/ea1fd17d8f2dba325f3712219efa8f77","name":"giannidavico","image":{"@type":"ImageObject","inLanguage":"it-IT","@id":"https:\/\/giannidavico.it\/gopiedmont\/#\/schema\/person\/image\/","url":"https:\/\/secure.gravatar.com\/avatar\/337748753d882602f3038b55fb369ba1?s=96&d=mm&r=g","contentUrl":"https:\/\/secure.gravatar.com\/avatar\/337748753d882602f3038b55fb369ba1?s=96&d=mm&r=g","caption":"giannidavico"},"url":"https:\/\/giannidavico.it\/gopiedmont\/author\/giannidavico\/"}]}},"_links":{"self":[{"href":"https:\/\/giannidavico.it\/gopiedmont\/wp-json\/wp\/v2\/posts\/2494"}],"collection":[{"href":"https:\/\/giannidavico.it\/gopiedmont\/wp-json\/wp\/v2\/posts"}],"about":[{"href":"https:\/\/giannidavico.it\/gopiedmont\/wp-json\/wp\/v2\/types\/post"}],"author":[{"embeddable":true,"href":"https:\/\/giannidavico.it\/gopiedmont\/wp-json\/wp\/v2\/users\/4"}],"replies":[{"embeddable":true,"href":"https:\/\/giannidavico.it\/gopiedmont\/wp-json\/wp\/v2\/comments?post=2494"}],"version-history":[{"count":6,"href":"https:\/\/giannidavico.it\/gopiedmont\/wp-json\/wp\/v2\/posts\/2494\/revisions"}],"predecessor-version":[{"id":3141,"href":"https:\/\/giannidavico.it\/gopiedmont\/wp-json\/wp\/v2\/posts\/2494\/revisions\/3141"}],"wp:attachment":[{"href":"https:\/\/giannidavico.it\/gopiedmont\/wp-json\/wp\/v2\/media?parent=2494"}],"wp:term":[{"taxonomy":"category","embeddable":true,"href":"https:\/\/giannidavico.it\/gopiedmont\/wp-json\/wp\/v2\/categories?post=2494"},{"taxonomy":"post_tag","embeddable":true,"href":"https:\/\/giannidavico.it\/gopiedmont\/wp-json\/wp\/v2\/tags?post=2494"}],"curies":[{"name":"wp","href":"https:\/\/api.w.org\/{rel}","templated":true}]}}