{"id":2506,"date":"2014-11-19T11:40:25","date_gmt":"2014-11-19T10:40:25","guid":{"rendered":"https:\/\/giannidavico.it\/staging\/gopiedmont\/?p=2506"},"modified":"2015-03-12T10:58:18","modified_gmt":"2015-03-12T09:58:18","slug":"le-lingue-doc-la-liberta-di-esprimersi-a-nosto-modo-nella-pubblica-amministrazione","status":"publish","type":"post","link":"https:\/\/giannidavico.it\/gopiedmont\/2014\/11\/19\/le-lingue-doc-la-liberta-di-esprimersi-a-nosto-modo-nella-pubblica-amministrazione\/","title":{"rendered":"Le lingue d\u2019oc: la libert\u00e0 di esprimersi a \u201cnosto modo\u201c nella pubblica amministrazione"},"content":{"rendered":"<p><a href=\"https:\/\/giannidavico.it\/gopiedmont\/files\/2014\/11\/modo.jpg\"><img loading=\"lazy\" src=\"https:\/\/giannidavico.it\/gopiedmont\/files\/2014\/11\/modo-300x169.jpg\" alt=\"modo\" width=\"300\" height=\"169\" class=\"alignright size-medium wp-image-2662\" srcset=\"https:\/\/giannidavico.it\/gopiedmont\/files\/2014\/11\/modo-300x169.jpg 300w, https:\/\/giannidavico.it\/gopiedmont\/files\/2014\/11\/modo.jpg 640w\" sizes=\"(max-width: 300px) 100vw, 300px\" \/><\/a><br \/>\nScrive na lenga, nen mach parlela, a l&#8217;\u00e9 fondamental. Ant j&#8217;agn sinquanta Sergio Arneodo, creator e ancheuj \u00e0nima spiritual \u00ebd <a href=\"http:\/\/www.coumboscuro.org\/index.php\" title=\"Coumboscuro Centre Prouven\u00e7al\" target=\"_blank\">Coumboscuro<\/a>, a l&#8217;av\u00eca dit ai s\u00f2 anlev:<\/p>\n<blockquote><p>Encu\u00e9i coumens\u00e9 a escrive dec\u00f2 ent\u00e9 la lengo que vous a moustr\u00e0 vosto maire.<\/p><\/blockquote>\n<p>Parl\u00e9, parl\u00e9 naturalment a l&#8217;\u00e9 important (la p\u00ec part dle manifestassion \u00ebd na lenga a son parl\u00e0 e nen \u00ebscrite, as capiss). Ma scrive a veul d\u00ec f\u00e9 un pass \u00ebd p\u00ec, and\u00e9 un p\u00f2ch p\u00ec \u00ebn l\u00e0, cap\u00ec un p\u00f2ch \u2013 bele se p\u00f2ch, a-i na f\u00e0 gnente \u2013 \u00ebd p\u00ec \u00ebd na lenga e donca &#8216;d na coltura, \u00ebd na comunit\u00e0 spant\u00eca come cola piemont\u00e8isa. (E toa lenga mare, na vira ch&#8217;a l&#8217;\u00e9 andrinta &#8216;d ti \u2013 e p\u00ebr tanti &#8216;d noi\u00e0utri a l&#8217;\u00e9 andrinta &#8216;d noi da quand ch&#8217;i soma na, bon ben prima che l&#8217;italian \u2013 a resta p\u00ebr sempe, as perd nen p\u00ebrch\u00e8 a peul nen perdse, sta tranquil.)<\/p>\n<p>Bin, adess Mauro Arneodo, <em>figlio di tanto padre<\/em>, a l&#8217;ha organis\u00e0 na serie d&#8217;ancontr pr\u00f2pi p\u00ebr parl\u00e9 \u00ebd cost argoment. P\u00ec precisament, parl\u00e9 dl&#8217;usagi dla lenga scrita ant l&#8217;aministrassion p\u00f9blica. \u00cbl calendari e tute j&#8217;anformassion a son <a href=\"https:\/\/giannidavico.it\/gopiedmont\/files\/2014\/11\/Lingue-dOc-2014.pdf\" title=\"Le lingue d\u2019oc: la libert\u00e0 di esprimersi a \u201cnosto modo\u201d nella pubblica amministrazione\">ambeless\u00ec<\/a>. A dis Mauro:<\/p>\n<blockquote><p>Quante volte anche in Comuni di una certa importanza mi \u00e8 capitato di esprimermi tranquillamente in piemontese e quante volte ancora oggi mi capita, e non vi nego con soddisfazione, di colloquiare tranquillamente a \u201cnosto modo\u201c con gli impiegati e i funzionari dei tanti Comuni delle nostre valli. Quante volte mi \u00e8 capitato anche negli uffici del Comune di Cuneo o in quelli dell\u2019Amministrazione Provinciale di parlare con piacere in lingua piemontese o in lingua d\u2019oc. Ti senti quasi a casa tua quando al telefono con i sindaci delle nostre valli magari involontariamente ti esprimi inizialmente in italiano mentre dall\u2019altra parte ti dicono \u201cNousi\u00e0uti parlen a nosto modo\u201c. Potersi esprimere nella nostra lingua nei pubblici uffici, oltre che essere una soddisfazione grande, ti permette spesso di superare quel distacco o quella diffidenza tra il pubblico ed il privato e sicuramente ti aiuta a creare maggior collaborazione e voglia di risolvere i problemi insieme.<\/p><\/blockquote>\n<p>N&#8217;\u00e0utra sman-a a s&#8217;ancamin-a. I soma tuti invit\u00e0. E d\u00e0it che mi im ric\u00f2rd bin <a href=\"https:\/\/giannidavico.it\/brainfood\/2014\/02\/10\/i-luoghi-dellanima\/\" title=\"I luoghi dell\u2019anima\">le bele sensassion<\/a> ch&#8217;a l&#8217;av\u00eca dame la serie &#8216;d conferense prima &#8216;d costa, i pijerai la stra p\u00ebr Coni p\u00ebr and\u00e9 a sente.<\/p>\n","protected":false},"excerpt":{"rendered":"<p><a href=\"https:\/\/giannidavico.it\/gopiedmont\/files\/2014\/11\/modo.jpg\"><img loading=\"lazy\" src=\"https:\/\/giannidavico.it\/gopiedmont\/files\/2014\/11\/modo-300x169.jpg\" alt=\"modo\" width=\"300\" height=\"169\" class=\"alignright size-medium wp-image-2662\" srcset=\"https:\/\/giannidavico.it\/gopiedmont\/files\/2014\/11\/modo-300x169.jpg 300w, https:\/\/giannidavico.it\/gopiedmont\/files\/2014\/11\/modo.jpg 640w\" sizes=\"(max-width: 300px) 100vw, 300px\" \/><\/a><br \/> Scrive na lenga, nen mach parlela, a l&#8217;\u00e9 fondamental. Ant j&#8217;agn sinquanta Sergio Arneodo, creator e ancheuj \u00e0nima spiritual \u00ebd <a href=\"http:\/\/www.coumboscuro.org\/index.php\" title=\"Coumboscuro Centre Prouven\u00e7al\" target=\"_blank\">Coumboscuro<\/a>, a l&#8217;av\u00eca dit ai s\u00f2 anlev:<\/p>\n<p>Encu\u00e9i coumens\u00e9 a escrive dec\u00f2 ent\u00e9 la lengo que vous a moustr\u00e0 vosto maire.<\/p>\n<p>Parl\u00e9, parl\u00e9 naturalment a l&#8217;\u00e9 important (la p\u00ec part dle manifestassion \u00ebd na lenga a son parl\u00e0 e nen \u00ebscrite, as capiss). Ma scrive a veul d\u00ec f\u00e9 un pass \u00ebd p\u00ec, and\u00e9 un p\u00f2ch p\u00ec \u00ebn l\u00e0, cap\u00ec un p\u00f2ch \u2013 bele se p\u00f2ch, a-i na f\u00e0 gnente \u2013 \u00ebd p\u00ec \u00ebd na lenga e donca &#8216;d na coltura, \u00ebd na comunit\u00e0 spant\u00eca come cola piemont\u00e8isa. (E toa lenga mare, na vira ch&#8217;a l&#8217;\u00e9 andrinta &#8216;d ti \u2013 e p\u00ebr tanti &#8216;d noi\u00e0utri a l&#8217;\u00e9 andrinta &#8216;d noi da quand ch&#8217;i soma na, bon ben prima che l&#8217;italian \u2013 a resta p\u00ebr sempe, as perd nen p\u00ebrch\u00e8 a peul nen perdse, sta tranquil.)<\/p>\n<p>Bin, adess Mauro Arneodo, <em>figlio di tanto padre<\/em>, a l&#8217;ha organis\u00e0 na serie d&#8217;ancontr pr\u00f2pi p\u00ebr parl\u00e9 \u00ebd cost argoment. [\u2026] <a class=\"moretag\" href=\"https:\/\/giannidavico.it\/gopiedmont\/2014\/11\/19\/le-lingue-doc-la-liberta-di-esprimersi-a-nosto-modo-nella-pubblica-amministrazione\/\">continua a leggere \u00bb<\/a><\/p>\n","protected":false},"author":4,"featured_media":0,"comment_status":"open","ping_status":"open","sticky":false,"template":"","format":"standard","meta":[],"categories":[130],"tags":[131,107],"yoast_head":"<!-- This site is optimized with the Yoast SEO plugin v19.14 - https:\/\/yoast.com\/wordpress\/plugins\/seo\/ -->\n<title>Le lingue d\u2019oc: la libert\u00e0 di esprimersi a \u201cnosto modo\u201c nella pubblica amministrazione - Go Piedmont<\/title>\n<meta name=\"robots\" content=\"index, follow, max-snippet:-1, max-image-preview:large, max-video-preview:-1\" \/>\n<link rel=\"canonical\" href=\"https:\/\/giannidavico.it\/gopiedmont\/2014\/11\/19\/le-lingue-doc-la-liberta-di-esprimersi-a-nosto-modo-nella-pubblica-amministrazione\/\" \/>\n<meta property=\"og:locale\" content=\"it_IT\" \/>\n<meta property=\"og:type\" content=\"article\" \/>\n<meta property=\"og:title\" content=\"Le lingue d\u2019oc: la libert\u00e0 di esprimersi a \u201cnosto modo\u201c nella pubblica amministrazione - Go Piedmont\" \/>\n<meta property=\"og:description\" content=\"Scrive na lenga, nen mach parlela, a l&#8217;\u00e9 fondamental. Ant j&#8217;agn sinquanta Sergio Arneodo, creator e ancheuj \u00e0nima spiritual \u00ebd Coumboscuro, a l&#8217;av\u00eca dit ai s\u00f2 anlev: Encu\u00e9i coumens\u00e9 a escrive dec\u00f2 ent\u00e9 la lengo que vous a moustr\u00e0 vosto maire. Parl\u00e9, parl\u00e9 naturalment a l&#8217;\u00e9 important (la p\u00ec part dle manifestassion \u00ebd na lenga a son parl\u00e0 e nen \u00ebscrite, as capiss). Ma scrive a veul d\u00ec f\u00e9 un pass \u00ebd p\u00ec, and\u00e9 un p\u00f2ch p\u00ec \u00ebn l\u00e0, cap\u00ec un p\u00f2ch \u2013 bele se p\u00f2ch, a-i na f\u00e0 gnente \u2013 \u00ebd p\u00ec \u00ebd na lenga e donca &#8216;d na coltura, \u00ebd na comunit\u00e0 spant\u00eca come cola piemont\u00e8isa. (E toa lenga mare, na vira ch&#8217;a l&#8217;\u00e9 andrinta &#8216;d ti \u2013 e p\u00ebr tanti &#8216;d noi\u00e0utri a l&#8217;\u00e9 andrinta &#8216;d noi da quand ch&#8217;i soma na, bon ben prima che l&#8217;italian \u2013 a resta p\u00ebr sempe, as perd nen p\u00ebrch\u00e8 a peul nen perdse, sta tranquil.) Bin, adess Mauro Arneodo, figlio di tanto padre, a l&#8217;ha organis\u00e0 na serie d&#8217;ancontr pr\u00f2pi p\u00ebr parl\u00e9 \u00ebd cost argoment. [\u2026] continua a leggere \u00bb\" \/>\n<meta property=\"og:url\" content=\"https:\/\/giannidavico.it\/gopiedmont\/2014\/11\/19\/le-lingue-doc-la-liberta-di-esprimersi-a-nosto-modo-nella-pubblica-amministrazione\/\" \/>\n<meta property=\"og:site_name\" content=\"Go Piedmont\" \/>\n<meta property=\"article:published_time\" content=\"2014-11-19T10:40:25+00:00\" \/>\n<meta property=\"article:modified_time\" content=\"2015-03-12T09:58:18+00:00\" \/>\n<meta property=\"og:image\" content=\"https:\/\/giannidavico.it\/gopiedmont\/files\/2014\/11\/modo-300x169.jpg\" \/>\n<meta name=\"author\" content=\"giannidavico\" \/>\n<meta name=\"twitter:card\" content=\"summary_large_image\" \/>\n<meta name=\"twitter:label1\" content=\"Scritto da\" \/>\n\t<meta name=\"twitter:data1\" content=\"giannidavico\" \/>\n\t<meta name=\"twitter:label2\" content=\"Tempo di lettura stimato\" \/>\n\t<meta name=\"twitter:data2\" content=\"2 minuti\" \/>\n<script type=\"application\/ld+json\" class=\"yoast-schema-graph\">{\"@context\":\"https:\/\/schema.org\",\"@graph\":[{\"@type\":\"WebPage\",\"@id\":\"https:\/\/giannidavico.it\/gopiedmont\/2014\/11\/19\/le-lingue-doc-la-liberta-di-esprimersi-a-nosto-modo-nella-pubblica-amministrazione\/\",\"url\":\"https:\/\/giannidavico.it\/gopiedmont\/2014\/11\/19\/le-lingue-doc-la-liberta-di-esprimersi-a-nosto-modo-nella-pubblica-amministrazione\/\",\"name\":\"Le lingue d\u2019oc: la libert\u00e0 di esprimersi a \u201cnosto modo\u201c nella pubblica amministrazione - Go Piedmont\",\"isPartOf\":{\"@id\":\"https:\/\/giannidavico.it\/gopiedmont\/#website\"},\"datePublished\":\"2014-11-19T10:40:25+00:00\",\"dateModified\":\"2015-03-12T09:58:18+00:00\",\"author\":{\"@id\":\"https:\/\/giannidavico.it\/gopiedmont\/#\/schema\/person\/ea1fd17d8f2dba325f3712219efa8f77\"},\"inLanguage\":\"it-IT\",\"potentialAction\":[{\"@type\":\"ReadAction\",\"target\":[\"https:\/\/giannidavico.it\/gopiedmont\/2014\/11\/19\/le-lingue-doc-la-liberta-di-esprimersi-a-nosto-modo-nella-pubblica-amministrazione\/\"]}]},{\"@type\":\"WebSite\",\"@id\":\"https:\/\/giannidavico.it\/gopiedmont\/#website\",\"url\":\"https:\/\/giannidavico.it\/gopiedmont\/\",\"name\":\"Go Piedmont\",\"description\":\"pens\u00e9 dzora l\u00ecber, event e p\u00ebrson-e grop\u00e0 al Piemont e a la lenga piemont\u00e8isa\",\"potentialAction\":[{\"@type\":\"SearchAction\",\"target\":{\"@type\":\"EntryPoint\",\"urlTemplate\":\"https:\/\/giannidavico.it\/gopiedmont\/?s={search_term_string}\"},\"query-input\":\"required name=search_term_string\"}],\"inLanguage\":\"it-IT\"},{\"@type\":\"Person\",\"@id\":\"https:\/\/giannidavico.it\/gopiedmont\/#\/schema\/person\/ea1fd17d8f2dba325f3712219efa8f77\",\"name\":\"giannidavico\",\"image\":{\"@type\":\"ImageObject\",\"inLanguage\":\"it-IT\",\"@id\":\"https:\/\/giannidavico.it\/gopiedmont\/#\/schema\/person\/image\/\",\"url\":\"https:\/\/secure.gravatar.com\/avatar\/337748753d882602f3038b55fb369ba1?s=96&d=mm&r=g\",\"contentUrl\":\"https:\/\/secure.gravatar.com\/avatar\/337748753d882602f3038b55fb369ba1?s=96&d=mm&r=g\",\"caption\":\"giannidavico\"},\"url\":\"https:\/\/giannidavico.it\/gopiedmont\/author\/giannidavico\/\"}]}<\/script>\n<!-- \/ Yoast SEO plugin. -->","yoast_head_json":{"title":"Le lingue d\u2019oc: la libert\u00e0 di esprimersi a \u201cnosto modo\u201c nella pubblica amministrazione - Go Piedmont","robots":{"index":"index","follow":"follow","max-snippet":"max-snippet:-1","max-image-preview":"max-image-preview:large","max-video-preview":"max-video-preview:-1"},"canonical":"https:\/\/giannidavico.it\/gopiedmont\/2014\/11\/19\/le-lingue-doc-la-liberta-di-esprimersi-a-nosto-modo-nella-pubblica-amministrazione\/","og_locale":"it_IT","og_type":"article","og_title":"Le lingue d\u2019oc: la libert\u00e0 di esprimersi a \u201cnosto modo\u201c nella pubblica amministrazione - Go Piedmont","og_description":"Scrive na lenga, nen mach parlela, a l&#8217;\u00e9 fondamental. Ant j&#8217;agn sinquanta Sergio Arneodo, creator e ancheuj \u00e0nima spiritual \u00ebd Coumboscuro, a l&#8217;av\u00eca dit ai s\u00f2 anlev: Encu\u00e9i coumens\u00e9 a escrive dec\u00f2 ent\u00e9 la lengo que vous a moustr\u00e0 vosto maire. Parl\u00e9, parl\u00e9 naturalment a l&#8217;\u00e9 important (la p\u00ec part dle manifestassion \u00ebd na lenga a son parl\u00e0 e nen \u00ebscrite, as capiss). Ma scrive a veul d\u00ec f\u00e9 un pass \u00ebd p\u00ec, and\u00e9 un p\u00f2ch p\u00ec \u00ebn l\u00e0, cap\u00ec un p\u00f2ch \u2013 bele se p\u00f2ch, a-i na f\u00e0 gnente \u2013 \u00ebd p\u00ec \u00ebd na lenga e donca &#8216;d na coltura, \u00ebd na comunit\u00e0 spant\u00eca come cola piemont\u00e8isa. (E toa lenga mare, na vira ch&#8217;a l&#8217;\u00e9 andrinta &#8216;d ti \u2013 e p\u00ebr tanti &#8216;d noi\u00e0utri a l&#8217;\u00e9 andrinta &#8216;d noi da quand ch&#8217;i soma na, bon ben prima che l&#8217;italian \u2013 a resta p\u00ebr sempe, as perd nen p\u00ebrch\u00e8 a peul nen perdse, sta tranquil.) Bin, adess Mauro Arneodo, figlio di tanto padre, a l&#8217;ha organis\u00e0 na serie d&#8217;ancontr pr\u00f2pi p\u00ebr parl\u00e9 \u00ebd cost argoment. [\u2026] continua a leggere \u00bb","og_url":"https:\/\/giannidavico.it\/gopiedmont\/2014\/11\/19\/le-lingue-doc-la-liberta-di-esprimersi-a-nosto-modo-nella-pubblica-amministrazione\/","og_site_name":"Go Piedmont","article_published_time":"2014-11-19T10:40:25+00:00","article_modified_time":"2015-03-12T09:58:18+00:00","og_image":[{"url":"https:\/\/giannidavico.it\/gopiedmont\/files\/2014\/11\/modo-300x169.jpg"}],"author":"giannidavico","twitter_card":"summary_large_image","twitter_misc":{"Scritto da":"giannidavico","Tempo di lettura stimato":"2 minuti"},"schema":{"@context":"https:\/\/schema.org","@graph":[{"@type":"WebPage","@id":"https:\/\/giannidavico.it\/gopiedmont\/2014\/11\/19\/le-lingue-doc-la-liberta-di-esprimersi-a-nosto-modo-nella-pubblica-amministrazione\/","url":"https:\/\/giannidavico.it\/gopiedmont\/2014\/11\/19\/le-lingue-doc-la-liberta-di-esprimersi-a-nosto-modo-nella-pubblica-amministrazione\/","name":"Le lingue d\u2019oc: la libert\u00e0 di esprimersi a \u201cnosto modo\u201c nella pubblica amministrazione - Go Piedmont","isPartOf":{"@id":"https:\/\/giannidavico.it\/gopiedmont\/#website"},"datePublished":"2014-11-19T10:40:25+00:00","dateModified":"2015-03-12T09:58:18+00:00","author":{"@id":"https:\/\/giannidavico.it\/gopiedmont\/#\/schema\/person\/ea1fd17d8f2dba325f3712219efa8f77"},"inLanguage":"it-IT","potentialAction":[{"@type":"ReadAction","target":["https:\/\/giannidavico.it\/gopiedmont\/2014\/11\/19\/le-lingue-doc-la-liberta-di-esprimersi-a-nosto-modo-nella-pubblica-amministrazione\/"]}]},{"@type":"WebSite","@id":"https:\/\/giannidavico.it\/gopiedmont\/#website","url":"https:\/\/giannidavico.it\/gopiedmont\/","name":"Go Piedmont","description":"pens\u00e9 dzora l\u00ecber, event e p\u00ebrson-e grop\u00e0 al Piemont e a la lenga piemont\u00e8isa","potentialAction":[{"@type":"SearchAction","target":{"@type":"EntryPoint","urlTemplate":"https:\/\/giannidavico.it\/gopiedmont\/?s={search_term_string}"},"query-input":"required name=search_term_string"}],"inLanguage":"it-IT"},{"@type":"Person","@id":"https:\/\/giannidavico.it\/gopiedmont\/#\/schema\/person\/ea1fd17d8f2dba325f3712219efa8f77","name":"giannidavico","image":{"@type":"ImageObject","inLanguage":"it-IT","@id":"https:\/\/giannidavico.it\/gopiedmont\/#\/schema\/person\/image\/","url":"https:\/\/secure.gravatar.com\/avatar\/337748753d882602f3038b55fb369ba1?s=96&d=mm&r=g","contentUrl":"https:\/\/secure.gravatar.com\/avatar\/337748753d882602f3038b55fb369ba1?s=96&d=mm&r=g","caption":"giannidavico"},"url":"https:\/\/giannidavico.it\/gopiedmont\/author\/giannidavico\/"}]}},"_links":{"self":[{"href":"https:\/\/giannidavico.it\/gopiedmont\/wp-json\/wp\/v2\/posts\/2506"}],"collection":[{"href":"https:\/\/giannidavico.it\/gopiedmont\/wp-json\/wp\/v2\/posts"}],"about":[{"href":"https:\/\/giannidavico.it\/gopiedmont\/wp-json\/wp\/v2\/types\/post"}],"author":[{"embeddable":true,"href":"https:\/\/giannidavico.it\/gopiedmont\/wp-json\/wp\/v2\/users\/4"}],"replies":[{"embeddable":true,"href":"https:\/\/giannidavico.it\/gopiedmont\/wp-json\/wp\/v2\/comments?post=2506"}],"version-history":[{"count":4,"href":"https:\/\/giannidavico.it\/gopiedmont\/wp-json\/wp\/v2\/posts\/2506\/revisions"}],"predecessor-version":[{"id":2663,"href":"https:\/\/giannidavico.it\/gopiedmont\/wp-json\/wp\/v2\/posts\/2506\/revisions\/2663"}],"wp:attachment":[{"href":"https:\/\/giannidavico.it\/gopiedmont\/wp-json\/wp\/v2\/media?parent=2506"}],"wp:term":[{"taxonomy":"category","embeddable":true,"href":"https:\/\/giannidavico.it\/gopiedmont\/wp-json\/wp\/v2\/categories?post=2506"},{"taxonomy":"post_tag","embeddable":true,"href":"https:\/\/giannidavico.it\/gopiedmont\/wp-json\/wp\/v2\/tags?post=2506"}],"curies":[{"name":"wp","href":"https:\/\/api.w.org\/{rel}","templated":true}]}}