{"id":2514,"date":"2014-11-26T06:00:30","date_gmt":"2014-11-26T05:00:30","guid":{"rendered":"https:\/\/giannidavico.it\/staging\/gopiedmont\/?p=2514"},"modified":"2015-02-19T08:58:30","modified_gmt":"2015-02-19T07:58:30","slug":"parole","status":"publish","type":"post","link":"https:\/\/giannidavico.it\/gopiedmont\/2014\/11\/26\/parole\/","title":{"rendered":"Par\u00f2le"},"content":{"rendered":"<p><a href=\"https:\/\/giannidavico.it\/gopiedmont\/files\/2014\/11\/festa.jpg\"><img loading=\"lazy\" src=\"https:\/\/giannidavico.it\/gopiedmont\/files\/2014\/11\/festa-300x158.jpg\" alt=\"festa\" width=\"300\" height=\"158\" class=\"alignright size-medium wp-image-2517\" srcset=\"https:\/\/giannidavico.it\/gopiedmont\/files\/2014\/11\/festa-300x158.jpg 300w, https:\/\/giannidavico.it\/gopiedmont\/files\/2014\/11\/festa.jpg 997w\" sizes=\"(max-width: 300px) 100vw, 300px\" \/><\/a><br \/>\nPian\u00ebssa, 22 nov\u00e8mber 2014. <em>La Cattedra delle Parole: d<\/em><em>ialoghi intorno alla lingua e alla letteratura in piemontese.<\/em> Ch&#8217;a sar\u00eca com d\u00ec un r\u00ebscontr an sl\u00eb stat dla lenga piemont\u00e8isa. \u00cbl prim d\u00f2p a tanti agn.<\/p>\n<p>E mi d\u00f2p a tant temp i l&#8217;hai tante r\u00f2be da d\u00ec ansima al &#8220;m\u00e8&#8221; piemont\u00e8is. An cost r\u00ebscontr i l&#8217;hai <em>sent\u00ec <\/em>tante r\u00f2be, vibrassion, nostalg\u00ece, f\u00f2rsa, tante emossion ch&#8217;i l&#8217;hai prov\u00e0 a but\u00e9 an par\u00f2le scrite.<\/p>\n<p>I s\u00ebrch d&#8217;and\u00e9 con ordin.<\/p>\n<p>Pen-a ruv\u00e0, anvers tre b\u00f2t d\u00ebl d\u00f2p-mesd\u00ec (i ciam \u00ebscusa, a sar\u00eca piasume partissip\u00e9 a la giorn\u00e0 antrega ma ant l&#8217;istess di mia &#8220;cita granda&#8221; a comp\u00eca quindes agn, e c\u00f2 chila a reclama s\u00f2 temp), i l&#8217;hai vist Davide Damilano ch&#8217;a l&#8217;av\u00eca giusta termin\u00e0 s\u00f2 intervent. Im set davsin a chiel e s\u00f9bit dar\u00e9 a Emanuele Miola e Simon Uslengh, che naturalment am ciamo s&#8217;i l&#8217;hai port\u00e0 \u00ebl <a href=\"https:\/\/www.facebook.com\/video.php?v=10203582125046136\" title=\"Lumin\">lumin<\/a>.<\/p>\n<p>Michel dij Bonav\u00e9 a tira f\u00f2ra na par\u00f2la ch&#8217;am arc\u00f2rda quaic\u00f2s: <em>braida<\/em>. (Peui <a href=\"https:\/\/giannidavico.it\/gopiedmont\/2013\/11\/13\/braida\/\" title=\"Braida\">i l&#8217;hai cap\u00ec p\u00ebrch\u00e8<\/a>.)<\/p>\n<p>Enzo, Enzo Vacca a l&#8217;ha parl\u00e0 d&#8217;un problema ch&#8217;a l&#8217;ha av\u00f9, \u00ebd nen riesse a cap\u00ec na poes\u00eca &#8216;d Bianca Dorato:<\/p>\n<blockquote><p>I son anmaginame mia n\u00f2na ch&#8217;am la dis\u00eca, la poes\u00eca &#8216;d Bianca. E i son ancorsume &#8216;d na c\u00f2sa dr\u00f2la: che tante, tante par\u00f2le a j&#8217;ero gi\u00e0 &#8216;ndrinta &#8216;d mi. E alora i l&#8217;hai ancamin\u00e0 a cap\u00ec quaic\u00f2s.<\/p><\/blockquote>\n<p><a href=\"https:\/\/giannidavico.it\/gopiedmont\/files\/2014\/11\/Enzo.jpg\"><img loading=\"lazy\" src=\"https:\/\/giannidavico.it\/gopiedmont\/files\/2014\/11\/Enzo-300x261.jpg\" alt=\"Enzo\" width=\"300\" height=\"261\" class=\"alignleft size-medium wp-image-2518\" srcset=\"https:\/\/giannidavico.it\/gopiedmont\/files\/2014\/11\/Enzo-300x261.jpg 300w, https:\/\/giannidavico.it\/gopiedmont\/files\/2014\/11\/Enzo.jpg 881w\" sizes=\"(max-width: 300px) 100vw, 300px\" \/><\/a><br \/>\nE d\u00ebl but a l&#8217;ha dit:<\/p>\n<blockquote><p>I deuv but\u00e9 an m\u00f9sica l\u00f2n che Bianca a l&#8217;ha dime, tirandme un pugn ant l\u00eb st\u00f2mi.<\/p><\/blockquote>\n<p>Emanuele Miola a l&#8217;ha parl\u00e0 dle diferense an tra &#8216;l piemont\u00e8is d\u00ebl 2000 e col d&#8217;ancheuj. I l&#8217;hai nen cap\u00ec bin l\u00f2n ch&#8217;a l&#8217;ha dit (bele s&#8217;i son segname dle note: &#8220;pianificassion lengh\u00ecstica&#8221;, &#8220;a ciaciaro &gt; a scrivo&#8221;, &#8220;diferense parl\u00e0\/scrit&#8221;), p\u00ebrch\u00e8 d\u00ebl 2000 mi i l&#8217;av\u00eca 33 agn, e tanta part d\u00ebl m\u00e8 rap\u00f2rt con \u00ebl piemont\u00e8is p\u00f9blich a j&#8217;era d\u00ebdl\u00e0 da vn\u00ec, ma mi i son sempe mi. Andrinta &#8216;d mi i pensava ma com? \u00cbl 2000 a l&#8217;\u00e9 <em>adess<\/em>, com a l&#8217;\u00e9 poss\u00ecbil ch&#8217;as na parla coma d\u00ebl pass\u00e0?<\/p>\n<p>A l&#8217;\u00e9 passame d\u00ebdnans a j&#8217;euj na litra ch&#8217;i l&#8217;av\u00eca scrit-je a Tavo Burat a f\u00ebrv\u00e9 d\u00ebl 2006, ant\u00e9 che tra dj&#8217;\u00e0utre r\u00f2be i-j dis\u00eca:<\/p>\n<blockquote><p>Da \u00f9ltim, i vorr\u00eca ancor dite che mentre ch\u2019it parlave i l\u2019hai segname dle par\u00f2le: \u00abs-ciancacheur\u00bb, \u00abarvangia\u00bb, \u00abciac\u00f2t\u00bb, \u00abarchengh\u00bb. I l\u2019hai segnaje sensa un but particolar, mach p\u00ebrch\u00e8 a l\u2019han colpime man a man ch\u2019it j\u00eb dis\u00ece; ma a lesje adess a m\u00eb smija che a ven-o a compon-e \u00ebl qu\u00e0der d\u00ebl piemont\u00e8is d\u2019ancheuj, miraco d\u00ebl piemont\u00e8is \u00ebd sempe.<\/p><\/blockquote>\n<p>S\u00f9bit d\u00f2p a l&#8217;ha parl\u00e0 Fransesch Rubat Borel, e &#8216;l qu\u00e0der a l&#8217;\u00e9 completasse. Gi\u00e0, p\u00ebrch\u00e8 chiel a l&#8217;ha tir\u00e0 f\u00f2ra &#8216;l problema dla vitalit\u00e0 d\u00ebl piemont\u00e8is. A l&#8217;ha dit che &#8216;l piemont\u00e8is a l&#8217;\u00e9 divent\u00e0 na &#8220;crosta&#8221;, visad\u00ec quaic\u00f2s ant\u00e9 che sota a-i \u00e9 bin p\u00f2ch. Ij parlant, chiel a dis, a son meno che un milion; e c\u00f2 l&#8217;esplosion an sla ragn\u00e0 d\u00ebl piemont\u00e8is a l&#8217;\u00e9 un sintom d&#8217;un malesse (apunto p\u00ebrch\u00e8 che dar\u00e9 a-i \u00e9 bin p\u00f2ch).<\/p>\n<p>Ansoma, chiel a dis, is parloma tra &#8216;d noi\u00e0utri ambalin\u00e0, ma &#8216;d sostansa a-i na j&#8217;\u00e9 nen.<\/p>\n<p>T\u00f2jo Fnoj (che, a venta ch&#8217;i lo dija, a l&#8217;\u00e9 la p\u00ebrson-a p\u00ebr la qual prinsipalment i l&#8217;hai vors\u00f9 and\u00e9 al r\u00ebscontr \u2013 p\u00ebr soa simpatia, soa amicissia, soa afabilit\u00e0, s\u00f2 esse un giovo p\u00ec giovo &#8216;d tanti \u00e0utri) a l&#8217;ha coment\u00e0:<\/p>\n<blockquote><p>Sente d\u00ec na r\u00f2ba par\u00e8j da un giovo a l&#8217;\u00e9 preocupant &#8211; ma a l&#8217;\u00e9 la vrit\u00e0.<\/p><\/blockquote>\n<p>Un moment, per\u00f2. Un moment!<\/p>\n<p>Albina a l&#8217;ha dit:<\/p>\n<blockquote><p>La vita a l&#8217;\u00e9 sempe un p\u00f2ch na question \u00ebd resistensa.<\/p><\/blockquote>\n<p>E a l&#8217;ha giont\u00e0:<\/p>\n<blockquote><p>I soma s\u00ec p\u00ebr disse che le c\u00f2se a l&#8217;\u00e9 nen ch&#8217;a vado bin, ma i soma s\u00ec p\u00ebr resiste.<\/p><\/blockquote>\n<p>Com ch&#8217;i l&#8217;hai dit an p\u00ec \u00ebd n&#8217;ocasion, se an tuta la mia vita mi i pod\u00e8issa f\u00e9 la met\u00e0 dla met\u00e0 dla met\u00e0 \u00ebd l\u00f2n ch&#8217;a l&#8217;ha f\u00e0it Albina p\u00ebr \u00ebl piemont\u00e8is, i sar\u00eca gi\u00e0 p\u00ec che content. (E n\u00f2, gnun at dir\u00e0 mai c\u00f2s f\u00e9 o c\u00f2s f\u00e9 prima, n\u00ec gnun at arcompenser\u00e0). <a href=\"https:\/\/giannidavico.it\/gopiedmont\/2014\/05\/28\/vintesingh-rari-nantes-a-sente-dje-stranot\/\" title=\"Vintesingh rari nantes a sente dj\u00eb stran\u00f2t\">Per\u00f2<\/a>:<\/p>\n<blockquote><p>A l\u2019ha ancor sens, d\u00ebl 2014, ancontresse p\u00ebr parl\u00e9 d\u00ebl piemont\u00e8is? I son nen sigur \u00ebd sav\u00e8j la risp\u00f2sta; ma peui pen-a vintr\u00e0 a la Ca d\u00eb Studi am ven ancontra T\u00f2jo Fnoj e s\u00f2 soris, am saluta e am ambrassa, am tira con grinor e bel deuit j\u2019orije p\u00ebrch\u00e8 ch\u2019i but l\u2019ingl\u00e8is tac\u00e0 a n\u00f2sta lenga. E alora i capiss p\u00ebrch\u00e8 i-i but tant temp a f\u00e9 \u00ebd r\u00f2be che p\u00ebr \u00ebl mond a l\u2019han gnun valor.<\/p><\/blockquote>\n<p>Donca:<\/p>\n<p>1) al mond a-i \u00e9 \u00ebl soris \u00ebd T\u00f2jo Fnoj;<\/p>\n<p>2) mi i l&#8217;hai conoss\u00f9 p\u00ebrsonalment Barba T\u00f2ni, GianRens Clivio, Tavo Burat;<\/p>\n<p>3) i son st\u00e0it ancoragi\u00e0 da Albina Malerba quand ch&#8217;i j&#8217;era &#8220;mach&#8221; n\u00eb student;<\/p>\n<p>4) e via f\u00f2rt.<\/p>\n<p>Alora, anterpretand le par\u00f2le d&#8217;Albina, i dirai:<\/p>\n<blockquote><p>Foma. Falo. F\u00e9.<\/p><\/blockquote>\n<p>A l&#8217;\u00e9 tut s\u00ec. <em>Mach<\/em> tut s\u00ec.<\/p>\n","protected":false},"excerpt":{"rendered":"<p><a href=\"https:\/\/giannidavico.it\/gopiedmont\/files\/2014\/11\/festa.jpg\"><img loading=\"lazy\" src=\"https:\/\/giannidavico.it\/gopiedmont\/files\/2014\/11\/festa-300x158.jpg\" alt=\"festa\" width=\"300\" height=\"158\" class=\"alignright size-medium wp-image-2517\" srcset=\"https:\/\/giannidavico.it\/gopiedmont\/files\/2014\/11\/festa-300x158.jpg 300w, https:\/\/giannidavico.it\/gopiedmont\/files\/2014\/11\/festa.jpg 997w\" sizes=\"(max-width: 300px) 100vw, 300px\" \/><\/a><br \/> Pian\u00ebssa, 22 nov\u00e8mber 2014. <em>La Cattedra delle Parole: d<\/em><em>ialoghi intorno alla lingua e alla letteratura in piemontese.<\/em> Ch&#8217;a sar\u00eca com d\u00ec un r\u00ebscontr an sl\u00eb stat dla lenga piemont\u00e8isa. \u00cbl prim d\u00f2p a tanti agn.<\/p>\n<p>E mi d\u00f2p a tant temp i l&#8217;hai tante r\u00f2be da d\u00ec ansima al &#8220;m\u00e8&#8221; piemont\u00e8is. An cost r\u00ebscontr i l&#8217;hai <em>sent\u00ec <\/em>tante r\u00f2be, vibrassion, nostalg\u00ece, f\u00f2rsa, tante emossion ch&#8217;i l&#8217;hai prov\u00e0 a but\u00e9 an par\u00f2le scrite.<\/p>\n<p>I s\u00ebrch d&#8217;and\u00e9 con ordin.<\/p>\n<p>Pen-a ruv\u00e0, anvers tre b\u00f2t d\u00ebl d\u00f2p-mesd\u00ec (i ciam \u00ebscusa, a sar\u00eca piasume partissip\u00e9 a la giorn\u00e0 antrega ma ant l&#8217;istess di mia &#8220;cita granda&#8221; a comp\u00eca quindes agn, e c\u00f2 chila a reclama s\u00f2 temp), i l&#8217;hai vist Davide Damilano ch&#8217;a l&#8217;av\u00eca giusta termin\u00e0 s\u00f2 intervent. Im set davsin a chiel e s\u00f9bit dar\u00e9 a Emanuele Miola e Simon Uslengh, che naturalment am ciamo s&#8217;i l&#8217;hai port\u00e0 \u00ebl <a href=\"https:\/\/www.facebook.com\/video.php?v=10203582125046136\" title=\"Lumin\">lumin<\/a>.<\/p>\n<p>Michel dij Bonav\u00e9 a tira f\u00f2ra na par\u00f2la ch&#8217;am arc\u00f2rda quaic\u00f2s: <em>braida<\/em>. (Peui <a href=\"https:\/\/giannidavico.it\/gopiedmont\/2013\/11\/13\/braida\/\" title=\"Braida\">i l&#8217;hai cap\u00ec p\u00ebrch\u00e8<\/a>.)<\/p>\n<p>Enzo, Enzo Vacca a l&#8217;ha parl\u00e0 d&#8217;un problema ch&#8217;a l&#8217;ha av\u00f9, \u00ebd [\u2026] <a class=\"moretag\" href=\"https:\/\/giannidavico.it\/gopiedmont\/2014\/11\/26\/parole\/\">continua a leggere \u00bb<\/a><\/p>\n","protected":false},"author":4,"featured_media":0,"comment_status":"open","ping_status":"open","sticky":false,"template":"","format":"standard","meta":[],"categories":[130],"tags":[131,107],"yoast_head":"<!-- This site is optimized with the Yoast SEO plugin v19.14 - https:\/\/yoast.com\/wordpress\/plugins\/seo\/ -->\n<title>Par\u00f2le - Go Piedmont<\/title>\n<meta name=\"robots\" content=\"index, follow, max-snippet:-1, max-image-preview:large, max-video-preview:-1\" \/>\n<link rel=\"canonical\" href=\"https:\/\/giannidavico.it\/gopiedmont\/2014\/11\/26\/parole\/\" \/>\n<meta property=\"og:locale\" content=\"it_IT\" \/>\n<meta property=\"og:type\" content=\"article\" \/>\n<meta property=\"og:title\" content=\"Par\u00f2le - Go Piedmont\" \/>\n<meta property=\"og:description\" content=\"Pian\u00ebssa, 22 nov\u00e8mber 2014. La Cattedra delle Parole: dialoghi intorno alla lingua e alla letteratura in piemontese. Ch&#8217;a sar\u00eca com d\u00ec un r\u00ebscontr an sl\u00eb stat dla lenga piemont\u00e8isa. \u00cbl prim d\u00f2p a tanti agn. E mi d\u00f2p a tant temp i l&#8217;hai tante r\u00f2be da d\u00ec ansima al &#8220;m\u00e8&#8221; piemont\u00e8is. An cost r\u00ebscontr i l&#8217;hai sent\u00ec tante r\u00f2be, vibrassion, nostalg\u00ece, f\u00f2rsa, tante emossion ch&#8217;i l&#8217;hai prov\u00e0 a but\u00e9 an par\u00f2le scrite. I s\u00ebrch d&#8217;and\u00e9 con ordin. Pen-a ruv\u00e0, anvers tre b\u00f2t d\u00ebl d\u00f2p-mesd\u00ec (i ciam \u00ebscusa, a sar\u00eca piasume partissip\u00e9 a la giorn\u00e0 antrega ma ant l&#8217;istess di mia &#8220;cita granda&#8221; a comp\u00eca quindes agn, e c\u00f2 chila a reclama s\u00f2 temp), i l&#8217;hai vist Davide Damilano ch&#8217;a l&#8217;av\u00eca giusta termin\u00e0 s\u00f2 intervent. Im set davsin a chiel e s\u00f9bit dar\u00e9 a Emanuele Miola e Simon Uslengh, che naturalment am ciamo s&#8217;i l&#8217;hai port\u00e0 \u00ebl lumin. Michel dij Bonav\u00e9 a tira f\u00f2ra na par\u00f2la ch&#8217;am arc\u00f2rda quaic\u00f2s: braida. (Peui i l&#8217;hai cap\u00ec p\u00ebrch\u00e8.) Enzo, Enzo Vacca a l&#8217;ha parl\u00e0 d&#8217;un problema ch&#8217;a l&#8217;ha av\u00f9, \u00ebd [\u2026] continua a leggere \u00bb\" \/>\n<meta property=\"og:url\" content=\"https:\/\/giannidavico.it\/gopiedmont\/2014\/11\/26\/parole\/\" \/>\n<meta property=\"og:site_name\" content=\"Go Piedmont\" \/>\n<meta property=\"article:published_time\" content=\"2014-11-26T05:00:30+00:00\" \/>\n<meta property=\"article:modified_time\" content=\"2015-02-19T07:58:30+00:00\" \/>\n<meta property=\"og:image\" content=\"https:\/\/giannidavico.it\/gopiedmont\/files\/2014\/11\/festa-300x158.jpg\" \/>\n<meta name=\"author\" content=\"giannidavico\" \/>\n<meta name=\"twitter:card\" content=\"summary_large_image\" \/>\n<meta name=\"twitter:label1\" content=\"Scritto da\" \/>\n\t<meta name=\"twitter:data1\" content=\"giannidavico\" \/>\n\t<meta name=\"twitter:label2\" content=\"Tempo di lettura stimato\" \/>\n\t<meta name=\"twitter:data2\" content=\"5 minuti\" \/>\n<script type=\"application\/ld+json\" class=\"yoast-schema-graph\">{\"@context\":\"https:\/\/schema.org\",\"@graph\":[{\"@type\":\"WebPage\",\"@id\":\"https:\/\/giannidavico.it\/gopiedmont\/2014\/11\/26\/parole\/\",\"url\":\"https:\/\/giannidavico.it\/gopiedmont\/2014\/11\/26\/parole\/\",\"name\":\"Par\u00f2le - Go Piedmont\",\"isPartOf\":{\"@id\":\"https:\/\/giannidavico.it\/gopiedmont\/#website\"},\"datePublished\":\"2014-11-26T05:00:30+00:00\",\"dateModified\":\"2015-02-19T07:58:30+00:00\",\"author\":{\"@id\":\"https:\/\/giannidavico.it\/gopiedmont\/#\/schema\/person\/ea1fd17d8f2dba325f3712219efa8f77\"},\"inLanguage\":\"it-IT\",\"potentialAction\":[{\"@type\":\"ReadAction\",\"target\":[\"https:\/\/giannidavico.it\/gopiedmont\/2014\/11\/26\/parole\/\"]}]},{\"@type\":\"WebSite\",\"@id\":\"https:\/\/giannidavico.it\/gopiedmont\/#website\",\"url\":\"https:\/\/giannidavico.it\/gopiedmont\/\",\"name\":\"Go Piedmont\",\"description\":\"pens\u00e9 dzora l\u00ecber, event e p\u00ebrson-e grop\u00e0 al Piemont e a la lenga piemont\u00e8isa\",\"potentialAction\":[{\"@type\":\"SearchAction\",\"target\":{\"@type\":\"EntryPoint\",\"urlTemplate\":\"https:\/\/giannidavico.it\/gopiedmont\/?s={search_term_string}\"},\"query-input\":\"required name=search_term_string\"}],\"inLanguage\":\"it-IT\"},{\"@type\":\"Person\",\"@id\":\"https:\/\/giannidavico.it\/gopiedmont\/#\/schema\/person\/ea1fd17d8f2dba325f3712219efa8f77\",\"name\":\"giannidavico\",\"image\":{\"@type\":\"ImageObject\",\"inLanguage\":\"it-IT\",\"@id\":\"https:\/\/giannidavico.it\/gopiedmont\/#\/schema\/person\/image\/\",\"url\":\"https:\/\/secure.gravatar.com\/avatar\/337748753d882602f3038b55fb369ba1?s=96&d=mm&r=g\",\"contentUrl\":\"https:\/\/secure.gravatar.com\/avatar\/337748753d882602f3038b55fb369ba1?s=96&d=mm&r=g\",\"caption\":\"giannidavico\"},\"url\":\"https:\/\/giannidavico.it\/gopiedmont\/author\/giannidavico\/\"}]}<\/script>\n<!-- \/ Yoast SEO plugin. -->","yoast_head_json":{"title":"Par\u00f2le - Go Piedmont","robots":{"index":"index","follow":"follow","max-snippet":"max-snippet:-1","max-image-preview":"max-image-preview:large","max-video-preview":"max-video-preview:-1"},"canonical":"https:\/\/giannidavico.it\/gopiedmont\/2014\/11\/26\/parole\/","og_locale":"it_IT","og_type":"article","og_title":"Par\u00f2le - Go Piedmont","og_description":"Pian\u00ebssa, 22 nov\u00e8mber 2014. La Cattedra delle Parole: dialoghi intorno alla lingua e alla letteratura in piemontese. Ch&#8217;a sar\u00eca com d\u00ec un r\u00ebscontr an sl\u00eb stat dla lenga piemont\u00e8isa. \u00cbl prim d\u00f2p a tanti agn. E mi d\u00f2p a tant temp i l&#8217;hai tante r\u00f2be da d\u00ec ansima al &#8220;m\u00e8&#8221; piemont\u00e8is. An cost r\u00ebscontr i l&#8217;hai sent\u00ec tante r\u00f2be, vibrassion, nostalg\u00ece, f\u00f2rsa, tante emossion ch&#8217;i l&#8217;hai prov\u00e0 a but\u00e9 an par\u00f2le scrite. I s\u00ebrch d&#8217;and\u00e9 con ordin. Pen-a ruv\u00e0, anvers tre b\u00f2t d\u00ebl d\u00f2p-mesd\u00ec (i ciam \u00ebscusa, a sar\u00eca piasume partissip\u00e9 a la giorn\u00e0 antrega ma ant l&#8217;istess di mia &#8220;cita granda&#8221; a comp\u00eca quindes agn, e c\u00f2 chila a reclama s\u00f2 temp), i l&#8217;hai vist Davide Damilano ch&#8217;a l&#8217;av\u00eca giusta termin\u00e0 s\u00f2 intervent. Im set davsin a chiel e s\u00f9bit dar\u00e9 a Emanuele Miola e Simon Uslengh, che naturalment am ciamo s&#8217;i l&#8217;hai port\u00e0 \u00ebl lumin. Michel dij Bonav\u00e9 a tira f\u00f2ra na par\u00f2la ch&#8217;am arc\u00f2rda quaic\u00f2s: braida. (Peui i l&#8217;hai cap\u00ec p\u00ebrch\u00e8.) Enzo, Enzo Vacca a l&#8217;ha parl\u00e0 d&#8217;un problema ch&#8217;a l&#8217;ha av\u00f9, \u00ebd [\u2026] continua a leggere \u00bb","og_url":"https:\/\/giannidavico.it\/gopiedmont\/2014\/11\/26\/parole\/","og_site_name":"Go Piedmont","article_published_time":"2014-11-26T05:00:30+00:00","article_modified_time":"2015-02-19T07:58:30+00:00","og_image":[{"url":"https:\/\/giannidavico.it\/gopiedmont\/files\/2014\/11\/festa-300x158.jpg"}],"author":"giannidavico","twitter_card":"summary_large_image","twitter_misc":{"Scritto da":"giannidavico","Tempo di lettura stimato":"5 minuti"},"schema":{"@context":"https:\/\/schema.org","@graph":[{"@type":"WebPage","@id":"https:\/\/giannidavico.it\/gopiedmont\/2014\/11\/26\/parole\/","url":"https:\/\/giannidavico.it\/gopiedmont\/2014\/11\/26\/parole\/","name":"Par\u00f2le - Go Piedmont","isPartOf":{"@id":"https:\/\/giannidavico.it\/gopiedmont\/#website"},"datePublished":"2014-11-26T05:00:30+00:00","dateModified":"2015-02-19T07:58:30+00:00","author":{"@id":"https:\/\/giannidavico.it\/gopiedmont\/#\/schema\/person\/ea1fd17d8f2dba325f3712219efa8f77"},"inLanguage":"it-IT","potentialAction":[{"@type":"ReadAction","target":["https:\/\/giannidavico.it\/gopiedmont\/2014\/11\/26\/parole\/"]}]},{"@type":"WebSite","@id":"https:\/\/giannidavico.it\/gopiedmont\/#website","url":"https:\/\/giannidavico.it\/gopiedmont\/","name":"Go Piedmont","description":"pens\u00e9 dzora l\u00ecber, event e p\u00ebrson-e grop\u00e0 al Piemont e a la lenga piemont\u00e8isa","potentialAction":[{"@type":"SearchAction","target":{"@type":"EntryPoint","urlTemplate":"https:\/\/giannidavico.it\/gopiedmont\/?s={search_term_string}"},"query-input":"required name=search_term_string"}],"inLanguage":"it-IT"},{"@type":"Person","@id":"https:\/\/giannidavico.it\/gopiedmont\/#\/schema\/person\/ea1fd17d8f2dba325f3712219efa8f77","name":"giannidavico","image":{"@type":"ImageObject","inLanguage":"it-IT","@id":"https:\/\/giannidavico.it\/gopiedmont\/#\/schema\/person\/image\/","url":"https:\/\/secure.gravatar.com\/avatar\/337748753d882602f3038b55fb369ba1?s=96&d=mm&r=g","contentUrl":"https:\/\/secure.gravatar.com\/avatar\/337748753d882602f3038b55fb369ba1?s=96&d=mm&r=g","caption":"giannidavico"},"url":"https:\/\/giannidavico.it\/gopiedmont\/author\/giannidavico\/"}]}},"_links":{"self":[{"href":"https:\/\/giannidavico.it\/gopiedmont\/wp-json\/wp\/v2\/posts\/2514"}],"collection":[{"href":"https:\/\/giannidavico.it\/gopiedmont\/wp-json\/wp\/v2\/posts"}],"about":[{"href":"https:\/\/giannidavico.it\/gopiedmont\/wp-json\/wp\/v2\/types\/post"}],"author":[{"embeddable":true,"href":"https:\/\/giannidavico.it\/gopiedmont\/wp-json\/wp\/v2\/users\/4"}],"replies":[{"embeddable":true,"href":"https:\/\/giannidavico.it\/gopiedmont\/wp-json\/wp\/v2\/comments?post=2514"}],"version-history":[{"count":13,"href":"https:\/\/giannidavico.it\/gopiedmont\/wp-json\/wp\/v2\/posts\/2514\/revisions"}],"predecessor-version":[{"id":2632,"href":"https:\/\/giannidavico.it\/gopiedmont\/wp-json\/wp\/v2\/posts\/2514\/revisions\/2632"}],"wp:attachment":[{"href":"https:\/\/giannidavico.it\/gopiedmont\/wp-json\/wp\/v2\/media?parent=2514"}],"wp:term":[{"taxonomy":"category","embeddable":true,"href":"https:\/\/giannidavico.it\/gopiedmont\/wp-json\/wp\/v2\/categories?post=2514"},{"taxonomy":"post_tag","embeddable":true,"href":"https:\/\/giannidavico.it\/gopiedmont\/wp-json\/wp\/v2\/tags?post=2514"}],"curies":[{"name":"wp","href":"https:\/\/api.w.org\/{rel}","templated":true}]}}