{"id":2546,"date":"2014-12-17T06:00:28","date_gmt":"2014-12-17T05:00:28","guid":{"rendered":"https:\/\/giannidavico.it\/staging\/gopiedmont\/?p=2546"},"modified":"2015-03-12T10:51:21","modified_gmt":"2015-03-12T09:51:21","slug":"doman-doman","status":"publish","type":"post","link":"https:\/\/giannidavico.it\/gopiedmont\/2014\/12\/17\/doman-doman\/","title":{"rendered":"Doman, doman"},"content":{"rendered":"<p><a href=\"https:\/\/giannidavico.it\/gopiedmont\/files\/2014\/12\/TF.jpg\"><img loading=\"lazy\" src=\"https:\/\/giannidavico.it\/gopiedmont\/files\/2014\/12\/TF-300x258.jpg\" alt=\"TF\" width=\"300\" height=\"258\" class=\"alignright size-medium wp-image-2660\" srcset=\"https:\/\/giannidavico.it\/gopiedmont\/files\/2014\/12\/TF-300x258.jpg 300w, https:\/\/giannidavico.it\/gopiedmont\/files\/2014\/12\/TF.jpg 1018w\" sizes=\"(max-width: 300px) 100vw, 300px\" \/><\/a><br \/>\nI son nen rivaje a temp.<\/p>\n<p>Pr\u00f2pi la s\u00e8ira d\u00ebl <a href=\"https:\/\/giannidavico.it\/gopiedmont\/2014\/11\/26\/parole\/\" title=\"Par\u00f2le\">r\u00ebscontr \u00ebd Pian\u00ebssa<\/a> i l&#8217;av\u00eca scrit-je na mail, ant\u00e9 che i-j ciamava s&#8217;i pod\u00eca andelo a truv\u00e9. I l&#8217;avr\u00eca falo mach p\u00ebr sentlo parl\u00e9. E p\u00ebr amor d\u00ebl Piemont. Cola mail a l&#8217;\u00e9 vnume f\u00f2ra an na minuta, tuta ansema, p\u00ebrch\u00e8 a-i era na c\u00f2sa ch&#8217;i <strong>duv\u00eca<\/strong> f\u00e9, a j&#8217;era na r\u00f2ba importanta ch&#8217;i dov\u00eca d\u00ec a chiel.<\/p>\n<p>Chiel, naturalment, a l&#8217;\u00e9 T\u00f2jo Fnoj.<\/p>\n<p>I l&#8217;av\u00eca l&#8217;id\u00e8ja d&#8217;and\u00e9 a l&#8217;inaugurassion dla mostra <a href=\"https:\/\/giannidavico.it\/gopiedmont\/2014\/12\/03\/un-liber-per-natal-a-la-ca-de-studi-piemonteis\/\" title=\"Un l\u00ecber p\u00ebr Natal a la Ca d\u00eb Studi Piemont\u00e8is\">\u201cUn libro per Natale\u201d a la Ca d\u00eb Studi<\/a>, prinsipalment p\u00ebr porteje cola litra, sicur ch&#8217;i l&#8217;avr\u00eca trovaje tuti e doi, chiel e s\u00f2 soris.<\/p>\n<p>Ma la s\u00e8ira prima am ruva na neuva. <em>La<\/em> neuva. Che T\u00f2jo a l&#8217;amprovista a l&#8217;\u00e9 andassne.<\/p>\n<p>I l&#8217;hai pensaje un p\u00f2chi &#8216;d di. E a la fin dle fin i l&#8217;hai conclud\u00f9 s\u00f2n: che &#8216;l messagi che T\u00f2jo a l&#8217;ha vorsune pass\u00e9, con tuta soa vita, a l&#8217;\u00e9 ch&#8217;<strong>a venta ch&#8217;i stejo al\u00e9gher, ch&#8217;is veujo bin e ch&#8217;i fasso l&#8217;usagi p\u00ec bel ch&#8217;i pudoma d\u00ebl p\u00f2ch temp ch&#8217;i l&#8217;oma<\/strong>.<\/p>\n<p>Mi i lo conoss\u00eca nen bin, ma i sai \u2013 <em>i sai<\/em> <em>positivament<\/em> \u2013 ch&#8217;<a href=\"https:\/\/giannidavico.it\/gopiedmont\/2009\/12\/21\/el-longh-dop\/\" title=\"\u00cbl longh d\u00f2p\">am vor\u00eca bin<\/a>. E &#8216;d chiel am resta \u2013 <em>an<\/em> resta \u2013 na c\u00f2sa cita, cita e inmensa ant l&#8217;istess temp: s\u00f2 soris.<\/p>\n<p>V\u00e9ner d\u00f2p-mesd\u00ec a l&#8217;\u00e9 staje la sipoltura. Mi i l&#8217;avr\u00eca pod\u00f9 and\u00e9, ma i l&#8217;hai sern\u00f9 \u00ebd nen felo. P\u00ebrch\u00e8 i l&#8217;hai decid\u00f9 \u00ebd f\u00e9, an coj moment l\u00ec, la c\u00f2sa ch&#8217;am pias \u00ebd p\u00ec al mond \u2013 gieughe a g\u00f2lf. Par\u00e8j i l&#8217;hai vors\u00f9 onor\u00e9 n&#8217;amis.<\/p>\n<p>\u00cbl di d\u00f2p i son and\u00e0it a s\u00ebrchelo al camposanto. I l&#8217;hai trov\u00e0 la tomba, mers\u00ec a la madama \u2013 bin gentila \u2013 dle fior e i son st\u00e0it p\u00ebr qu\u00e0ich minuta l\u00e0 d\u00ebdnans. Peui i son and\u00e0it soa ca. A l&#8217;\u00e9 mnume ancontra la fija e i l&#8217;hai tac\u00e0 a pijor\u00e9 come na masn\u00e0. I-i ciamava scusa ma i riess\u00eca nen a chit\u00e9. An tute le manere i son riess\u00f9 a dije l\u00f2n ch&#8217;i vor\u00eca, e i l&#8217;hai portaje la litra ch&#8217;i l&#8217;av\u00eca scriv\u00f9 p\u00ebr s\u00f2 pap\u00e0. S\u00f2 g\u00ebnner a l&#8217;ha dame na c\u00f2pia dla poes\u00eca che T\u00f2jo a l&#8217;av\u00eca scriv\u00f9 p\u00ebr Natal.<br \/>\n<a href=\"https:\/\/giannidavico.it\/gopiedmont\/files\/2014\/12\/auguri.jpg\"><img loading=\"lazy\" src=\"https:\/\/giannidavico.it\/gopiedmont\/files\/2014\/12\/auguri-300x220.jpg\" alt=\"auguri\" width=\"300\" height=\"220\" class=\"alignleft size-medium wp-image-2549\" srcset=\"https:\/\/giannidavico.it\/gopiedmont\/files\/2014\/12\/auguri-300x220.jpg 300w, https:\/\/giannidavico.it\/gopiedmont\/files\/2014\/12\/auguri.jpg 1024w\" sizes=\"(max-width: 300px) 100vw, 300px\" \/><\/a><br \/>\nAlfonso Gatto d\u00ebl 1945 a scriv\u00eca:<\/p>\n<blockquote><p>Mi basterebbe che tu fossi vivo,<br \/>\nun uomo vivo col tuo cuore \u00e8 un sogno.<br \/>\nOra alla terra \u00e8 un&#8217;ombra la memoria<br \/>\ndella tua voce che diceva ai figli:<br \/>\n&#8220;Com&#8217;\u00e8 bella la notte e com&#8217;\u00e8 buona<br \/>\nad amarci cos\u00ec con l&#8217;aria in piena<br \/>\nfin dentro al sonno&#8221;.<\/p><\/blockquote>\n<p>La m\u00f2rt, t\u00f2st o tard, a riva. Noi i pudoma mach freghela an doe manere: vorendse bin e con \u00ebl soris. Costa a l&#8217;\u00e9 la lession \u00ebd n\u00f2st amis T\u00f2jo, p\u00ebr s\u00f2n a venta ringrassielo &#8216;d cheur.<\/p>\n","protected":false},"excerpt":{"rendered":"<p><a href=\"https:\/\/giannidavico.it\/gopiedmont\/files\/2014\/12\/TF.jpg\"><img loading=\"lazy\" src=\"https:\/\/giannidavico.it\/gopiedmont\/files\/2014\/12\/TF-300x258.jpg\" alt=\"TF\" width=\"300\" height=\"258\" class=\"alignright size-medium wp-image-2660\" srcset=\"https:\/\/giannidavico.it\/gopiedmont\/files\/2014\/12\/TF-300x258.jpg 300w, https:\/\/giannidavico.it\/gopiedmont\/files\/2014\/12\/TF.jpg 1018w\" sizes=\"(max-width: 300px) 100vw, 300px\" \/><\/a><br \/> I son nen rivaje a temp.<\/p>\n<p>Pr\u00f2pi la s\u00e8ira d\u00ebl <a href=\"https:\/\/giannidavico.it\/gopiedmont\/2014\/11\/26\/parole\/\" title=\"Par\u00f2le\">r\u00ebscontr \u00ebd Pian\u00ebssa<\/a> i l&#8217;av\u00eca scrit-je na mail, ant\u00e9 che i-j ciamava s&#8217;i pod\u00eca andelo a truv\u00e9. I l&#8217;avr\u00eca falo mach p\u00ebr sentlo parl\u00e9. E p\u00ebr amor d\u00ebl Piemont. Cola mail a l&#8217;\u00e9 vnume f\u00f2ra an na minuta, tuta ansema, p\u00ebrch\u00e8 a-i era na c\u00f2sa ch&#8217;i <strong>duv\u00eca<\/strong> f\u00e9, a j&#8217;era na r\u00f2ba importanta ch&#8217;i dov\u00eca d\u00ec a chiel.<\/p>\n<p>Chiel, naturalment, a l&#8217;\u00e9 T\u00f2jo Fnoj.<\/p>\n<p>I l&#8217;av\u00eca l&#8217;id\u00e8ja d&#8217;and\u00e9 a l&#8217;inaugurassion dla mostra <a href=\"https:\/\/giannidavico.it\/gopiedmont\/2014\/12\/03\/un-liber-per-natal-a-la-ca-de-studi-piemonteis\/\" title=\"Un l\u00ecber p\u00ebr Natal a la Ca d\u00eb Studi Piemont\u00e8is\">\u201cUn libro per Natale\u201d a la Ca d\u00eb Studi<\/a>, prinsipalment p\u00ebr porteje cola litra, sicur ch&#8217;i l&#8217;avr\u00eca trovaje tuti e doi, chiel e s\u00f2 soris.<\/p>\n<p>Ma la s\u00e8ira prima am ruva na neuva. <em>La<\/em> neuva. Che T\u00f2jo a l&#8217;amprovista a l&#8217;\u00e9 andassne.<\/p>\n<p>I l&#8217;hai pensaje un p\u00f2chi &#8216;d di. E a la fin dle fin i l&#8217;hai conclud\u00f9 s\u00f2n: che &#8216;l messagi che T\u00f2jo a l&#8217;ha vorsune pass\u00e9, con tuta soa vita, a l&#8217;\u00e9 ch&#8217;<strong>a venta ch&#8217;i stejo al\u00e9gher, ch&#8217;is veujo bin e ch&#8217;i fasso [\u2026] <a class=\"moretag\" href=\"https:\/\/giannidavico.it\/gopiedmont\/2014\/12\/17\/doman-doman\/\">continua a leggere \u00bb<\/a><\/p>\n","protected":false},"author":4,"featured_media":0,"comment_status":"open","ping_status":"open","sticky":false,"template":"","format":"standard","meta":[],"categories":[130],"tags":[132],"yoast_head":"<!-- This site is optimized with the Yoast SEO plugin v19.14 - https:\/\/yoast.com\/wordpress\/plugins\/seo\/ -->\n<title>Doman, doman - Go Piedmont<\/title>\n<meta name=\"robots\" content=\"index, follow, max-snippet:-1, max-image-preview:large, max-video-preview:-1\" \/>\n<link rel=\"canonical\" href=\"https:\/\/giannidavico.it\/gopiedmont\/2014\/12\/17\/doman-doman\/\" \/>\n<meta property=\"og:locale\" content=\"it_IT\" \/>\n<meta property=\"og:type\" content=\"article\" \/>\n<meta property=\"og:title\" content=\"Doman, doman - Go Piedmont\" \/>\n<meta property=\"og:description\" content=\"I son nen rivaje a temp. Pr\u00f2pi la s\u00e8ira d\u00ebl r\u00ebscontr \u00ebd Pian\u00ebssa i l&#8217;av\u00eca scrit-je na mail, ant\u00e9 che i-j ciamava s&#8217;i pod\u00eca andelo a truv\u00e9. I l&#8217;avr\u00eca falo mach p\u00ebr sentlo parl\u00e9. E p\u00ebr amor d\u00ebl Piemont. Cola mail a l&#8217;\u00e9 vnume f\u00f2ra an na minuta, tuta ansema, p\u00ebrch\u00e8 a-i era na c\u00f2sa ch&#8217;i duv\u00eca f\u00e9, a j&#8217;era na r\u00f2ba importanta ch&#8217;i dov\u00eca d\u00ec a chiel. Chiel, naturalment, a l&#8217;\u00e9 T\u00f2jo Fnoj. I l&#8217;av\u00eca l&#8217;id\u00e8ja d&#8217;and\u00e9 a l&#8217;inaugurassion dla mostra \u201cUn libro per Natale\u201d a la Ca d\u00eb Studi, prinsipalment p\u00ebr porteje cola litra, sicur ch&#8217;i l&#8217;avr\u00eca trovaje tuti e doi, chiel e s\u00f2 soris. Ma la s\u00e8ira prima am ruva na neuva. La neuva. Che T\u00f2jo a l&#8217;amprovista a l&#8217;\u00e9 andassne. I l&#8217;hai pensaje un p\u00f2chi &#8216;d di. E a la fin dle fin i l&#8217;hai conclud\u00f9 s\u00f2n: che &#8216;l messagi che T\u00f2jo a l&#8217;ha vorsune pass\u00e9, con tuta soa vita, a l&#8217;\u00e9 ch&#8217;a venta ch&#8217;i stejo al\u00e9gher, ch&#8217;is veujo bin e ch&#8217;i fasso [\u2026] continua a leggere \u00bb\" \/>\n<meta property=\"og:url\" content=\"https:\/\/giannidavico.it\/gopiedmont\/2014\/12\/17\/doman-doman\/\" \/>\n<meta property=\"og:site_name\" content=\"Go Piedmont\" \/>\n<meta property=\"article:published_time\" content=\"2014-12-17T05:00:28+00:00\" \/>\n<meta property=\"article:modified_time\" content=\"2015-03-12T09:51:21+00:00\" \/>\n<meta property=\"og:image\" content=\"https:\/\/giannidavico.it\/gopiedmont\/files\/2014\/12\/TF-300x258.jpg\" \/>\n<meta name=\"author\" content=\"giannidavico\" \/>\n<meta name=\"twitter:card\" content=\"summary_large_image\" \/>\n<meta name=\"twitter:label1\" content=\"Scritto da\" \/>\n\t<meta name=\"twitter:data1\" content=\"giannidavico\" \/>\n\t<meta name=\"twitter:label2\" content=\"Tempo di lettura stimato\" \/>\n\t<meta name=\"twitter:data2\" content=\"3 minuti\" \/>\n<script type=\"application\/ld+json\" class=\"yoast-schema-graph\">{\"@context\":\"https:\/\/schema.org\",\"@graph\":[{\"@type\":\"WebPage\",\"@id\":\"https:\/\/giannidavico.it\/gopiedmont\/2014\/12\/17\/doman-doman\/\",\"url\":\"https:\/\/giannidavico.it\/gopiedmont\/2014\/12\/17\/doman-doman\/\",\"name\":\"Doman, doman - Go Piedmont\",\"isPartOf\":{\"@id\":\"https:\/\/giannidavico.it\/gopiedmont\/#website\"},\"datePublished\":\"2014-12-17T05:00:28+00:00\",\"dateModified\":\"2015-03-12T09:51:21+00:00\",\"author\":{\"@id\":\"https:\/\/giannidavico.it\/gopiedmont\/#\/schema\/person\/ea1fd17d8f2dba325f3712219efa8f77\"},\"inLanguage\":\"it-IT\",\"potentialAction\":[{\"@type\":\"ReadAction\",\"target\":[\"https:\/\/giannidavico.it\/gopiedmont\/2014\/12\/17\/doman-doman\/\"]}]},{\"@type\":\"WebSite\",\"@id\":\"https:\/\/giannidavico.it\/gopiedmont\/#website\",\"url\":\"https:\/\/giannidavico.it\/gopiedmont\/\",\"name\":\"Go Piedmont\",\"description\":\"pens\u00e9 dzora l\u00ecber, event e p\u00ebrson-e grop\u00e0 al Piemont e a la lenga piemont\u00e8isa\",\"potentialAction\":[{\"@type\":\"SearchAction\",\"target\":{\"@type\":\"EntryPoint\",\"urlTemplate\":\"https:\/\/giannidavico.it\/gopiedmont\/?s={search_term_string}\"},\"query-input\":\"required name=search_term_string\"}],\"inLanguage\":\"it-IT\"},{\"@type\":\"Person\",\"@id\":\"https:\/\/giannidavico.it\/gopiedmont\/#\/schema\/person\/ea1fd17d8f2dba325f3712219efa8f77\",\"name\":\"giannidavico\",\"image\":{\"@type\":\"ImageObject\",\"inLanguage\":\"it-IT\",\"@id\":\"https:\/\/giannidavico.it\/gopiedmont\/#\/schema\/person\/image\/\",\"url\":\"https:\/\/secure.gravatar.com\/avatar\/337748753d882602f3038b55fb369ba1?s=96&d=mm&r=g\",\"contentUrl\":\"https:\/\/secure.gravatar.com\/avatar\/337748753d882602f3038b55fb369ba1?s=96&d=mm&r=g\",\"caption\":\"giannidavico\"},\"url\":\"https:\/\/giannidavico.it\/gopiedmont\/author\/giannidavico\/\"}]}<\/script>\n<!-- \/ Yoast SEO plugin. -->","yoast_head_json":{"title":"Doman, doman - Go Piedmont","robots":{"index":"index","follow":"follow","max-snippet":"max-snippet:-1","max-image-preview":"max-image-preview:large","max-video-preview":"max-video-preview:-1"},"canonical":"https:\/\/giannidavico.it\/gopiedmont\/2014\/12\/17\/doman-doman\/","og_locale":"it_IT","og_type":"article","og_title":"Doman, doman - Go Piedmont","og_description":"I son nen rivaje a temp. Pr\u00f2pi la s\u00e8ira d\u00ebl r\u00ebscontr \u00ebd Pian\u00ebssa i l&#8217;av\u00eca scrit-je na mail, ant\u00e9 che i-j ciamava s&#8217;i pod\u00eca andelo a truv\u00e9. I l&#8217;avr\u00eca falo mach p\u00ebr sentlo parl\u00e9. E p\u00ebr amor d\u00ebl Piemont. Cola mail a l&#8217;\u00e9 vnume f\u00f2ra an na minuta, tuta ansema, p\u00ebrch\u00e8 a-i era na c\u00f2sa ch&#8217;i duv\u00eca f\u00e9, a j&#8217;era na r\u00f2ba importanta ch&#8217;i dov\u00eca d\u00ec a chiel. Chiel, naturalment, a l&#8217;\u00e9 T\u00f2jo Fnoj. I l&#8217;av\u00eca l&#8217;id\u00e8ja d&#8217;and\u00e9 a l&#8217;inaugurassion dla mostra \u201cUn libro per Natale\u201d a la Ca d\u00eb Studi, prinsipalment p\u00ebr porteje cola litra, sicur ch&#8217;i l&#8217;avr\u00eca trovaje tuti e doi, chiel e s\u00f2 soris. Ma la s\u00e8ira prima am ruva na neuva. La neuva. Che T\u00f2jo a l&#8217;amprovista a l&#8217;\u00e9 andassne. I l&#8217;hai pensaje un p\u00f2chi &#8216;d di. E a la fin dle fin i l&#8217;hai conclud\u00f9 s\u00f2n: che &#8216;l messagi che T\u00f2jo a l&#8217;ha vorsune pass\u00e9, con tuta soa vita, a l&#8217;\u00e9 ch&#8217;a venta ch&#8217;i stejo al\u00e9gher, ch&#8217;is veujo bin e ch&#8217;i fasso [\u2026] continua a leggere \u00bb","og_url":"https:\/\/giannidavico.it\/gopiedmont\/2014\/12\/17\/doman-doman\/","og_site_name":"Go Piedmont","article_published_time":"2014-12-17T05:00:28+00:00","article_modified_time":"2015-03-12T09:51:21+00:00","og_image":[{"url":"https:\/\/giannidavico.it\/gopiedmont\/files\/2014\/12\/TF-300x258.jpg"}],"author":"giannidavico","twitter_card":"summary_large_image","twitter_misc":{"Scritto da":"giannidavico","Tempo di lettura stimato":"3 minuti"},"schema":{"@context":"https:\/\/schema.org","@graph":[{"@type":"WebPage","@id":"https:\/\/giannidavico.it\/gopiedmont\/2014\/12\/17\/doman-doman\/","url":"https:\/\/giannidavico.it\/gopiedmont\/2014\/12\/17\/doman-doman\/","name":"Doman, doman - Go Piedmont","isPartOf":{"@id":"https:\/\/giannidavico.it\/gopiedmont\/#website"},"datePublished":"2014-12-17T05:00:28+00:00","dateModified":"2015-03-12T09:51:21+00:00","author":{"@id":"https:\/\/giannidavico.it\/gopiedmont\/#\/schema\/person\/ea1fd17d8f2dba325f3712219efa8f77"},"inLanguage":"it-IT","potentialAction":[{"@type":"ReadAction","target":["https:\/\/giannidavico.it\/gopiedmont\/2014\/12\/17\/doman-doman\/"]}]},{"@type":"WebSite","@id":"https:\/\/giannidavico.it\/gopiedmont\/#website","url":"https:\/\/giannidavico.it\/gopiedmont\/","name":"Go Piedmont","description":"pens\u00e9 dzora l\u00ecber, event e p\u00ebrson-e grop\u00e0 al Piemont e a la lenga piemont\u00e8isa","potentialAction":[{"@type":"SearchAction","target":{"@type":"EntryPoint","urlTemplate":"https:\/\/giannidavico.it\/gopiedmont\/?s={search_term_string}"},"query-input":"required name=search_term_string"}],"inLanguage":"it-IT"},{"@type":"Person","@id":"https:\/\/giannidavico.it\/gopiedmont\/#\/schema\/person\/ea1fd17d8f2dba325f3712219efa8f77","name":"giannidavico","image":{"@type":"ImageObject","inLanguage":"it-IT","@id":"https:\/\/giannidavico.it\/gopiedmont\/#\/schema\/person\/image\/","url":"https:\/\/secure.gravatar.com\/avatar\/337748753d882602f3038b55fb369ba1?s=96&d=mm&r=g","contentUrl":"https:\/\/secure.gravatar.com\/avatar\/337748753d882602f3038b55fb369ba1?s=96&d=mm&r=g","caption":"giannidavico"},"url":"https:\/\/giannidavico.it\/gopiedmont\/author\/giannidavico\/"}]}},"_links":{"self":[{"href":"https:\/\/giannidavico.it\/gopiedmont\/wp-json\/wp\/v2\/posts\/2546"}],"collection":[{"href":"https:\/\/giannidavico.it\/gopiedmont\/wp-json\/wp\/v2\/posts"}],"about":[{"href":"https:\/\/giannidavico.it\/gopiedmont\/wp-json\/wp\/v2\/types\/post"}],"author":[{"embeddable":true,"href":"https:\/\/giannidavico.it\/gopiedmont\/wp-json\/wp\/v2\/users\/4"}],"replies":[{"embeddable":true,"href":"https:\/\/giannidavico.it\/gopiedmont\/wp-json\/wp\/v2\/comments?post=2546"}],"version-history":[{"count":5,"href":"https:\/\/giannidavico.it\/gopiedmont\/wp-json\/wp\/v2\/posts\/2546\/revisions"}],"predecessor-version":[{"id":2661,"href":"https:\/\/giannidavico.it\/gopiedmont\/wp-json\/wp\/v2\/posts\/2546\/revisions\/2661"}],"wp:attachment":[{"href":"https:\/\/giannidavico.it\/gopiedmont\/wp-json\/wp\/v2\/media?parent=2546"}],"wp:term":[{"taxonomy":"category","embeddable":true,"href":"https:\/\/giannidavico.it\/gopiedmont\/wp-json\/wp\/v2\/categories?post=2546"},{"taxonomy":"post_tag","embeddable":true,"href":"https:\/\/giannidavico.it\/gopiedmont\/wp-json\/wp\/v2\/tags?post=2546"}],"curies":[{"name":"wp","href":"https:\/\/api.w.org\/{rel}","templated":true}]}}