{"id":2554,"date":"2014-12-24T06:00:48","date_gmt":"2014-12-24T05:00:48","guid":{"rendered":"https:\/\/giannidavico.it\/staging\/gopiedmont\/?p=2554"},"modified":"2014-12-21T10:18:06","modified_gmt":"2014-12-21T09:18:06","slug":"natal-2014","status":"publish","type":"post","link":"https:\/\/giannidavico.it\/gopiedmont\/2014\/12\/24\/natal-2014\/","title":{"rendered":"Natal 2014"},"content":{"rendered":"<p>A sar\u00e0 un Natal meno brilant, cost ch&#8217;a l&#8217;\u00e9 an rivanda.<\/p>\n<p>Ch&#8217;as dija l\u00f2n ch&#8217;as veul, Natal a l&#8217;\u00e9 sempe un moment m\u00e0gich \u2013 come tute le p\u00ebrson-e con dle masn\u00e0 antec\u00e0 a san. Ma adess ch&#8217;i soma orfanej \u00ebd <a href=\"https:\/\/giannidavico.it\/gopiedmont\/2014\/12\/17\/doman-doman\/\" title=\"Doman, doman\">T\u00f2jo<\/a> an na manca un t\u00f2ch, e a dovr\u00e0 passeje d\u00ebl temp p\u00ebr butesse a p\u00f2st.<\/p>\n<p>Almeno, p\u00ebr mi p\u00ebrsonalment \u00ebl problema a l&#8217;\u00e9 av\u00e8j vist andessne tr\u00f2pi <a href=\"https:\/\/giannidavico.it\/gopiedmont\/tag\/grand-piemonteis\/\" title=\"grand piemonteis\">grand piemont\u00e8is<\/a>: c\u00f2sa ch&#8217;a l&#8217;\u00e9 normala, ma tutun am colpiss come na l\u00f2sna. E con &#8220;grand piemont\u00e8is&#8221; i veuj d\u00ec doe r\u00f2be ansema: p\u00ebrson-e ch&#8217;a l&#8217;han f\u00e0it tant, tant e ancora tant p\u00ebr n\u00f2ste t\u00e8ra, lenga e coltura, ma ant l&#8217;istess temp p\u00ebrson-e con le quai i l&#8217;hai f\u00e0it \u00ebd r\u00f2be normalissime come and\u00e9 a soa ca, mang\u00e9 ansema, ancontresse an sla piassa d\u00ebl pais, telefonesse e via f\u00f2rt. <\/p>\n<p>Soss\u00ec dit, i soma s\u00ec e i andoma anans. E alora am f\u00e0 pias\u00ec f\u00e9 j&#8217;auguri &#8216;d cheur ai me vintesingh letor a travers dij t\u00f2ch scrit da dj&#8217;amis d\u00ebl Piemont: <a href=\"https:\/\/giannidavico.it\/gopiedmont\/files\/2014\/12\/Michel-Natal.pdf\" title=\"SPETAND \u00cbL BAMBIN. A T\u00f2jo con s\u00f2 presepio \u2019d nate\">Michel dij Bonav\u00e9<\/a>, <a href=\"https:\/\/giannidavico.it\/gopiedmont\/files\/2014\/12\/Carlin-Natal.pdf\" title=\"Stisse lumin\">Carlin Porta<\/a> (doe &#8220;colon-e&#8221; d\u00ebl Natal \u00ebd GoPiedmont) e, coma intrada neuva, na tradussion \u00ebd <a href=\"https:\/\/giannidavico.it\/gopiedmont\/files\/2014\/12\/Guareschitudine.pdf\" title=\"Guareschitudine\">Ren\u00e9 Agagliate<\/a>.<\/p>\n<p>Con un bon Natal sincer a n\u00f2st Piemont.<\/p>\n","protected":false},"excerpt":{"rendered":"<p>A sar\u00e0 un Natal meno brilant, cost ch&#8217;a l&#8217;\u00e9 an rivanda.<\/p>\n<p>Ch&#8217;as dija l\u00f2n ch&#8217;as veul, Natal a l&#8217;\u00e9 sempe un moment m\u00e0gich \u2013 come tute le p\u00ebrson-e con dle masn\u00e0 antec\u00e0 a san. Ma adess ch&#8217;i soma orfanej \u00ebd <a href=\"https:\/\/giannidavico.it\/gopiedmont\/2014\/12\/17\/doman-doman\/\" title=\"Doman, doman\">T\u00f2jo<\/a> an na manca un t\u00f2ch, e a dovr\u00e0 passeje d\u00ebl temp p\u00ebr butesse a p\u00f2st.<\/p>\n<p>Almeno, p\u00ebr mi p\u00ebrsonalment \u00ebl problema a l&#8217;\u00e9 av\u00e8j vist andessne tr\u00f2pi <a href=\"https:\/\/giannidavico.it\/gopiedmont\/tag\/grand-piemonteis\/\" title=\"grand piemonteis\">grand piemont\u00e8is<\/a>: c\u00f2sa ch&#8217;a l&#8217;\u00e9 normala, ma tutun am colpiss come na l\u00f2sna. E con &#8220;grand piemont\u00e8is&#8221; i veuj d\u00ec doe r\u00f2be ansema: p\u00ebrson-e ch&#8217;a l&#8217;han f\u00e0it tant, tant e ancora tant p\u00ebr n\u00f2ste t\u00e8ra, lenga e coltura, ma ant l&#8217;istess temp p\u00ebrson-e con le quai i l&#8217;hai f\u00e0it \u00ebd r\u00f2be normalissime come and\u00e9 a soa ca, mang\u00e9 ansema, ancontresse an sla piassa d\u00ebl pais, telefonesse e via f\u00f2rt. <\/p>\n<p>Soss\u00ec dit, i soma s\u00ec e i andoma anans. E alora am f\u00e0 pias\u00ec f\u00e9 j&#8217;auguri &#8216;d cheur ai me vintesingh letor a travers dij t\u00f2ch scrit da dj&#8217;amis d\u00ebl Piemont: <a href=\"https:\/\/giannidavico.it\/gopiedmont\/files\/2014\/12\/Michel-Natal.pdf\" title=\"SPETAND \u00cbL BAMBIN. A T\u00f2jo con s\u00f2 presepio \u2019d nate\">Michel dij Bonav\u00e9<\/a>, <a href=\"https:\/\/giannidavico.it\/gopiedmont\/files\/2014\/12\/Carlin-Natal.pdf\" title=\"Stisse lumin\">Carlin Porta<\/a> (doe &#8220;colon-e&#8221; d\u00ebl Natal \u00ebd GoPiedmont) [\u2026] <a class=\"moretag\" href=\"https:\/\/giannidavico.it\/gopiedmont\/2014\/12\/24\/natal-2014\/\">continua a leggere \u00bb<\/a><\/p>\n","protected":false},"author":4,"featured_media":0,"comment_status":"open","ping_status":"open","sticky":false,"template":"","format":"standard","meta":[],"categories":[130],"tags":[],"yoast_head":"<!-- This site is optimized with the Yoast SEO plugin v19.14 - https:\/\/yoast.com\/wordpress\/plugins\/seo\/ -->\n<title>Natal 2014 - Go Piedmont<\/title>\n<meta name=\"robots\" content=\"index, follow, max-snippet:-1, max-image-preview:large, max-video-preview:-1\" \/>\n<link rel=\"canonical\" href=\"https:\/\/giannidavico.it\/gopiedmont\/2014\/12\/24\/natal-2014\/\" \/>\n<meta property=\"og:locale\" content=\"it_IT\" \/>\n<meta property=\"og:type\" content=\"article\" \/>\n<meta property=\"og:title\" content=\"Natal 2014 - Go Piedmont\" \/>\n<meta property=\"og:description\" content=\"A sar\u00e0 un Natal meno brilant, cost ch&#8217;a l&#8217;\u00e9 an rivanda. Ch&#8217;as dija l\u00f2n ch&#8217;as veul, Natal a l&#8217;\u00e9 sempe un moment m\u00e0gich \u2013 come tute le p\u00ebrson-e con dle masn\u00e0 antec\u00e0 a san. Ma adess ch&#8217;i soma orfanej \u00ebd T\u00f2jo an na manca un t\u00f2ch, e a dovr\u00e0 passeje d\u00ebl temp p\u00ebr butesse a p\u00f2st. Almeno, p\u00ebr mi p\u00ebrsonalment \u00ebl problema a l&#8217;\u00e9 av\u00e8j vist andessne tr\u00f2pi grand piemont\u00e8is: c\u00f2sa ch&#8217;a l&#8217;\u00e9 normala, ma tutun am colpiss come na l\u00f2sna. E con &#8220;grand piemont\u00e8is&#8221; i veuj d\u00ec doe r\u00f2be ansema: p\u00ebrson-e ch&#8217;a l&#8217;han f\u00e0it tant, tant e ancora tant p\u00ebr n\u00f2ste t\u00e8ra, lenga e coltura, ma ant l&#8217;istess temp p\u00ebrson-e con le quai i l&#8217;hai f\u00e0it \u00ebd r\u00f2be normalissime come and\u00e9 a soa ca, mang\u00e9 ansema, ancontresse an sla piassa d\u00ebl pais, telefonesse e via f\u00f2rt. Soss\u00ec dit, i soma s\u00ec e i andoma anans. E alora am f\u00e0 pias\u00ec f\u00e9 j&#8217;auguri &#8216;d cheur ai me vintesingh letor a travers dij t\u00f2ch scrit da dj&#8217;amis d\u00ebl Piemont: Michel dij Bonav\u00e9, Carlin Porta (doe &#8220;colon-e&#8221; d\u00ebl Natal \u00ebd GoPiedmont) [\u2026] continua a leggere \u00bb\" \/>\n<meta property=\"og:url\" content=\"https:\/\/giannidavico.it\/gopiedmont\/2014\/12\/24\/natal-2014\/\" \/>\n<meta property=\"og:site_name\" content=\"Go Piedmont\" \/>\n<meta property=\"article:published_time\" content=\"2014-12-24T05:00:48+00:00\" \/>\n<meta property=\"article:modified_time\" content=\"2014-12-21T09:18:06+00:00\" \/>\n<meta name=\"author\" content=\"giannidavico\" \/>\n<meta name=\"twitter:card\" content=\"summary_large_image\" \/>\n<meta name=\"twitter:label1\" content=\"Scritto da\" \/>\n\t<meta name=\"twitter:data1\" content=\"giannidavico\" \/>\n\t<meta name=\"twitter:label2\" content=\"Tempo di lettura stimato\" \/>\n\t<meta name=\"twitter:data2\" content=\"1 minuto\" \/>\n<script type=\"application\/ld+json\" class=\"yoast-schema-graph\">{\"@context\":\"https:\/\/schema.org\",\"@graph\":[{\"@type\":\"WebPage\",\"@id\":\"https:\/\/giannidavico.it\/gopiedmont\/2014\/12\/24\/natal-2014\/\",\"url\":\"https:\/\/giannidavico.it\/gopiedmont\/2014\/12\/24\/natal-2014\/\",\"name\":\"Natal 2014 - Go Piedmont\",\"isPartOf\":{\"@id\":\"https:\/\/giannidavico.it\/gopiedmont\/#website\"},\"datePublished\":\"2014-12-24T05:00:48+00:00\",\"dateModified\":\"2014-12-21T09:18:06+00:00\",\"author\":{\"@id\":\"https:\/\/giannidavico.it\/gopiedmont\/#\/schema\/person\/ea1fd17d8f2dba325f3712219efa8f77\"},\"inLanguage\":\"it-IT\",\"potentialAction\":[{\"@type\":\"ReadAction\",\"target\":[\"https:\/\/giannidavico.it\/gopiedmont\/2014\/12\/24\/natal-2014\/\"]}]},{\"@type\":\"WebSite\",\"@id\":\"https:\/\/giannidavico.it\/gopiedmont\/#website\",\"url\":\"https:\/\/giannidavico.it\/gopiedmont\/\",\"name\":\"Go Piedmont\",\"description\":\"pens\u00e9 dzora l\u00ecber, event e p\u00ebrson-e grop\u00e0 al Piemont e a la lenga piemont\u00e8isa\",\"potentialAction\":[{\"@type\":\"SearchAction\",\"target\":{\"@type\":\"EntryPoint\",\"urlTemplate\":\"https:\/\/giannidavico.it\/gopiedmont\/?s={search_term_string}\"},\"query-input\":\"required name=search_term_string\"}],\"inLanguage\":\"it-IT\"},{\"@type\":\"Person\",\"@id\":\"https:\/\/giannidavico.it\/gopiedmont\/#\/schema\/person\/ea1fd17d8f2dba325f3712219efa8f77\",\"name\":\"giannidavico\",\"image\":{\"@type\":\"ImageObject\",\"inLanguage\":\"it-IT\",\"@id\":\"https:\/\/giannidavico.it\/gopiedmont\/#\/schema\/person\/image\/\",\"url\":\"https:\/\/secure.gravatar.com\/avatar\/337748753d882602f3038b55fb369ba1?s=96&d=mm&r=g\",\"contentUrl\":\"https:\/\/secure.gravatar.com\/avatar\/337748753d882602f3038b55fb369ba1?s=96&d=mm&r=g\",\"caption\":\"giannidavico\"},\"url\":\"https:\/\/giannidavico.it\/gopiedmont\/author\/giannidavico\/\"}]}<\/script>\n<!-- \/ Yoast SEO plugin. -->","yoast_head_json":{"title":"Natal 2014 - Go Piedmont","robots":{"index":"index","follow":"follow","max-snippet":"max-snippet:-1","max-image-preview":"max-image-preview:large","max-video-preview":"max-video-preview:-1"},"canonical":"https:\/\/giannidavico.it\/gopiedmont\/2014\/12\/24\/natal-2014\/","og_locale":"it_IT","og_type":"article","og_title":"Natal 2014 - Go Piedmont","og_description":"A sar\u00e0 un Natal meno brilant, cost ch&#8217;a l&#8217;\u00e9 an rivanda. Ch&#8217;as dija l\u00f2n ch&#8217;as veul, Natal a l&#8217;\u00e9 sempe un moment m\u00e0gich \u2013 come tute le p\u00ebrson-e con dle masn\u00e0 antec\u00e0 a san. Ma adess ch&#8217;i soma orfanej \u00ebd T\u00f2jo an na manca un t\u00f2ch, e a dovr\u00e0 passeje d\u00ebl temp p\u00ebr butesse a p\u00f2st. Almeno, p\u00ebr mi p\u00ebrsonalment \u00ebl problema a l&#8217;\u00e9 av\u00e8j vist andessne tr\u00f2pi grand piemont\u00e8is: c\u00f2sa ch&#8217;a l&#8217;\u00e9 normala, ma tutun am colpiss come na l\u00f2sna. E con &#8220;grand piemont\u00e8is&#8221; i veuj d\u00ec doe r\u00f2be ansema: p\u00ebrson-e ch&#8217;a l&#8217;han f\u00e0it tant, tant e ancora tant p\u00ebr n\u00f2ste t\u00e8ra, lenga e coltura, ma ant l&#8217;istess temp p\u00ebrson-e con le quai i l&#8217;hai f\u00e0it \u00ebd r\u00f2be normalissime come and\u00e9 a soa ca, mang\u00e9 ansema, ancontresse an sla piassa d\u00ebl pais, telefonesse e via f\u00f2rt. Soss\u00ec dit, i soma s\u00ec e i andoma anans. E alora am f\u00e0 pias\u00ec f\u00e9 j&#8217;auguri &#8216;d cheur ai me vintesingh letor a travers dij t\u00f2ch scrit da dj&#8217;amis d\u00ebl Piemont: Michel dij Bonav\u00e9, Carlin Porta (doe &#8220;colon-e&#8221; d\u00ebl Natal \u00ebd GoPiedmont) [\u2026] continua a leggere \u00bb","og_url":"https:\/\/giannidavico.it\/gopiedmont\/2014\/12\/24\/natal-2014\/","og_site_name":"Go Piedmont","article_published_time":"2014-12-24T05:00:48+00:00","article_modified_time":"2014-12-21T09:18:06+00:00","author":"giannidavico","twitter_card":"summary_large_image","twitter_misc":{"Scritto da":"giannidavico","Tempo di lettura stimato":"1 minuto"},"schema":{"@context":"https:\/\/schema.org","@graph":[{"@type":"WebPage","@id":"https:\/\/giannidavico.it\/gopiedmont\/2014\/12\/24\/natal-2014\/","url":"https:\/\/giannidavico.it\/gopiedmont\/2014\/12\/24\/natal-2014\/","name":"Natal 2014 - Go Piedmont","isPartOf":{"@id":"https:\/\/giannidavico.it\/gopiedmont\/#website"},"datePublished":"2014-12-24T05:00:48+00:00","dateModified":"2014-12-21T09:18:06+00:00","author":{"@id":"https:\/\/giannidavico.it\/gopiedmont\/#\/schema\/person\/ea1fd17d8f2dba325f3712219efa8f77"},"inLanguage":"it-IT","potentialAction":[{"@type":"ReadAction","target":["https:\/\/giannidavico.it\/gopiedmont\/2014\/12\/24\/natal-2014\/"]}]},{"@type":"WebSite","@id":"https:\/\/giannidavico.it\/gopiedmont\/#website","url":"https:\/\/giannidavico.it\/gopiedmont\/","name":"Go Piedmont","description":"pens\u00e9 dzora l\u00ecber, event e p\u00ebrson-e grop\u00e0 al Piemont e a la lenga piemont\u00e8isa","potentialAction":[{"@type":"SearchAction","target":{"@type":"EntryPoint","urlTemplate":"https:\/\/giannidavico.it\/gopiedmont\/?s={search_term_string}"},"query-input":"required name=search_term_string"}],"inLanguage":"it-IT"},{"@type":"Person","@id":"https:\/\/giannidavico.it\/gopiedmont\/#\/schema\/person\/ea1fd17d8f2dba325f3712219efa8f77","name":"giannidavico","image":{"@type":"ImageObject","inLanguage":"it-IT","@id":"https:\/\/giannidavico.it\/gopiedmont\/#\/schema\/person\/image\/","url":"https:\/\/secure.gravatar.com\/avatar\/337748753d882602f3038b55fb369ba1?s=96&d=mm&r=g","contentUrl":"https:\/\/secure.gravatar.com\/avatar\/337748753d882602f3038b55fb369ba1?s=96&d=mm&r=g","caption":"giannidavico"},"url":"https:\/\/giannidavico.it\/gopiedmont\/author\/giannidavico\/"}]}},"_links":{"self":[{"href":"https:\/\/giannidavico.it\/gopiedmont\/wp-json\/wp\/v2\/posts\/2554"}],"collection":[{"href":"https:\/\/giannidavico.it\/gopiedmont\/wp-json\/wp\/v2\/posts"}],"about":[{"href":"https:\/\/giannidavico.it\/gopiedmont\/wp-json\/wp\/v2\/types\/post"}],"author":[{"embeddable":true,"href":"https:\/\/giannidavico.it\/gopiedmont\/wp-json\/wp\/v2\/users\/4"}],"replies":[{"embeddable":true,"href":"https:\/\/giannidavico.it\/gopiedmont\/wp-json\/wp\/v2\/comments?post=2554"}],"version-history":[{"count":1,"href":"https:\/\/giannidavico.it\/gopiedmont\/wp-json\/wp\/v2\/posts\/2554\/revisions"}],"predecessor-version":[{"id":2558,"href":"https:\/\/giannidavico.it\/gopiedmont\/wp-json\/wp\/v2\/posts\/2554\/revisions\/2558"}],"wp:attachment":[{"href":"https:\/\/giannidavico.it\/gopiedmont\/wp-json\/wp\/v2\/media?parent=2554"}],"wp:term":[{"taxonomy":"category","embeddable":true,"href":"https:\/\/giannidavico.it\/gopiedmont\/wp-json\/wp\/v2\/categories?post=2554"},{"taxonomy":"post_tag","embeddable":true,"href":"https:\/\/giannidavico.it\/gopiedmont\/wp-json\/wp\/v2\/tags?post=2554"}],"curies":[{"name":"wp","href":"https:\/\/api.w.org\/{rel}","templated":true}]}}