{"id":2571,"date":"2015-01-07T06:00:56","date_gmt":"2015-01-07T05:00:56","guid":{"rendered":"https:\/\/giannidavico.it\/staging\/gopiedmont\/?p=2571"},"modified":"2015-01-06T10:58:23","modified_gmt":"2015-01-06T09:58:23","slug":"carlin-porta-le-tribulassion-davuss","status":"publish","type":"post","link":"https:\/\/giannidavico.it\/gopiedmont\/2015\/01\/07\/carlin-porta-le-tribulassion-davuss\/","title":{"rendered":"Carlin P\u00f2rta, Le tribulassion d\u2019Avuss"},"content":{"rendered":"<p><a href=\"https:\/\/giannidavico.it\/gopiedmont\/files\/2015\/01\/Avuss.jpg\"><img loading=\"lazy\" src=\"https:\/\/giannidavico.it\/gopiedmont\/files\/2015\/01\/Avuss-194x300.jpg\" alt=\"Avuss\" width=\"194\" height=\"300\" class=\"alignright size-medium wp-image-2572\" srcset=\"https:\/\/giannidavico.it\/gopiedmont\/files\/2015\/01\/Avuss-194x300.jpg 194w, https:\/\/giannidavico.it\/gopiedmont\/files\/2015\/01\/Avuss.jpg 300w\" sizes=\"(max-width: 194px) 100vw, 194px\" \/><\/a><br \/>\nCarlin P\u00f2rta a l&#8217;\u00e9 un piemont\u00e8is ant \u00ebl sens pi sclint \u00ebd la par\u00f2la: a le declarassion d&#8217;intent a preferiss ij f\u00e0it. E che f\u00e0it! A l&#8217;\u00e9 da p\u00f2che sman-e an librer\u00eca <em>Le tribulassion d\u2019Avuss<\/em>, na l\u00ecbera tradussion an piemont\u00e8is dl&#8217;<em>Odissea<\/em>. Un travaj &#8220;per felici pochi&#8221;, p\u00ebr dila con Elsa Morante, ma ant l&#8217;istess temp n&#8217;euvra ch&#8217;a mancava e che a va a butesse an col filon \u00ebd poes\u00eca \u00e0uta vir\u00e0 an piemont\u00e8is come la tradussion dla <em>Divina Comemdia<\/em> cur\u00e0 tanti agn f\u00e0 da Luigi Riccardo Piovano.<\/p>\n<p>(P\u00ebr mi p\u00ebrsonalment a l&#8217;\u00e9 na r\u00f2ba importanta, e a-i na f\u00e0 gnente se a j&#8217;interessa a p\u00f2chi. E a l&#8217;\u00e9 par\u00e8j almanch da cola vira che <a href=\"https:\/\/giannidavico.it\/gopiedmont\/2009\/07\/27\/riccardo-massano-%E2%80%93-i-ciam-scusa-i-lo-savia-nen\/\" title=\"Riccardo Massano \u2013 i ciam scusa, i lo sav\u00eca nen\">Riccardo Massano, a j&#8217;era \u00ebl 1993 o gi\u00f9 da l\u00ec, an leu \u00ebd f\u00e9 lession ansima a Dante a l\u2019ha pass\u00e0 l\u2019ora a reciteme soe tradussion an piemont\u00e8is \u00ebd poeta dla latinit\u00e0<\/a>.)<\/p>\n<p>An <a href=\"http:\/\/www.vitadiocesanapinerolese.it\/cultura\/lulisse-di-carlin-parla-piemontese\" title=\"L\u2019Ulisse di Carlin parla piemontese\" target=\"_blank\">costa intervista<\/a> Carlin a n\u00eb spiega la st\u00f2ria e ij but \u00ebd soa fatiga.<\/p>\n<p>\u00cbl l\u00ecber as peul trovesse an s\u00ebl <a href=\"http:\/\/www.marcovalerio.it\/titolo\/9788875474003\/\" title=\"\tLe tribulassion d'Avuss. Odissea in lingua piemontese\" target=\"_blank\">sit dl&#8217;editor<\/a>, ansima a <a target=\"_blank\" href=\"http:\/\/www.amazon.it\/s\/?_encoding=UTF8&#038;camp=3370&#038;creative=24114&#038;field-keywords=Le%20tribulassion%20d%27Avuss&#038;linkCode=ur2&#038;tag=giandavi-21&#038;url=search-alias%3Daps\">Amazon<\/a><img loading=\"lazy\" src=\"https:\/\/ir-it.amazon-adsystem.com\/e\/ir?t=giandavi-21&#038;l=ur2&#038;o=29\" width=\"1\" height=\"1\" border=\"0\" alt=\"\" style=\"border:none !important; margin:0px !important;\" \/> e a <a href=\"http:\/\/www.ibs.it\/code\/9788875474003\/omero\/tribulassion-avuss-odissea.html?shop=5228\" title=\"\tLe tribulassion d'Avuss. Odissea in lingua piemontese\" target=\"_blank\">IBS<\/a>.<\/p>\n<p>Un cit t\u00f2ch (a buta cont not\u00e9 che a son tuti endecas\u00eclab &#8211; visad\u00ec a l&#8217;\u00e9 pr\u00f2pi poes\u00eca, a l&#8217;\u00e9 nen che minca tant as va a ligna):<\/p>\n<blockquote><p>Mi i pregreu p\u00ebr ch\u2019it l\u2019abie un bon avn\u00ec<br \/>\ncome a ciamr\u00eca t\u00f2 cheur, un brav \u00f2m,<br \/>\nuna bela famija corma \u2019d bin,<br \/>\nch\u2019a-i \u00e9 gnente \u2019d p\u00ec bel an costa vita<br \/>\nche v\u00ebdde \u2019l seren ant ij cheur mari\u00e0<br \/>\ne \u2019l masent \u00ebd la ca con un cheur sol.<\/p><\/blockquote>\n<p>Miraco &#8216;l mond a sent\u00eca nen la mancansa \u00ebd n&#8217;euvra come costa, ma &#8216;l mond a l&#8217;\u00e9 un p\u00f2st un p\u00f2ch p\u00ec am\u00e0bil da gi\u00e0 ch&#8217;a-i \u00e9. Mers\u00ec Carlin, mers\u00ec \u00ebd cheur.<\/p>\n<p>&#8212;<\/p>\n<p>Omero, <em>Le tribulassion d\u2019Avuss an l\u00ecbera version Piemont\u00e8isa \u00ebd Carlin P\u00f2rta<\/em>, S\u00ebsnasch, Marcovalerio, 2014, 492 pp., brossura, EUR 21,25.<\/p>\n","protected":false},"excerpt":{"rendered":"<p><a href=\"https:\/\/giannidavico.it\/gopiedmont\/files\/2015\/01\/Avuss.jpg\"><img loading=\"lazy\" src=\"https:\/\/giannidavico.it\/gopiedmont\/files\/2015\/01\/Avuss-194x300.jpg\" alt=\"Avuss\" width=\"194\" height=\"300\" class=\"alignright size-medium wp-image-2572\" srcset=\"https:\/\/giannidavico.it\/gopiedmont\/files\/2015\/01\/Avuss-194x300.jpg 194w, https:\/\/giannidavico.it\/gopiedmont\/files\/2015\/01\/Avuss.jpg 300w\" sizes=\"(max-width: 194px) 100vw, 194px\" \/><\/a><br \/> Carlin P\u00f2rta a l&#8217;\u00e9 un piemont\u00e8is ant \u00ebl sens pi sclint \u00ebd la par\u00f2la: a le declarassion d&#8217;intent a preferiss ij f\u00e0it. E che f\u00e0it! A l&#8217;\u00e9 da p\u00f2che sman-e an librer\u00eca <em>Le tribulassion d\u2019Avuss<\/em>, na l\u00ecbera tradussion an piemont\u00e8is dl&#8217;<em>Odissea<\/em>. Un travaj &#8220;per felici pochi&#8221;, p\u00ebr dila con Elsa Morante, ma ant l&#8217;istess temp n&#8217;euvra ch&#8217;a mancava e che a va a butesse an col filon \u00ebd poes\u00eca \u00e0uta vir\u00e0 an piemont\u00e8is come la tradussion dla <em>Divina Comemdia<\/em> cur\u00e0 tanti agn f\u00e0 da Luigi Riccardo Piovano.<\/p>\n<p>(P\u00ebr mi p\u00ebrsonalment a l&#8217;\u00e9 na r\u00f2ba importanta, e a-i na f\u00e0 gnente se a j&#8217;interessa a p\u00f2chi. E a l&#8217;\u00e9 par\u00e8j almanch da cola vira che <a href=\"https:\/\/giannidavico.it\/gopiedmont\/2009\/07\/27\/riccardo-massano-%E2%80%93-i-ciam-scusa-i-lo-savia-nen\/\" title=\"Riccardo Massano \u2013 i ciam scusa, i lo sav\u00eca nen\">Riccardo Massano, a j&#8217;era \u00ebl 1993 o gi\u00f9 da l\u00ec, an leu \u00ebd f\u00e9 lession ansima a Dante a l\u2019ha pass\u00e0 l\u2019ora a reciteme soe tradussion an piemont\u00e8is \u00ebd poeta dla latinit\u00e0<\/a>.)<\/p>\n<p>An <a href=\"http:\/\/www.vitadiocesanapinerolese.it\/cultura\/lulisse-di-carlin-parla-piemontese\" title=\"L\u2019Ulisse di Carlin parla piemontese\" target=\"_blank\">costa intervista<\/a> Carlin a n\u00eb spiega la st\u00f2ria e ij but \u00ebd soa fatiga.<\/p>\n<p>\u00cbl [\u2026] <a class=\"moretag\" href=\"https:\/\/giannidavico.it\/gopiedmont\/2015\/01\/07\/carlin-porta-le-tribulassion-davuss\/\">continua a leggere \u00bb<\/a><\/p>\n","protected":false},"author":4,"featured_media":0,"comment_status":"open","ping_status":"open","sticky":false,"template":"","format":"standard","meta":[],"categories":[130],"tags":[125,7851],"yoast_head":"<!-- This site is optimized with the Yoast SEO plugin v19.14 - https:\/\/yoast.com\/wordpress\/plugins\/seo\/ -->\n<title>Carlin P\u00f2rta, Le tribulassion d\u2019Avuss - Go Piedmont<\/title>\n<meta name=\"robots\" content=\"index, follow, max-snippet:-1, max-image-preview:large, max-video-preview:-1\" \/>\n<link rel=\"canonical\" href=\"https:\/\/giannidavico.it\/gopiedmont\/2015\/01\/07\/carlin-porta-le-tribulassion-davuss\/\" \/>\n<meta property=\"og:locale\" content=\"it_IT\" \/>\n<meta property=\"og:type\" content=\"article\" \/>\n<meta property=\"og:title\" content=\"Carlin P\u00f2rta, Le tribulassion d\u2019Avuss - Go Piedmont\" \/>\n<meta property=\"og:description\" content=\"Carlin P\u00f2rta a l&#8217;\u00e9 un piemont\u00e8is ant \u00ebl sens pi sclint \u00ebd la par\u00f2la: a le declarassion d&#8217;intent a preferiss ij f\u00e0it. E che f\u00e0it! A l&#8217;\u00e9 da p\u00f2che sman-e an librer\u00eca Le tribulassion d\u2019Avuss, na l\u00ecbera tradussion an piemont\u00e8is dl&#8217;Odissea. Un travaj &#8220;per felici pochi&#8221;, p\u00ebr dila con Elsa Morante, ma ant l&#8217;istess temp n&#8217;euvra ch&#8217;a mancava e che a va a butesse an col filon \u00ebd poes\u00eca \u00e0uta vir\u00e0 an piemont\u00e8is come la tradussion dla Divina Comemdia cur\u00e0 tanti agn f\u00e0 da Luigi Riccardo Piovano. (P\u00ebr mi p\u00ebrsonalment a l&#8217;\u00e9 na r\u00f2ba importanta, e a-i na f\u00e0 gnente se a j&#8217;interessa a p\u00f2chi. E a l&#8217;\u00e9 par\u00e8j almanch da cola vira che Riccardo Massano, a j&#8217;era \u00ebl 1993 o gi\u00f9 da l\u00ec, an leu \u00ebd f\u00e9 lession ansima a Dante a l\u2019ha pass\u00e0 l\u2019ora a reciteme soe tradussion an piemont\u00e8is \u00ebd poeta dla latinit\u00e0.) An costa intervista Carlin a n\u00eb spiega la st\u00f2ria e ij but \u00ebd soa fatiga. \u00cbl [\u2026] continua a leggere \u00bb\" \/>\n<meta property=\"og:url\" content=\"https:\/\/giannidavico.it\/gopiedmont\/2015\/01\/07\/carlin-porta-le-tribulassion-davuss\/\" \/>\n<meta property=\"og:site_name\" content=\"Go Piedmont\" \/>\n<meta property=\"article:published_time\" content=\"2015-01-07T05:00:56+00:00\" \/>\n<meta property=\"article:modified_time\" content=\"2015-01-06T09:58:23+00:00\" \/>\n<meta property=\"og:image\" content=\"https:\/\/giannidavico.it\/gopiedmont\/files\/2015\/01\/Avuss-194x300.jpg\" \/>\n<meta name=\"author\" content=\"giannidavico\" \/>\n<meta name=\"twitter:card\" content=\"summary_large_image\" \/>\n<meta name=\"twitter:label1\" content=\"Scritto da\" \/>\n\t<meta name=\"twitter:data1\" content=\"giannidavico\" \/>\n\t<meta name=\"twitter:label2\" content=\"Tempo di lettura stimato\" \/>\n\t<meta name=\"twitter:data2\" content=\"2 minuti\" \/>\n<script type=\"application\/ld+json\" class=\"yoast-schema-graph\">{\"@context\":\"https:\/\/schema.org\",\"@graph\":[{\"@type\":\"WebPage\",\"@id\":\"https:\/\/giannidavico.it\/gopiedmont\/2015\/01\/07\/carlin-porta-le-tribulassion-davuss\/\",\"url\":\"https:\/\/giannidavico.it\/gopiedmont\/2015\/01\/07\/carlin-porta-le-tribulassion-davuss\/\",\"name\":\"Carlin P\u00f2rta, Le tribulassion d\u2019Avuss - Go Piedmont\",\"isPartOf\":{\"@id\":\"https:\/\/giannidavico.it\/gopiedmont\/#website\"},\"datePublished\":\"2015-01-07T05:00:56+00:00\",\"dateModified\":\"2015-01-06T09:58:23+00:00\",\"author\":{\"@id\":\"https:\/\/giannidavico.it\/gopiedmont\/#\/schema\/person\/ea1fd17d8f2dba325f3712219efa8f77\"},\"inLanguage\":\"it-IT\",\"potentialAction\":[{\"@type\":\"ReadAction\",\"target\":[\"https:\/\/giannidavico.it\/gopiedmont\/2015\/01\/07\/carlin-porta-le-tribulassion-davuss\/\"]}]},{\"@type\":\"WebSite\",\"@id\":\"https:\/\/giannidavico.it\/gopiedmont\/#website\",\"url\":\"https:\/\/giannidavico.it\/gopiedmont\/\",\"name\":\"Go Piedmont\",\"description\":\"pens\u00e9 dzora l\u00ecber, event e p\u00ebrson-e grop\u00e0 al Piemont e a la lenga piemont\u00e8isa\",\"potentialAction\":[{\"@type\":\"SearchAction\",\"target\":{\"@type\":\"EntryPoint\",\"urlTemplate\":\"https:\/\/giannidavico.it\/gopiedmont\/?s={search_term_string}\"},\"query-input\":\"required name=search_term_string\"}],\"inLanguage\":\"it-IT\"},{\"@type\":\"Person\",\"@id\":\"https:\/\/giannidavico.it\/gopiedmont\/#\/schema\/person\/ea1fd17d8f2dba325f3712219efa8f77\",\"name\":\"giannidavico\",\"image\":{\"@type\":\"ImageObject\",\"inLanguage\":\"it-IT\",\"@id\":\"https:\/\/giannidavico.it\/gopiedmont\/#\/schema\/person\/image\/\",\"url\":\"https:\/\/secure.gravatar.com\/avatar\/337748753d882602f3038b55fb369ba1?s=96&d=mm&r=g\",\"contentUrl\":\"https:\/\/secure.gravatar.com\/avatar\/337748753d882602f3038b55fb369ba1?s=96&d=mm&r=g\",\"caption\":\"giannidavico\"},\"url\":\"https:\/\/giannidavico.it\/gopiedmont\/author\/giannidavico\/\"}]}<\/script>\n<!-- \/ Yoast SEO plugin. -->","yoast_head_json":{"title":"Carlin P\u00f2rta, Le tribulassion d\u2019Avuss - Go Piedmont","robots":{"index":"index","follow":"follow","max-snippet":"max-snippet:-1","max-image-preview":"max-image-preview:large","max-video-preview":"max-video-preview:-1"},"canonical":"https:\/\/giannidavico.it\/gopiedmont\/2015\/01\/07\/carlin-porta-le-tribulassion-davuss\/","og_locale":"it_IT","og_type":"article","og_title":"Carlin P\u00f2rta, Le tribulassion d\u2019Avuss - Go Piedmont","og_description":"Carlin P\u00f2rta a l&#8217;\u00e9 un piemont\u00e8is ant \u00ebl sens pi sclint \u00ebd la par\u00f2la: a le declarassion d&#8217;intent a preferiss ij f\u00e0it. E che f\u00e0it! A l&#8217;\u00e9 da p\u00f2che sman-e an librer\u00eca Le tribulassion d\u2019Avuss, na l\u00ecbera tradussion an piemont\u00e8is dl&#8217;Odissea. Un travaj &#8220;per felici pochi&#8221;, p\u00ebr dila con Elsa Morante, ma ant l&#8217;istess temp n&#8217;euvra ch&#8217;a mancava e che a va a butesse an col filon \u00ebd poes\u00eca \u00e0uta vir\u00e0 an piemont\u00e8is come la tradussion dla Divina Comemdia cur\u00e0 tanti agn f\u00e0 da Luigi Riccardo Piovano. (P\u00ebr mi p\u00ebrsonalment a l&#8217;\u00e9 na r\u00f2ba importanta, e a-i na f\u00e0 gnente se a j&#8217;interessa a p\u00f2chi. E a l&#8217;\u00e9 par\u00e8j almanch da cola vira che Riccardo Massano, a j&#8217;era \u00ebl 1993 o gi\u00f9 da l\u00ec, an leu \u00ebd f\u00e9 lession ansima a Dante a l\u2019ha pass\u00e0 l\u2019ora a reciteme soe tradussion an piemont\u00e8is \u00ebd poeta dla latinit\u00e0.) An costa intervista Carlin a n\u00eb spiega la st\u00f2ria e ij but \u00ebd soa fatiga. \u00cbl [\u2026] continua a leggere \u00bb","og_url":"https:\/\/giannidavico.it\/gopiedmont\/2015\/01\/07\/carlin-porta-le-tribulassion-davuss\/","og_site_name":"Go Piedmont","article_published_time":"2015-01-07T05:00:56+00:00","article_modified_time":"2015-01-06T09:58:23+00:00","og_image":[{"url":"https:\/\/giannidavico.it\/gopiedmont\/files\/2015\/01\/Avuss-194x300.jpg"}],"author":"giannidavico","twitter_card":"summary_large_image","twitter_misc":{"Scritto da":"giannidavico","Tempo di lettura stimato":"2 minuti"},"schema":{"@context":"https:\/\/schema.org","@graph":[{"@type":"WebPage","@id":"https:\/\/giannidavico.it\/gopiedmont\/2015\/01\/07\/carlin-porta-le-tribulassion-davuss\/","url":"https:\/\/giannidavico.it\/gopiedmont\/2015\/01\/07\/carlin-porta-le-tribulassion-davuss\/","name":"Carlin P\u00f2rta, Le tribulassion d\u2019Avuss - Go Piedmont","isPartOf":{"@id":"https:\/\/giannidavico.it\/gopiedmont\/#website"},"datePublished":"2015-01-07T05:00:56+00:00","dateModified":"2015-01-06T09:58:23+00:00","author":{"@id":"https:\/\/giannidavico.it\/gopiedmont\/#\/schema\/person\/ea1fd17d8f2dba325f3712219efa8f77"},"inLanguage":"it-IT","potentialAction":[{"@type":"ReadAction","target":["https:\/\/giannidavico.it\/gopiedmont\/2015\/01\/07\/carlin-porta-le-tribulassion-davuss\/"]}]},{"@type":"WebSite","@id":"https:\/\/giannidavico.it\/gopiedmont\/#website","url":"https:\/\/giannidavico.it\/gopiedmont\/","name":"Go Piedmont","description":"pens\u00e9 dzora l\u00ecber, event e p\u00ebrson-e grop\u00e0 al Piemont e a la lenga piemont\u00e8isa","potentialAction":[{"@type":"SearchAction","target":{"@type":"EntryPoint","urlTemplate":"https:\/\/giannidavico.it\/gopiedmont\/?s={search_term_string}"},"query-input":"required name=search_term_string"}],"inLanguage":"it-IT"},{"@type":"Person","@id":"https:\/\/giannidavico.it\/gopiedmont\/#\/schema\/person\/ea1fd17d8f2dba325f3712219efa8f77","name":"giannidavico","image":{"@type":"ImageObject","inLanguage":"it-IT","@id":"https:\/\/giannidavico.it\/gopiedmont\/#\/schema\/person\/image\/","url":"https:\/\/secure.gravatar.com\/avatar\/337748753d882602f3038b55fb369ba1?s=96&d=mm&r=g","contentUrl":"https:\/\/secure.gravatar.com\/avatar\/337748753d882602f3038b55fb369ba1?s=96&d=mm&r=g","caption":"giannidavico"},"url":"https:\/\/giannidavico.it\/gopiedmont\/author\/giannidavico\/"}]}},"_links":{"self":[{"href":"https:\/\/giannidavico.it\/gopiedmont\/wp-json\/wp\/v2\/posts\/2571"}],"collection":[{"href":"https:\/\/giannidavico.it\/gopiedmont\/wp-json\/wp\/v2\/posts"}],"about":[{"href":"https:\/\/giannidavico.it\/gopiedmont\/wp-json\/wp\/v2\/types\/post"}],"author":[{"embeddable":true,"href":"https:\/\/giannidavico.it\/gopiedmont\/wp-json\/wp\/v2\/users\/4"}],"replies":[{"embeddable":true,"href":"https:\/\/giannidavico.it\/gopiedmont\/wp-json\/wp\/v2\/comments?post=2571"}],"version-history":[{"count":9,"href":"https:\/\/giannidavico.it\/gopiedmont\/wp-json\/wp\/v2\/posts\/2571\/revisions"}],"predecessor-version":[{"id":2581,"href":"https:\/\/giannidavico.it\/gopiedmont\/wp-json\/wp\/v2\/posts\/2571\/revisions\/2581"}],"wp:attachment":[{"href":"https:\/\/giannidavico.it\/gopiedmont\/wp-json\/wp\/v2\/media?parent=2571"}],"wp:term":[{"taxonomy":"category","embeddable":true,"href":"https:\/\/giannidavico.it\/gopiedmont\/wp-json\/wp\/v2\/categories?post=2571"},{"taxonomy":"post_tag","embeddable":true,"href":"https:\/\/giannidavico.it\/gopiedmont\/wp-json\/wp\/v2\/tags?post=2571"}],"curies":[{"name":"wp","href":"https:\/\/api.w.org\/{rel}","templated":true}]}}