{"id":2583,"date":"2015-01-14T06:00:59","date_gmt":"2015-01-14T05:00:59","guid":{"rendered":"https:\/\/giannidavico.it\/staging\/gopiedmont\/?p=2583"},"modified":"2015-01-14T08:25:11","modified_gmt":"2015-01-14T07:25:11","slug":"beica-n-po","status":"publish","type":"post","link":"https:\/\/giannidavico.it\/gopiedmont\/2015\/01\/14\/beica-n-po\/","title":{"rendered":"B\u00e8ica &#8216;n p\u00f2"},"content":{"rendered":"<p><a href=\"https:\/\/giannidavico.it\/gopiedmont\/files\/2015\/01\/cover.jpg\"><img loading=\"lazy\" src=\"https:\/\/giannidavico.it\/gopiedmont\/files\/2015\/01\/cover-300x300.jpg\" alt=\"cover\" width=\"300\" height=\"300\" class=\"alignright size-medium wp-image-2584\" srcset=\"https:\/\/giannidavico.it\/gopiedmont\/files\/2015\/01\/cover-300x300.jpg 300w, https:\/\/giannidavico.it\/gopiedmont\/files\/2015\/01\/cover-150x150.jpg 150w, https:\/\/giannidavico.it\/gopiedmont\/files\/2015\/01\/cover.jpg 538w\" sizes=\"(max-width: 300px) 100vw, 300px\" \/><\/a><br \/>\n<em>B\u00e8ica &#8216;n p\u00f2<\/em> a l&#8217;\u00e9 la canson d&#8217;overtura dl&#8217;\u00f9ltim disch dj&#8217;<a href=\"http:\/\/amemanera.com\/\" title=\"Amemanera\" target=\"_blank\">Amemanera<\/a>, e &#8216;dc\u00f2 cola ch&#8217;a d\u00e0 \u00ebl t\u00ectol a l&#8217;euvra.<\/p>\n<p>(D\u00ebl prim CD i l&#8217;hai parl\u00e0 <a href=\"https:\/\/giannidavico.it\/gopiedmont\/2014\/06\/18\/amemanera-nann-dop\/\" title=\"Amemanera, n\u2019ann d\u00f2p\">ambeless\u00ec<\/a>. L&#8217;\u00e0utr ann i son st\u00e0it a un concert, e i l&#8217;heu parlane <a href=\"https:\/\/giannidavico.it\/gopiedmont\/2014\/08\/20\/amemanera-a-vernant\/\" title=\"Amemanera a Vernant\">ambeless\u00ec<\/a>.)<\/p>\n<p>A son dodes canson ch&#8217;a m\u00ebs-cio bin, com ch&#8217;a l&#8217;\u00e9 ant le c\u00f2rde (ma miraco i dir\u00eca mej ant l&#8217;anima) &#8216;d cost grup, tradission e modernit\u00e0. S\u00ec, p\u00ebrch\u00e8 da na part a-i \u00e9 la tradission \u00ebd <em>Teresin Teresin\u00f2ta<\/em>, <em>Pelegrin ch&#8217;al v\u00e8n da Roma<\/em> e d&#8217;\u00e0utre canson ch&#8217;a son n\u00f2ste da s\u00e9coj, e che s\u00ec a son rangi\u00e0 con gust e deuit &#8220;modern&#8221;. E peui a-i \u00e9 la produssion original \u00ebd Marco Soria (la gi\u00e0 cit\u00e0 <em>B\u00e8ica &#8216;n p\u00f2<\/em> ansema a d&#8217;\u00e0utre).<\/p>\n<p><a href=\"https:\/\/www.youtube.com\/watch?v=v7-FyxrLo6c\" title=\"Amemanera in the making \" target=\"_blank\">Ambeless\u00ec<\/a> as peul voghse qu\u00e0ich moment d\u00ebl &#8220;making&#8221; (com ch&#8217;\u00ec podr\u00eco d\u00ec an piemont\u00e8is? miraco d\u00ebl &#8220;fesse&#8221;?) dl&#8217;euvra.<\/p>\n<p>A mi am piaso tant doe canson: <a href=\"https:\/\/www.youtube.com\/watch?v=yNA9KKQnisQ\" title=\"Entroma 'nt ist palas\" target=\"_blank\"><em>Entroma &#8216;nt ist palas<\/em><\/a>, p\u00ebr coma a buta ansema vej (&#8220;n\u00e9 b\u00e8ivi n\u00e9 mangi \/ e magi l&#8217;\u00e9 riv\u00e0&#8221;) e neuv (l&#8217;atach a smija Ligabue 100%) e <a href=\"https:\/\/www.youtube.com\/watch?v=1Vx96SJ-PBg\" title=\"B\u00e8ica 'n p\u00f2\" target=\"_blank\"><em>B\u00e8ica &#8216;n p\u00f2<\/em><\/a>, p\u00ebr \u00ebl messagi d\u00eb speransa ch&#8217;a manda (&#8220;e &#8216;d bon umor e passiensa \/ armesse e st\u00e9 mai sensa \/ b\u00e8ica &#8216;n p\u00f2&#8221;). E d\u00eb speransa i l&#8217;oma damanca tuj, an costi agn; e d\u00eb speransa Marica e Marco an na dan tanta.<\/p>\n<p>P\u00ebr av\u00e8j \u00ebl CD a basta scrive a <a href=\"mailto:info@amemanera.com?Subject=GoPiedmont\" target=\"_top\">cost indiriss<\/a>. A costa 18 euro, sp\u00e8ise d\u00eb spedission compr\u00e8ise. Catelo, im racomand. E <a href=\"http:\/\/amemanera.com\/index.php\/ct-menu-item-9\" title=\"Amemanera, appuntamenti\" target=\"_blank\">and\u00e8je a sente<\/a>!<\/p>\n","protected":false},"excerpt":{"rendered":"<p><a href=\"https:\/\/giannidavico.it\/gopiedmont\/files\/2015\/01\/cover.jpg\"><img loading=\"lazy\" src=\"https:\/\/giannidavico.it\/gopiedmont\/files\/2015\/01\/cover-300x300.jpg\" alt=\"cover\" width=\"300\" height=\"300\" class=\"alignright size-medium wp-image-2584\" srcset=\"https:\/\/giannidavico.it\/gopiedmont\/files\/2015\/01\/cover-300x300.jpg 300w, https:\/\/giannidavico.it\/gopiedmont\/files\/2015\/01\/cover-150x150.jpg 150w, https:\/\/giannidavico.it\/gopiedmont\/files\/2015\/01\/cover.jpg 538w\" sizes=\"(max-width: 300px) 100vw, 300px\" \/><\/a><br \/> <em>B\u00e8ica &#8216;n p\u00f2<\/em> a l&#8217;\u00e9 la canson d&#8217;overtura dl&#8217;\u00f9ltim disch dj&#8217;<a href=\"http:\/\/amemanera.com\/\" title=\"Amemanera\" target=\"_blank\">Amemanera<\/a>, e &#8216;dc\u00f2 cola ch&#8217;a d\u00e0 \u00ebl t\u00ectol a l&#8217;euvra.<\/p>\n<p>(D\u00ebl prim CD i l&#8217;hai parl\u00e0 <a href=\"https:\/\/giannidavico.it\/gopiedmont\/2014\/06\/18\/amemanera-nann-dop\/\" title=\"Amemanera, n\u2019ann d\u00f2p\">ambeless\u00ec<\/a>. L&#8217;\u00e0utr ann i son st\u00e0it a un concert, e i l&#8217;heu parlane <a href=\"https:\/\/giannidavico.it\/gopiedmont\/2014\/08\/20\/amemanera-a-vernant\/\" title=\"Amemanera a Vernant\">ambeless\u00ec<\/a>.)<\/p>\n<p>A son dodes canson ch&#8217;a m\u00ebs-cio bin, com ch&#8217;a l&#8217;\u00e9 ant le c\u00f2rde (ma miraco i dir\u00eca mej ant l&#8217;anima) &#8216;d cost grup, tradission e modernit\u00e0. S\u00ec, p\u00ebrch\u00e8 da na part a-i \u00e9 la tradission \u00ebd <em>Teresin Teresin\u00f2ta<\/em>, <em>Pelegrin ch&#8217;al v\u00e8n da Roma<\/em> e d&#8217;\u00e0utre canson ch&#8217;a son n\u00f2ste da s\u00e9coj, e che s\u00ec a son rangi\u00e0 con gust e deuit &#8220;modern&#8221;. E peui a-i \u00e9 la produssion original \u00ebd Marco Soria (la gi\u00e0 cit\u00e0 <em>B\u00e8ica &#8216;n p\u00f2<\/em> ansema a d&#8217;\u00e0utre).<\/p>\n<p><a href=\"https:\/\/www.youtube.com\/watch?v=v7-FyxrLo6c\" title=\"Amemanera in the making \" target=\"_blank\">Ambeless\u00ec<\/a> as peul voghse qu\u00e0ich moment d\u00ebl &#8220;making&#8221; (com ch&#8217;\u00ec podr\u00eco d\u00ec an piemont\u00e8is? miraco d\u00ebl &#8220;fesse&#8221;?) dl&#8217;euvra.<\/p>\n<p>A mi am piaso tant doe canson: <a href=\"https:\/\/www.youtube.com\/watch?v=yNA9KKQnisQ\" title=\"Entroma 'nt ist palas\" target=\"_blank\"><em>Entroma &#8216;nt ist palas<\/em><\/a>, p\u00ebr coma a buta [\u2026] <a class=\"moretag\" href=\"https:\/\/giannidavico.it\/gopiedmont\/2015\/01\/14\/beica-n-po\/\">continua a leggere \u00bb<\/a><\/p>\n","protected":false},"author":4,"featured_media":0,"comment_status":"open","ping_status":"open","sticky":false,"template":"","format":"standard","meta":[],"categories":[130],"tags":[45],"yoast_head":"<!-- This site is optimized with the Yoast SEO plugin v19.14 - https:\/\/yoast.com\/wordpress\/plugins\/seo\/ -->\n<title>B\u00e8ica &#039;n p\u00f2 - Go Piedmont<\/title>\n<meta name=\"robots\" content=\"index, follow, max-snippet:-1, max-image-preview:large, max-video-preview:-1\" \/>\n<link rel=\"canonical\" href=\"https:\/\/giannidavico.it\/gopiedmont\/2015\/01\/14\/beica-n-po\/\" \/>\n<meta property=\"og:locale\" content=\"it_IT\" \/>\n<meta property=\"og:type\" content=\"article\" \/>\n<meta property=\"og:title\" content=\"B\u00e8ica &#039;n p\u00f2 - Go Piedmont\" \/>\n<meta property=\"og:description\" content=\"B\u00e8ica &#8216;n p\u00f2 a l&#8217;\u00e9 la canson d&#8217;overtura dl&#8217;\u00f9ltim disch dj&#8217;Amemanera, e &#8216;dc\u00f2 cola ch&#8217;a d\u00e0 \u00ebl t\u00ectol a l&#8217;euvra. (D\u00ebl prim CD i l&#8217;hai parl\u00e0 ambeless\u00ec. L&#8217;\u00e0utr ann i son st\u00e0it a un concert, e i l&#8217;heu parlane ambeless\u00ec.) A son dodes canson ch&#8217;a m\u00ebs-cio bin, com ch&#8217;a l&#8217;\u00e9 ant le c\u00f2rde (ma miraco i dir\u00eca mej ant l&#8217;anima) &#8216;d cost grup, tradission e modernit\u00e0. S\u00ec, p\u00ebrch\u00e8 da na part a-i \u00e9 la tradission \u00ebd Teresin Teresin\u00f2ta, Pelegrin ch&#8217;al v\u00e8n da Roma e d&#8217;\u00e0utre canson ch&#8217;a son n\u00f2ste da s\u00e9coj, e che s\u00ec a son rangi\u00e0 con gust e deuit &#8220;modern&#8221;. E peui a-i \u00e9 la produssion original \u00ebd Marco Soria (la gi\u00e0 cit\u00e0 B\u00e8ica &#8216;n p\u00f2 ansema a d&#8217;\u00e0utre). Ambeless\u00ec as peul voghse qu\u00e0ich moment d\u00ebl &#8220;making&#8221; (com ch&#8217;\u00ec podr\u00eco d\u00ec an piemont\u00e8is? miraco d\u00ebl &#8220;fesse&#8221;?) dl&#8217;euvra. A mi am piaso tant doe canson: Entroma &#8216;nt ist palas, p\u00ebr coma a buta [\u2026] continua a leggere \u00bb\" \/>\n<meta property=\"og:url\" content=\"https:\/\/giannidavico.it\/gopiedmont\/2015\/01\/14\/beica-n-po\/\" \/>\n<meta property=\"og:site_name\" content=\"Go Piedmont\" \/>\n<meta property=\"article:published_time\" content=\"2015-01-14T05:00:59+00:00\" \/>\n<meta property=\"article:modified_time\" content=\"2015-01-14T07:25:11+00:00\" \/>\n<meta property=\"og:image\" content=\"https:\/\/giannidavico.it\/gopiedmont\/files\/2015\/01\/cover-300x300.jpg\" \/>\n<meta name=\"author\" content=\"giannidavico\" \/>\n<meta name=\"twitter:card\" content=\"summary_large_image\" \/>\n<meta name=\"twitter:label1\" content=\"Scritto da\" \/>\n\t<meta name=\"twitter:data1\" content=\"giannidavico\" \/>\n\t<meta name=\"twitter:label2\" content=\"Tempo di lettura stimato\" \/>\n\t<meta name=\"twitter:data2\" content=\"1 minuto\" \/>\n<script type=\"application\/ld+json\" class=\"yoast-schema-graph\">{\"@context\":\"https:\/\/schema.org\",\"@graph\":[{\"@type\":\"WebPage\",\"@id\":\"https:\/\/giannidavico.it\/gopiedmont\/2015\/01\/14\/beica-n-po\/\",\"url\":\"https:\/\/giannidavico.it\/gopiedmont\/2015\/01\/14\/beica-n-po\/\",\"name\":\"B\u00e8ica 'n p\u00f2 - Go Piedmont\",\"isPartOf\":{\"@id\":\"https:\/\/giannidavico.it\/gopiedmont\/#website\"},\"datePublished\":\"2015-01-14T05:00:59+00:00\",\"dateModified\":\"2015-01-14T07:25:11+00:00\",\"author\":{\"@id\":\"https:\/\/giannidavico.it\/gopiedmont\/#\/schema\/person\/ea1fd17d8f2dba325f3712219efa8f77\"},\"inLanguage\":\"it-IT\",\"potentialAction\":[{\"@type\":\"ReadAction\",\"target\":[\"https:\/\/giannidavico.it\/gopiedmont\/2015\/01\/14\/beica-n-po\/\"]}]},{\"@type\":\"WebSite\",\"@id\":\"https:\/\/giannidavico.it\/gopiedmont\/#website\",\"url\":\"https:\/\/giannidavico.it\/gopiedmont\/\",\"name\":\"Go Piedmont\",\"description\":\"pens\u00e9 dzora l\u00ecber, event e p\u00ebrson-e grop\u00e0 al Piemont e a la lenga piemont\u00e8isa\",\"potentialAction\":[{\"@type\":\"SearchAction\",\"target\":{\"@type\":\"EntryPoint\",\"urlTemplate\":\"https:\/\/giannidavico.it\/gopiedmont\/?s={search_term_string}\"},\"query-input\":\"required name=search_term_string\"}],\"inLanguage\":\"it-IT\"},{\"@type\":\"Person\",\"@id\":\"https:\/\/giannidavico.it\/gopiedmont\/#\/schema\/person\/ea1fd17d8f2dba325f3712219efa8f77\",\"name\":\"giannidavico\",\"image\":{\"@type\":\"ImageObject\",\"inLanguage\":\"it-IT\",\"@id\":\"https:\/\/giannidavico.it\/gopiedmont\/#\/schema\/person\/image\/\",\"url\":\"https:\/\/secure.gravatar.com\/avatar\/337748753d882602f3038b55fb369ba1?s=96&d=mm&r=g\",\"contentUrl\":\"https:\/\/secure.gravatar.com\/avatar\/337748753d882602f3038b55fb369ba1?s=96&d=mm&r=g\",\"caption\":\"giannidavico\"},\"url\":\"https:\/\/giannidavico.it\/gopiedmont\/author\/giannidavico\/\"}]}<\/script>\n<!-- \/ Yoast SEO plugin. -->","yoast_head_json":{"title":"B\u00e8ica 'n p\u00f2 - Go Piedmont","robots":{"index":"index","follow":"follow","max-snippet":"max-snippet:-1","max-image-preview":"max-image-preview:large","max-video-preview":"max-video-preview:-1"},"canonical":"https:\/\/giannidavico.it\/gopiedmont\/2015\/01\/14\/beica-n-po\/","og_locale":"it_IT","og_type":"article","og_title":"B\u00e8ica 'n p\u00f2 - Go Piedmont","og_description":"B\u00e8ica &#8216;n p\u00f2 a l&#8217;\u00e9 la canson d&#8217;overtura dl&#8217;\u00f9ltim disch dj&#8217;Amemanera, e &#8216;dc\u00f2 cola ch&#8217;a d\u00e0 \u00ebl t\u00ectol a l&#8217;euvra. (D\u00ebl prim CD i l&#8217;hai parl\u00e0 ambeless\u00ec. L&#8217;\u00e0utr ann i son st\u00e0it a un concert, e i l&#8217;heu parlane ambeless\u00ec.) A son dodes canson ch&#8217;a m\u00ebs-cio bin, com ch&#8217;a l&#8217;\u00e9 ant le c\u00f2rde (ma miraco i dir\u00eca mej ant l&#8217;anima) &#8216;d cost grup, tradission e modernit\u00e0. S\u00ec, p\u00ebrch\u00e8 da na part a-i \u00e9 la tradission \u00ebd Teresin Teresin\u00f2ta, Pelegrin ch&#8217;al v\u00e8n da Roma e d&#8217;\u00e0utre canson ch&#8217;a son n\u00f2ste da s\u00e9coj, e che s\u00ec a son rangi\u00e0 con gust e deuit &#8220;modern&#8221;. E peui a-i \u00e9 la produssion original \u00ebd Marco Soria (la gi\u00e0 cit\u00e0 B\u00e8ica &#8216;n p\u00f2 ansema a d&#8217;\u00e0utre). Ambeless\u00ec as peul voghse qu\u00e0ich moment d\u00ebl &#8220;making&#8221; (com ch&#8217;\u00ec podr\u00eco d\u00ec an piemont\u00e8is? miraco d\u00ebl &#8220;fesse&#8221;?) dl&#8217;euvra. A mi am piaso tant doe canson: Entroma &#8216;nt ist palas, p\u00ebr coma a buta [\u2026] continua a leggere \u00bb","og_url":"https:\/\/giannidavico.it\/gopiedmont\/2015\/01\/14\/beica-n-po\/","og_site_name":"Go Piedmont","article_published_time":"2015-01-14T05:00:59+00:00","article_modified_time":"2015-01-14T07:25:11+00:00","og_image":[{"url":"https:\/\/giannidavico.it\/gopiedmont\/files\/2015\/01\/cover-300x300.jpg"}],"author":"giannidavico","twitter_card":"summary_large_image","twitter_misc":{"Scritto da":"giannidavico","Tempo di lettura stimato":"1 minuto"},"schema":{"@context":"https:\/\/schema.org","@graph":[{"@type":"WebPage","@id":"https:\/\/giannidavico.it\/gopiedmont\/2015\/01\/14\/beica-n-po\/","url":"https:\/\/giannidavico.it\/gopiedmont\/2015\/01\/14\/beica-n-po\/","name":"B\u00e8ica 'n p\u00f2 - Go Piedmont","isPartOf":{"@id":"https:\/\/giannidavico.it\/gopiedmont\/#website"},"datePublished":"2015-01-14T05:00:59+00:00","dateModified":"2015-01-14T07:25:11+00:00","author":{"@id":"https:\/\/giannidavico.it\/gopiedmont\/#\/schema\/person\/ea1fd17d8f2dba325f3712219efa8f77"},"inLanguage":"it-IT","potentialAction":[{"@type":"ReadAction","target":["https:\/\/giannidavico.it\/gopiedmont\/2015\/01\/14\/beica-n-po\/"]}]},{"@type":"WebSite","@id":"https:\/\/giannidavico.it\/gopiedmont\/#website","url":"https:\/\/giannidavico.it\/gopiedmont\/","name":"Go Piedmont","description":"pens\u00e9 dzora l\u00ecber, event e p\u00ebrson-e grop\u00e0 al Piemont e a la lenga piemont\u00e8isa","potentialAction":[{"@type":"SearchAction","target":{"@type":"EntryPoint","urlTemplate":"https:\/\/giannidavico.it\/gopiedmont\/?s={search_term_string}"},"query-input":"required name=search_term_string"}],"inLanguage":"it-IT"},{"@type":"Person","@id":"https:\/\/giannidavico.it\/gopiedmont\/#\/schema\/person\/ea1fd17d8f2dba325f3712219efa8f77","name":"giannidavico","image":{"@type":"ImageObject","inLanguage":"it-IT","@id":"https:\/\/giannidavico.it\/gopiedmont\/#\/schema\/person\/image\/","url":"https:\/\/secure.gravatar.com\/avatar\/337748753d882602f3038b55fb369ba1?s=96&d=mm&r=g","contentUrl":"https:\/\/secure.gravatar.com\/avatar\/337748753d882602f3038b55fb369ba1?s=96&d=mm&r=g","caption":"giannidavico"},"url":"https:\/\/giannidavico.it\/gopiedmont\/author\/giannidavico\/"}]}},"_links":{"self":[{"href":"https:\/\/giannidavico.it\/gopiedmont\/wp-json\/wp\/v2\/posts\/2583"}],"collection":[{"href":"https:\/\/giannidavico.it\/gopiedmont\/wp-json\/wp\/v2\/posts"}],"about":[{"href":"https:\/\/giannidavico.it\/gopiedmont\/wp-json\/wp\/v2\/types\/post"}],"author":[{"embeddable":true,"href":"https:\/\/giannidavico.it\/gopiedmont\/wp-json\/wp\/v2\/users\/4"}],"replies":[{"embeddable":true,"href":"https:\/\/giannidavico.it\/gopiedmont\/wp-json\/wp\/v2\/comments?post=2583"}],"version-history":[{"count":5,"href":"https:\/\/giannidavico.it\/gopiedmont\/wp-json\/wp\/v2\/posts\/2583\/revisions"}],"predecessor-version":[{"id":2589,"href":"https:\/\/giannidavico.it\/gopiedmont\/wp-json\/wp\/v2\/posts\/2583\/revisions\/2589"}],"wp:attachment":[{"href":"https:\/\/giannidavico.it\/gopiedmont\/wp-json\/wp\/v2\/media?parent=2583"}],"wp:term":[{"taxonomy":"category","embeddable":true,"href":"https:\/\/giannidavico.it\/gopiedmont\/wp-json\/wp\/v2\/categories?post=2583"},{"taxonomy":"post_tag","embeddable":true,"href":"https:\/\/giannidavico.it\/gopiedmont\/wp-json\/wp\/v2\/tags?post=2583"}],"curies":[{"name":"wp","href":"https:\/\/api.w.org\/{rel}","templated":true}]}}