{"id":2609,"date":"2015-02-04T09:47:30","date_gmt":"2015-02-04T08:47:30","guid":{"rendered":"https:\/\/giannidavico.it\/staging\/gopiedmont\/?p=2609"},"modified":"2015-02-04T09:47:30","modified_gmt":"2015-02-04T08:47:30","slug":"parla-pa-2","status":"publish","type":"post","link":"https:\/\/giannidavico.it\/gopiedmont\/2015\/02\/04\/parla-pa-2\/","title":{"rendered":"Parla pa!"},"content":{"rendered":"<p><a href=\"https:\/\/giannidavico.it\/gopiedmont\/files\/2015\/02\/sensazioni.jpg\"><img loading=\"lazy\" src=\"https:\/\/giannidavico.it\/gopiedmont\/files\/2015\/02\/sensazioni-300x225.jpg\" alt=\"sensazioni\" width=\"300\" height=\"225\" class=\"alignright size-medium wp-image-2610\" srcset=\"https:\/\/giannidavico.it\/gopiedmont\/files\/2015\/02\/sensazioni-300x225.jpg 300w, https:\/\/giannidavico.it\/gopiedmont\/files\/2015\/02\/sensazioni.jpg 1024w\" sizes=\"(max-width: 300px) 100vw, 300px\" \/><\/a><br \/>\n<a href=\"http:\/\/www.casascaparone.it\/\" title=\"Casa Scaparone\" target=\"_blank\">Scaparon<\/a> a l&#8217;\u00e9 da sempe un leu dl&#8217;\u00e0nima p\u00ebr mi, mers\u00ec a col mat (dit con tuta la bin che i-j veuj; e &#8216;d chiel Orazio a dir\u00eca: &#8220;Aut insanit homo aut versus facit&#8221;) ch&#8217;a lo \u00e0nima.<\/p>\n<p>Bin, da s\u00ec a giugn cola colin-a a sar\u00e0 pien-a d&#8217;ativit\u00e0 e cors e r\u00f2be e amprende e f\u00e9. La lista completa a l&#8217;\u00e9 <a href=\"http:\/\/corsi-attivita.blogspot.it\/2015_02_01_archive.html\" title=\"Casa Scaparone - attivit\u00e0 e corsi 2015\" target=\"_blank\">ambeless\u00ec<\/a>. Mi i farai na cita part, cola ch&#8217;a r\u00ebsguarda &#8216;l piemont\u00e8is (<em>Parla pa! \u00cbl piemont\u00e8is ancheuj: scotelo, parlelo, leslo, scrivlo<\/em>). \u00cbl but a l&#8217;\u00e9 \u00ebd f\u00e9 na panor\u00e0mica &#8216;d n\u00f2sta lenga ancheuj; sensa d\u00ebsmenti\u00e9 ij cit, ch&#8217;a son l&#8217;avn\u00ec \u00ebd na lenga.<\/p>\n<p>I faroma &#8216;dc\u00f2 qu\u00e0ich pont\u00e0 anvers la scritura. Gi\u00e0, p\u00ebrch\u00e8 scrive na lenga a l&#8217;\u00e9 important, a basta nen parlela. E a venta scrivla &#8220;p\u00ec da bin ch&#8217;as peul&#8221;, p\u00ebr dila con <a href=\"https:\/\/giannidavico.it\/gopiedmont\/2009\/11\/22\/barba-toni-el-pi-a-mont-teis\/\" title=\"Barba T\u00f2ni, \u00cbl P\u00ec-a-mont-t\u00e8is\">Barba T\u00f2ni<\/a>; ma i l&#8217;hai &#8216;dc\u00f2 la pret\u00e8isa &#8216;d d\u00ec che scrive an piemont\u00e8is a l&#8217;\u00e9 belf\u00e9.<\/p>\n<p>I ancaminoma la s\u00e8ira &#8216;d merco 11 f\u00ebrv\u00e9 con na presentassion d\u00ebl piemont\u00e8is: i s\u00ebrcheroma &#8216;d cap\u00ec la diferensa tra lenga e dial\u00e8t, i faroma na cita st\u00f2ria d\u00ebl piemont\u00e8is, i parleroma &#8216;d dissionari e gram\u00e0tiche, i faroma na cita introdussion a la graf\u00eca.<\/p>\n<p>Na vira al m\u00e8is i rivroma a la festa final dij 24 \u00ebd giugn (<em>Conta na conta<\/em>), con Oscar Barile, Batista &#8216;d Cornaja, ij Musicant d&#8217;Alba e d&#8217;\u00e0utri amis: na manera anciarmanta e alegra p\u00ebr sar\u00e9 costa longa teor\u00eca &#8216;d segn \u00ebd vitalit\u00e0.<\/p>\n<p><em>\u00c7a va sans dire<\/em> ch&#8217;i v\u00eb spet.<\/p>\n","protected":false},"excerpt":{"rendered":"<p><a href=\"https:\/\/giannidavico.it\/gopiedmont\/files\/2015\/02\/sensazioni.jpg\"><img loading=\"lazy\" src=\"https:\/\/giannidavico.it\/gopiedmont\/files\/2015\/02\/sensazioni-300x225.jpg\" alt=\"sensazioni\" width=\"300\" height=\"225\" class=\"alignright size-medium wp-image-2610\" srcset=\"https:\/\/giannidavico.it\/gopiedmont\/files\/2015\/02\/sensazioni-300x225.jpg 300w, https:\/\/giannidavico.it\/gopiedmont\/files\/2015\/02\/sensazioni.jpg 1024w\" sizes=\"(max-width: 300px) 100vw, 300px\" \/><\/a><br \/> <a href=\"http:\/\/www.casascaparone.it\/\" title=\"Casa Scaparone\" target=\"_blank\">Scaparon<\/a> a l&#8217;\u00e9 da sempe un leu dl&#8217;\u00e0nima p\u00ebr mi, mers\u00ec a col mat (dit con tuta la bin che i-j veuj; e &#8216;d chiel Orazio a dir\u00eca: &#8220;Aut insanit homo aut versus facit&#8221;) ch&#8217;a lo \u00e0nima.<\/p>\n<p>Bin, da s\u00ec a giugn cola colin-a a sar\u00e0 pien-a d&#8217;ativit\u00e0 e cors e r\u00f2be e amprende e f\u00e9. La lista completa a l&#8217;\u00e9 <a href=\"http:\/\/corsi-attivita.blogspot.it\/2015_02_01_archive.html\" title=\"Casa Scaparone - attivit\u00e0 e corsi 2015\" target=\"_blank\">ambeless\u00ec<\/a>. Mi i farai na cita part, cola ch&#8217;a r\u00ebsguarda &#8216;l piemont\u00e8is (<em>Parla pa! \u00cbl piemont\u00e8is ancheuj: scotelo, parlelo, leslo, scrivlo<\/em>). \u00cbl but a l&#8217;\u00e9 \u00ebd f\u00e9 na panor\u00e0mica &#8216;d n\u00f2sta lenga ancheuj; sensa d\u00ebsmenti\u00e9 ij cit, ch&#8217;a son l&#8217;avn\u00ec \u00ebd na lenga.<\/p>\n<p>I faroma &#8216;dc\u00f2 qu\u00e0ich pont\u00e0 anvers la scritura. Gi\u00e0, p\u00ebrch\u00e8 scrive na lenga a l&#8217;\u00e9 important, a basta nen parlela. E a venta scrivla &#8220;p\u00ec da bin ch&#8217;as peul&#8221;, p\u00ebr dila con <a href=\"https:\/\/giannidavico.it\/gopiedmont\/2009\/11\/22\/barba-toni-el-pi-a-mont-teis\/\" title=\"Barba T\u00f2ni, \u00cbl P\u00ec-a-mont-t\u00e8is\">Barba T\u00f2ni<\/a>; ma i l&#8217;hai &#8216;dc\u00f2 la pret\u00e8isa &#8216;d d\u00ec che scrive an piemont\u00e8is a l&#8217;\u00e9 belf\u00e9.<\/p>\n<p>I ancaminoma la s\u00e8ira &#8216;d merco 11 f\u00ebrv\u00e9 con [\u2026] <a class=\"moretag\" href=\"https:\/\/giannidavico.it\/gopiedmont\/2015\/02\/04\/parla-pa-2\/\">continua a leggere \u00bb<\/a><\/p>\n","protected":false},"author":4,"featured_media":0,"comment_status":"open","ping_status":"open","sticky":false,"template":"","format":"standard","meta":[],"categories":[130],"tags":[131,107,4019],"yoast_head":"<!-- This site is optimized with the Yoast SEO plugin v19.14 - https:\/\/yoast.com\/wordpress\/plugins\/seo\/ -->\n<title>Parla pa! - Go Piedmont<\/title>\n<meta name=\"robots\" content=\"index, follow, max-snippet:-1, max-image-preview:large, max-video-preview:-1\" \/>\n<link rel=\"canonical\" href=\"https:\/\/giannidavico.it\/gopiedmont\/2015\/02\/04\/parla-pa-2\/\" \/>\n<meta property=\"og:locale\" content=\"it_IT\" \/>\n<meta property=\"og:type\" content=\"article\" \/>\n<meta property=\"og:title\" content=\"Parla pa! - Go Piedmont\" \/>\n<meta property=\"og:description\" content=\"Scaparon a l&#8217;\u00e9 da sempe un leu dl&#8217;\u00e0nima p\u00ebr mi, mers\u00ec a col mat (dit con tuta la bin che i-j veuj; e &#8216;d chiel Orazio a dir\u00eca: &#8220;Aut insanit homo aut versus facit&#8221;) ch&#8217;a lo \u00e0nima. Bin, da s\u00ec a giugn cola colin-a a sar\u00e0 pien-a d&#8217;ativit\u00e0 e cors e r\u00f2be e amprende e f\u00e9. La lista completa a l&#8217;\u00e9 ambeless\u00ec. Mi i farai na cita part, cola ch&#8217;a r\u00ebsguarda &#8216;l piemont\u00e8is (Parla pa! \u00cbl piemont\u00e8is ancheuj: scotelo, parlelo, leslo, scrivlo). \u00cbl but a l&#8217;\u00e9 \u00ebd f\u00e9 na panor\u00e0mica &#8216;d n\u00f2sta lenga ancheuj; sensa d\u00ebsmenti\u00e9 ij cit, ch&#8217;a son l&#8217;avn\u00ec \u00ebd na lenga. I faroma &#8216;dc\u00f2 qu\u00e0ich pont\u00e0 anvers la scritura. Gi\u00e0, p\u00ebrch\u00e8 scrive na lenga a l&#8217;\u00e9 important, a basta nen parlela. E a venta scrivla &#8220;p\u00ec da bin ch&#8217;as peul&#8221;, p\u00ebr dila con Barba T\u00f2ni; ma i l&#8217;hai &#8216;dc\u00f2 la pret\u00e8isa &#8216;d d\u00ec che scrive an piemont\u00e8is a l&#8217;\u00e9 belf\u00e9. I ancaminoma la s\u00e8ira &#8216;d merco 11 f\u00ebrv\u00e9 con [\u2026] continua a leggere \u00bb\" \/>\n<meta property=\"og:url\" content=\"https:\/\/giannidavico.it\/gopiedmont\/2015\/02\/04\/parla-pa-2\/\" \/>\n<meta property=\"og:site_name\" content=\"Go Piedmont\" \/>\n<meta property=\"article:published_time\" content=\"2015-02-04T08:47:30+00:00\" \/>\n<meta property=\"og:image\" content=\"https:\/\/giannidavico.it\/gopiedmont\/files\/2015\/02\/sensazioni-300x225.jpg\" \/>\n<meta name=\"author\" content=\"giannidavico\" \/>\n<meta name=\"twitter:card\" content=\"summary_large_image\" \/>\n<meta name=\"twitter:label1\" content=\"Scritto da\" \/>\n\t<meta name=\"twitter:data1\" content=\"giannidavico\" \/>\n\t<meta name=\"twitter:label2\" content=\"Tempo di lettura stimato\" \/>\n\t<meta name=\"twitter:data2\" content=\"1 minuto\" \/>\n<script type=\"application\/ld+json\" class=\"yoast-schema-graph\">{\"@context\":\"https:\/\/schema.org\",\"@graph\":[{\"@type\":\"WebPage\",\"@id\":\"https:\/\/giannidavico.it\/gopiedmont\/2015\/02\/04\/parla-pa-2\/\",\"url\":\"https:\/\/giannidavico.it\/gopiedmont\/2015\/02\/04\/parla-pa-2\/\",\"name\":\"Parla pa! - Go Piedmont\",\"isPartOf\":{\"@id\":\"https:\/\/giannidavico.it\/gopiedmont\/#website\"},\"datePublished\":\"2015-02-04T08:47:30+00:00\",\"dateModified\":\"2015-02-04T08:47:30+00:00\",\"author\":{\"@id\":\"https:\/\/giannidavico.it\/gopiedmont\/#\/schema\/person\/ea1fd17d8f2dba325f3712219efa8f77\"},\"inLanguage\":\"it-IT\",\"potentialAction\":[{\"@type\":\"ReadAction\",\"target\":[\"https:\/\/giannidavico.it\/gopiedmont\/2015\/02\/04\/parla-pa-2\/\"]}]},{\"@type\":\"WebSite\",\"@id\":\"https:\/\/giannidavico.it\/gopiedmont\/#website\",\"url\":\"https:\/\/giannidavico.it\/gopiedmont\/\",\"name\":\"Go Piedmont\",\"description\":\"pens\u00e9 dzora l\u00ecber, event e p\u00ebrson-e grop\u00e0 al Piemont e a la lenga piemont\u00e8isa\",\"potentialAction\":[{\"@type\":\"SearchAction\",\"target\":{\"@type\":\"EntryPoint\",\"urlTemplate\":\"https:\/\/giannidavico.it\/gopiedmont\/?s={search_term_string}\"},\"query-input\":\"required name=search_term_string\"}],\"inLanguage\":\"it-IT\"},{\"@type\":\"Person\",\"@id\":\"https:\/\/giannidavico.it\/gopiedmont\/#\/schema\/person\/ea1fd17d8f2dba325f3712219efa8f77\",\"name\":\"giannidavico\",\"image\":{\"@type\":\"ImageObject\",\"inLanguage\":\"it-IT\",\"@id\":\"https:\/\/giannidavico.it\/gopiedmont\/#\/schema\/person\/image\/\",\"url\":\"https:\/\/secure.gravatar.com\/avatar\/337748753d882602f3038b55fb369ba1?s=96&d=mm&r=g\",\"contentUrl\":\"https:\/\/secure.gravatar.com\/avatar\/337748753d882602f3038b55fb369ba1?s=96&d=mm&r=g\",\"caption\":\"giannidavico\"},\"url\":\"https:\/\/giannidavico.it\/gopiedmont\/author\/giannidavico\/\"}]}<\/script>\n<!-- \/ Yoast SEO plugin. -->","yoast_head_json":{"title":"Parla pa! - Go Piedmont","robots":{"index":"index","follow":"follow","max-snippet":"max-snippet:-1","max-image-preview":"max-image-preview:large","max-video-preview":"max-video-preview:-1"},"canonical":"https:\/\/giannidavico.it\/gopiedmont\/2015\/02\/04\/parla-pa-2\/","og_locale":"it_IT","og_type":"article","og_title":"Parla pa! - Go Piedmont","og_description":"Scaparon a l&#8217;\u00e9 da sempe un leu dl&#8217;\u00e0nima p\u00ebr mi, mers\u00ec a col mat (dit con tuta la bin che i-j veuj; e &#8216;d chiel Orazio a dir\u00eca: &#8220;Aut insanit homo aut versus facit&#8221;) ch&#8217;a lo \u00e0nima. Bin, da s\u00ec a giugn cola colin-a a sar\u00e0 pien-a d&#8217;ativit\u00e0 e cors e r\u00f2be e amprende e f\u00e9. La lista completa a l&#8217;\u00e9 ambeless\u00ec. Mi i farai na cita part, cola ch&#8217;a r\u00ebsguarda &#8216;l piemont\u00e8is (Parla pa! \u00cbl piemont\u00e8is ancheuj: scotelo, parlelo, leslo, scrivlo). \u00cbl but a l&#8217;\u00e9 \u00ebd f\u00e9 na panor\u00e0mica &#8216;d n\u00f2sta lenga ancheuj; sensa d\u00ebsmenti\u00e9 ij cit, ch&#8217;a son l&#8217;avn\u00ec \u00ebd na lenga. I faroma &#8216;dc\u00f2 qu\u00e0ich pont\u00e0 anvers la scritura. Gi\u00e0, p\u00ebrch\u00e8 scrive na lenga a l&#8217;\u00e9 important, a basta nen parlela. E a venta scrivla &#8220;p\u00ec da bin ch&#8217;as peul&#8221;, p\u00ebr dila con Barba T\u00f2ni; ma i l&#8217;hai &#8216;dc\u00f2 la pret\u00e8isa &#8216;d d\u00ec che scrive an piemont\u00e8is a l&#8217;\u00e9 belf\u00e9. I ancaminoma la s\u00e8ira &#8216;d merco 11 f\u00ebrv\u00e9 con [\u2026] continua a leggere \u00bb","og_url":"https:\/\/giannidavico.it\/gopiedmont\/2015\/02\/04\/parla-pa-2\/","og_site_name":"Go Piedmont","article_published_time":"2015-02-04T08:47:30+00:00","og_image":[{"url":"https:\/\/giannidavico.it\/gopiedmont\/files\/2015\/02\/sensazioni-300x225.jpg"}],"author":"giannidavico","twitter_card":"summary_large_image","twitter_misc":{"Scritto da":"giannidavico","Tempo di lettura stimato":"1 minuto"},"schema":{"@context":"https:\/\/schema.org","@graph":[{"@type":"WebPage","@id":"https:\/\/giannidavico.it\/gopiedmont\/2015\/02\/04\/parla-pa-2\/","url":"https:\/\/giannidavico.it\/gopiedmont\/2015\/02\/04\/parla-pa-2\/","name":"Parla pa! - Go Piedmont","isPartOf":{"@id":"https:\/\/giannidavico.it\/gopiedmont\/#website"},"datePublished":"2015-02-04T08:47:30+00:00","dateModified":"2015-02-04T08:47:30+00:00","author":{"@id":"https:\/\/giannidavico.it\/gopiedmont\/#\/schema\/person\/ea1fd17d8f2dba325f3712219efa8f77"},"inLanguage":"it-IT","potentialAction":[{"@type":"ReadAction","target":["https:\/\/giannidavico.it\/gopiedmont\/2015\/02\/04\/parla-pa-2\/"]}]},{"@type":"WebSite","@id":"https:\/\/giannidavico.it\/gopiedmont\/#website","url":"https:\/\/giannidavico.it\/gopiedmont\/","name":"Go Piedmont","description":"pens\u00e9 dzora l\u00ecber, event e p\u00ebrson-e grop\u00e0 al Piemont e a la lenga piemont\u00e8isa","potentialAction":[{"@type":"SearchAction","target":{"@type":"EntryPoint","urlTemplate":"https:\/\/giannidavico.it\/gopiedmont\/?s={search_term_string}"},"query-input":"required name=search_term_string"}],"inLanguage":"it-IT"},{"@type":"Person","@id":"https:\/\/giannidavico.it\/gopiedmont\/#\/schema\/person\/ea1fd17d8f2dba325f3712219efa8f77","name":"giannidavico","image":{"@type":"ImageObject","inLanguage":"it-IT","@id":"https:\/\/giannidavico.it\/gopiedmont\/#\/schema\/person\/image\/","url":"https:\/\/secure.gravatar.com\/avatar\/337748753d882602f3038b55fb369ba1?s=96&d=mm&r=g","contentUrl":"https:\/\/secure.gravatar.com\/avatar\/337748753d882602f3038b55fb369ba1?s=96&d=mm&r=g","caption":"giannidavico"},"url":"https:\/\/giannidavico.it\/gopiedmont\/author\/giannidavico\/"}]}},"_links":{"self":[{"href":"https:\/\/giannidavico.it\/gopiedmont\/wp-json\/wp\/v2\/posts\/2609"}],"collection":[{"href":"https:\/\/giannidavico.it\/gopiedmont\/wp-json\/wp\/v2\/posts"}],"about":[{"href":"https:\/\/giannidavico.it\/gopiedmont\/wp-json\/wp\/v2\/types\/post"}],"author":[{"embeddable":true,"href":"https:\/\/giannidavico.it\/gopiedmont\/wp-json\/wp\/v2\/users\/4"}],"replies":[{"embeddable":true,"href":"https:\/\/giannidavico.it\/gopiedmont\/wp-json\/wp\/v2\/comments?post=2609"}],"version-history":[{"count":6,"href":"https:\/\/giannidavico.it\/gopiedmont\/wp-json\/wp\/v2\/posts\/2609\/revisions"}],"predecessor-version":[{"id":2616,"href":"https:\/\/giannidavico.it\/gopiedmont\/wp-json\/wp\/v2\/posts\/2609\/revisions\/2616"}],"wp:attachment":[{"href":"https:\/\/giannidavico.it\/gopiedmont\/wp-json\/wp\/v2\/media?parent=2609"}],"wp:term":[{"taxonomy":"category","embeddable":true,"href":"https:\/\/giannidavico.it\/gopiedmont\/wp-json\/wp\/v2\/categories?post=2609"},{"taxonomy":"post_tag","embeddable":true,"href":"https:\/\/giannidavico.it\/gopiedmont\/wp-json\/wp\/v2\/tags?post=2609"}],"curies":[{"name":"wp","href":"https:\/\/api.w.org\/{rel}","templated":true}]}}