{"id":2628,"date":"2015-02-18T08:54:21","date_gmt":"2015-02-18T07:54:21","guid":{"rendered":"https:\/\/giannidavico.it\/staging\/gopiedmont\/?p=2628"},"modified":"2015-02-18T08:54:21","modified_gmt":"2015-02-18T07:54:21","slug":"attilio-bertolucci-a-soa-mare-cha-lavia-nom-maria","status":"publish","type":"post","link":"https:\/\/giannidavico.it\/gopiedmont\/2015\/02\/18\/attilio-bertolucci-a-soa-mare-cha-lavia-nom-maria\/","title":{"rendered":"Attilio Bertolucci, A soa mare, ch&#8217;a l&#8217;av\u00eca n\u00f2m Maria"},"content":{"rendered":"<p>It ses ti, invoc\u00e0 minca s\u00e8ira, pitur\u00e0 an sle n\u00ecvole<br \/>\nch&#8217;a anrosso la n\u00f2stra pianura e l\u00f2n ch&#8217;as bogia an chila,<br \/>\ncit fresch come feuje e fomne umide an viagi<br \/>\nvers la sit\u00e0 ant \u00ebl ci\u00e0ir \u00ebd n\u00eb slavass ch&#8217;a chita,<br \/>\nit ses ti, mare giovo eternament an virt\u00f9 dla m\u00f2rt<br \/>\nch&#8217;a l&#8217;ha pijate, reusa an s\u00ebl pont doss \u00ebd d\u00ebsfior\u00ec,<br \/>\nti, la sorgiss \u00ebd minca nevr\u00f2si e afann ch&#8217;am tortura,<br \/>\ne p\u00ebr s\u00f2n it ringrassio p\u00ebr l&#8217;et\u00e0 pass\u00e0, present e ch&#8217;a vnir\u00e0.<br \/>\n<a href=\"https:\/\/giannidavico.it\/gopiedmont\/files\/2015\/02\/Attilio-Bertolucci.jpg\"><img loading=\"lazy\" src=\"https:\/\/giannidavico.it\/gopiedmont\/files\/2015\/02\/Attilio-Bertolucci-300x195.jpg\" alt=\"Attilio Bertolucci\" width=\"300\" height=\"195\" class=\"alignright size-medium wp-image-2629\" srcset=\"https:\/\/giannidavico.it\/gopiedmont\/files\/2015\/02\/Attilio-Bertolucci-300x195.jpg 300w, https:\/\/giannidavico.it\/gopiedmont\/files\/2015\/02\/Attilio-Bertolucci.jpg 600w\" sizes=\"(max-width: 300px) 100vw, 300px\" \/><\/a><br \/>\nAttilio Bertolucci, <em>A sua madre, che aveva nome Maria<\/em>, an <em>La capanna indiana<\/em>, Milan, Garzanti, 1973.<\/p>\n","protected":false},"excerpt":{"rendered":"<p>It ses ti, invoc\u00e0 minca s\u00e8ira, pitur\u00e0 an sle n\u00ecvole<br \/> ch&#8217;a anrosso la n\u00f2stra pianura e l\u00f2n ch&#8217;as bogia an chila,<br \/> cit fresch come feuje e fomne umide an viagi<br \/> vers la sit\u00e0 ant \u00ebl ci\u00e0ir \u00ebd n\u00eb slavass ch&#8217;a chita,<br \/> it ses ti, mare giovo eternament an virt\u00f9 dla m\u00f2rt<br \/> ch&#8217;a l&#8217;ha pijate, reusa an s\u00ebl pont doss \u00ebd d\u00ebsfior\u00ec,<br \/> ti, la sorgiss \u00ebd minca nevr\u00f2si e afann ch&#8217;am tortura,<br \/> e p\u00ebr s\u00f2n it ringrassio p\u00ebr l&#8217;et\u00e0 pass\u00e0, present e ch&#8217;a vnir\u00e0.<br \/> <a href=\"https:\/\/giannidavico.it\/gopiedmont\/files\/2015\/02\/Attilio-Bertolucci.jpg\"><img loading=\"lazy\" src=\"https:\/\/giannidavico.it\/gopiedmont\/files\/2015\/02\/Attilio-Bertolucci-300x195.jpg\" alt=\"Attilio Bertolucci\" width=\"300\" height=\"195\" class=\"alignright size-medium wp-image-2629\" srcset=\"https:\/\/giannidavico.it\/gopiedmont\/files\/2015\/02\/Attilio-Bertolucci-300x195.jpg 300w, https:\/\/giannidavico.it\/gopiedmont\/files\/2015\/02\/Attilio-Bertolucci.jpg 600w\" sizes=\"(max-width: 300px) 100vw, 300px\" \/><\/a><br \/> Attilio Bertolucci, <em>A sua madre, che aveva nome Maria<\/em>, an <em>La capanna indiana<\/em>, Milan, Garzanti, 1973.<\/p>\n","protected":false},"author":4,"featured_media":0,"comment_status":"open","ping_status":"open","sticky":false,"template":"","format":"standard","meta":[],"categories":[130],"tags":[7851],"yoast_head":"<!-- This site is optimized with the Yoast SEO plugin v19.14 - https:\/\/yoast.com\/wordpress\/plugins\/seo\/ -->\n<title>Attilio Bertolucci, A soa mare, ch&#039;a l&#039;av\u00eca n\u00f2m Maria - Go Piedmont<\/title>\n<meta name=\"robots\" content=\"index, follow, max-snippet:-1, max-image-preview:large, max-video-preview:-1\" \/>\n<link rel=\"canonical\" href=\"https:\/\/giannidavico.it\/gopiedmont\/2015\/02\/18\/attilio-bertolucci-a-soa-mare-cha-lavia-nom-maria\/\" \/>\n<meta property=\"og:locale\" content=\"it_IT\" \/>\n<meta property=\"og:type\" content=\"article\" \/>\n<meta property=\"og:title\" content=\"Attilio Bertolucci, A soa mare, ch&#039;a l&#039;av\u00eca n\u00f2m Maria - Go Piedmont\" \/>\n<meta property=\"og:description\" content=\"It ses ti, invoc\u00e0 minca s\u00e8ira, pitur\u00e0 an sle n\u00ecvole ch&#8217;a anrosso la n\u00f2stra pianura e l\u00f2n ch&#8217;as bogia an chila, cit fresch come feuje e fomne umide an viagi vers la sit\u00e0 ant \u00ebl ci\u00e0ir \u00ebd n\u00eb slavass ch&#8217;a chita, it ses ti, mare giovo eternament an virt\u00f9 dla m\u00f2rt ch&#8217;a l&#8217;ha pijate, reusa an s\u00ebl pont doss \u00ebd d\u00ebsfior\u00ec, ti, la sorgiss \u00ebd minca nevr\u00f2si e afann ch&#8217;am tortura, e p\u00ebr s\u00f2n it ringrassio p\u00ebr l&#8217;et\u00e0 pass\u00e0, present e ch&#8217;a vnir\u00e0. Attilio Bertolucci, A sua madre, che aveva nome Maria, an La capanna indiana, Milan, Garzanti, 1973.\" \/>\n<meta property=\"og:url\" content=\"https:\/\/giannidavico.it\/gopiedmont\/2015\/02\/18\/attilio-bertolucci-a-soa-mare-cha-lavia-nom-maria\/\" \/>\n<meta property=\"og:site_name\" content=\"Go Piedmont\" \/>\n<meta property=\"article:published_time\" content=\"2015-02-18T07:54:21+00:00\" \/>\n<meta property=\"og:image\" content=\"https:\/\/giannidavico.it\/gopiedmont\/files\/2015\/02\/Attilio-Bertolucci-300x195.jpg\" \/>\n<meta name=\"author\" content=\"giannidavico\" \/>\n<meta name=\"twitter:card\" content=\"summary_large_image\" \/>\n<meta name=\"twitter:label1\" content=\"Scritto da\" \/>\n\t<meta name=\"twitter:data1\" content=\"giannidavico\" \/>\n\t<meta name=\"twitter:label2\" content=\"Tempo di lettura stimato\" \/>\n\t<meta name=\"twitter:data2\" content=\"1 minuto\" \/>\n<script type=\"application\/ld+json\" class=\"yoast-schema-graph\">{\"@context\":\"https:\/\/schema.org\",\"@graph\":[{\"@type\":\"WebPage\",\"@id\":\"https:\/\/giannidavico.it\/gopiedmont\/2015\/02\/18\/attilio-bertolucci-a-soa-mare-cha-lavia-nom-maria\/\",\"url\":\"https:\/\/giannidavico.it\/gopiedmont\/2015\/02\/18\/attilio-bertolucci-a-soa-mare-cha-lavia-nom-maria\/\",\"name\":\"Attilio Bertolucci, A soa mare, ch'a l'av\u00eca n\u00f2m Maria - Go Piedmont\",\"isPartOf\":{\"@id\":\"https:\/\/giannidavico.it\/gopiedmont\/#website\"},\"datePublished\":\"2015-02-18T07:54:21+00:00\",\"dateModified\":\"2015-02-18T07:54:21+00:00\",\"author\":{\"@id\":\"https:\/\/giannidavico.it\/gopiedmont\/#\/schema\/person\/ea1fd17d8f2dba325f3712219efa8f77\"},\"inLanguage\":\"it-IT\",\"potentialAction\":[{\"@type\":\"ReadAction\",\"target\":[\"https:\/\/giannidavico.it\/gopiedmont\/2015\/02\/18\/attilio-bertolucci-a-soa-mare-cha-lavia-nom-maria\/\"]}]},{\"@type\":\"WebSite\",\"@id\":\"https:\/\/giannidavico.it\/gopiedmont\/#website\",\"url\":\"https:\/\/giannidavico.it\/gopiedmont\/\",\"name\":\"Go Piedmont\",\"description\":\"pens\u00e9 dzora l\u00ecber, event e p\u00ebrson-e grop\u00e0 al Piemont e a la lenga piemont\u00e8isa\",\"potentialAction\":[{\"@type\":\"SearchAction\",\"target\":{\"@type\":\"EntryPoint\",\"urlTemplate\":\"https:\/\/giannidavico.it\/gopiedmont\/?s={search_term_string}\"},\"query-input\":\"required name=search_term_string\"}],\"inLanguage\":\"it-IT\"},{\"@type\":\"Person\",\"@id\":\"https:\/\/giannidavico.it\/gopiedmont\/#\/schema\/person\/ea1fd17d8f2dba325f3712219efa8f77\",\"name\":\"giannidavico\",\"image\":{\"@type\":\"ImageObject\",\"inLanguage\":\"it-IT\",\"@id\":\"https:\/\/giannidavico.it\/gopiedmont\/#\/schema\/person\/image\/\",\"url\":\"https:\/\/secure.gravatar.com\/avatar\/337748753d882602f3038b55fb369ba1?s=96&d=mm&r=g\",\"contentUrl\":\"https:\/\/secure.gravatar.com\/avatar\/337748753d882602f3038b55fb369ba1?s=96&d=mm&r=g\",\"caption\":\"giannidavico\"},\"url\":\"https:\/\/giannidavico.it\/gopiedmont\/author\/giannidavico\/\"}]}<\/script>\n<!-- \/ Yoast SEO plugin. -->","yoast_head_json":{"title":"Attilio Bertolucci, A soa mare, ch'a l'av\u00eca n\u00f2m Maria - Go Piedmont","robots":{"index":"index","follow":"follow","max-snippet":"max-snippet:-1","max-image-preview":"max-image-preview:large","max-video-preview":"max-video-preview:-1"},"canonical":"https:\/\/giannidavico.it\/gopiedmont\/2015\/02\/18\/attilio-bertolucci-a-soa-mare-cha-lavia-nom-maria\/","og_locale":"it_IT","og_type":"article","og_title":"Attilio Bertolucci, A soa mare, ch'a l'av\u00eca n\u00f2m Maria - Go Piedmont","og_description":"It ses ti, invoc\u00e0 minca s\u00e8ira, pitur\u00e0 an sle n\u00ecvole ch&#8217;a anrosso la n\u00f2stra pianura e l\u00f2n ch&#8217;as bogia an chila, cit fresch come feuje e fomne umide an viagi vers la sit\u00e0 ant \u00ebl ci\u00e0ir \u00ebd n\u00eb slavass ch&#8217;a chita, it ses ti, mare giovo eternament an virt\u00f9 dla m\u00f2rt ch&#8217;a l&#8217;ha pijate, reusa an s\u00ebl pont doss \u00ebd d\u00ebsfior\u00ec, ti, la sorgiss \u00ebd minca nevr\u00f2si e afann ch&#8217;am tortura, e p\u00ebr s\u00f2n it ringrassio p\u00ebr l&#8217;et\u00e0 pass\u00e0, present e ch&#8217;a vnir\u00e0. Attilio Bertolucci, A sua madre, che aveva nome Maria, an La capanna indiana, Milan, Garzanti, 1973.","og_url":"https:\/\/giannidavico.it\/gopiedmont\/2015\/02\/18\/attilio-bertolucci-a-soa-mare-cha-lavia-nom-maria\/","og_site_name":"Go Piedmont","article_published_time":"2015-02-18T07:54:21+00:00","og_image":[{"url":"https:\/\/giannidavico.it\/gopiedmont\/files\/2015\/02\/Attilio-Bertolucci-300x195.jpg"}],"author":"giannidavico","twitter_card":"summary_large_image","twitter_misc":{"Scritto da":"giannidavico","Tempo di lettura stimato":"1 minuto"},"schema":{"@context":"https:\/\/schema.org","@graph":[{"@type":"WebPage","@id":"https:\/\/giannidavico.it\/gopiedmont\/2015\/02\/18\/attilio-bertolucci-a-soa-mare-cha-lavia-nom-maria\/","url":"https:\/\/giannidavico.it\/gopiedmont\/2015\/02\/18\/attilio-bertolucci-a-soa-mare-cha-lavia-nom-maria\/","name":"Attilio Bertolucci, A soa mare, ch'a l'av\u00eca n\u00f2m Maria - Go Piedmont","isPartOf":{"@id":"https:\/\/giannidavico.it\/gopiedmont\/#website"},"datePublished":"2015-02-18T07:54:21+00:00","dateModified":"2015-02-18T07:54:21+00:00","author":{"@id":"https:\/\/giannidavico.it\/gopiedmont\/#\/schema\/person\/ea1fd17d8f2dba325f3712219efa8f77"},"inLanguage":"it-IT","potentialAction":[{"@type":"ReadAction","target":["https:\/\/giannidavico.it\/gopiedmont\/2015\/02\/18\/attilio-bertolucci-a-soa-mare-cha-lavia-nom-maria\/"]}]},{"@type":"WebSite","@id":"https:\/\/giannidavico.it\/gopiedmont\/#website","url":"https:\/\/giannidavico.it\/gopiedmont\/","name":"Go Piedmont","description":"pens\u00e9 dzora l\u00ecber, event e p\u00ebrson-e grop\u00e0 al Piemont e a la lenga piemont\u00e8isa","potentialAction":[{"@type":"SearchAction","target":{"@type":"EntryPoint","urlTemplate":"https:\/\/giannidavico.it\/gopiedmont\/?s={search_term_string}"},"query-input":"required name=search_term_string"}],"inLanguage":"it-IT"},{"@type":"Person","@id":"https:\/\/giannidavico.it\/gopiedmont\/#\/schema\/person\/ea1fd17d8f2dba325f3712219efa8f77","name":"giannidavico","image":{"@type":"ImageObject","inLanguage":"it-IT","@id":"https:\/\/giannidavico.it\/gopiedmont\/#\/schema\/person\/image\/","url":"https:\/\/secure.gravatar.com\/avatar\/337748753d882602f3038b55fb369ba1?s=96&d=mm&r=g","contentUrl":"https:\/\/secure.gravatar.com\/avatar\/337748753d882602f3038b55fb369ba1?s=96&d=mm&r=g","caption":"giannidavico"},"url":"https:\/\/giannidavico.it\/gopiedmont\/author\/giannidavico\/"}]}},"_links":{"self":[{"href":"https:\/\/giannidavico.it\/gopiedmont\/wp-json\/wp\/v2\/posts\/2628"}],"collection":[{"href":"https:\/\/giannidavico.it\/gopiedmont\/wp-json\/wp\/v2\/posts"}],"about":[{"href":"https:\/\/giannidavico.it\/gopiedmont\/wp-json\/wp\/v2\/types\/post"}],"author":[{"embeddable":true,"href":"https:\/\/giannidavico.it\/gopiedmont\/wp-json\/wp\/v2\/users\/4"}],"replies":[{"embeddable":true,"href":"https:\/\/giannidavico.it\/gopiedmont\/wp-json\/wp\/v2\/comments?post=2628"}],"version-history":[{"count":2,"href":"https:\/\/giannidavico.it\/gopiedmont\/wp-json\/wp\/v2\/posts\/2628\/revisions"}],"predecessor-version":[{"id":2631,"href":"https:\/\/giannidavico.it\/gopiedmont\/wp-json\/wp\/v2\/posts\/2628\/revisions\/2631"}],"wp:attachment":[{"href":"https:\/\/giannidavico.it\/gopiedmont\/wp-json\/wp\/v2\/media?parent=2628"}],"wp:term":[{"taxonomy":"category","embeddable":true,"href":"https:\/\/giannidavico.it\/gopiedmont\/wp-json\/wp\/v2\/categories?post=2628"},{"taxonomy":"post_tag","embeddable":true,"href":"https:\/\/giannidavico.it\/gopiedmont\/wp-json\/wp\/v2\/tags?post=2628"}],"curies":[{"name":"wp","href":"https:\/\/api.w.org\/{rel}","templated":true}]}}