{"id":2633,"date":"2015-02-25T06:00:38","date_gmt":"2015-02-25T05:00:38","guid":{"rendered":"https:\/\/giannidavico.it\/staging\/gopiedmont\/?p=2633"},"modified":"2015-02-24T20:39:36","modified_gmt":"2015-02-24T19:39:36","slug":"giuseppe-ungaretti-la-mare","status":"publish","type":"post","link":"https:\/\/giannidavico.it\/gopiedmont\/2015\/02\/25\/giuseppe-ungaretti-la-mare\/","title":{"rendered":"Giuseppe Ungaretti, La mare"},"content":{"rendered":"<p><a href=\"https:\/\/giannidavico.it\/gopiedmont\/files\/2015\/02\/Giuseppe-Ungaretti.jpg\"><img loading=\"lazy\" src=\"https:\/\/giannidavico.it\/gopiedmont\/files\/2015\/02\/Giuseppe-Ungaretti-300x300.jpg\" alt=\"Giuseppe Ungaretti\" width=\"300\" height=\"300\" class=\"alignright size-medium wp-image-2634\" srcset=\"https:\/\/giannidavico.it\/gopiedmont\/files\/2015\/02\/Giuseppe-Ungaretti-300x300.jpg 300w, https:\/\/giannidavico.it\/gopiedmont\/files\/2015\/02\/Giuseppe-Ungaretti-150x150.jpg 150w, https:\/\/giannidavico.it\/gopiedmont\/files\/2015\/02\/Giuseppe-Ungaretti.jpg 365w\" sizes=\"(max-width: 300px) 100vw, 300px\" \/><\/a><br \/>\nE &#8216;l cheur quand d\u2019un \u00f9ltim bati<br \/>\na l&#8217;avr\u00e0 f\u00e0it robat\u00e9 la muraja d&#8217;ombra<br \/>\np\u00ebr mneme, Mare, fin-a al Signor,<br \/>\ncome na v\u00f2lta it im darai la man.<\/p>\n<p>An ginoj, decisa,<br \/>\nit sarai na statua d\u00ebdnans a l\u2019etern,<br \/>\ncome gi\u00e0 at vegh\u00eca<br \/>\nquand ch&#8217;it j&#8217;eri ancor an vita.<\/p>\n<p>It ausserai t\u00ebrmolanta ij vej brass,<br \/>\ncome quand it ses spir\u00e0<br \/>\ndisend: Nosgnor, i son s\u00ec.<\/p>\n<p>E mach quand ch&#8217;a l&#8217;avr\u00e0 p\u00ebrdoname,<br \/>\na t\u00eb mnir\u00e0 anv\u00eca &#8216;d vardeme.<\/p>\n<p>It ricorderai d\u2019av\u00e8jme spet\u00e0 tant,<br \/>\ne it l&#8217;avrai ant j&#8217;euj un r\u00e0pid sospir.<\/p>\n","protected":false},"excerpt":{"rendered":"<p><a href=\"https:\/\/giannidavico.it\/gopiedmont\/files\/2015\/02\/Giuseppe-Ungaretti.jpg\"><img loading=\"lazy\" src=\"https:\/\/giannidavico.it\/gopiedmont\/files\/2015\/02\/Giuseppe-Ungaretti-300x300.jpg\" alt=\"Giuseppe Ungaretti\" width=\"300\" height=\"300\" class=\"alignright size-medium wp-image-2634\" srcset=\"https:\/\/giannidavico.it\/gopiedmont\/files\/2015\/02\/Giuseppe-Ungaretti-300x300.jpg 300w, https:\/\/giannidavico.it\/gopiedmont\/files\/2015\/02\/Giuseppe-Ungaretti-150x150.jpg 150w, https:\/\/giannidavico.it\/gopiedmont\/files\/2015\/02\/Giuseppe-Ungaretti.jpg 365w\" sizes=\"(max-width: 300px) 100vw, 300px\" \/><\/a><br \/> E &#8216;l cheur quand d\u2019un \u00f9ltim bati<br \/> a l&#8217;avr\u00e0 f\u00e0it robat\u00e9 la muraja d&#8217;ombra<br \/> p\u00ebr mneme, Mare, fin-a al Signor,<br \/> come na v\u00f2lta it im darai la man.<\/p>\n<p>An ginoj, decisa,<br \/> it sarai na statua d\u00ebdnans a l\u2019etern,<br \/> come gi\u00e0 at vegh\u00eca<br \/> quand ch&#8217;it j&#8217;eri ancor an vita.<\/p>\n<p>It ausserai t\u00ebrmolanta ij vej brass,<br \/> come quand it ses spir\u00e0<br \/> disend: Nosgnor, i son s\u00ec.<\/p>\n<p>E mach quand ch&#8217;a l&#8217;avr\u00e0 p\u00ebrdoname,<br \/> a t\u00eb mnir\u00e0 anv\u00eca &#8216;d vardeme.<\/p>\n<p>It ricorderai d\u2019av\u00e8jme spet\u00e0 tant,<br \/> e it l&#8217;avrai ant j&#8217;euj un r\u00e0pid sospir.<\/p>\n","protected":false},"author":4,"featured_media":0,"comment_status":"open","ping_status":"open","sticky":false,"template":"","format":"standard","meta":[],"categories":[130],"tags":[7851],"yoast_head":"<!-- This site is optimized with the Yoast SEO plugin v19.14 - https:\/\/yoast.com\/wordpress\/plugins\/seo\/ -->\n<title>Giuseppe Ungaretti, La mare - Go Piedmont<\/title>\n<meta name=\"robots\" content=\"index, follow, max-snippet:-1, max-image-preview:large, max-video-preview:-1\" \/>\n<link rel=\"canonical\" href=\"https:\/\/giannidavico.it\/gopiedmont\/2015\/02\/25\/giuseppe-ungaretti-la-mare\/\" \/>\n<meta property=\"og:locale\" content=\"it_IT\" \/>\n<meta property=\"og:type\" content=\"article\" \/>\n<meta property=\"og:title\" content=\"Giuseppe Ungaretti, La mare - Go Piedmont\" \/>\n<meta property=\"og:description\" content=\"E &#8216;l cheur quand d\u2019un \u00f9ltim bati a l&#8217;avr\u00e0 f\u00e0it robat\u00e9 la muraja d&#8217;ombra p\u00ebr mneme, Mare, fin-a al Signor, come na v\u00f2lta it im darai la man. An ginoj, decisa, it sarai na statua d\u00ebdnans a l\u2019etern, come gi\u00e0 at vegh\u00eca quand ch&#8217;it j&#8217;eri ancor an vita. It ausserai t\u00ebrmolanta ij vej brass, come quand it ses spir\u00e0 disend: Nosgnor, i son s\u00ec. E mach quand ch&#8217;a l&#8217;avr\u00e0 p\u00ebrdoname, a t\u00eb mnir\u00e0 anv\u00eca &#8216;d vardeme. It ricorderai d\u2019av\u00e8jme spet\u00e0 tant, e it l&#8217;avrai ant j&#8217;euj un r\u00e0pid sospir.\" \/>\n<meta property=\"og:url\" content=\"https:\/\/giannidavico.it\/gopiedmont\/2015\/02\/25\/giuseppe-ungaretti-la-mare\/\" \/>\n<meta property=\"og:site_name\" content=\"Go Piedmont\" \/>\n<meta property=\"article:published_time\" content=\"2015-02-25T05:00:38+00:00\" \/>\n<meta property=\"article:modified_time\" content=\"2015-02-24T19:39:36+00:00\" \/>\n<meta property=\"og:image\" content=\"https:\/\/giannidavico.it\/gopiedmont\/files\/2015\/02\/Giuseppe-Ungaretti-300x300.jpg\" \/>\n<meta name=\"author\" content=\"giannidavico\" \/>\n<meta name=\"twitter:card\" content=\"summary_large_image\" \/>\n<meta name=\"twitter:label1\" content=\"Scritto da\" \/>\n\t<meta name=\"twitter:data1\" content=\"giannidavico\" \/>\n\t<meta name=\"twitter:label2\" content=\"Tempo di lettura stimato\" \/>\n\t<meta name=\"twitter:data2\" content=\"1 minuto\" \/>\n<script type=\"application\/ld+json\" class=\"yoast-schema-graph\">{\"@context\":\"https:\/\/schema.org\",\"@graph\":[{\"@type\":\"WebPage\",\"@id\":\"https:\/\/giannidavico.it\/gopiedmont\/2015\/02\/25\/giuseppe-ungaretti-la-mare\/\",\"url\":\"https:\/\/giannidavico.it\/gopiedmont\/2015\/02\/25\/giuseppe-ungaretti-la-mare\/\",\"name\":\"Giuseppe Ungaretti, La mare - Go Piedmont\",\"isPartOf\":{\"@id\":\"https:\/\/giannidavico.it\/gopiedmont\/#website\"},\"datePublished\":\"2015-02-25T05:00:38+00:00\",\"dateModified\":\"2015-02-24T19:39:36+00:00\",\"author\":{\"@id\":\"https:\/\/giannidavico.it\/gopiedmont\/#\/schema\/person\/ea1fd17d8f2dba325f3712219efa8f77\"},\"inLanguage\":\"it-IT\",\"potentialAction\":[{\"@type\":\"ReadAction\",\"target\":[\"https:\/\/giannidavico.it\/gopiedmont\/2015\/02\/25\/giuseppe-ungaretti-la-mare\/\"]}]},{\"@type\":\"WebSite\",\"@id\":\"https:\/\/giannidavico.it\/gopiedmont\/#website\",\"url\":\"https:\/\/giannidavico.it\/gopiedmont\/\",\"name\":\"Go Piedmont\",\"description\":\"pens\u00e9 dzora l\u00ecber, event e p\u00ebrson-e grop\u00e0 al Piemont e a la lenga piemont\u00e8isa\",\"potentialAction\":[{\"@type\":\"SearchAction\",\"target\":{\"@type\":\"EntryPoint\",\"urlTemplate\":\"https:\/\/giannidavico.it\/gopiedmont\/?s={search_term_string}\"},\"query-input\":\"required name=search_term_string\"}],\"inLanguage\":\"it-IT\"},{\"@type\":\"Person\",\"@id\":\"https:\/\/giannidavico.it\/gopiedmont\/#\/schema\/person\/ea1fd17d8f2dba325f3712219efa8f77\",\"name\":\"giannidavico\",\"image\":{\"@type\":\"ImageObject\",\"inLanguage\":\"it-IT\",\"@id\":\"https:\/\/giannidavico.it\/gopiedmont\/#\/schema\/person\/image\/\",\"url\":\"https:\/\/secure.gravatar.com\/avatar\/337748753d882602f3038b55fb369ba1?s=96&d=mm&r=g\",\"contentUrl\":\"https:\/\/secure.gravatar.com\/avatar\/337748753d882602f3038b55fb369ba1?s=96&d=mm&r=g\",\"caption\":\"giannidavico\"},\"url\":\"https:\/\/giannidavico.it\/gopiedmont\/author\/giannidavico\/\"}]}<\/script>\n<!-- \/ Yoast SEO plugin. -->","yoast_head_json":{"title":"Giuseppe Ungaretti, La mare - Go Piedmont","robots":{"index":"index","follow":"follow","max-snippet":"max-snippet:-1","max-image-preview":"max-image-preview:large","max-video-preview":"max-video-preview:-1"},"canonical":"https:\/\/giannidavico.it\/gopiedmont\/2015\/02\/25\/giuseppe-ungaretti-la-mare\/","og_locale":"it_IT","og_type":"article","og_title":"Giuseppe Ungaretti, La mare - Go Piedmont","og_description":"E &#8216;l cheur quand d\u2019un \u00f9ltim bati a l&#8217;avr\u00e0 f\u00e0it robat\u00e9 la muraja d&#8217;ombra p\u00ebr mneme, Mare, fin-a al Signor, come na v\u00f2lta it im darai la man. An ginoj, decisa, it sarai na statua d\u00ebdnans a l\u2019etern, come gi\u00e0 at vegh\u00eca quand ch&#8217;it j&#8217;eri ancor an vita. It ausserai t\u00ebrmolanta ij vej brass, come quand it ses spir\u00e0 disend: Nosgnor, i son s\u00ec. E mach quand ch&#8217;a l&#8217;avr\u00e0 p\u00ebrdoname, a t\u00eb mnir\u00e0 anv\u00eca &#8216;d vardeme. It ricorderai d\u2019av\u00e8jme spet\u00e0 tant, e it l&#8217;avrai ant j&#8217;euj un r\u00e0pid sospir.","og_url":"https:\/\/giannidavico.it\/gopiedmont\/2015\/02\/25\/giuseppe-ungaretti-la-mare\/","og_site_name":"Go Piedmont","article_published_time":"2015-02-25T05:00:38+00:00","article_modified_time":"2015-02-24T19:39:36+00:00","og_image":[{"url":"https:\/\/giannidavico.it\/gopiedmont\/files\/2015\/02\/Giuseppe-Ungaretti-300x300.jpg"}],"author":"giannidavico","twitter_card":"summary_large_image","twitter_misc":{"Scritto da":"giannidavico","Tempo di lettura stimato":"1 minuto"},"schema":{"@context":"https:\/\/schema.org","@graph":[{"@type":"WebPage","@id":"https:\/\/giannidavico.it\/gopiedmont\/2015\/02\/25\/giuseppe-ungaretti-la-mare\/","url":"https:\/\/giannidavico.it\/gopiedmont\/2015\/02\/25\/giuseppe-ungaretti-la-mare\/","name":"Giuseppe Ungaretti, La mare - Go Piedmont","isPartOf":{"@id":"https:\/\/giannidavico.it\/gopiedmont\/#website"},"datePublished":"2015-02-25T05:00:38+00:00","dateModified":"2015-02-24T19:39:36+00:00","author":{"@id":"https:\/\/giannidavico.it\/gopiedmont\/#\/schema\/person\/ea1fd17d8f2dba325f3712219efa8f77"},"inLanguage":"it-IT","potentialAction":[{"@type":"ReadAction","target":["https:\/\/giannidavico.it\/gopiedmont\/2015\/02\/25\/giuseppe-ungaretti-la-mare\/"]}]},{"@type":"WebSite","@id":"https:\/\/giannidavico.it\/gopiedmont\/#website","url":"https:\/\/giannidavico.it\/gopiedmont\/","name":"Go Piedmont","description":"pens\u00e9 dzora l\u00ecber, event e p\u00ebrson-e grop\u00e0 al Piemont e a la lenga piemont\u00e8isa","potentialAction":[{"@type":"SearchAction","target":{"@type":"EntryPoint","urlTemplate":"https:\/\/giannidavico.it\/gopiedmont\/?s={search_term_string}"},"query-input":"required name=search_term_string"}],"inLanguage":"it-IT"},{"@type":"Person","@id":"https:\/\/giannidavico.it\/gopiedmont\/#\/schema\/person\/ea1fd17d8f2dba325f3712219efa8f77","name":"giannidavico","image":{"@type":"ImageObject","inLanguage":"it-IT","@id":"https:\/\/giannidavico.it\/gopiedmont\/#\/schema\/person\/image\/","url":"https:\/\/secure.gravatar.com\/avatar\/337748753d882602f3038b55fb369ba1?s=96&d=mm&r=g","contentUrl":"https:\/\/secure.gravatar.com\/avatar\/337748753d882602f3038b55fb369ba1?s=96&d=mm&r=g","caption":"giannidavico"},"url":"https:\/\/giannidavico.it\/gopiedmont\/author\/giannidavico\/"}]}},"_links":{"self":[{"href":"https:\/\/giannidavico.it\/gopiedmont\/wp-json\/wp\/v2\/posts\/2633"}],"collection":[{"href":"https:\/\/giannidavico.it\/gopiedmont\/wp-json\/wp\/v2\/posts"}],"about":[{"href":"https:\/\/giannidavico.it\/gopiedmont\/wp-json\/wp\/v2\/types\/post"}],"author":[{"embeddable":true,"href":"https:\/\/giannidavico.it\/gopiedmont\/wp-json\/wp\/v2\/users\/4"}],"replies":[{"embeddable":true,"href":"https:\/\/giannidavico.it\/gopiedmont\/wp-json\/wp\/v2\/comments?post=2633"}],"version-history":[{"count":1,"href":"https:\/\/giannidavico.it\/gopiedmont\/wp-json\/wp\/v2\/posts\/2633\/revisions"}],"predecessor-version":[{"id":2635,"href":"https:\/\/giannidavico.it\/gopiedmont\/wp-json\/wp\/v2\/posts\/2633\/revisions\/2635"}],"wp:attachment":[{"href":"https:\/\/giannidavico.it\/gopiedmont\/wp-json\/wp\/v2\/media?parent=2633"}],"wp:term":[{"taxonomy":"category","embeddable":true,"href":"https:\/\/giannidavico.it\/gopiedmont\/wp-json\/wp\/v2\/categories?post=2633"},{"taxonomy":"post_tag","embeddable":true,"href":"https:\/\/giannidavico.it\/gopiedmont\/wp-json\/wp\/v2\/tags?post=2633"}],"curies":[{"name":"wp","href":"https:\/\/api.w.org\/{rel}","templated":true}]}}