{"id":2646,"date":"2015-03-11T17:14:35","date_gmt":"2015-03-11T16:14:35","guid":{"rendered":"https:\/\/giannidavico.it\/staging\/gopiedmont\/?p=2646"},"modified":"2015-09-22T13:16:34","modified_gmt":"2015-09-22T12:16:34","slug":"dino-buzzati-la-giaca-nmasca-vira-an-lenga-da-renato-agagliate","status":"publish","type":"post","link":"https:\/\/giannidavico.it\/gopiedmont\/2015\/03\/11\/dino-buzzati-la-giaca-nmasca-vira-an-lenga-da-renato-agagliate\/","title":{"rendered":"Dino Buzzati, La giaca &#8216;nmasc\u00e0 &#8211; vira an lenga da Renato Agagliate"},"content":{"rendered":"<p><a href=\"https:\/\/giannidavico.it\/gopiedmont\/files\/2015\/03\/buzzati.jpg\"><img loading=\"lazy\" src=\"https:\/\/giannidavico.it\/gopiedmont\/files\/2015\/03\/buzzati-190x300.jpg\" alt=\"buzzati\" width=\"190\" height=\"300\" class=\"alignright size-medium wp-image-2648\" srcset=\"https:\/\/giannidavico.it\/gopiedmont\/files\/2015\/03\/buzzati-190x300.jpg 190w, https:\/\/giannidavico.it\/gopiedmont\/files\/2015\/03\/buzzati.jpg 316w\" sizes=\"(max-width: 190px) 100vw, 190px\" \/><\/a><br \/>\nAncheuj i smonoma n&#8217;\u00e0utr t\u00f2ch \u00ebd Dino Buzzati, <em>La giaca &#8216;nmasc\u00e0<\/em> (<em>La giacca stregata<\/em> an original), vir\u00e0 an piemont\u00e8is da n\u00f2str &#8220;tradutor ufissial&#8221;, Ren\u00e9 Agagliate. As treuva <a href=\"https:\/\/giannidavico.it\/gopiedmont\/files\/2015\/03\/La-giaca-nmasc\u00e0.pdf\" title=\"Dino Buzzati, La giaca 'nmasc\u00e0\">ambeless\u00ec<\/a>.<\/p>\n<p><a href=\"http:\/\/materiali.altervista.org\/index.php\/letture\/testaudio\/buzzati\/giacca\" title=\"Dino Buzzati, La giacca stregata\" target=\"_blank\">Ambeless\u00ec<\/a> as peul les-se l&#8217;original italian, e &#8211; r\u00f2ba che mal a f\u00e0 nen &#8211; scotesse \u00ebdc\u00f2, mentre che <a href=\"http:\/\/www.amazon.it\/boutique-del-mistero-Dino-Buzzati\/dp\/8804487704\/ref=sr_1_1?ie=UTF8&#038;qid=1442924168&#038;sr=8-1&#038;tag=giandavi-21\" title=\"Dino Buzzati, La boutique del mistero\" target=\"_blank\">cost<\/a> a l&#8217;\u00e9 \u00ebl l\u00ecber dal qual \u00ebl racont a l&#8217;\u00e9 gav\u00e0.<\/p>\n<p>\u00cbd Buzzati Ren\u00e9 a l&#8217;av\u00eca gi\u00e0 vir\u00e0 diversi t\u00f2ch: <a href=\"https:\/\/giannidavico.it\/gopiedmont\/2013\/11\/20\/dino-buzzati-la-creassion-vira-an-lenga-da-renato-agagliate\/\" title=\"Dino Buzzati, La creassion \u2013 vir\u00e0 an lenga da Renato Agagliate\"><em>La creassion<\/em><\/a>, <a href=\"https:\/\/giannidavico.it\/gopiedmont\/2014\/01\/22\/dino-buzzati-san-gancil\/\" title=\"Dino Buzzati, San Gancil\"><em>San Gancil<\/em><\/a> e <a href=\"https:\/\/giannidavico.it\/gopiedmont\/2014\/02\/26\/dino-buzzati-inarivabil-comod\/\" title=\"Dino Buzzati, Inariv\u00e0bil c\u00f2mod\"><em>Inariv\u00e0bil c\u00f2mod<\/em><\/a>. Anche an cost cas j&#8217;atmosfere a son cole t\u00ecpiche &#8216;d Buzzati, fant\u00e0stiche e naturalment misteriose.<\/p>\n<p>E bon-a letura!<\/p>\n","protected":false},"excerpt":{"rendered":"<p><a href=\"https:\/\/giannidavico.it\/gopiedmont\/files\/2015\/03\/buzzati.jpg\"><img loading=\"lazy\" src=\"https:\/\/giannidavico.it\/gopiedmont\/files\/2015\/03\/buzzati-190x300.jpg\" alt=\"buzzati\" width=\"190\" height=\"300\" class=\"alignright size-medium wp-image-2648\" srcset=\"https:\/\/giannidavico.it\/gopiedmont\/files\/2015\/03\/buzzati-190x300.jpg 190w, https:\/\/giannidavico.it\/gopiedmont\/files\/2015\/03\/buzzati.jpg 316w\" sizes=\"(max-width: 190px) 100vw, 190px\" \/><\/a><br \/> Ancheuj i smonoma n&#8217;\u00e0utr t\u00f2ch \u00ebd Dino Buzzati, <em>La giaca &#8216;nmasc\u00e0<\/em> (<em>La giacca stregata<\/em> an original), vir\u00e0 an piemont\u00e8is da n\u00f2str &#8220;tradutor ufissial&#8221;, Ren\u00e9 Agagliate. As treuva <a href=\"https:\/\/giannidavico.it\/gopiedmont\/files\/2015\/03\/La-giaca-nmasc\u00e0.pdf\" title=\"Dino Buzzati, La giaca 'nmasc\u00e0\">ambeless\u00ec<\/a>.<\/p>\n<p><a href=\"http:\/\/materiali.altervista.org\/index.php\/letture\/testaudio\/buzzati\/giacca\" title=\"Dino Buzzati, La giacca stregata\" target=\"_blank\">Ambeless\u00ec<\/a> as peul les-se l&#8217;original italian, e &#8211; r\u00f2ba che mal a f\u00e0 nen &#8211; scotesse \u00ebdc\u00f2, mentre che <a href=\"http:\/\/www.amazon.it\/boutique-del-mistero-Dino-Buzzati\/dp\/8804487704\/ref=sr_1_1?ie=UTF8&#038;qid=1442924168&#038;sr=8-1&#038;tag=giandavi-21\" title=\"Dino Buzzati, La boutique del mistero\" target=\"_blank\">cost<\/a> a l&#8217;\u00e9 \u00ebl l\u00ecber dal qual \u00ebl racont a l&#8217;\u00e9 gav\u00e0.<\/p>\n<p>\u00cbd Buzzati Ren\u00e9 a l&#8217;av\u00eca gi\u00e0 vir\u00e0 diversi t\u00f2ch: <a href=\"https:\/\/giannidavico.it\/gopiedmont\/2013\/11\/20\/dino-buzzati-la-creassion-vira-an-lenga-da-renato-agagliate\/\" title=\"Dino Buzzati, La creassion \u2013 vir\u00e0 an lenga da Renato Agagliate\"><em>La creassion<\/em><\/a>, <a href=\"https:\/\/giannidavico.it\/gopiedmont\/2014\/01\/22\/dino-buzzati-san-gancil\/\" title=\"Dino Buzzati, San Gancil\"><em>San Gancil<\/em><\/a> e <a href=\"https:\/\/giannidavico.it\/gopiedmont\/2014\/02\/26\/dino-buzzati-inarivabil-comod\/\" title=\"Dino Buzzati, Inariv\u00e0bil c\u00f2mod\"><em>Inariv\u00e0bil c\u00f2mod<\/em><\/a>. Anche an cost cas j&#8217;atmosfere a son cole t\u00ecpiche &#8216;d Buzzati, fant\u00e0stiche e naturalment misteriose.<\/p>\n<p>E bon-a letura!<\/p>\n","protected":false},"author":4,"featured_media":0,"comment_status":"open","ping_status":"open","sticky":false,"template":"","format":"standard","meta":[],"categories":[130],"tags":[7851],"yoast_head":"<!-- This site is optimized with the Yoast SEO plugin v19.14 - https:\/\/yoast.com\/wordpress\/plugins\/seo\/ -->\n<title>Dino Buzzati, La giaca &#039;nmasc\u00e0 - vira an lenga da Renato Agagliate - Go Piedmont<\/title>\n<meta name=\"robots\" content=\"index, follow, max-snippet:-1, max-image-preview:large, max-video-preview:-1\" \/>\n<link rel=\"canonical\" href=\"https:\/\/giannidavico.it\/gopiedmont\/2015\/03\/11\/dino-buzzati-la-giaca-nmasca-vira-an-lenga-da-renato-agagliate\/\" \/>\n<meta property=\"og:locale\" content=\"it_IT\" \/>\n<meta property=\"og:type\" content=\"article\" \/>\n<meta property=\"og:title\" content=\"Dino Buzzati, La giaca &#039;nmasc\u00e0 - vira an lenga da Renato Agagliate - Go Piedmont\" \/>\n<meta property=\"og:description\" content=\"Ancheuj i smonoma n&#8217;\u00e0utr t\u00f2ch \u00ebd Dino Buzzati, La giaca &#8216;nmasc\u00e0 (La giacca stregata an original), vir\u00e0 an piemont\u00e8is da n\u00f2str &#8220;tradutor ufissial&#8221;, Ren\u00e9 Agagliate. As treuva ambeless\u00ec. Ambeless\u00ec as peul les-se l&#8217;original italian, e &#8211; r\u00f2ba che mal a f\u00e0 nen &#8211; scotesse \u00ebdc\u00f2, mentre che cost a l&#8217;\u00e9 \u00ebl l\u00ecber dal qual \u00ebl racont a l&#8217;\u00e9 gav\u00e0. \u00cbd Buzzati Ren\u00e9 a l&#8217;av\u00eca gi\u00e0 vir\u00e0 diversi t\u00f2ch: La creassion, San Gancil e Inariv\u00e0bil c\u00f2mod. Anche an cost cas j&#8217;atmosfere a son cole t\u00ecpiche &#8216;d Buzzati, fant\u00e0stiche e naturalment misteriose. E bon-a letura!\" \/>\n<meta property=\"og:url\" content=\"https:\/\/giannidavico.it\/gopiedmont\/2015\/03\/11\/dino-buzzati-la-giaca-nmasca-vira-an-lenga-da-renato-agagliate\/\" \/>\n<meta property=\"og:site_name\" content=\"Go Piedmont\" \/>\n<meta property=\"article:published_time\" content=\"2015-03-11T16:14:35+00:00\" \/>\n<meta property=\"article:modified_time\" content=\"2015-09-22T12:16:34+00:00\" \/>\n<meta property=\"og:image\" content=\"https:\/\/giannidavico.it\/gopiedmont\/files\/2015\/03\/buzzati-190x300.jpg\" \/>\n<meta name=\"author\" content=\"giannidavico\" \/>\n<meta name=\"twitter:card\" content=\"summary_large_image\" \/>\n<meta name=\"twitter:label1\" content=\"Scritto da\" \/>\n\t<meta name=\"twitter:data1\" content=\"giannidavico\" \/>\n\t<meta name=\"twitter:label2\" content=\"Tempo di lettura stimato\" \/>\n\t<meta name=\"twitter:data2\" content=\"1 minuto\" \/>\n<script type=\"application\/ld+json\" class=\"yoast-schema-graph\">{\"@context\":\"https:\/\/schema.org\",\"@graph\":[{\"@type\":\"WebPage\",\"@id\":\"https:\/\/giannidavico.it\/gopiedmont\/2015\/03\/11\/dino-buzzati-la-giaca-nmasca-vira-an-lenga-da-renato-agagliate\/\",\"url\":\"https:\/\/giannidavico.it\/gopiedmont\/2015\/03\/11\/dino-buzzati-la-giaca-nmasca-vira-an-lenga-da-renato-agagliate\/\",\"name\":\"Dino Buzzati, La giaca 'nmasc\u00e0 - vira an lenga da Renato Agagliate - Go Piedmont\",\"isPartOf\":{\"@id\":\"https:\/\/giannidavico.it\/gopiedmont\/#website\"},\"datePublished\":\"2015-03-11T16:14:35+00:00\",\"dateModified\":\"2015-09-22T12:16:34+00:00\",\"author\":{\"@id\":\"https:\/\/giannidavico.it\/gopiedmont\/#\/schema\/person\/ea1fd17d8f2dba325f3712219efa8f77\"},\"inLanguage\":\"it-IT\",\"potentialAction\":[{\"@type\":\"ReadAction\",\"target\":[\"https:\/\/giannidavico.it\/gopiedmont\/2015\/03\/11\/dino-buzzati-la-giaca-nmasca-vira-an-lenga-da-renato-agagliate\/\"]}]},{\"@type\":\"WebSite\",\"@id\":\"https:\/\/giannidavico.it\/gopiedmont\/#website\",\"url\":\"https:\/\/giannidavico.it\/gopiedmont\/\",\"name\":\"Go Piedmont\",\"description\":\"pens\u00e9 dzora l\u00ecber, event e p\u00ebrson-e grop\u00e0 al Piemont e a la lenga piemont\u00e8isa\",\"potentialAction\":[{\"@type\":\"SearchAction\",\"target\":{\"@type\":\"EntryPoint\",\"urlTemplate\":\"https:\/\/giannidavico.it\/gopiedmont\/?s={search_term_string}\"},\"query-input\":\"required name=search_term_string\"}],\"inLanguage\":\"it-IT\"},{\"@type\":\"Person\",\"@id\":\"https:\/\/giannidavico.it\/gopiedmont\/#\/schema\/person\/ea1fd17d8f2dba325f3712219efa8f77\",\"name\":\"giannidavico\",\"image\":{\"@type\":\"ImageObject\",\"inLanguage\":\"it-IT\",\"@id\":\"https:\/\/giannidavico.it\/gopiedmont\/#\/schema\/person\/image\/\",\"url\":\"https:\/\/secure.gravatar.com\/avatar\/337748753d882602f3038b55fb369ba1?s=96&d=mm&r=g\",\"contentUrl\":\"https:\/\/secure.gravatar.com\/avatar\/337748753d882602f3038b55fb369ba1?s=96&d=mm&r=g\",\"caption\":\"giannidavico\"},\"url\":\"https:\/\/giannidavico.it\/gopiedmont\/author\/giannidavico\/\"}]}<\/script>\n<!-- \/ Yoast SEO plugin. -->","yoast_head_json":{"title":"Dino Buzzati, La giaca 'nmasc\u00e0 - vira an lenga da Renato Agagliate - Go Piedmont","robots":{"index":"index","follow":"follow","max-snippet":"max-snippet:-1","max-image-preview":"max-image-preview:large","max-video-preview":"max-video-preview:-1"},"canonical":"https:\/\/giannidavico.it\/gopiedmont\/2015\/03\/11\/dino-buzzati-la-giaca-nmasca-vira-an-lenga-da-renato-agagliate\/","og_locale":"it_IT","og_type":"article","og_title":"Dino Buzzati, La giaca 'nmasc\u00e0 - vira an lenga da Renato Agagliate - Go Piedmont","og_description":"Ancheuj i smonoma n&#8217;\u00e0utr t\u00f2ch \u00ebd Dino Buzzati, La giaca &#8216;nmasc\u00e0 (La giacca stregata an original), vir\u00e0 an piemont\u00e8is da n\u00f2str &#8220;tradutor ufissial&#8221;, Ren\u00e9 Agagliate. As treuva ambeless\u00ec. Ambeless\u00ec as peul les-se l&#8217;original italian, e &#8211; r\u00f2ba che mal a f\u00e0 nen &#8211; scotesse \u00ebdc\u00f2, mentre che cost a l&#8217;\u00e9 \u00ebl l\u00ecber dal qual \u00ebl racont a l&#8217;\u00e9 gav\u00e0. \u00cbd Buzzati Ren\u00e9 a l&#8217;av\u00eca gi\u00e0 vir\u00e0 diversi t\u00f2ch: La creassion, San Gancil e Inariv\u00e0bil c\u00f2mod. Anche an cost cas j&#8217;atmosfere a son cole t\u00ecpiche &#8216;d Buzzati, fant\u00e0stiche e naturalment misteriose. E bon-a letura!","og_url":"https:\/\/giannidavico.it\/gopiedmont\/2015\/03\/11\/dino-buzzati-la-giaca-nmasca-vira-an-lenga-da-renato-agagliate\/","og_site_name":"Go Piedmont","article_published_time":"2015-03-11T16:14:35+00:00","article_modified_time":"2015-09-22T12:16:34+00:00","og_image":[{"url":"https:\/\/giannidavico.it\/gopiedmont\/files\/2015\/03\/buzzati-190x300.jpg"}],"author":"giannidavico","twitter_card":"summary_large_image","twitter_misc":{"Scritto da":"giannidavico","Tempo di lettura stimato":"1 minuto"},"schema":{"@context":"https:\/\/schema.org","@graph":[{"@type":"WebPage","@id":"https:\/\/giannidavico.it\/gopiedmont\/2015\/03\/11\/dino-buzzati-la-giaca-nmasca-vira-an-lenga-da-renato-agagliate\/","url":"https:\/\/giannidavico.it\/gopiedmont\/2015\/03\/11\/dino-buzzati-la-giaca-nmasca-vira-an-lenga-da-renato-agagliate\/","name":"Dino Buzzati, La giaca 'nmasc\u00e0 - vira an lenga da Renato Agagliate - Go Piedmont","isPartOf":{"@id":"https:\/\/giannidavico.it\/gopiedmont\/#website"},"datePublished":"2015-03-11T16:14:35+00:00","dateModified":"2015-09-22T12:16:34+00:00","author":{"@id":"https:\/\/giannidavico.it\/gopiedmont\/#\/schema\/person\/ea1fd17d8f2dba325f3712219efa8f77"},"inLanguage":"it-IT","potentialAction":[{"@type":"ReadAction","target":["https:\/\/giannidavico.it\/gopiedmont\/2015\/03\/11\/dino-buzzati-la-giaca-nmasca-vira-an-lenga-da-renato-agagliate\/"]}]},{"@type":"WebSite","@id":"https:\/\/giannidavico.it\/gopiedmont\/#website","url":"https:\/\/giannidavico.it\/gopiedmont\/","name":"Go Piedmont","description":"pens\u00e9 dzora l\u00ecber, event e p\u00ebrson-e grop\u00e0 al Piemont e a la lenga piemont\u00e8isa","potentialAction":[{"@type":"SearchAction","target":{"@type":"EntryPoint","urlTemplate":"https:\/\/giannidavico.it\/gopiedmont\/?s={search_term_string}"},"query-input":"required name=search_term_string"}],"inLanguage":"it-IT"},{"@type":"Person","@id":"https:\/\/giannidavico.it\/gopiedmont\/#\/schema\/person\/ea1fd17d8f2dba325f3712219efa8f77","name":"giannidavico","image":{"@type":"ImageObject","inLanguage":"it-IT","@id":"https:\/\/giannidavico.it\/gopiedmont\/#\/schema\/person\/image\/","url":"https:\/\/secure.gravatar.com\/avatar\/337748753d882602f3038b55fb369ba1?s=96&d=mm&r=g","contentUrl":"https:\/\/secure.gravatar.com\/avatar\/337748753d882602f3038b55fb369ba1?s=96&d=mm&r=g","caption":"giannidavico"},"url":"https:\/\/giannidavico.it\/gopiedmont\/author\/giannidavico\/"}]}},"_links":{"self":[{"href":"https:\/\/giannidavico.it\/gopiedmont\/wp-json\/wp\/v2\/posts\/2646"}],"collection":[{"href":"https:\/\/giannidavico.it\/gopiedmont\/wp-json\/wp\/v2\/posts"}],"about":[{"href":"https:\/\/giannidavico.it\/gopiedmont\/wp-json\/wp\/v2\/types\/post"}],"author":[{"embeddable":true,"href":"https:\/\/giannidavico.it\/gopiedmont\/wp-json\/wp\/v2\/users\/4"}],"replies":[{"embeddable":true,"href":"https:\/\/giannidavico.it\/gopiedmont\/wp-json\/wp\/v2\/comments?post=2646"}],"version-history":[{"count":11,"href":"https:\/\/giannidavico.it\/gopiedmont\/wp-json\/wp\/v2\/posts\/2646\/revisions"}],"predecessor-version":[{"id":2951,"href":"https:\/\/giannidavico.it\/gopiedmont\/wp-json\/wp\/v2\/posts\/2646\/revisions\/2951"}],"wp:attachment":[{"href":"https:\/\/giannidavico.it\/gopiedmont\/wp-json\/wp\/v2\/media?parent=2646"}],"wp:term":[{"taxonomy":"category","embeddable":true,"href":"https:\/\/giannidavico.it\/gopiedmont\/wp-json\/wp\/v2\/categories?post=2646"},{"taxonomy":"post_tag","embeddable":true,"href":"https:\/\/giannidavico.it\/gopiedmont\/wp-json\/wp\/v2\/tags?post=2646"}],"curies":[{"name":"wp","href":"https:\/\/api.w.org\/{rel}","templated":true}]}}