{"id":2693,"date":"2015-04-15T06:00:26","date_gmt":"2015-04-15T05:00:26","guid":{"rendered":"https:\/\/giannidavico.it\/staging\/gopiedmont\/?p=2693"},"modified":"2015-04-15T14:11:26","modified_gmt":"2015-04-15T13:11:26","slug":"catullo-carme-v-vira-an-piemonteis-da-luis-olive","status":"publish","type":"post","link":"https:\/\/giannidavico.it\/gopiedmont\/2015\/04\/15\/catullo-carme-v-vira-an-piemonteis-da-luis-olive\/","title":{"rendered":"Catullo, Carme V \u2013 vir\u00e0 an piemont\u00e8is da Luis Oliv\u00e9"},"content":{"rendered":"<p><div id=\"attachment_2697\" style=\"width: 310px\" class=\"wp-caption alignright\"><a href=\"https:\/\/giannidavico.it\/gopiedmont\/files\/2015\/04\/lapide.jpg\"><img aria-describedby=\"caption-attachment-2697\" loading=\"lazy\" src=\"https:\/\/giannidavico.it\/gopiedmont\/files\/2015\/04\/lapide-300x233.jpg\" alt=\"F\u00f2to &#039;d Gioventura Piemont\u00e8isa\" width=\"300\" height=\"233\" class=\"size-medium wp-image-2697\" srcset=\"https:\/\/giannidavico.it\/gopiedmont\/files\/2015\/04\/lapide-300x233.jpg 300w, https:\/\/giannidavico.it\/gopiedmont\/files\/2015\/04\/lapide.jpg 629w\" sizes=\"(max-width: 300px) 100vw, 300px\" \/><\/a><p id=\"caption-attachment-2697\" class=\"wp-caption-text\">F\u00f2to &#8216;d Gioventura Piemont\u00e8isa<\/p><\/div><br \/>\nQu\u00e0ich sman-a f\u00e0 i l&#8217;av\u00eca d\u00e0it <a href=\"https:\/\/giannidavico.it\/gopiedmont\/2015\/03\/25\/catullo-carme-101\/\" title=\"Catullo, Carme 101\">na mia tradussion d\u00ebl Carme 101 \u00ebd Catullo<\/a>. Riccardo &#8220;Borich\u00e8t&#8221; Camerlo a l&#8217;ha fane sav\u00e8j (ant ij coment a col art\u00eccol) che d\u00ebl 1987 <a href=\"http:\/\/www.luigiolivero.altervista.org\/\" title=\"Luigi Armando Olivero\" target=\"_blank\">Luis Oliv\u00e9<\/a> a l&#8217;av\u00eca publica ansima a l&#8217;<em>Armanach piemont\u00e8is<\/em> dl&#8217;editor Viglongo na soa tradussion \u00ebd dodes carme d\u00ebl poeta veron\u00e8is, col che p\u00ebr me manera &#8216;d v\u00ebdde a l&#8217;\u00e9 st\u00e0it \u00ebl p\u00ec \u00e0ut e pressios poeta l\u00ecrich dla latinit\u00e0.<\/p>\n<p>Oliv\u00e9, d&#8217;\u00e0utra part, a l&#8217;\u00e9 st\u00e0it s\u00ec poeta avos\u00e0 p\u00ebr s\u00f2 cont, ma a l&#8217;ha &#8216;dc\u00f2 public\u00e0 diverse tradussion, come ch&#8217;as peul p\u00ebr esempi v\u00ebdde an <em>Romans\u00ece<\/em> (l\u00ecber ch&#8217;as peul catesse a la <a href=\"http:\/\/www.studipiemontesi.it\/\" title=\"Ca d\u00eb Studi Piemont\u00e8is\" target=\"_blank\">Ca d\u00eb Studi Piemont\u00e8is<\/a> &#8211; des euro bin spend\u00f9, dit <em>en passant<\/em>).<\/p>\n<p>Bin, ambeless\u00ec a segue a-i \u00e9 soa tradussion dla poes\u00eca p\u00ec famosa &#8216;d Catullo, \u00ebl <a href=\"http:\/\/it.wikipedia.org\/wiki\/Carme_5_di_Catullo\" title=\"Carme 5 di Catullo\" target=\"_blank\">Carme V<\/a> (<em>Vivamus, mea Lesbia, atque amemus&#8230;<\/em>).<\/p>\n<p>Mach na notassion: da apressi\u00e9 \u00ebl f\u00e0it che la tradussion a sia an endecasillab. S\u00f2n p\u00ebrch\u00e8 scrive na poes\u00eca a l&#8217;\u00e9 nen dif\u00eccil \u2013 a basta and\u00e9 a ligna, minca tant \u2013, ma rispet\u00e9 le r\u00e9gole a ven gi\u00e0 un p\u00f2 meno belf\u00e9. E cost a l&#8217;\u00e8 un dj&#8217;insegnament pi pressios ch&#8217;i p\u00f2rt con mi d&#8217;<a href=\"http:\/\/it.wikipedia.org\/wiki\/Italo_Lana\" title=\"Italo Lana\" target=\"_blank\">Italo Lana<\/a>: l\u2019art a l&#8217;\u00e9 p\u00ebrfeta quand ch&#8217;a-i \u00e9 ma as vegh nen. Oliv\u00e9 mag\u00ecster.<\/p>\n<blockquote><p>Vivoma, L\u00e9sbia mia, voromse bin.<br \/>\nE \u00f2gni r\u00e0ngola &#8216;d vej \u00e0bia, p\u00ebr noi,<br \/>\nmach la valsuta dla pi mn\u00f9a moneda.<br \/>\n\u00cbl di peul meuire e doman peul arnasse:<br \/>\nma, tramont\u00e0 la giorn\u00e0 &#8216;d n\u00f2stra vita,<br \/>\nuna neuit sensa fin noi durmiroma.<br \/>\nDonca, mila basin e d&#8217;\u00e0utri sent<br \/>\nti dame. E d&#8217;\u00e0utri mila e d&#8217;\u00e0utri sent.<br \/>\nPeuj quand, anfin, a saran mila e mila,<br \/>\nn\u00eb st\u00ebrmeroma a tuti &#8216;l n\u00f9mer giust:<br \/>\np\u00ebr nen che un tal armisteri &#8216;d basin<br \/>\na peussa a\u00efss\u00e9 contra a n\u00f2stra bin<br \/>\n\u00ebl savuj velenos \u00ebd j&#8217;invidios.<\/p><\/blockquote>\n","protected":false},"excerpt":{"rendered":"<p>Qu\u00e0ich sman-a f\u00e0 i l&#8217;av\u00eca d\u00e0it <a href=\"https:\/\/giannidavico.it\/gopiedmont\/2015\/03\/25\/catullo-carme-101\/\" title=\"Catullo, Carme 101\">na mia tradussion d\u00ebl Carme 101 \u00ebd Catullo<\/a>. Riccardo &#8220;Borich\u00e8t&#8221; Camerlo a l&#8217;ha fane sav\u00e8j (ant ij coment a col art\u00eccol) che d\u00ebl 1987 <a href=\"http:\/\/www.luigiolivero.altervista.org\/\" title=\"Luigi Armando Olivero\" target=\"_blank\">Luis Oliv\u00e9<\/a> a l&#8217;av\u00eca publica ansima a l&#8217;<em>Armanach piemont\u00e8is<\/em> dl&#8217;editor Viglongo na soa tradussion \u00ebd dodes carme d\u00ebl poeta veron\u00e8is, col che p\u00ebr me manera &#8216;d v\u00ebdde a l&#8217;\u00e9 st\u00e0it \u00ebl p\u00ec \u00e0ut e pressios poeta l\u00ecrich dla latinit\u00e0.<\/p>\n<p>Oliv\u00e9, d&#8217;\u00e0utra part, a l&#8217;\u00e9 st\u00e0it s\u00ec poeta avos\u00e0 p\u00ebr s\u00f2 cont, ma a l&#8217;ha &#8216;dc\u00f2 public\u00e0 diverse tradussion, come ch&#8217;as peul p\u00ebr esempi v\u00ebdde an <em>Romans\u00ece<\/em> (l\u00ecber ch&#8217;as peul catesse a la <a href=\"http:\/\/www.studipiemontesi.it\/\" title=\"Ca d\u00eb Studi Piemont\u00e8is\" target=\"_blank\">Ca d\u00eb Studi Piemont\u00e8is<\/a> &#8211; des euro bin spend\u00f9, dit <em>en passant<\/em>).<\/p>\n<p>Bin, ambeless\u00ec a segue a-i \u00e9 soa tradussion dla poes\u00eca p\u00ec famosa &#8216;d Catullo, \u00ebl <a href=\"http:\/\/it.wikipedia.org\/wiki\/Carme_5_di_Catullo\" title=\"Carme 5 di Catullo\" target=\"_blank\">Carme V<\/a> (<em>Vivamus, mea Lesbia, atque amemus&#8230;<\/em>).<\/p>\n<p>Mach na notassion: da apressi\u00e9 \u00ebl f\u00e0it che la tradussion a sia an endecasillab. S\u00f2n p\u00ebrch\u00e8 scrive na poes\u00eca a l&#8217;\u00e9 nen dif\u00eccil \u2013 a basta and\u00e9 a ligna, minca tant \u2013, ma rispet\u00e9 le r\u00e9gole a ven gi\u00e0 un p\u00f2 meno belf\u00e9. [\u2026] <a class=\"moretag\" href=\"https:\/\/giannidavico.it\/gopiedmont\/2015\/04\/15\/catullo-carme-v-vira-an-piemonteis-da-luis-olive\/\">continua a leggere \u00bb<\/a><\/p>\n","protected":false},"author":4,"featured_media":0,"comment_status":"open","ping_status":"open","sticky":false,"template":"","format":"standard","meta":[],"categories":[130],"tags":[132,7851],"yoast_head":"<!-- This site is optimized with the Yoast SEO plugin v19.14 - https:\/\/yoast.com\/wordpress\/plugins\/seo\/ -->\n<title>Catullo, Carme V \u2013 vir\u00e0 an piemont\u00e8is da Luis Oliv\u00e9 - Go Piedmont<\/title>\n<meta name=\"robots\" content=\"index, follow, max-snippet:-1, max-image-preview:large, max-video-preview:-1\" \/>\n<link rel=\"canonical\" href=\"https:\/\/giannidavico.it\/gopiedmont\/2015\/04\/15\/catullo-carme-v-vira-an-piemonteis-da-luis-olive\/\" \/>\n<meta property=\"og:locale\" content=\"it_IT\" \/>\n<meta property=\"og:type\" content=\"article\" \/>\n<meta property=\"og:title\" content=\"Catullo, Carme V \u2013 vir\u00e0 an piemont\u00e8is da Luis Oliv\u00e9 - Go Piedmont\" \/>\n<meta property=\"og:description\" content=\"Qu\u00e0ich sman-a f\u00e0 i l&#8217;av\u00eca d\u00e0it na mia tradussion d\u00ebl Carme 101 \u00ebd Catullo. Riccardo &#8220;Borich\u00e8t&#8221; Camerlo a l&#8217;ha fane sav\u00e8j (ant ij coment a col art\u00eccol) che d\u00ebl 1987 Luis Oliv\u00e9 a l&#8217;av\u00eca publica ansima a l&#8217;Armanach piemont\u00e8is dl&#8217;editor Viglongo na soa tradussion \u00ebd dodes carme d\u00ebl poeta veron\u00e8is, col che p\u00ebr me manera &#8216;d v\u00ebdde a l&#8217;\u00e9 st\u00e0it \u00ebl p\u00ec \u00e0ut e pressios poeta l\u00ecrich dla latinit\u00e0. Oliv\u00e9, d&#8217;\u00e0utra part, a l&#8217;\u00e9 st\u00e0it s\u00ec poeta avos\u00e0 p\u00ebr s\u00f2 cont, ma a l&#8217;ha &#8216;dc\u00f2 public\u00e0 diverse tradussion, come ch&#8217;as peul p\u00ebr esempi v\u00ebdde an Romans\u00ece (l\u00ecber ch&#8217;as peul catesse a la Ca d\u00eb Studi Piemont\u00e8is &#8211; des euro bin spend\u00f9, dit en passant). Bin, ambeless\u00ec a segue a-i \u00e9 soa tradussion dla poes\u00eca p\u00ec famosa &#8216;d Catullo, \u00ebl Carme V (Vivamus, mea Lesbia, atque amemus&#8230;). Mach na notassion: da apressi\u00e9 \u00ebl f\u00e0it che la tradussion a sia an endecasillab. S\u00f2n p\u00ebrch\u00e8 scrive na poes\u00eca a l&#8217;\u00e9 nen dif\u00eccil \u2013 a basta and\u00e9 a ligna, minca tant \u2013, ma rispet\u00e9 le r\u00e9gole a ven gi\u00e0 un p\u00f2 meno belf\u00e9. [\u2026] continua a leggere \u00bb\" \/>\n<meta property=\"og:url\" content=\"https:\/\/giannidavico.it\/gopiedmont\/2015\/04\/15\/catullo-carme-v-vira-an-piemonteis-da-luis-olive\/\" \/>\n<meta property=\"og:site_name\" content=\"Go Piedmont\" \/>\n<meta property=\"article:published_time\" content=\"2015-04-15T05:00:26+00:00\" \/>\n<meta property=\"article:modified_time\" content=\"2015-04-15T13:11:26+00:00\" \/>\n<meta property=\"og:image\" content=\"https:\/\/giannidavico.it\/gopiedmont\/files\/2015\/04\/lapide-300x233.jpg\" \/>\n<meta name=\"author\" content=\"giannidavico\" \/>\n<meta name=\"twitter:card\" content=\"summary_large_image\" \/>\n<meta name=\"twitter:label1\" content=\"Scritto da\" \/>\n\t<meta name=\"twitter:data1\" content=\"giannidavico\" \/>\n\t<meta name=\"twitter:label2\" content=\"Tempo di lettura stimato\" \/>\n\t<meta name=\"twitter:data2\" content=\"2 minuti\" \/>\n<script type=\"application\/ld+json\" class=\"yoast-schema-graph\">{\"@context\":\"https:\/\/schema.org\",\"@graph\":[{\"@type\":\"WebPage\",\"@id\":\"https:\/\/giannidavico.it\/gopiedmont\/2015\/04\/15\/catullo-carme-v-vira-an-piemonteis-da-luis-olive\/\",\"url\":\"https:\/\/giannidavico.it\/gopiedmont\/2015\/04\/15\/catullo-carme-v-vira-an-piemonteis-da-luis-olive\/\",\"name\":\"Catullo, Carme V \u2013 vir\u00e0 an piemont\u00e8is da Luis Oliv\u00e9 - Go Piedmont\",\"isPartOf\":{\"@id\":\"https:\/\/giannidavico.it\/gopiedmont\/#website\"},\"datePublished\":\"2015-04-15T05:00:26+00:00\",\"dateModified\":\"2015-04-15T13:11:26+00:00\",\"author\":{\"@id\":\"https:\/\/giannidavico.it\/gopiedmont\/#\/schema\/person\/ea1fd17d8f2dba325f3712219efa8f77\"},\"inLanguage\":\"it-IT\",\"potentialAction\":[{\"@type\":\"ReadAction\",\"target\":[\"https:\/\/giannidavico.it\/gopiedmont\/2015\/04\/15\/catullo-carme-v-vira-an-piemonteis-da-luis-olive\/\"]}]},{\"@type\":\"WebSite\",\"@id\":\"https:\/\/giannidavico.it\/gopiedmont\/#website\",\"url\":\"https:\/\/giannidavico.it\/gopiedmont\/\",\"name\":\"Go Piedmont\",\"description\":\"pens\u00e9 dzora l\u00ecber, event e p\u00ebrson-e grop\u00e0 al Piemont e a la lenga piemont\u00e8isa\",\"potentialAction\":[{\"@type\":\"SearchAction\",\"target\":{\"@type\":\"EntryPoint\",\"urlTemplate\":\"https:\/\/giannidavico.it\/gopiedmont\/?s={search_term_string}\"},\"query-input\":\"required name=search_term_string\"}],\"inLanguage\":\"it-IT\"},{\"@type\":\"Person\",\"@id\":\"https:\/\/giannidavico.it\/gopiedmont\/#\/schema\/person\/ea1fd17d8f2dba325f3712219efa8f77\",\"name\":\"giannidavico\",\"image\":{\"@type\":\"ImageObject\",\"inLanguage\":\"it-IT\",\"@id\":\"https:\/\/giannidavico.it\/gopiedmont\/#\/schema\/person\/image\/\",\"url\":\"https:\/\/secure.gravatar.com\/avatar\/337748753d882602f3038b55fb369ba1?s=96&d=mm&r=g\",\"contentUrl\":\"https:\/\/secure.gravatar.com\/avatar\/337748753d882602f3038b55fb369ba1?s=96&d=mm&r=g\",\"caption\":\"giannidavico\"},\"url\":\"https:\/\/giannidavico.it\/gopiedmont\/author\/giannidavico\/\"}]}<\/script>\n<!-- \/ Yoast SEO plugin. -->","yoast_head_json":{"title":"Catullo, Carme V \u2013 vir\u00e0 an piemont\u00e8is da Luis Oliv\u00e9 - Go Piedmont","robots":{"index":"index","follow":"follow","max-snippet":"max-snippet:-1","max-image-preview":"max-image-preview:large","max-video-preview":"max-video-preview:-1"},"canonical":"https:\/\/giannidavico.it\/gopiedmont\/2015\/04\/15\/catullo-carme-v-vira-an-piemonteis-da-luis-olive\/","og_locale":"it_IT","og_type":"article","og_title":"Catullo, Carme V \u2013 vir\u00e0 an piemont\u00e8is da Luis Oliv\u00e9 - Go Piedmont","og_description":"Qu\u00e0ich sman-a f\u00e0 i l&#8217;av\u00eca d\u00e0it na mia tradussion d\u00ebl Carme 101 \u00ebd Catullo. Riccardo &#8220;Borich\u00e8t&#8221; Camerlo a l&#8217;ha fane sav\u00e8j (ant ij coment a col art\u00eccol) che d\u00ebl 1987 Luis Oliv\u00e9 a l&#8217;av\u00eca publica ansima a l&#8217;Armanach piemont\u00e8is dl&#8217;editor Viglongo na soa tradussion \u00ebd dodes carme d\u00ebl poeta veron\u00e8is, col che p\u00ebr me manera &#8216;d v\u00ebdde a l&#8217;\u00e9 st\u00e0it \u00ebl p\u00ec \u00e0ut e pressios poeta l\u00ecrich dla latinit\u00e0. Oliv\u00e9, d&#8217;\u00e0utra part, a l&#8217;\u00e9 st\u00e0it s\u00ec poeta avos\u00e0 p\u00ebr s\u00f2 cont, ma a l&#8217;ha &#8216;dc\u00f2 public\u00e0 diverse tradussion, come ch&#8217;as peul p\u00ebr esempi v\u00ebdde an Romans\u00ece (l\u00ecber ch&#8217;as peul catesse a la Ca d\u00eb Studi Piemont\u00e8is &#8211; des euro bin spend\u00f9, dit en passant). Bin, ambeless\u00ec a segue a-i \u00e9 soa tradussion dla poes\u00eca p\u00ec famosa &#8216;d Catullo, \u00ebl Carme V (Vivamus, mea Lesbia, atque amemus&#8230;). Mach na notassion: da apressi\u00e9 \u00ebl f\u00e0it che la tradussion a sia an endecasillab. S\u00f2n p\u00ebrch\u00e8 scrive na poes\u00eca a l&#8217;\u00e9 nen dif\u00eccil \u2013 a basta and\u00e9 a ligna, minca tant \u2013, ma rispet\u00e9 le r\u00e9gole a ven gi\u00e0 un p\u00f2 meno belf\u00e9. [\u2026] continua a leggere \u00bb","og_url":"https:\/\/giannidavico.it\/gopiedmont\/2015\/04\/15\/catullo-carme-v-vira-an-piemonteis-da-luis-olive\/","og_site_name":"Go Piedmont","article_published_time":"2015-04-15T05:00:26+00:00","article_modified_time":"2015-04-15T13:11:26+00:00","og_image":[{"url":"https:\/\/giannidavico.it\/gopiedmont\/files\/2015\/04\/lapide-300x233.jpg"}],"author":"giannidavico","twitter_card":"summary_large_image","twitter_misc":{"Scritto da":"giannidavico","Tempo di lettura stimato":"2 minuti"},"schema":{"@context":"https:\/\/schema.org","@graph":[{"@type":"WebPage","@id":"https:\/\/giannidavico.it\/gopiedmont\/2015\/04\/15\/catullo-carme-v-vira-an-piemonteis-da-luis-olive\/","url":"https:\/\/giannidavico.it\/gopiedmont\/2015\/04\/15\/catullo-carme-v-vira-an-piemonteis-da-luis-olive\/","name":"Catullo, Carme V \u2013 vir\u00e0 an piemont\u00e8is da Luis Oliv\u00e9 - Go Piedmont","isPartOf":{"@id":"https:\/\/giannidavico.it\/gopiedmont\/#website"},"datePublished":"2015-04-15T05:00:26+00:00","dateModified":"2015-04-15T13:11:26+00:00","author":{"@id":"https:\/\/giannidavico.it\/gopiedmont\/#\/schema\/person\/ea1fd17d8f2dba325f3712219efa8f77"},"inLanguage":"it-IT","potentialAction":[{"@type":"ReadAction","target":["https:\/\/giannidavico.it\/gopiedmont\/2015\/04\/15\/catullo-carme-v-vira-an-piemonteis-da-luis-olive\/"]}]},{"@type":"WebSite","@id":"https:\/\/giannidavico.it\/gopiedmont\/#website","url":"https:\/\/giannidavico.it\/gopiedmont\/","name":"Go Piedmont","description":"pens\u00e9 dzora l\u00ecber, event e p\u00ebrson-e grop\u00e0 al Piemont e a la lenga piemont\u00e8isa","potentialAction":[{"@type":"SearchAction","target":{"@type":"EntryPoint","urlTemplate":"https:\/\/giannidavico.it\/gopiedmont\/?s={search_term_string}"},"query-input":"required name=search_term_string"}],"inLanguage":"it-IT"},{"@type":"Person","@id":"https:\/\/giannidavico.it\/gopiedmont\/#\/schema\/person\/ea1fd17d8f2dba325f3712219efa8f77","name":"giannidavico","image":{"@type":"ImageObject","inLanguage":"it-IT","@id":"https:\/\/giannidavico.it\/gopiedmont\/#\/schema\/person\/image\/","url":"https:\/\/secure.gravatar.com\/avatar\/337748753d882602f3038b55fb369ba1?s=96&d=mm&r=g","contentUrl":"https:\/\/secure.gravatar.com\/avatar\/337748753d882602f3038b55fb369ba1?s=96&d=mm&r=g","caption":"giannidavico"},"url":"https:\/\/giannidavico.it\/gopiedmont\/author\/giannidavico\/"}]}},"_links":{"self":[{"href":"https:\/\/giannidavico.it\/gopiedmont\/wp-json\/wp\/v2\/posts\/2693"}],"collection":[{"href":"https:\/\/giannidavico.it\/gopiedmont\/wp-json\/wp\/v2\/posts"}],"about":[{"href":"https:\/\/giannidavico.it\/gopiedmont\/wp-json\/wp\/v2\/types\/post"}],"author":[{"embeddable":true,"href":"https:\/\/giannidavico.it\/gopiedmont\/wp-json\/wp\/v2\/users\/4"}],"replies":[{"embeddable":true,"href":"https:\/\/giannidavico.it\/gopiedmont\/wp-json\/wp\/v2\/comments?post=2693"}],"version-history":[{"count":6,"href":"https:\/\/giannidavico.it\/gopiedmont\/wp-json\/wp\/v2\/posts\/2693\/revisions"}],"predecessor-version":[{"id":2700,"href":"https:\/\/giannidavico.it\/gopiedmont\/wp-json\/wp\/v2\/posts\/2693\/revisions\/2700"}],"wp:attachment":[{"href":"https:\/\/giannidavico.it\/gopiedmont\/wp-json\/wp\/v2\/media?parent=2693"}],"wp:term":[{"taxonomy":"category","embeddable":true,"href":"https:\/\/giannidavico.it\/gopiedmont\/wp-json\/wp\/v2\/categories?post=2693"},{"taxonomy":"post_tag","embeddable":true,"href":"https:\/\/giannidavico.it\/gopiedmont\/wp-json\/wp\/v2\/tags?post=2693"}],"curies":[{"name":"wp","href":"https:\/\/api.w.org\/{rel}","templated":true}]}}