{"id":2702,"date":"2015-04-22T07:54:48","date_gmt":"2015-04-22T06:54:48","guid":{"rendered":"https:\/\/giannidavico.it\/staging\/gopiedmont\/?p=2702"},"modified":"2015-04-22T07:54:48","modified_gmt":"2015-04-22T06:54:48","slug":"piemonteis-ancheuj","status":"publish","type":"post","link":"https:\/\/giannidavico.it\/gopiedmont\/2015\/04\/22\/piemonteis-ancheuj\/","title":{"rendered":"Piemont\u00e8is Ancheuj"},"content":{"rendered":"<p><a href=\"https:\/\/giannidavico.it\/gopiedmont\/files\/2015\/04\/PA.jpg\"><img loading=\"lazy\" src=\"https:\/\/giannidavico.it\/gopiedmont\/files\/2015\/04\/PA-218x300.jpg\" alt=\"PA\" width=\"218\" height=\"300\" class=\"alignright size-medium wp-image-2703\" srcset=\"https:\/\/giannidavico.it\/gopiedmont\/files\/2015\/04\/PA-218x300.jpg 218w, https:\/\/giannidavico.it\/gopiedmont\/files\/2015\/04\/PA.jpg 450w\" sizes=\"(max-width: 218px) 100vw, 218px\" \/><\/a><br \/>\n&#8220;Piemont\u00e8is Ancheuj&#8221; a l\u2019\u00e9 n&#8217;arvista &#8216;d s\u00ebddes p\u00e0gine dont eut a color cud\u00eca dal Centro Don Minzoni \u2013 Ca d\u00eb Studi Pinin Pac\u00f2t ch\u2019a seurt ondes vire l&#8217;ann e ch\u2019a l\u2019\u00e9 scrita tuta an piemont\u00e8is (e p\u00ec precisament ant la graf\u00eca st\u00f2rica o dij Brand\u00e9, che a la fin dle fin a l&#8217;\u00e9 l&#8217;\u00f9nica seriament poss\u00ecbila p\u00ebr comunich\u00e9 an piemont\u00e8is \u00ebscrit).<\/p>\n<p>L&#8217;abonament p\u00ebr n&#8217;ann a costa 35 euro. Anformasion as peulo ciamesse <a href=\"mailto:amministrazione@editriceilpunto.it\"> ambeless\u00ec<\/a>, mentre che <a href=\"http:\/\/piemonteis.xoom.it\/\" title=\"Piemont\u00e8is Ancheuj\" target=\"_blank\">cost<\/a> a l&#8217;\u00e9 \u00ebl sit. Come tute le r\u00f2be cite, as capiss ch&#8217;as podr\u00eca fesse mej: a mi, pr&#8217;esempi, am piasr\u00eca quaic\u00f2s \u00ebd p\u00ec modern, grop\u00e0 a le neuve tecnolog\u00ece, al mond d&#8217;ancheuj oltre che a le r\u00f2be veje, a la literatura e via f\u00f2rt. Ma a-i \u00e9, e costa a l&#8217;\u00e9 gi\u00e0 na gran c\u00f2sa. <em>\u00c7a va sans dire<\/em> che invit tuj a abonesse, e p\u00ebr giut\u00e9 \u00ebl Piemont e p\u00ebr sav\u00e8j quaic\u00f2s \u00ebd p\u00ec \u00ebd n\u00f2ste r\u00e8is.<\/p>\n<p>A l\u2019\u00e9 \u2019n giornal l\u00ecber e \u2019ndipendent, ch&#8217;a dedica soa atension a tut l\u00f2n ch\u2019a r\u00ebsguarda n\u00f2stra coltura an tute soe forme, manifestassion e argoment: literatura, teatro, m\u00f9sica, art, cusin-a, st\u00f2ria, concors, bot\u00e0nica, curiosit\u00e0 etimol\u00f2giche&#8230; L&#8217;\u00f9ltima p\u00e0gina a l&#8217;\u00e9 dedic\u00e0 a le masn\u00e0 e a j&#8217;ativit\u00e0 ch&#8217;as fan ant le sc\u00f2le. N&#8217;\u00e0utra carater\u00ecstica \u2013 o, s&#8217;i voroma, drolar\u00eca \u2013 a son ij gieugh enigmistich an piemont\u00e8is.<\/p>\n<p>La redassion a l\u2019\u00e9 coordin\u00e0 da Michel dij Bonav\u00e9 e form\u00e0 da un grup d\u2019amis con tanta bon-a veuja ch\u2019as treuvo un\u00ec sota \u2019l midem drap\u00f2 dla lenga e dla coltura piemont\u00e8ise. La publicassion a seguita sla carz\u00e0 ch\u2019a l\u2019av\u00eca trass\u00e0 \u2019l mag\u00ecster e Brand\u00e9, <a href=\"https:\/\/giannidavico.it\/gopiedmont\/2012\/08\/08\/daj-sermon-subalpin-al-pare-etern\/\" title=\"Daj Sermon Subalpin al Pare Etern\">Milo Br\u00e9<\/a>, bele se con j&#8217;evolussion che ij mojen p\u00ec modern an buto a disposission.<\/p>\n","protected":false},"excerpt":{"rendered":"<p><a href=\"https:\/\/giannidavico.it\/gopiedmont\/files\/2015\/04\/PA.jpg\"><img loading=\"lazy\" src=\"https:\/\/giannidavico.it\/gopiedmont\/files\/2015\/04\/PA-218x300.jpg\" alt=\"PA\" width=\"218\" height=\"300\" class=\"alignright size-medium wp-image-2703\" srcset=\"https:\/\/giannidavico.it\/gopiedmont\/files\/2015\/04\/PA-218x300.jpg 218w, https:\/\/giannidavico.it\/gopiedmont\/files\/2015\/04\/PA.jpg 450w\" sizes=\"(max-width: 218px) 100vw, 218px\" \/><\/a><br \/> &#8220;Piemont\u00e8is Ancheuj&#8221; a l\u2019\u00e9 n&#8217;arvista &#8216;d s\u00ebddes p\u00e0gine dont eut a color cud\u00eca dal Centro Don Minzoni \u2013 Ca d\u00eb Studi Pinin Pac\u00f2t ch\u2019a seurt ondes vire l&#8217;ann e ch\u2019a l\u2019\u00e9 scrita tuta an piemont\u00e8is (e p\u00ec precisament ant la graf\u00eca st\u00f2rica o dij Brand\u00e9, che a la fin dle fin a l&#8217;\u00e9 l&#8217;\u00f9nica seriament poss\u00ecbila p\u00ebr comunich\u00e9 an piemont\u00e8is \u00ebscrit).<\/p>\n<p>L&#8217;abonament p\u00ebr n&#8217;ann a costa 35 euro. Anformasion as peulo ciamesse <a href=\"mailto:amministrazione@editriceilpunto.it\"> ambeless\u00ec<\/a>, mentre che <a href=\"http:\/\/piemonteis.xoom.it\/\" title=\"Piemont\u00e8is Ancheuj\" target=\"_blank\">cost<\/a> a l&#8217;\u00e9 \u00ebl sit. Come tute le r\u00f2be cite, as capiss ch&#8217;as podr\u00eca fesse mej: a mi, pr&#8217;esempi, am piasr\u00eca quaic\u00f2s \u00ebd p\u00ec modern, grop\u00e0 a le neuve tecnolog\u00ece, al mond d&#8217;ancheuj oltre che a le r\u00f2be veje, a la literatura e via f\u00f2rt. Ma a-i \u00e9, e costa a l&#8217;\u00e9 gi\u00e0 na gran c\u00f2sa. <em>\u00c7a va sans dire<\/em> che invit tuj a abonesse, e p\u00ebr giut\u00e9 \u00ebl Piemont e p\u00ebr sav\u00e8j quaic\u00f2s \u00ebd p\u00ec \u00ebd n\u00f2ste r\u00e8is.<\/p>\n<p>A l\u2019\u00e9 \u2019n giornal l\u00ecber e \u2019ndipendent, ch&#8217;a dedica soa atension a tut l\u00f2n ch\u2019a r\u00ebsguarda n\u00f2stra coltura an tute [\u2026] <a class=\"moretag\" href=\"https:\/\/giannidavico.it\/gopiedmont\/2015\/04\/22\/piemonteis-ancheuj\/\">continua a leggere \u00bb<\/a><\/p>\n","protected":false},"author":4,"featured_media":0,"comment_status":"open","ping_status":"open","sticky":false,"template":"","format":"standard","meta":[],"categories":[130],"tags":[125],"yoast_head":"<!-- This site is optimized with the Yoast SEO plugin v19.14 - https:\/\/yoast.com\/wordpress\/plugins\/seo\/ -->\n<title>Piemont\u00e8is Ancheuj - Go Piedmont<\/title>\n<meta name=\"robots\" content=\"index, follow, max-snippet:-1, max-image-preview:large, max-video-preview:-1\" \/>\n<link rel=\"canonical\" href=\"https:\/\/giannidavico.it\/gopiedmont\/2015\/04\/22\/piemonteis-ancheuj\/\" \/>\n<meta property=\"og:locale\" content=\"it_IT\" \/>\n<meta property=\"og:type\" content=\"article\" \/>\n<meta property=\"og:title\" content=\"Piemont\u00e8is Ancheuj - Go Piedmont\" \/>\n<meta property=\"og:description\" content=\"&#8220;Piemont\u00e8is Ancheuj&#8221; a l\u2019\u00e9 n&#8217;arvista &#8216;d s\u00ebddes p\u00e0gine dont eut a color cud\u00eca dal Centro Don Minzoni \u2013 Ca d\u00eb Studi Pinin Pac\u00f2t ch\u2019a seurt ondes vire l&#8217;ann e ch\u2019a l\u2019\u00e9 scrita tuta an piemont\u00e8is (e p\u00ec precisament ant la graf\u00eca st\u00f2rica o dij Brand\u00e9, che a la fin dle fin a l&#8217;\u00e9 l&#8217;\u00f9nica seriament poss\u00ecbila p\u00ebr comunich\u00e9 an piemont\u00e8is \u00ebscrit). L&#8217;abonament p\u00ebr n&#8217;ann a costa 35 euro. Anformasion as peulo ciamesse ambeless\u00ec, mentre che cost a l&#8217;\u00e9 \u00ebl sit. Come tute le r\u00f2be cite, as capiss ch&#8217;as podr\u00eca fesse mej: a mi, pr&#8217;esempi, am piasr\u00eca quaic\u00f2s \u00ebd p\u00ec modern, grop\u00e0 a le neuve tecnolog\u00ece, al mond d&#8217;ancheuj oltre che a le r\u00f2be veje, a la literatura e via f\u00f2rt. Ma a-i \u00e9, e costa a l&#8217;\u00e9 gi\u00e0 na gran c\u00f2sa. \u00c7a va sans dire che invit tuj a abonesse, e p\u00ebr giut\u00e9 \u00ebl Piemont e p\u00ebr sav\u00e8j quaic\u00f2s \u00ebd p\u00ec \u00ebd n\u00f2ste r\u00e8is. A l\u2019\u00e9 \u2019n giornal l\u00ecber e \u2019ndipendent, ch&#8217;a dedica soa atension a tut l\u00f2n ch\u2019a r\u00ebsguarda n\u00f2stra coltura an tute [\u2026] continua a leggere \u00bb\" \/>\n<meta property=\"og:url\" content=\"https:\/\/giannidavico.it\/gopiedmont\/2015\/04\/22\/piemonteis-ancheuj\/\" \/>\n<meta property=\"og:site_name\" content=\"Go Piedmont\" \/>\n<meta property=\"article:published_time\" content=\"2015-04-22T06:54:48+00:00\" \/>\n<meta property=\"og:image\" content=\"https:\/\/giannidavico.it\/gopiedmont\/files\/2015\/04\/PA-218x300.jpg\" \/>\n<meta name=\"author\" content=\"giannidavico\" \/>\n<meta name=\"twitter:card\" content=\"summary_large_image\" \/>\n<meta name=\"twitter:label1\" content=\"Scritto da\" \/>\n\t<meta name=\"twitter:data1\" content=\"giannidavico\" \/>\n\t<meta name=\"twitter:label2\" content=\"Tempo di lettura stimato\" \/>\n\t<meta name=\"twitter:data2\" content=\"2 minuti\" \/>\n<script type=\"application\/ld+json\" class=\"yoast-schema-graph\">{\"@context\":\"https:\/\/schema.org\",\"@graph\":[{\"@type\":\"WebPage\",\"@id\":\"https:\/\/giannidavico.it\/gopiedmont\/2015\/04\/22\/piemonteis-ancheuj\/\",\"url\":\"https:\/\/giannidavico.it\/gopiedmont\/2015\/04\/22\/piemonteis-ancheuj\/\",\"name\":\"Piemont\u00e8is Ancheuj - Go Piedmont\",\"isPartOf\":{\"@id\":\"https:\/\/giannidavico.it\/gopiedmont\/#website\"},\"datePublished\":\"2015-04-22T06:54:48+00:00\",\"dateModified\":\"2015-04-22T06:54:48+00:00\",\"author\":{\"@id\":\"https:\/\/giannidavico.it\/gopiedmont\/#\/schema\/person\/ea1fd17d8f2dba325f3712219efa8f77\"},\"inLanguage\":\"it-IT\",\"potentialAction\":[{\"@type\":\"ReadAction\",\"target\":[\"https:\/\/giannidavico.it\/gopiedmont\/2015\/04\/22\/piemonteis-ancheuj\/\"]}]},{\"@type\":\"WebSite\",\"@id\":\"https:\/\/giannidavico.it\/gopiedmont\/#website\",\"url\":\"https:\/\/giannidavico.it\/gopiedmont\/\",\"name\":\"Go Piedmont\",\"description\":\"pens\u00e9 dzora l\u00ecber, event e p\u00ebrson-e grop\u00e0 al Piemont e a la lenga piemont\u00e8isa\",\"potentialAction\":[{\"@type\":\"SearchAction\",\"target\":{\"@type\":\"EntryPoint\",\"urlTemplate\":\"https:\/\/giannidavico.it\/gopiedmont\/?s={search_term_string}\"},\"query-input\":\"required name=search_term_string\"}],\"inLanguage\":\"it-IT\"},{\"@type\":\"Person\",\"@id\":\"https:\/\/giannidavico.it\/gopiedmont\/#\/schema\/person\/ea1fd17d8f2dba325f3712219efa8f77\",\"name\":\"giannidavico\",\"image\":{\"@type\":\"ImageObject\",\"inLanguage\":\"it-IT\",\"@id\":\"https:\/\/giannidavico.it\/gopiedmont\/#\/schema\/person\/image\/\",\"url\":\"https:\/\/secure.gravatar.com\/avatar\/337748753d882602f3038b55fb369ba1?s=96&d=mm&r=g\",\"contentUrl\":\"https:\/\/secure.gravatar.com\/avatar\/337748753d882602f3038b55fb369ba1?s=96&d=mm&r=g\",\"caption\":\"giannidavico\"},\"url\":\"https:\/\/giannidavico.it\/gopiedmont\/author\/giannidavico\/\"}]}<\/script>\n<!-- \/ Yoast SEO plugin. -->","yoast_head_json":{"title":"Piemont\u00e8is Ancheuj - Go Piedmont","robots":{"index":"index","follow":"follow","max-snippet":"max-snippet:-1","max-image-preview":"max-image-preview:large","max-video-preview":"max-video-preview:-1"},"canonical":"https:\/\/giannidavico.it\/gopiedmont\/2015\/04\/22\/piemonteis-ancheuj\/","og_locale":"it_IT","og_type":"article","og_title":"Piemont\u00e8is Ancheuj - Go Piedmont","og_description":"&#8220;Piemont\u00e8is Ancheuj&#8221; a l\u2019\u00e9 n&#8217;arvista &#8216;d s\u00ebddes p\u00e0gine dont eut a color cud\u00eca dal Centro Don Minzoni \u2013 Ca d\u00eb Studi Pinin Pac\u00f2t ch\u2019a seurt ondes vire l&#8217;ann e ch\u2019a l\u2019\u00e9 scrita tuta an piemont\u00e8is (e p\u00ec precisament ant la graf\u00eca st\u00f2rica o dij Brand\u00e9, che a la fin dle fin a l&#8217;\u00e9 l&#8217;\u00f9nica seriament poss\u00ecbila p\u00ebr comunich\u00e9 an piemont\u00e8is \u00ebscrit). L&#8217;abonament p\u00ebr n&#8217;ann a costa 35 euro. Anformasion as peulo ciamesse ambeless\u00ec, mentre che cost a l&#8217;\u00e9 \u00ebl sit. Come tute le r\u00f2be cite, as capiss ch&#8217;as podr\u00eca fesse mej: a mi, pr&#8217;esempi, am piasr\u00eca quaic\u00f2s \u00ebd p\u00ec modern, grop\u00e0 a le neuve tecnolog\u00ece, al mond d&#8217;ancheuj oltre che a le r\u00f2be veje, a la literatura e via f\u00f2rt. Ma a-i \u00e9, e costa a l&#8217;\u00e9 gi\u00e0 na gran c\u00f2sa. \u00c7a va sans dire che invit tuj a abonesse, e p\u00ebr giut\u00e9 \u00ebl Piemont e p\u00ebr sav\u00e8j quaic\u00f2s \u00ebd p\u00ec \u00ebd n\u00f2ste r\u00e8is. A l\u2019\u00e9 \u2019n giornal l\u00ecber e \u2019ndipendent, ch&#8217;a dedica soa atension a tut l\u00f2n ch\u2019a r\u00ebsguarda n\u00f2stra coltura an tute [\u2026] continua a leggere \u00bb","og_url":"https:\/\/giannidavico.it\/gopiedmont\/2015\/04\/22\/piemonteis-ancheuj\/","og_site_name":"Go Piedmont","article_published_time":"2015-04-22T06:54:48+00:00","og_image":[{"url":"https:\/\/giannidavico.it\/gopiedmont\/files\/2015\/04\/PA-218x300.jpg"}],"author":"giannidavico","twitter_card":"summary_large_image","twitter_misc":{"Scritto da":"giannidavico","Tempo di lettura stimato":"2 minuti"},"schema":{"@context":"https:\/\/schema.org","@graph":[{"@type":"WebPage","@id":"https:\/\/giannidavico.it\/gopiedmont\/2015\/04\/22\/piemonteis-ancheuj\/","url":"https:\/\/giannidavico.it\/gopiedmont\/2015\/04\/22\/piemonteis-ancheuj\/","name":"Piemont\u00e8is Ancheuj - Go Piedmont","isPartOf":{"@id":"https:\/\/giannidavico.it\/gopiedmont\/#website"},"datePublished":"2015-04-22T06:54:48+00:00","dateModified":"2015-04-22T06:54:48+00:00","author":{"@id":"https:\/\/giannidavico.it\/gopiedmont\/#\/schema\/person\/ea1fd17d8f2dba325f3712219efa8f77"},"inLanguage":"it-IT","potentialAction":[{"@type":"ReadAction","target":["https:\/\/giannidavico.it\/gopiedmont\/2015\/04\/22\/piemonteis-ancheuj\/"]}]},{"@type":"WebSite","@id":"https:\/\/giannidavico.it\/gopiedmont\/#website","url":"https:\/\/giannidavico.it\/gopiedmont\/","name":"Go Piedmont","description":"pens\u00e9 dzora l\u00ecber, event e p\u00ebrson-e grop\u00e0 al Piemont e a la lenga piemont\u00e8isa","potentialAction":[{"@type":"SearchAction","target":{"@type":"EntryPoint","urlTemplate":"https:\/\/giannidavico.it\/gopiedmont\/?s={search_term_string}"},"query-input":"required name=search_term_string"}],"inLanguage":"it-IT"},{"@type":"Person","@id":"https:\/\/giannidavico.it\/gopiedmont\/#\/schema\/person\/ea1fd17d8f2dba325f3712219efa8f77","name":"giannidavico","image":{"@type":"ImageObject","inLanguage":"it-IT","@id":"https:\/\/giannidavico.it\/gopiedmont\/#\/schema\/person\/image\/","url":"https:\/\/secure.gravatar.com\/avatar\/337748753d882602f3038b55fb369ba1?s=96&d=mm&r=g","contentUrl":"https:\/\/secure.gravatar.com\/avatar\/337748753d882602f3038b55fb369ba1?s=96&d=mm&r=g","caption":"giannidavico"},"url":"https:\/\/giannidavico.it\/gopiedmont\/author\/giannidavico\/"}]}},"_links":{"self":[{"href":"https:\/\/giannidavico.it\/gopiedmont\/wp-json\/wp\/v2\/posts\/2702"}],"collection":[{"href":"https:\/\/giannidavico.it\/gopiedmont\/wp-json\/wp\/v2\/posts"}],"about":[{"href":"https:\/\/giannidavico.it\/gopiedmont\/wp-json\/wp\/v2\/types\/post"}],"author":[{"embeddable":true,"href":"https:\/\/giannidavico.it\/gopiedmont\/wp-json\/wp\/v2\/users\/4"}],"replies":[{"embeddable":true,"href":"https:\/\/giannidavico.it\/gopiedmont\/wp-json\/wp\/v2\/comments?post=2702"}],"version-history":[{"count":9,"href":"https:\/\/giannidavico.it\/gopiedmont\/wp-json\/wp\/v2\/posts\/2702\/revisions"}],"predecessor-version":[{"id":2712,"href":"https:\/\/giannidavico.it\/gopiedmont\/wp-json\/wp\/v2\/posts\/2702\/revisions\/2712"}],"wp:attachment":[{"href":"https:\/\/giannidavico.it\/gopiedmont\/wp-json\/wp\/v2\/media?parent=2702"}],"wp:term":[{"taxonomy":"category","embeddable":true,"href":"https:\/\/giannidavico.it\/gopiedmont\/wp-json\/wp\/v2\/categories?post=2702"},{"taxonomy":"post_tag","embeddable":true,"href":"https:\/\/giannidavico.it\/gopiedmont\/wp-json\/wp\/v2\/tags?post=2702"}],"curies":[{"name":"wp","href":"https:\/\/api.w.org\/{rel}","templated":true}]}}