{"id":2713,"date":"2015-04-29T06:00:08","date_gmt":"2015-04-29T05:00:08","guid":{"rendered":"https:\/\/giannidavico.it\/staging\/gopiedmont\/?p=2713"},"modified":"2015-04-28T20:27:18","modified_gmt":"2015-04-28T19:27:18","slug":"eugenio-montale-i-lhai-cala-dasendte-l-brass","status":"publish","type":"post","link":"https:\/\/giannidavico.it\/gopiedmont\/2015\/04\/29\/eugenio-montale-i-lhai-cala-dasendte-l-brass\/","title":{"rendered":"Eugenio Montale, I l&#8217;hai cal\u00e0, dasendte &#8216;l brass"},"content":{"rendered":"<p><a href=\"https:\/\/giannidavico.it\/gopiedmont\/files\/2015\/04\/Montale.jpg\"><img loading=\"lazy\" src=\"https:\/\/giannidavico.it\/gopiedmont\/files\/2015\/04\/Montale-300x225.jpg\" alt=\"Montale\" width=\"300\" height=\"225\" class=\"alignright size-medium wp-image-2714\" srcset=\"https:\/\/giannidavico.it\/gopiedmont\/files\/2015\/04\/Montale-300x225.jpg 300w, https:\/\/giannidavico.it\/gopiedmont\/files\/2015\/04\/Montale.jpg 800w\" sizes=\"(max-width: 300px) 100vw, 300px\" \/><\/a><br \/>\nI l&#8217;hai cal\u00e0, dasendte &#8216;l brass, almen un milion d\u00eb scale<br \/>\ne adess ch&#8217;it j\u00eb ses nen a l&#8217;\u00e9 \u00ebl veuid a minca scalin.<br \/>\nBele par\u00e8j a l&#8217;\u00e9 st\u00e0it curt \u00ebl n\u00f2str longh viagi.<br \/>\n\u00cbl m\u00e8 a dura bele adess, e am fan p\u00ec nen da bz\u00f2gn<br \/>\nle coincidense, le prenotassion,<br \/>\nle foinere, j&#8217;onte &#8216;d chi ch&#8217;a ch\u00ebrd<br \/>\nche la realt\u00e0 a sia cola ch&#8217;as vegh.<\/p>\n<p>I l&#8217;hai cal\u00e0 milion d\u00eb scale dasendte &#8216;l brass<br \/>\nma nen p\u00ebrch\u00e8 con quatr euj miraco as vegh \u00ebd p\u00ec.<br \/>\nCon ti i l&#8217;hai calaje p\u00ebrch\u00e8 i sav\u00eca che &#8216;d noi doi<br \/>\nij lum\u00e8t sol e ver, combin che tant anfosch\u00ec,<br \/>\na j&#8217;ero ij t\u00f2.<\/p>\n","protected":false},"excerpt":{"rendered":"<p><a href=\"https:\/\/giannidavico.it\/gopiedmont\/files\/2015\/04\/Montale.jpg\"><img loading=\"lazy\" src=\"https:\/\/giannidavico.it\/gopiedmont\/files\/2015\/04\/Montale-300x225.jpg\" alt=\"Montale\" width=\"300\" height=\"225\" class=\"alignright size-medium wp-image-2714\" srcset=\"https:\/\/giannidavico.it\/gopiedmont\/files\/2015\/04\/Montale-300x225.jpg 300w, https:\/\/giannidavico.it\/gopiedmont\/files\/2015\/04\/Montale.jpg 800w\" sizes=\"(max-width: 300px) 100vw, 300px\" \/><\/a><br \/> I l&#8217;hai cal\u00e0, dasendte &#8216;l brass, almen un milion d\u00eb scale<br \/> e adess ch&#8217;it j\u00eb ses nen a l&#8217;\u00e9 \u00ebl veuid a minca scalin.<br \/> Bele par\u00e8j a l&#8217;\u00e9 st\u00e0it curt \u00ebl n\u00f2str longh viagi.<br \/> \u00cbl m\u00e8 a dura bele adess, e am fan p\u00ec nen da bz\u00f2gn<br \/> le coincidense, le prenotassion,<br \/> le foinere, j&#8217;onte &#8216;d chi ch&#8217;a ch\u00ebrd<br \/> che la realt\u00e0 a sia cola ch&#8217;as vegh.<\/p>\n<p>I l&#8217;hai cal\u00e0 milion d\u00eb scale dasendte &#8216;l brass<br \/> ma nen p\u00ebrch\u00e8 con quatr euj miraco as vegh \u00ebd p\u00ec.<br \/> Con ti i l&#8217;hai calaje p\u00ebrch\u00e8 i sav\u00eca che &#8216;d noi doi<br \/> ij lum\u00e8t sol e ver, combin che tant anfosch\u00ec,<br \/> a j&#8217;ero ij t\u00f2.<\/p>\n","protected":false},"author":4,"featured_media":0,"comment_status":"open","ping_status":"open","sticky":false,"template":"","format":"standard","meta":[],"categories":[130],"tags":[7851],"yoast_head":"<!-- This site is optimized with the Yoast SEO plugin v19.14 - https:\/\/yoast.com\/wordpress\/plugins\/seo\/ -->\n<title>Eugenio Montale, I l&#039;hai cal\u00e0, dasendte &#039;l brass - Go Piedmont<\/title>\n<meta name=\"robots\" content=\"index, follow, max-snippet:-1, max-image-preview:large, max-video-preview:-1\" \/>\n<link rel=\"canonical\" href=\"https:\/\/giannidavico.it\/gopiedmont\/2015\/04\/29\/eugenio-montale-i-lhai-cala-dasendte-l-brass\/\" \/>\n<meta property=\"og:locale\" content=\"it_IT\" \/>\n<meta property=\"og:type\" content=\"article\" \/>\n<meta property=\"og:title\" content=\"Eugenio Montale, I l&#039;hai cal\u00e0, dasendte &#039;l brass - Go Piedmont\" \/>\n<meta property=\"og:description\" content=\"I l&#8217;hai cal\u00e0, dasendte &#8216;l brass, almen un milion d\u00eb scale e adess ch&#8217;it j\u00eb ses nen a l&#8217;\u00e9 \u00ebl veuid a minca scalin. Bele par\u00e8j a l&#8217;\u00e9 st\u00e0it curt \u00ebl n\u00f2str longh viagi. \u00cbl m\u00e8 a dura bele adess, e am fan p\u00ec nen da bz\u00f2gn le coincidense, le prenotassion, le foinere, j&#8217;onte &#8216;d chi ch&#8217;a ch\u00ebrd che la realt\u00e0 a sia cola ch&#8217;as vegh. I l&#8217;hai cal\u00e0 milion d\u00eb scale dasendte &#8216;l brass ma nen p\u00ebrch\u00e8 con quatr euj miraco as vegh \u00ebd p\u00ec. Con ti i l&#8217;hai calaje p\u00ebrch\u00e8 i sav\u00eca che &#8216;d noi doi ij lum\u00e8t sol e ver, combin che tant anfosch\u00ec, a j&#8217;ero ij t\u00f2.\" \/>\n<meta property=\"og:url\" content=\"https:\/\/giannidavico.it\/gopiedmont\/2015\/04\/29\/eugenio-montale-i-lhai-cala-dasendte-l-brass\/\" \/>\n<meta property=\"og:site_name\" content=\"Go Piedmont\" \/>\n<meta property=\"article:published_time\" content=\"2015-04-29T05:00:08+00:00\" \/>\n<meta property=\"article:modified_time\" content=\"2015-04-28T19:27:18+00:00\" \/>\n<meta property=\"og:image\" content=\"https:\/\/giannidavico.it\/gopiedmont\/files\/2015\/04\/Montale-300x225.jpg\" \/>\n<meta name=\"author\" content=\"giannidavico\" \/>\n<meta name=\"twitter:card\" content=\"summary_large_image\" \/>\n<meta name=\"twitter:label1\" content=\"Scritto da\" \/>\n\t<meta name=\"twitter:data1\" content=\"giannidavico\" \/>\n\t<meta name=\"twitter:label2\" content=\"Tempo di lettura stimato\" \/>\n\t<meta name=\"twitter:data2\" content=\"1 minuto\" \/>\n<script type=\"application\/ld+json\" class=\"yoast-schema-graph\">{\"@context\":\"https:\/\/schema.org\",\"@graph\":[{\"@type\":\"WebPage\",\"@id\":\"https:\/\/giannidavico.it\/gopiedmont\/2015\/04\/29\/eugenio-montale-i-lhai-cala-dasendte-l-brass\/\",\"url\":\"https:\/\/giannidavico.it\/gopiedmont\/2015\/04\/29\/eugenio-montale-i-lhai-cala-dasendte-l-brass\/\",\"name\":\"Eugenio Montale, I l'hai cal\u00e0, dasendte 'l brass - Go Piedmont\",\"isPartOf\":{\"@id\":\"https:\/\/giannidavico.it\/gopiedmont\/#website\"},\"datePublished\":\"2015-04-29T05:00:08+00:00\",\"dateModified\":\"2015-04-28T19:27:18+00:00\",\"author\":{\"@id\":\"https:\/\/giannidavico.it\/gopiedmont\/#\/schema\/person\/ea1fd17d8f2dba325f3712219efa8f77\"},\"inLanguage\":\"it-IT\",\"potentialAction\":[{\"@type\":\"ReadAction\",\"target\":[\"https:\/\/giannidavico.it\/gopiedmont\/2015\/04\/29\/eugenio-montale-i-lhai-cala-dasendte-l-brass\/\"]}]},{\"@type\":\"WebSite\",\"@id\":\"https:\/\/giannidavico.it\/gopiedmont\/#website\",\"url\":\"https:\/\/giannidavico.it\/gopiedmont\/\",\"name\":\"Go Piedmont\",\"description\":\"pens\u00e9 dzora l\u00ecber, event e p\u00ebrson-e grop\u00e0 al Piemont e a la lenga piemont\u00e8isa\",\"potentialAction\":[{\"@type\":\"SearchAction\",\"target\":{\"@type\":\"EntryPoint\",\"urlTemplate\":\"https:\/\/giannidavico.it\/gopiedmont\/?s={search_term_string}\"},\"query-input\":\"required name=search_term_string\"}],\"inLanguage\":\"it-IT\"},{\"@type\":\"Person\",\"@id\":\"https:\/\/giannidavico.it\/gopiedmont\/#\/schema\/person\/ea1fd17d8f2dba325f3712219efa8f77\",\"name\":\"giannidavico\",\"image\":{\"@type\":\"ImageObject\",\"inLanguage\":\"it-IT\",\"@id\":\"https:\/\/giannidavico.it\/gopiedmont\/#\/schema\/person\/image\/\",\"url\":\"https:\/\/secure.gravatar.com\/avatar\/337748753d882602f3038b55fb369ba1?s=96&d=mm&r=g\",\"contentUrl\":\"https:\/\/secure.gravatar.com\/avatar\/337748753d882602f3038b55fb369ba1?s=96&d=mm&r=g\",\"caption\":\"giannidavico\"},\"url\":\"https:\/\/giannidavico.it\/gopiedmont\/author\/giannidavico\/\"}]}<\/script>\n<!-- \/ Yoast SEO plugin. -->","yoast_head_json":{"title":"Eugenio Montale, I l'hai cal\u00e0, dasendte 'l brass - Go Piedmont","robots":{"index":"index","follow":"follow","max-snippet":"max-snippet:-1","max-image-preview":"max-image-preview:large","max-video-preview":"max-video-preview:-1"},"canonical":"https:\/\/giannidavico.it\/gopiedmont\/2015\/04\/29\/eugenio-montale-i-lhai-cala-dasendte-l-brass\/","og_locale":"it_IT","og_type":"article","og_title":"Eugenio Montale, I l'hai cal\u00e0, dasendte 'l brass - Go Piedmont","og_description":"I l&#8217;hai cal\u00e0, dasendte &#8216;l brass, almen un milion d\u00eb scale e adess ch&#8217;it j\u00eb ses nen a l&#8217;\u00e9 \u00ebl veuid a minca scalin. Bele par\u00e8j a l&#8217;\u00e9 st\u00e0it curt \u00ebl n\u00f2str longh viagi. \u00cbl m\u00e8 a dura bele adess, e am fan p\u00ec nen da bz\u00f2gn le coincidense, le prenotassion, le foinere, j&#8217;onte &#8216;d chi ch&#8217;a ch\u00ebrd che la realt\u00e0 a sia cola ch&#8217;as vegh. I l&#8217;hai cal\u00e0 milion d\u00eb scale dasendte &#8216;l brass ma nen p\u00ebrch\u00e8 con quatr euj miraco as vegh \u00ebd p\u00ec. Con ti i l&#8217;hai calaje p\u00ebrch\u00e8 i sav\u00eca che &#8216;d noi doi ij lum\u00e8t sol e ver, combin che tant anfosch\u00ec, a j&#8217;ero ij t\u00f2.","og_url":"https:\/\/giannidavico.it\/gopiedmont\/2015\/04\/29\/eugenio-montale-i-lhai-cala-dasendte-l-brass\/","og_site_name":"Go Piedmont","article_published_time":"2015-04-29T05:00:08+00:00","article_modified_time":"2015-04-28T19:27:18+00:00","og_image":[{"url":"https:\/\/giannidavico.it\/gopiedmont\/files\/2015\/04\/Montale-300x225.jpg"}],"author":"giannidavico","twitter_card":"summary_large_image","twitter_misc":{"Scritto da":"giannidavico","Tempo di lettura stimato":"1 minuto"},"schema":{"@context":"https:\/\/schema.org","@graph":[{"@type":"WebPage","@id":"https:\/\/giannidavico.it\/gopiedmont\/2015\/04\/29\/eugenio-montale-i-lhai-cala-dasendte-l-brass\/","url":"https:\/\/giannidavico.it\/gopiedmont\/2015\/04\/29\/eugenio-montale-i-lhai-cala-dasendte-l-brass\/","name":"Eugenio Montale, I l'hai cal\u00e0, dasendte 'l brass - Go Piedmont","isPartOf":{"@id":"https:\/\/giannidavico.it\/gopiedmont\/#website"},"datePublished":"2015-04-29T05:00:08+00:00","dateModified":"2015-04-28T19:27:18+00:00","author":{"@id":"https:\/\/giannidavico.it\/gopiedmont\/#\/schema\/person\/ea1fd17d8f2dba325f3712219efa8f77"},"inLanguage":"it-IT","potentialAction":[{"@type":"ReadAction","target":["https:\/\/giannidavico.it\/gopiedmont\/2015\/04\/29\/eugenio-montale-i-lhai-cala-dasendte-l-brass\/"]}]},{"@type":"WebSite","@id":"https:\/\/giannidavico.it\/gopiedmont\/#website","url":"https:\/\/giannidavico.it\/gopiedmont\/","name":"Go Piedmont","description":"pens\u00e9 dzora l\u00ecber, event e p\u00ebrson-e grop\u00e0 al Piemont e a la lenga piemont\u00e8isa","potentialAction":[{"@type":"SearchAction","target":{"@type":"EntryPoint","urlTemplate":"https:\/\/giannidavico.it\/gopiedmont\/?s={search_term_string}"},"query-input":"required name=search_term_string"}],"inLanguage":"it-IT"},{"@type":"Person","@id":"https:\/\/giannidavico.it\/gopiedmont\/#\/schema\/person\/ea1fd17d8f2dba325f3712219efa8f77","name":"giannidavico","image":{"@type":"ImageObject","inLanguage":"it-IT","@id":"https:\/\/giannidavico.it\/gopiedmont\/#\/schema\/person\/image\/","url":"https:\/\/secure.gravatar.com\/avatar\/337748753d882602f3038b55fb369ba1?s=96&d=mm&r=g","contentUrl":"https:\/\/secure.gravatar.com\/avatar\/337748753d882602f3038b55fb369ba1?s=96&d=mm&r=g","caption":"giannidavico"},"url":"https:\/\/giannidavico.it\/gopiedmont\/author\/giannidavico\/"}]}},"_links":{"self":[{"href":"https:\/\/giannidavico.it\/gopiedmont\/wp-json\/wp\/v2\/posts\/2713"}],"collection":[{"href":"https:\/\/giannidavico.it\/gopiedmont\/wp-json\/wp\/v2\/posts"}],"about":[{"href":"https:\/\/giannidavico.it\/gopiedmont\/wp-json\/wp\/v2\/types\/post"}],"author":[{"embeddable":true,"href":"https:\/\/giannidavico.it\/gopiedmont\/wp-json\/wp\/v2\/users\/4"}],"replies":[{"embeddable":true,"href":"https:\/\/giannidavico.it\/gopiedmont\/wp-json\/wp\/v2\/comments?post=2713"}],"version-history":[{"count":1,"href":"https:\/\/giannidavico.it\/gopiedmont\/wp-json\/wp\/v2\/posts\/2713\/revisions"}],"predecessor-version":[{"id":2715,"href":"https:\/\/giannidavico.it\/gopiedmont\/wp-json\/wp\/v2\/posts\/2713\/revisions\/2715"}],"wp:attachment":[{"href":"https:\/\/giannidavico.it\/gopiedmont\/wp-json\/wp\/v2\/media?parent=2713"}],"wp:term":[{"taxonomy":"category","embeddable":true,"href":"https:\/\/giannidavico.it\/gopiedmont\/wp-json\/wp\/v2\/categories?post=2713"},{"taxonomy":"post_tag","embeddable":true,"href":"https:\/\/giannidavico.it\/gopiedmont\/wp-json\/wp\/v2\/tags?post=2713"}],"curies":[{"name":"wp","href":"https:\/\/api.w.org\/{rel}","templated":true}]}}