{"id":2721,"date":"2015-05-13T09:21:31","date_gmt":"2015-05-13T08:21:31","guid":{"rendered":"https:\/\/giannidavico.it\/staging\/gopiedmont\/?p=2721"},"modified":"2015-05-13T09:21:31","modified_gmt":"2015-05-13T08:21:31","slug":"el-sit-del-consej-regional-an-piemonteis","status":"publish","type":"post","link":"https:\/\/giannidavico.it\/gopiedmont\/2015\/05\/13\/el-sit-del-consej-regional-an-piemonteis\/","title":{"rendered":"\u00cbl sit d\u00ebl Consej regional an piemont\u00e8is"},"content":{"rendered":"<p><a href=\"https:\/\/giannidavico.it\/gopiedmont\/files\/2015\/05\/cr.jpg\"><img loading=\"lazy\" src=\"https:\/\/giannidavico.it\/gopiedmont\/files\/2015\/05\/cr-300x169.jpg\" alt=\"cr\" width=\"300\" height=\"169\" class=\"alignright size-medium wp-image-2722\" srcset=\"https:\/\/giannidavico.it\/gopiedmont\/files\/2015\/05\/cr-300x169.jpg 300w, https:\/\/giannidavico.it\/gopiedmont\/files\/2015\/05\/cr-1024x578.jpg 1024w, https:\/\/giannidavico.it\/gopiedmont\/files\/2015\/05\/cr.jpg 1264w\" sizes=\"(max-width: 300px) 100vw, 300px\" \/><\/a><br \/>\n\u00cbl Consej regional d\u00ebl Piemont a l&#8217;ha da p\u00f2chi di na version neuva \u00ebd s\u00f2 sit. La r\u00f2ba bela a l&#8217;\u00e9 scrita ant \u00ebl comunica stampa:<\/p>\n<blockquote><p>Il sito, come gi\u00e0 il precedente, \u00e8 disponibile in numerose lingue ma da questa versione verr\u00e0 introdotta la versione piemontese.<\/p><\/blockquote>\n<p>La p\u00e0gina a l&#8217;\u00e9 <a href=\"http:\/\/www.cr.piemonte.it\/web\/lingue-top\/pie\" target=\"_blank\">costa<\/a>. \u00cbl travaj a l&#8217;\u00e9 st\u00e0it f\u00e0it \u2013 a gr\u00e0tis \u2013 da la Ca d\u00eb Studi Piemont\u00e8is, sota la supervision \u00ebd Censin Pich, gran mag\u00ecster \u00ebd n\u00f2sta lenga e n\u00f2sta coltura.<\/p>\n<p>A l&#8217;\u00e9 na r\u00f2ba cita e bela ant l&#8217;istess temp, ch&#8217;am f\u00e0 pias\u00ec signal\u00e9 ambeless\u00ec. Con un gr\u00f2ss mers\u00ec a Censin Pich e a tuta la Ca d\u00eb Studi. A l&#8217;\u00e9 na st\u00f2ria cita, ma noi i andoma anans.<\/p>\n","protected":false},"excerpt":{"rendered":"<p><a href=\"https:\/\/giannidavico.it\/gopiedmont\/files\/2015\/05\/cr.jpg\"><img loading=\"lazy\" src=\"https:\/\/giannidavico.it\/gopiedmont\/files\/2015\/05\/cr-300x169.jpg\" alt=\"cr\" width=\"300\" height=\"169\" class=\"alignright size-medium wp-image-2722\" srcset=\"https:\/\/giannidavico.it\/gopiedmont\/files\/2015\/05\/cr-300x169.jpg 300w, https:\/\/giannidavico.it\/gopiedmont\/files\/2015\/05\/cr-1024x578.jpg 1024w, https:\/\/giannidavico.it\/gopiedmont\/files\/2015\/05\/cr.jpg 1264w\" sizes=\"(max-width: 300px) 100vw, 300px\" \/><\/a><br \/> \u00cbl Consej regional d\u00ebl Piemont a l&#8217;ha da p\u00f2chi di na version neuva \u00ebd s\u00f2 sit. La r\u00f2ba bela a l&#8217;\u00e9 scrita ant \u00ebl comunica stampa:<\/p>\n<p>Il sito, come gi\u00e0 il precedente, \u00e8 disponibile in numerose lingue ma da questa versione verr\u00e0 introdotta la versione piemontese.<\/p>\n<p>La p\u00e0gina a l&#8217;\u00e9 <a href=\"http:\/\/www.cr.piemonte.it\/web\/lingue-top\/pie\" target=\"_blank\">costa<\/a>. \u00cbl travaj a l&#8217;\u00e9 st\u00e0it f\u00e0it \u2013 a gr\u00e0tis \u2013 da la Ca d\u00eb Studi Piemont\u00e8is, sota la supervision \u00ebd Censin Pich, gran mag\u00ecster \u00ebd n\u00f2sta lenga e n\u00f2sta coltura.<\/p>\n<p>A l&#8217;\u00e9 na r\u00f2ba cita e bela ant l&#8217;istess temp, ch&#8217;am f\u00e0 pias\u00ec signal\u00e9 ambeless\u00ec. Con un gr\u00f2ss mers\u00ec a Censin Pich e a tuta la Ca d\u00eb Studi. A l&#8217;\u00e9 na st\u00f2ria cita, ma noi i andoma anans.<\/p>\n","protected":false},"author":4,"featured_media":0,"comment_status":"open","ping_status":"open","sticky":false,"template":"","format":"standard","meta":[],"categories":[130],"tags":[131],"yoast_head":"<!-- This site is optimized with the Yoast SEO plugin v19.14 - https:\/\/yoast.com\/wordpress\/plugins\/seo\/ -->\n<title>\u00cbl sit d\u00ebl Consej regional an piemont\u00e8is - Go Piedmont<\/title>\n<meta name=\"robots\" content=\"index, follow, max-snippet:-1, max-image-preview:large, max-video-preview:-1\" \/>\n<link rel=\"canonical\" href=\"https:\/\/giannidavico.it\/gopiedmont\/2015\/05\/13\/el-sit-del-consej-regional-an-piemonteis\/\" \/>\n<meta property=\"og:locale\" content=\"it_IT\" \/>\n<meta property=\"og:type\" content=\"article\" \/>\n<meta property=\"og:title\" content=\"\u00cbl sit d\u00ebl Consej regional an piemont\u00e8is - Go Piedmont\" \/>\n<meta property=\"og:description\" content=\"\u00cbl Consej regional d\u00ebl Piemont a l&#8217;ha da p\u00f2chi di na version neuva \u00ebd s\u00f2 sit. La r\u00f2ba bela a l&#8217;\u00e9 scrita ant \u00ebl comunica stampa: Il sito, come gi\u00e0 il precedente, \u00e8 disponibile in numerose lingue ma da questa versione verr\u00e0 introdotta la versione piemontese. La p\u00e0gina a l&#8217;\u00e9 costa. \u00cbl travaj a l&#8217;\u00e9 st\u00e0it f\u00e0it \u2013 a gr\u00e0tis \u2013 da la Ca d\u00eb Studi Piemont\u00e8is, sota la supervision \u00ebd Censin Pich, gran mag\u00ecster \u00ebd n\u00f2sta lenga e n\u00f2sta coltura. A l&#8217;\u00e9 na r\u00f2ba cita e bela ant l&#8217;istess temp, ch&#8217;am f\u00e0 pias\u00ec signal\u00e9 ambeless\u00ec. Con un gr\u00f2ss mers\u00ec a Censin Pich e a tuta la Ca d\u00eb Studi. A l&#8217;\u00e9 na st\u00f2ria cita, ma noi i andoma anans.\" \/>\n<meta property=\"og:url\" content=\"https:\/\/giannidavico.it\/gopiedmont\/2015\/05\/13\/el-sit-del-consej-regional-an-piemonteis\/\" \/>\n<meta property=\"og:site_name\" content=\"Go Piedmont\" \/>\n<meta property=\"article:published_time\" content=\"2015-05-13T08:21:31+00:00\" \/>\n<meta property=\"og:image\" content=\"https:\/\/giannidavico.it\/gopiedmont\/files\/2015\/05\/cr-300x169.jpg\" \/>\n<meta name=\"author\" content=\"giannidavico\" \/>\n<meta name=\"twitter:card\" content=\"summary_large_image\" \/>\n<meta name=\"twitter:label1\" content=\"Scritto da\" \/>\n\t<meta name=\"twitter:data1\" content=\"giannidavico\" \/>\n\t<meta name=\"twitter:label2\" content=\"Tempo di lettura stimato\" \/>\n\t<meta name=\"twitter:data2\" content=\"1 minuto\" \/>\n<script type=\"application\/ld+json\" class=\"yoast-schema-graph\">{\"@context\":\"https:\/\/schema.org\",\"@graph\":[{\"@type\":\"WebPage\",\"@id\":\"https:\/\/giannidavico.it\/gopiedmont\/2015\/05\/13\/el-sit-del-consej-regional-an-piemonteis\/\",\"url\":\"https:\/\/giannidavico.it\/gopiedmont\/2015\/05\/13\/el-sit-del-consej-regional-an-piemonteis\/\",\"name\":\"\u00cbl sit d\u00ebl Consej regional an piemont\u00e8is - Go Piedmont\",\"isPartOf\":{\"@id\":\"https:\/\/giannidavico.it\/gopiedmont\/#website\"},\"datePublished\":\"2015-05-13T08:21:31+00:00\",\"dateModified\":\"2015-05-13T08:21:31+00:00\",\"author\":{\"@id\":\"https:\/\/giannidavico.it\/gopiedmont\/#\/schema\/person\/ea1fd17d8f2dba325f3712219efa8f77\"},\"inLanguage\":\"it-IT\",\"potentialAction\":[{\"@type\":\"ReadAction\",\"target\":[\"https:\/\/giannidavico.it\/gopiedmont\/2015\/05\/13\/el-sit-del-consej-regional-an-piemonteis\/\"]}]},{\"@type\":\"WebSite\",\"@id\":\"https:\/\/giannidavico.it\/gopiedmont\/#website\",\"url\":\"https:\/\/giannidavico.it\/gopiedmont\/\",\"name\":\"Go Piedmont\",\"description\":\"pens\u00e9 dzora l\u00ecber, event e p\u00ebrson-e grop\u00e0 al Piemont e a la lenga piemont\u00e8isa\",\"potentialAction\":[{\"@type\":\"SearchAction\",\"target\":{\"@type\":\"EntryPoint\",\"urlTemplate\":\"https:\/\/giannidavico.it\/gopiedmont\/?s={search_term_string}\"},\"query-input\":\"required name=search_term_string\"}],\"inLanguage\":\"it-IT\"},{\"@type\":\"Person\",\"@id\":\"https:\/\/giannidavico.it\/gopiedmont\/#\/schema\/person\/ea1fd17d8f2dba325f3712219efa8f77\",\"name\":\"giannidavico\",\"image\":{\"@type\":\"ImageObject\",\"inLanguage\":\"it-IT\",\"@id\":\"https:\/\/giannidavico.it\/gopiedmont\/#\/schema\/person\/image\/\",\"url\":\"https:\/\/secure.gravatar.com\/avatar\/337748753d882602f3038b55fb369ba1?s=96&d=mm&r=g\",\"contentUrl\":\"https:\/\/secure.gravatar.com\/avatar\/337748753d882602f3038b55fb369ba1?s=96&d=mm&r=g\",\"caption\":\"giannidavico\"},\"url\":\"https:\/\/giannidavico.it\/gopiedmont\/author\/giannidavico\/\"}]}<\/script>\n<!-- \/ Yoast SEO plugin. -->","yoast_head_json":{"title":"\u00cbl sit d\u00ebl Consej regional an piemont\u00e8is - Go Piedmont","robots":{"index":"index","follow":"follow","max-snippet":"max-snippet:-1","max-image-preview":"max-image-preview:large","max-video-preview":"max-video-preview:-1"},"canonical":"https:\/\/giannidavico.it\/gopiedmont\/2015\/05\/13\/el-sit-del-consej-regional-an-piemonteis\/","og_locale":"it_IT","og_type":"article","og_title":"\u00cbl sit d\u00ebl Consej regional an piemont\u00e8is - Go Piedmont","og_description":"\u00cbl Consej regional d\u00ebl Piemont a l&#8217;ha da p\u00f2chi di na version neuva \u00ebd s\u00f2 sit. La r\u00f2ba bela a l&#8217;\u00e9 scrita ant \u00ebl comunica stampa: Il sito, come gi\u00e0 il precedente, \u00e8 disponibile in numerose lingue ma da questa versione verr\u00e0 introdotta la versione piemontese. La p\u00e0gina a l&#8217;\u00e9 costa. \u00cbl travaj a l&#8217;\u00e9 st\u00e0it f\u00e0it \u2013 a gr\u00e0tis \u2013 da la Ca d\u00eb Studi Piemont\u00e8is, sota la supervision \u00ebd Censin Pich, gran mag\u00ecster \u00ebd n\u00f2sta lenga e n\u00f2sta coltura. A l&#8217;\u00e9 na r\u00f2ba cita e bela ant l&#8217;istess temp, ch&#8217;am f\u00e0 pias\u00ec signal\u00e9 ambeless\u00ec. Con un gr\u00f2ss mers\u00ec a Censin Pich e a tuta la Ca d\u00eb Studi. A l&#8217;\u00e9 na st\u00f2ria cita, ma noi i andoma anans.","og_url":"https:\/\/giannidavico.it\/gopiedmont\/2015\/05\/13\/el-sit-del-consej-regional-an-piemonteis\/","og_site_name":"Go Piedmont","article_published_time":"2015-05-13T08:21:31+00:00","og_image":[{"url":"https:\/\/giannidavico.it\/gopiedmont\/files\/2015\/05\/cr-300x169.jpg"}],"author":"giannidavico","twitter_card":"summary_large_image","twitter_misc":{"Scritto da":"giannidavico","Tempo di lettura stimato":"1 minuto"},"schema":{"@context":"https:\/\/schema.org","@graph":[{"@type":"WebPage","@id":"https:\/\/giannidavico.it\/gopiedmont\/2015\/05\/13\/el-sit-del-consej-regional-an-piemonteis\/","url":"https:\/\/giannidavico.it\/gopiedmont\/2015\/05\/13\/el-sit-del-consej-regional-an-piemonteis\/","name":"\u00cbl sit d\u00ebl Consej regional an piemont\u00e8is - Go Piedmont","isPartOf":{"@id":"https:\/\/giannidavico.it\/gopiedmont\/#website"},"datePublished":"2015-05-13T08:21:31+00:00","dateModified":"2015-05-13T08:21:31+00:00","author":{"@id":"https:\/\/giannidavico.it\/gopiedmont\/#\/schema\/person\/ea1fd17d8f2dba325f3712219efa8f77"},"inLanguage":"it-IT","potentialAction":[{"@type":"ReadAction","target":["https:\/\/giannidavico.it\/gopiedmont\/2015\/05\/13\/el-sit-del-consej-regional-an-piemonteis\/"]}]},{"@type":"WebSite","@id":"https:\/\/giannidavico.it\/gopiedmont\/#website","url":"https:\/\/giannidavico.it\/gopiedmont\/","name":"Go Piedmont","description":"pens\u00e9 dzora l\u00ecber, event e p\u00ebrson-e grop\u00e0 al Piemont e a la lenga piemont\u00e8isa","potentialAction":[{"@type":"SearchAction","target":{"@type":"EntryPoint","urlTemplate":"https:\/\/giannidavico.it\/gopiedmont\/?s={search_term_string}"},"query-input":"required name=search_term_string"}],"inLanguage":"it-IT"},{"@type":"Person","@id":"https:\/\/giannidavico.it\/gopiedmont\/#\/schema\/person\/ea1fd17d8f2dba325f3712219efa8f77","name":"giannidavico","image":{"@type":"ImageObject","inLanguage":"it-IT","@id":"https:\/\/giannidavico.it\/gopiedmont\/#\/schema\/person\/image\/","url":"https:\/\/secure.gravatar.com\/avatar\/337748753d882602f3038b55fb369ba1?s=96&d=mm&r=g","contentUrl":"https:\/\/secure.gravatar.com\/avatar\/337748753d882602f3038b55fb369ba1?s=96&d=mm&r=g","caption":"giannidavico"},"url":"https:\/\/giannidavico.it\/gopiedmont\/author\/giannidavico\/"}]}},"_links":{"self":[{"href":"https:\/\/giannidavico.it\/gopiedmont\/wp-json\/wp\/v2\/posts\/2721"}],"collection":[{"href":"https:\/\/giannidavico.it\/gopiedmont\/wp-json\/wp\/v2\/posts"}],"about":[{"href":"https:\/\/giannidavico.it\/gopiedmont\/wp-json\/wp\/v2\/types\/post"}],"author":[{"embeddable":true,"href":"https:\/\/giannidavico.it\/gopiedmont\/wp-json\/wp\/v2\/users\/4"}],"replies":[{"embeddable":true,"href":"https:\/\/giannidavico.it\/gopiedmont\/wp-json\/wp\/v2\/comments?post=2721"}],"version-history":[{"count":3,"href":"https:\/\/giannidavico.it\/gopiedmont\/wp-json\/wp\/v2\/posts\/2721\/revisions"}],"predecessor-version":[{"id":2725,"href":"https:\/\/giannidavico.it\/gopiedmont\/wp-json\/wp\/v2\/posts\/2721\/revisions\/2725"}],"wp:attachment":[{"href":"https:\/\/giannidavico.it\/gopiedmont\/wp-json\/wp\/v2\/media?parent=2721"}],"wp:term":[{"taxonomy":"category","embeddable":true,"href":"https:\/\/giannidavico.it\/gopiedmont\/wp-json\/wp\/v2\/categories?post=2721"},{"taxonomy":"post_tag","embeddable":true,"href":"https:\/\/giannidavico.it\/gopiedmont\/wp-json\/wp\/v2\/tags?post=2721"}],"curies":[{"name":"wp","href":"https:\/\/api.w.org\/{rel}","templated":true}]}}