{"id":2776,"date":"2015-06-03T06:45:44","date_gmt":"2015-06-03T05:45:44","guid":{"rendered":"https:\/\/giannidavico.it\/staging\/gopiedmont\/?p=2776"},"modified":"2015-06-03T06:45:44","modified_gmt":"2015-06-03T05:45:44","slug":"cesare-pavese-delco-ti-it-ses-colin-a-tradussion-ed-carlin-porta","status":"publish","type":"post","link":"https:\/\/giannidavico.it\/gopiedmont\/2015\/06\/03\/cesare-pavese-delco-ti-it-ses-colin-a-tradussion-ed-carlin-porta\/","title":{"rendered":"Cesare Pavese, D\u00eblc\u00f2 ti it ses colin-a &#8211; tradussion \u00ebd Carlin P\u00f2rta"},"content":{"rendered":"<p>D\u00eblc\u00f2 ti it ses colin-a<br \/>\ne sent\u00e9 \u2019d pere<br \/>\ne gieugh ant ij can\u00e9,<br \/>\ne it con\u00f2sse la vigna<br \/>\nche \u2019d neuit a tas.<br \/>\nTi \u2019t dise nen do tut.<\/p>\n<p>J\u2019elo l\u00ec na t\u00e8ra ch\u2019a tas<br \/>\ne a l\u2019\u00e9 nen na t\u00e8ra toa.<br \/>\nJ\u2019elo \u2019n silensi ch\u2019a ten dur<br \/>\nan sj\u2019erbo e su ij brich.<br \/>\nA-i son d\u2019eve e campagne.<br \/>\nIt ses un silensi sar\u00e0<br \/>\nch\u2019a m\u00f2la nen, it ses \u00ebd l\u00e0ver<br \/>\ne scur euj top. It ses la vigna.<\/p>\n<p>A l\u2019\u00e9 na t\u00e8ra l\u00ec ch\u2019a speta<br \/>\ne a dis nen par\u00f2la.<br \/>\nA son andasne ij di<br \/>\nsota coj cej afo\u00e0.<br \/>\nA le n\u00ecvole, it ses amusate.<br \/>\nA l\u2019\u00e9 na t\u00e8ra grama \u2013<br \/>\na lo s\u00e0 bin t\u00f2 suf.<br \/>\nD\u00eblc\u00f2 s\u00f2n a l\u2019\u00e9 vigna.<\/p>\n<p>I t\u2019artrovras le n\u00ecvole<br \/>\ne \u2019l can\u00e9, e le vos<br \/>\ntant come n\u2019ombra \u2019d lun-a.<br \/>\nI t\u2019artrovras par\u00f2le<br \/>\noltra a la curta vita<br \/>\ne dij gieugh \u00ebd la neuit,<br \/>\noltra a l\u2019et\u00e0 masn\u00e0 anvisca.<br \/>\nSaralo bin doss tase.<br \/>\nIt ses t\u00e8ra e vigna.<br \/>\nUn silensi anvisch<br \/>\na brusr\u00e0 la campagna<br \/>\ncome i gran fal\u00f2 a la s\u00e8ira.<\/p>\n","protected":false},"excerpt":{"rendered":"<p>D\u00eblc\u00f2 ti it ses colin-a<br \/> e sent\u00e9 \u2019d pere<br \/> e gieugh ant ij can\u00e9,<br \/> e it con\u00f2sse la vigna<br \/> che \u2019d neuit a tas.<br \/> Ti \u2019t dise nen do tut.<\/p>\n<p>J\u2019elo l\u00ec na t\u00e8ra ch\u2019a tas<br \/> e a l\u2019\u00e9 nen na t\u00e8ra toa.<br \/> J\u2019elo \u2019n silensi ch\u2019a ten dur<br \/> an sj\u2019erbo e su ij brich.<br \/> A-i son d\u2019eve e campagne.<br \/> It ses un silensi sar\u00e0<br \/> ch\u2019a m\u00f2la nen, it ses \u00ebd l\u00e0ver<br \/> e scur euj top. It ses la vigna.<\/p>\n<p>A l\u2019\u00e9 na t\u00e8ra l\u00ec ch\u2019a speta<br \/> e a dis nen par\u00f2la.<br \/> A son andasne ij di<br \/> sota coj cej afo\u00e0.<br \/> A le n\u00ecvole, it ses amusate.<br \/> A l\u2019\u00e9 na t\u00e8ra grama \u2013<br \/> a lo s\u00e0 bin t\u00f2 suf.<br \/> D\u00eblc\u00f2 s\u00f2n a l\u2019\u00e9 vigna.<\/p>\n<p>I t\u2019artrovras le n\u00ecvole<br \/> e \u2019l can\u00e9, e le vos<br \/> tant come n\u2019ombra \u2019d lun-a.<br \/> I t\u2019artrovras par\u00f2le<br \/> oltra a la curta vita<br \/> e dij gieugh \u00ebd la neuit,<br \/> oltra a l\u2019et\u00e0 masn\u00e0 anvisca.<br \/> Saralo bin doss tase.<br \/> It ses t\u00e8ra e vigna.<br \/> Un silensi anvisch<br \/> a [\u2026] <a class=\"moretag\" href=\"https:\/\/giannidavico.it\/gopiedmont\/2015\/06\/03\/cesare-pavese-delco-ti-it-ses-colin-a-tradussion-ed-carlin-porta\/\">continua a leggere \u00bb<\/a><\/p>\n","protected":false},"author":4,"featured_media":0,"comment_status":"open","ping_status":"open","sticky":false,"template":"","format":"standard","meta":[],"categories":[130],"tags":[3606,7851],"yoast_head":"<!-- This site is optimized with the Yoast SEO plugin v19.14 - https:\/\/yoast.com\/wordpress\/plugins\/seo\/ -->\n<title>Cesare Pavese, D\u00eblc\u00f2 ti it ses colin-a - tradussion \u00ebd Carlin P\u00f2rta - Go Piedmont<\/title>\n<meta name=\"robots\" content=\"index, follow, max-snippet:-1, max-image-preview:large, max-video-preview:-1\" \/>\n<link rel=\"canonical\" href=\"https:\/\/giannidavico.it\/gopiedmont\/2015\/06\/03\/cesare-pavese-delco-ti-it-ses-colin-a-tradussion-ed-carlin-porta\/\" \/>\n<meta property=\"og:locale\" content=\"it_IT\" \/>\n<meta property=\"og:type\" content=\"article\" \/>\n<meta property=\"og:title\" content=\"Cesare Pavese, D\u00eblc\u00f2 ti it ses colin-a - tradussion \u00ebd Carlin P\u00f2rta - Go Piedmont\" \/>\n<meta property=\"og:description\" content=\"D\u00eblc\u00f2 ti it ses colin-a e sent\u00e9 \u2019d pere e gieugh ant ij can\u00e9, e it con\u00f2sse la vigna che \u2019d neuit a tas. Ti \u2019t dise nen do tut. J\u2019elo l\u00ec na t\u00e8ra ch\u2019a tas e a l\u2019\u00e9 nen na t\u00e8ra toa. J\u2019elo \u2019n silensi ch\u2019a ten dur an sj\u2019erbo e su ij brich. A-i son d\u2019eve e campagne. It ses un silensi sar\u00e0 ch\u2019a m\u00f2la nen, it ses \u00ebd l\u00e0ver e scur euj top. It ses la vigna. A l\u2019\u00e9 na t\u00e8ra l\u00ec ch\u2019a speta e a dis nen par\u00f2la. A son andasne ij di sota coj cej afo\u00e0. A le n\u00ecvole, it ses amusate. A l\u2019\u00e9 na t\u00e8ra grama \u2013 a lo s\u00e0 bin t\u00f2 suf. D\u00eblc\u00f2 s\u00f2n a l\u2019\u00e9 vigna. I t\u2019artrovras le n\u00ecvole e \u2019l can\u00e9, e le vos tant come n\u2019ombra \u2019d lun-a. I t\u2019artrovras par\u00f2le oltra a la curta vita e dij gieugh \u00ebd la neuit, oltra a l\u2019et\u00e0 masn\u00e0 anvisca. Saralo bin doss tase. It ses t\u00e8ra e vigna. Un silensi anvisch a [\u2026] continua a leggere \u00bb\" \/>\n<meta property=\"og:url\" content=\"https:\/\/giannidavico.it\/gopiedmont\/2015\/06\/03\/cesare-pavese-delco-ti-it-ses-colin-a-tradussion-ed-carlin-porta\/\" \/>\n<meta property=\"og:site_name\" content=\"Go Piedmont\" \/>\n<meta property=\"article:published_time\" content=\"2015-06-03T05:45:44+00:00\" \/>\n<meta name=\"author\" content=\"giannidavico\" \/>\n<meta name=\"twitter:card\" content=\"summary_large_image\" \/>\n<meta name=\"twitter:label1\" content=\"Scritto da\" \/>\n\t<meta name=\"twitter:data1\" content=\"giannidavico\" \/>\n\t<meta name=\"twitter:label2\" content=\"Tempo di lettura stimato\" \/>\n\t<meta name=\"twitter:data2\" content=\"1 minuto\" \/>\n<script type=\"application\/ld+json\" class=\"yoast-schema-graph\">{\"@context\":\"https:\/\/schema.org\",\"@graph\":[{\"@type\":\"WebPage\",\"@id\":\"https:\/\/giannidavico.it\/gopiedmont\/2015\/06\/03\/cesare-pavese-delco-ti-it-ses-colin-a-tradussion-ed-carlin-porta\/\",\"url\":\"https:\/\/giannidavico.it\/gopiedmont\/2015\/06\/03\/cesare-pavese-delco-ti-it-ses-colin-a-tradussion-ed-carlin-porta\/\",\"name\":\"Cesare Pavese, D\u00eblc\u00f2 ti it ses colin-a - tradussion \u00ebd Carlin P\u00f2rta - Go Piedmont\",\"isPartOf\":{\"@id\":\"https:\/\/giannidavico.it\/gopiedmont\/#website\"},\"datePublished\":\"2015-06-03T05:45:44+00:00\",\"dateModified\":\"2015-06-03T05:45:44+00:00\",\"author\":{\"@id\":\"https:\/\/giannidavico.it\/gopiedmont\/#\/schema\/person\/ea1fd17d8f2dba325f3712219efa8f77\"},\"inLanguage\":\"it-IT\",\"potentialAction\":[{\"@type\":\"ReadAction\",\"target\":[\"https:\/\/giannidavico.it\/gopiedmont\/2015\/06\/03\/cesare-pavese-delco-ti-it-ses-colin-a-tradussion-ed-carlin-porta\/\"]}]},{\"@type\":\"WebSite\",\"@id\":\"https:\/\/giannidavico.it\/gopiedmont\/#website\",\"url\":\"https:\/\/giannidavico.it\/gopiedmont\/\",\"name\":\"Go Piedmont\",\"description\":\"pens\u00e9 dzora l\u00ecber, event e p\u00ebrson-e grop\u00e0 al Piemont e a la lenga piemont\u00e8isa\",\"potentialAction\":[{\"@type\":\"SearchAction\",\"target\":{\"@type\":\"EntryPoint\",\"urlTemplate\":\"https:\/\/giannidavico.it\/gopiedmont\/?s={search_term_string}\"},\"query-input\":\"required name=search_term_string\"}],\"inLanguage\":\"it-IT\"},{\"@type\":\"Person\",\"@id\":\"https:\/\/giannidavico.it\/gopiedmont\/#\/schema\/person\/ea1fd17d8f2dba325f3712219efa8f77\",\"name\":\"giannidavico\",\"image\":{\"@type\":\"ImageObject\",\"inLanguage\":\"it-IT\",\"@id\":\"https:\/\/giannidavico.it\/gopiedmont\/#\/schema\/person\/image\/\",\"url\":\"https:\/\/secure.gravatar.com\/avatar\/337748753d882602f3038b55fb369ba1?s=96&d=mm&r=g\",\"contentUrl\":\"https:\/\/secure.gravatar.com\/avatar\/337748753d882602f3038b55fb369ba1?s=96&d=mm&r=g\",\"caption\":\"giannidavico\"},\"url\":\"https:\/\/giannidavico.it\/gopiedmont\/author\/giannidavico\/\"}]}<\/script>\n<!-- \/ Yoast SEO plugin. -->","yoast_head_json":{"title":"Cesare Pavese, D\u00eblc\u00f2 ti it ses colin-a - tradussion \u00ebd Carlin P\u00f2rta - Go Piedmont","robots":{"index":"index","follow":"follow","max-snippet":"max-snippet:-1","max-image-preview":"max-image-preview:large","max-video-preview":"max-video-preview:-1"},"canonical":"https:\/\/giannidavico.it\/gopiedmont\/2015\/06\/03\/cesare-pavese-delco-ti-it-ses-colin-a-tradussion-ed-carlin-porta\/","og_locale":"it_IT","og_type":"article","og_title":"Cesare Pavese, D\u00eblc\u00f2 ti it ses colin-a - tradussion \u00ebd Carlin P\u00f2rta - Go Piedmont","og_description":"D\u00eblc\u00f2 ti it ses colin-a e sent\u00e9 \u2019d pere e gieugh ant ij can\u00e9, e it con\u00f2sse la vigna che \u2019d neuit a tas. Ti \u2019t dise nen do tut. J\u2019elo l\u00ec na t\u00e8ra ch\u2019a tas e a l\u2019\u00e9 nen na t\u00e8ra toa. J\u2019elo \u2019n silensi ch\u2019a ten dur an sj\u2019erbo e su ij brich. A-i son d\u2019eve e campagne. It ses un silensi sar\u00e0 ch\u2019a m\u00f2la nen, it ses \u00ebd l\u00e0ver e scur euj top. It ses la vigna. A l\u2019\u00e9 na t\u00e8ra l\u00ec ch\u2019a speta e a dis nen par\u00f2la. A son andasne ij di sota coj cej afo\u00e0. A le n\u00ecvole, it ses amusate. A l\u2019\u00e9 na t\u00e8ra grama \u2013 a lo s\u00e0 bin t\u00f2 suf. D\u00eblc\u00f2 s\u00f2n a l\u2019\u00e9 vigna. I t\u2019artrovras le n\u00ecvole e \u2019l can\u00e9, e le vos tant come n\u2019ombra \u2019d lun-a. I t\u2019artrovras par\u00f2le oltra a la curta vita e dij gieugh \u00ebd la neuit, oltra a l\u2019et\u00e0 masn\u00e0 anvisca. Saralo bin doss tase. It ses t\u00e8ra e vigna. Un silensi anvisch a [\u2026] continua a leggere \u00bb","og_url":"https:\/\/giannidavico.it\/gopiedmont\/2015\/06\/03\/cesare-pavese-delco-ti-it-ses-colin-a-tradussion-ed-carlin-porta\/","og_site_name":"Go Piedmont","article_published_time":"2015-06-03T05:45:44+00:00","author":"giannidavico","twitter_card":"summary_large_image","twitter_misc":{"Scritto da":"giannidavico","Tempo di lettura stimato":"1 minuto"},"schema":{"@context":"https:\/\/schema.org","@graph":[{"@type":"WebPage","@id":"https:\/\/giannidavico.it\/gopiedmont\/2015\/06\/03\/cesare-pavese-delco-ti-it-ses-colin-a-tradussion-ed-carlin-porta\/","url":"https:\/\/giannidavico.it\/gopiedmont\/2015\/06\/03\/cesare-pavese-delco-ti-it-ses-colin-a-tradussion-ed-carlin-porta\/","name":"Cesare Pavese, D\u00eblc\u00f2 ti it ses colin-a - tradussion \u00ebd Carlin P\u00f2rta - Go Piedmont","isPartOf":{"@id":"https:\/\/giannidavico.it\/gopiedmont\/#website"},"datePublished":"2015-06-03T05:45:44+00:00","dateModified":"2015-06-03T05:45:44+00:00","author":{"@id":"https:\/\/giannidavico.it\/gopiedmont\/#\/schema\/person\/ea1fd17d8f2dba325f3712219efa8f77"},"inLanguage":"it-IT","potentialAction":[{"@type":"ReadAction","target":["https:\/\/giannidavico.it\/gopiedmont\/2015\/06\/03\/cesare-pavese-delco-ti-it-ses-colin-a-tradussion-ed-carlin-porta\/"]}]},{"@type":"WebSite","@id":"https:\/\/giannidavico.it\/gopiedmont\/#website","url":"https:\/\/giannidavico.it\/gopiedmont\/","name":"Go Piedmont","description":"pens\u00e9 dzora l\u00ecber, event e p\u00ebrson-e grop\u00e0 al Piemont e a la lenga piemont\u00e8isa","potentialAction":[{"@type":"SearchAction","target":{"@type":"EntryPoint","urlTemplate":"https:\/\/giannidavico.it\/gopiedmont\/?s={search_term_string}"},"query-input":"required name=search_term_string"}],"inLanguage":"it-IT"},{"@type":"Person","@id":"https:\/\/giannidavico.it\/gopiedmont\/#\/schema\/person\/ea1fd17d8f2dba325f3712219efa8f77","name":"giannidavico","image":{"@type":"ImageObject","inLanguage":"it-IT","@id":"https:\/\/giannidavico.it\/gopiedmont\/#\/schema\/person\/image\/","url":"https:\/\/secure.gravatar.com\/avatar\/337748753d882602f3038b55fb369ba1?s=96&d=mm&r=g","contentUrl":"https:\/\/secure.gravatar.com\/avatar\/337748753d882602f3038b55fb369ba1?s=96&d=mm&r=g","caption":"giannidavico"},"url":"https:\/\/giannidavico.it\/gopiedmont\/author\/giannidavico\/"}]}},"_links":{"self":[{"href":"https:\/\/giannidavico.it\/gopiedmont\/wp-json\/wp\/v2\/posts\/2776"}],"collection":[{"href":"https:\/\/giannidavico.it\/gopiedmont\/wp-json\/wp\/v2\/posts"}],"about":[{"href":"https:\/\/giannidavico.it\/gopiedmont\/wp-json\/wp\/v2\/types\/post"}],"author":[{"embeddable":true,"href":"https:\/\/giannidavico.it\/gopiedmont\/wp-json\/wp\/v2\/users\/4"}],"replies":[{"embeddable":true,"href":"https:\/\/giannidavico.it\/gopiedmont\/wp-json\/wp\/v2\/comments?post=2776"}],"version-history":[{"count":1,"href":"https:\/\/giannidavico.it\/gopiedmont\/wp-json\/wp\/v2\/posts\/2776\/revisions"}],"predecessor-version":[{"id":2777,"href":"https:\/\/giannidavico.it\/gopiedmont\/wp-json\/wp\/v2\/posts\/2776\/revisions\/2777"}],"wp:attachment":[{"href":"https:\/\/giannidavico.it\/gopiedmont\/wp-json\/wp\/v2\/media?parent=2776"}],"wp:term":[{"taxonomy":"category","embeddable":true,"href":"https:\/\/giannidavico.it\/gopiedmont\/wp-json\/wp\/v2\/categories?post=2776"},{"taxonomy":"post_tag","embeddable":true,"href":"https:\/\/giannidavico.it\/gopiedmont\/wp-json\/wp\/v2\/tags?post=2776"}],"curies":[{"name":"wp","href":"https:\/\/api.w.org\/{rel}","templated":true}]}}