{"id":2779,"date":"2015-06-10T08:33:02","date_gmt":"2015-06-10T07:33:02","guid":{"rendered":"https:\/\/giannidavico.it\/staging\/gopiedmont\/?p=2779"},"modified":"2015-06-10T08:50:36","modified_gmt":"2015-06-10T07:50:36","slug":"la-lenga-del-cheur","status":"publish","type":"post","link":"https:\/\/giannidavico.it\/gopiedmont\/2015\/06\/10\/la-lenga-del-cheur\/","title":{"rendered":"La lenga d\u00ebl cheur"},"content":{"rendered":"<p><a href=\"https:\/\/giannidavico.it\/gopiedmont\/files\/2015\/06\/festa.jpg\"><img loading=\"lazy\" src=\"https:\/\/giannidavico.it\/gopiedmont\/files\/2015\/06\/festa-141x300.jpg\" alt=\"festa\" width=\"211\" height=\"450\" class=\"alignright size-medium wp-image-2785\" srcset=\"https:\/\/giannidavico.it\/gopiedmont\/files\/2015\/06\/festa-141x300.jpg 141w, https:\/\/giannidavico.it\/gopiedmont\/files\/2015\/06\/festa.jpg 480w\" sizes=\"(max-width: 211px) 100vw, 211px\" \/><\/a><br \/>\nAncheuj i veuj parte da na <a href=\"https:\/\/www.facebook.com\/groups\/1508574246056050\/permalink\/1559899700923504\" target=\"_blank\">discussion<\/a> \u00ebd costa dum\u00ecnica ansima al grup <a href=\"https:\/\/www.facebook.com\/groups\/1508574246056050\/\" target=\"_blank\">Noi i parloma piemont\u00e8is<\/a>, ch&#8217;a l&#8217;ha dame manera &#8216;d riflete mej ansima al concet \u00ebd piemont\u00e8is. Tut a l&#8217;\u00e9 part\u00ec da n&#8217;oservassion \u00ebd <a href=\"https:\/\/www.facebook.com\/genio.grassian\" target=\"_blank\">Genio Grassian<\/a>, che tra l&#8217;\u00e0utr a scriv\u00eca:<\/p>\n<blockquote><p>A f\u00e0 pr\u00f2pi trist\u00ebssa &#8216;d sente che p\u00ebr quajdun scrive an piemont\u00e8is a l&#8217;\u00e9 na drolaria, o quaic\u00f2s da fesse mach p\u00ebr rije&#8230; A l&#8217;\u00e9 nen tant colpa soa, a l&#8217;\u00e9 vera, ma a l&#8217;han mai sent\u00f9 ch&#8217;a-i \u00e9 na leteratura piemont\u00e8isa da s\u00e9coj e ch&#8217;a-i \u00e9 na manera &#8216;d scrive coma ch&#8217;as dev second n\u00eb standard bin establ\u00ec.<\/p><\/blockquote>\n<p>Mi i dis\u00eca:<\/p>\n<blockquote><p>P\u00ebr mi &#8216;l piemont\u00e8is a l&#8217;\u00e9 la lenga d\u00ebl cheur, l&#8217;italian la lenga dla comunicassion &#8220;normal&#8221; e l&#8217;ingl\u00e8is la lenga d\u00ebl travaj &#8211; e mincadun-a a rend mia vita mental pi rica e pi pien-a.<\/p><\/blockquote>\n<p>E Bepe San\u00e9 (Dragon\u00f2t) a l&#8217;ha scriv\u00f9:<\/p>\n<blockquote><p>Scusme Gianni, ma mi i son pa d&#8217;ac\u00f2rdi. Riduve &#8216;l piemont\u00e8is a &#8220;lenga d\u00ebl cheur&#8221; (com ch&#8217;a l&#8217;han fait dij piemontesista d\u00ebl pass\u00e0 e com ch&#8217;a l&#8217;ha fait Claudio Beretta con \u00ebl milan\u00e8is), a l&#8217;\u00e9 l&#8217;anticamera dla d\u00ebsmentia.<\/p><\/blockquote>\n<p>Cost coment a l&#8217;ha fame pens\u00e9. I l&#8217;hai f\u00e0it con la mem\u00f2ria qu\u00e0ich pass a l&#8217;andar\u00e9, e i but ambeless\u00ec qu\u00e0ich considerassion ansima a l\u00f2n ch&#8217;a l&#8217;\u00e9 ancheuj \u00ebl piemont\u00e8is p\u00ebr mi.<\/p>\n<p>Partoma da l&#8217;arvista <a href=\"http:\/\/pms.wikipedia.org\/wiki\/%C3%89!\" target=\"_blank\">&#8220;\u00e9!&#8221;<\/a>, ch&#8217;a l&#8217;\u00e9 nass\u00f9a con \u00ebl but \u00ebd dimostr\u00e9 che n\u00f2sta lenga as peul dovresse p\u00ebr parl\u00e9 \u00ebd tut, e nen mach \u00ebd poes\u00eca e dij n\u00f2sti vej. (Cost p\u00ebr mi a l&#8217;\u00e9 n&#8217;assi\u00f2ma, s-cianc\u00e0 e pla \u2013 e d&#8217;\u00e0utra part cola arvista a l&#8217;\u00e9 nass\u00f9a, e peui \u00ebdc\u00f2 m\u00f2rta, p\u00ebrch\u00e8 mi i l&#8217;hai pij\u00e0 n&#8217;inissiativa, giust o sbali\u00e0 che s\u00f2n a sia.) Bin, ant \u00ebl n\u00f9mer 5 (gen\u00e9-f\u00ebrv\u00e9 2005), ant\u00e9 ch&#8217;a j&#8217;era un bel servissi antitol\u00e0 <em>Educassion bilenga: un gieugh da masn\u00e0<\/em> (con n&#8217;art\u00eccol fiamengh, tra l&#8217;\u00e0utr, \u00ebd GianRens Clivio), mi i l&#8217;hai scriv\u00f9 un t\u00f2ch, antitol\u00e0 (nen a cas) <em>La lenga d\u00ebl cheur<\/em>, ant\u00e9 ch&#8217;i dis\u00eca:<br \/>\n<a href=\"https:\/\/giannidavico.it\/gopiedmont\/files\/2015\/06\/5.jpg\"><img loading=\"lazy\" src=\"https:\/\/giannidavico.it\/gopiedmont\/files\/2015\/06\/5-215x300.jpg\" alt=\"5\" width=\"215\" height=\"300\" class=\"alignright size-medium wp-image-2789\" srcset=\"https:\/\/giannidavico.it\/gopiedmont\/files\/2015\/06\/5-215x300.jpg 215w, https:\/\/giannidavico.it\/gopiedmont\/files\/2015\/06\/5.jpg 641w\" sizes=\"(max-width: 215px) 100vw, 215px\" \/><\/a><\/p>\n<blockquote><p>Quand Roberta, che adess a l\u2019ha singh ani, a l\u2019\u00e9 n\u00e0, a l\u2019\u00e9 st\u00e0it natural parleje an piemont\u00e8is p\u00ebrch\u00e8 a l\u2019\u00e9 p\u00ebr mi la lenga d\u00ebl cheur, pr\u00f2pi coma l\u2019italian a l\u2019\u00e9 la lenga dla comunicassion e l\u2019ingl\u00e8is la lenga d\u00ebl travaj. A l\u2019\u00e9 nen st\u00e0ita donca na decision, ma pit\u00f2st un prod\u00f2t dla natura.<br \/>\nMi, mia mare e me pare i soma j\u2019\u00f9nich che i-i parloma sempe an piemont\u00e8is. Donca chila a l\u2019\u00e9 fong\u00e0 ant n\u2019ambient squasi completament italian.<br \/>\nI tiro a parleje sempe an piemont\u00e8is, bele se nen s\u00e8mper i-i riesso. I m\u00eb sf\u00f2rso \u00ebd parleje an piemont\u00e8is c\u00f2 an sj&#8217;argoment \u00abdif\u00eccij\u00bb (la m\u00f2rt, D\u00e9, l\u2019amor e via f\u00f2rt), al m\u00e8j che i peusso e donca con qu\u00e0ich cediment. I l\u2019hai not\u00e0 che f\u00f2ra dl\u2019Italia p\u00ebr mi a l\u2019\u00e9 p\u00ec f\u00e0cil, e c\u00f2 che am ven-o p\u00ec facilment dle par\u00f2le che ambeless\u00ec i dir\u00eca italianis\u00e0 (esempi: <em>loce<\/em> per <em>luce<\/em>, <em>aqua<\/em> p\u00ebr <em>eva<\/em> e via par\u00e8j). [&#8230;]<br \/>\nBilan: con la prem\u00ebssa che mi i sar\u00eca nen bon a f\u00e9 divers, i ch\u00ebrdo che an tute le manere a sia n\u2019esperiensa \u00f9tila p\u00ebrch\u00e8 la cita a amprend na lenga diversa e son a-i facilitr\u00e0 ij c\u00f2mpit an amprendend l\u2019ingl\u00e8is e \u00e0utre lenghe.<\/p><\/blockquote>\n<p>Mia considerassion \u00ebd des agn d\u00f2p: parleje an piemont\u00e8is a na masn\u00e0 a l&#8217;\u00e9 nen mach n&#8217;at d&#8217;amor anvers a la masn\u00e0, a l&#8217;\u00e9 \u00ebdc\u00f2 n&#8217;at d&#8217;amor e &#8216;d fiducia (o f\u00e9, p\u00ebr d\u00ec mej: <em>credo quia absurdum<\/em>) anvers a cola lenga, che aponto a l&#8217;\u00e9 <em>d\u00ebl cheur<\/em> p\u00ebrch\u00e8 dal cheur a part e l\u00ec a ruva.<\/p>\n<p>D\u00ebl 2008, a la <a href=\"https:\/\/giannidavico.it\/gopiedmont\/2008\/06\/03\/lenga-del-cheur-e-lenga-dij-politicaire\/\">festa d\u00ebl Piemont<\/a>, mers\u00ec a <a href=\"http:\/\/www.casascaparone.it\/\" target=\"_blank\">Batista<\/a> (p\u00ebrch\u00e8 miraco mi i l&#8217;hai crealo, ma chiel a l&#8217;ha portalo a l&#8217;onor d\u00ebl mond) i l&#8217;oma sdogan\u00e0 col sintagma, <em>la lenga d\u00ebl cheur<\/em>, che da antlora p\u00ebr mi a veul d\u00ec na r\u00f2ba precisa, ch&#8217;i dirai con le par\u00f2le &#8216;d GianRens Clivio:<\/p>\n<blockquote><p>Mia part i l\u2019hai fala, ij m\u00e8 cit a parlo piemont\u00e8is e fin ch\u2019i vivo i l\u2019avrai da parleje piemont\u00e8is a quaidun.<\/p><\/blockquote>\n<p>O anche, com ch&#8217;a l&#8217;ha bin anlustr\u00e0 <a href=\"https:\/\/www.facebook.com\/simon.uslengh\" target=\"_blank\">Simon Uslengh<\/a> (a parte da <a href=\"https:\/\/www.facebook.com\/134934323274038\/photos\/a.142603129173824.21321.134934323274038\/641583325942466\" target=\"_blank\">cost original<\/a>):<br \/>\n<a href=\"https:\/\/giannidavico.it\/gopiedmont\/files\/2015\/06\/costumte.jpg\"><img loading=\"lazy\" src=\"https:\/\/giannidavico.it\/gopiedmont\/files\/2015\/06\/costumte.jpg\" alt=\"costumte\" width=\"394\" height=\"507\" class=\"aligncenter size-full wp-image-2781\" srcset=\"https:\/\/giannidavico.it\/gopiedmont\/files\/2015\/06\/costumte.jpg 563w, https:\/\/giannidavico.it\/gopiedmont\/files\/2015\/06\/costumte-233x300.jpg 233w\" sizes=\"(max-width: 394px) 100vw, 394px\" \/><\/a><br \/>\nAncora: sempe an cola discussion i rimandava a cost me <a href=\"https:\/\/giannidavico.it\/gopiedmont\/2011\/07\/27\/mia-lenga-piemonteisa\/\">art\u00eccol<\/a>.<\/p>\n<p>I vorr\u00eca ancora arcord\u00e9 l\u00f2n ch&#8217;a scriv\u00eca a mars 2010 Batista ant un dij s\u00f2 art\u00eccoj an sla &#8220;Gazzetta d&#8217;Alba&#8221;:<\/p>\n<blockquote><p>Foma lest a arconeusse cola che a l&#8217;\u00e9 la n\u00f2stra lenga d\u00ebl cheur: a l&#8217;\u00e9 cola che i dovroma quandi che i ciamoma agiut, quandi che i soma ciap\u00e0 sota a un baron \u00ebd b\u00f2sch droc\u00e0 da la boschera, p\u00ebssi\u00e0 fin-a a la cinta e i podima p\u00ec nen d\u00ebsgav\u00ebrgnessne: cola lenga anreis\u00e0 ancreus, che i l&#8217;oma sent\u00f9 a f\u00ebrfoj\u00e9 da andrinta a la cun-a, quandi ch&#8217;i j&#8217;ero mach dij broj\u00f2t longh dontr\u00e9 spane, e ij grand che an vardavo da ansima con cole faciasse gr\u00f2sse, e con col parl\u00e9 da gnogno che a fava fin-a dificolt\u00e0 a cap\u00ec&#8230;<\/p><\/blockquote>\n<p>Tut s\u00f2n p\u00ebr d\u00ec, an doe par\u00f2le, che la lenga d\u00ebl cheur tante vire am giuta e am salva. A peul desse che &#8216;l piemont\u00e8is, lenga mnass\u00e0, a meuira; ma certament costa lenga a l&#8217;\u00e9 nen minoritaria andrinta &#8216;d mi.<\/p>\n","protected":false},"excerpt":{"rendered":"<p><a href=\"https:\/\/giannidavico.it\/gopiedmont\/files\/2015\/06\/festa.jpg\"><img loading=\"lazy\" src=\"https:\/\/giannidavico.it\/gopiedmont\/files\/2015\/06\/festa-141x300.jpg\" alt=\"festa\" width=\"211\" height=\"450\" class=\"alignright size-medium wp-image-2785\" srcset=\"https:\/\/giannidavico.it\/gopiedmont\/files\/2015\/06\/festa-141x300.jpg 141w, https:\/\/giannidavico.it\/gopiedmont\/files\/2015\/06\/festa.jpg 480w\" sizes=\"(max-width: 211px) 100vw, 211px\" \/><\/a><br \/> Ancheuj i veuj parte da na <a href=\"https:\/\/www.facebook.com\/groups\/1508574246056050\/permalink\/1559899700923504\" target=\"_blank\">discussion<\/a> \u00ebd costa dum\u00ecnica ansima al grup <a href=\"https:\/\/www.facebook.com\/groups\/1508574246056050\/\" target=\"_blank\">Noi i parloma piemont\u00e8is<\/a>, ch&#8217;a l&#8217;ha dame manera &#8216;d riflete mej ansima al concet \u00ebd piemont\u00e8is. Tut a l&#8217;\u00e9 part\u00ec da n&#8217;oservassion \u00ebd <a href=\"https:\/\/www.facebook.com\/genio.grassian\" target=\"_blank\">Genio Grassian<\/a>, che tra l&#8217;\u00e0utr a scriv\u00eca:<\/p>\n<p>A f\u00e0 pr\u00f2pi trist\u00ebssa &#8216;d sente che p\u00ebr quajdun scrive an piemont\u00e8is a l&#8217;\u00e9 na drolaria, o quaic\u00f2s da fesse mach p\u00ebr rije&#8230; A l&#8217;\u00e9 nen tant colpa soa, a l&#8217;\u00e9 vera, ma a l&#8217;han mai sent\u00f9 ch&#8217;a-i \u00e9 na leteratura piemont\u00e8isa da s\u00e9coj e ch&#8217;a-i \u00e9 na manera &#8216;d scrive coma ch&#8217;as dev second n\u00eb standard bin establ\u00ec.<\/p>\n<p>Mi i dis\u00eca:<\/p>\n<p>P\u00ebr mi &#8216;l piemont\u00e8is a l&#8217;\u00e9 la lenga d\u00ebl cheur, l&#8217;italian la lenga dla comunicassion &#8220;normal&#8221; e l&#8217;ingl\u00e8is la lenga d\u00ebl travaj &#8211; e mincadun-a a rend mia vita mental pi rica e pi pien-a.<\/p>\n<p>E Bepe San\u00e9 (Dragon\u00f2t) a l&#8217;ha scriv\u00f9:<\/p>\n<p>Scusme Gianni, ma mi i son pa d&#8217;ac\u00f2rdi. Riduve &#8216;l piemont\u00e8is a &#8220;lenga d\u00ebl cheur&#8221; (com ch&#8217;a l&#8217;han fait dij piemontesista d\u00ebl pass\u00e0 e com ch&#8217;a l&#8217;ha [\u2026] <a class=\"moretag\" href=\"https:\/\/giannidavico.it\/gopiedmont\/2015\/06\/10\/la-lenga-del-cheur\/\">continua a leggere \u00bb<\/a><\/p>\n","protected":false},"author":4,"featured_media":0,"comment_status":"open","ping_status":"open","sticky":false,"template":"","format":"standard","meta":[],"categories":[130],"tags":[107],"yoast_head":"<!-- This site is optimized with the Yoast SEO plugin v19.14 - https:\/\/yoast.com\/wordpress\/plugins\/seo\/ -->\n<title>La lenga d\u00ebl cheur - Go Piedmont<\/title>\n<meta name=\"robots\" content=\"index, follow, max-snippet:-1, max-image-preview:large, max-video-preview:-1\" \/>\n<link rel=\"canonical\" href=\"https:\/\/giannidavico.it\/gopiedmont\/2015\/06\/10\/la-lenga-del-cheur\/\" \/>\n<meta property=\"og:locale\" content=\"it_IT\" \/>\n<meta property=\"og:type\" content=\"article\" \/>\n<meta property=\"og:title\" content=\"La lenga d\u00ebl cheur - Go Piedmont\" \/>\n<meta property=\"og:description\" content=\"Ancheuj i veuj parte da na discussion \u00ebd costa dum\u00ecnica ansima al grup Noi i parloma piemont\u00e8is, ch&#8217;a l&#8217;ha dame manera &#8216;d riflete mej ansima al concet \u00ebd piemont\u00e8is. Tut a l&#8217;\u00e9 part\u00ec da n&#8217;oservassion \u00ebd Genio Grassian, che tra l&#8217;\u00e0utr a scriv\u00eca: A f\u00e0 pr\u00f2pi trist\u00ebssa &#8216;d sente che p\u00ebr quajdun scrive an piemont\u00e8is a l&#8217;\u00e9 na drolaria, o quaic\u00f2s da fesse mach p\u00ebr rije&#8230; A l&#8217;\u00e9 nen tant colpa soa, a l&#8217;\u00e9 vera, ma a l&#8217;han mai sent\u00f9 ch&#8217;a-i \u00e9 na leteratura piemont\u00e8isa da s\u00e9coj e ch&#8217;a-i \u00e9 na manera &#8216;d scrive coma ch&#8217;as dev second n\u00eb standard bin establ\u00ec. Mi i dis\u00eca: P\u00ebr mi &#8216;l piemont\u00e8is a l&#8217;\u00e9 la lenga d\u00ebl cheur, l&#8217;italian la lenga dla comunicassion &#8220;normal&#8221; e l&#8217;ingl\u00e8is la lenga d\u00ebl travaj &#8211; e mincadun-a a rend mia vita mental pi rica e pi pien-a. E Bepe San\u00e9 (Dragon\u00f2t) a l&#8217;ha scriv\u00f9: Scusme Gianni, ma mi i son pa d&#8217;ac\u00f2rdi. Riduve &#8216;l piemont\u00e8is a &#8220;lenga d\u00ebl cheur&#8221; (com ch&#8217;a l&#8217;han fait dij piemontesista d\u00ebl pass\u00e0 e com ch&#8217;a l&#8217;ha [\u2026] continua a leggere \u00bb\" \/>\n<meta property=\"og:url\" content=\"https:\/\/giannidavico.it\/gopiedmont\/2015\/06\/10\/la-lenga-del-cheur\/\" \/>\n<meta property=\"og:site_name\" content=\"Go Piedmont\" \/>\n<meta property=\"article:published_time\" content=\"2015-06-10T07:33:02+00:00\" \/>\n<meta property=\"article:modified_time\" content=\"2015-06-10T07:50:36+00:00\" \/>\n<meta property=\"og:image\" content=\"https:\/\/giannidavico.it\/gopiedmont\/files\/2015\/06\/festa-141x300.jpg\" \/>\n<meta name=\"author\" content=\"giannidavico\" \/>\n<meta name=\"twitter:card\" content=\"summary_large_image\" \/>\n<meta name=\"twitter:label1\" content=\"Scritto da\" \/>\n\t<meta name=\"twitter:data1\" content=\"giannidavico\" \/>\n\t<meta name=\"twitter:label2\" content=\"Tempo di lettura stimato\" \/>\n\t<meta name=\"twitter:data2\" content=\"5 minuti\" \/>\n<script type=\"application\/ld+json\" class=\"yoast-schema-graph\">{\"@context\":\"https:\/\/schema.org\",\"@graph\":[{\"@type\":\"WebPage\",\"@id\":\"https:\/\/giannidavico.it\/gopiedmont\/2015\/06\/10\/la-lenga-del-cheur\/\",\"url\":\"https:\/\/giannidavico.it\/gopiedmont\/2015\/06\/10\/la-lenga-del-cheur\/\",\"name\":\"La lenga d\u00ebl cheur - Go Piedmont\",\"isPartOf\":{\"@id\":\"https:\/\/giannidavico.it\/gopiedmont\/#website\"},\"datePublished\":\"2015-06-10T07:33:02+00:00\",\"dateModified\":\"2015-06-10T07:50:36+00:00\",\"author\":{\"@id\":\"https:\/\/giannidavico.it\/gopiedmont\/#\/schema\/person\/ea1fd17d8f2dba325f3712219efa8f77\"},\"inLanguage\":\"it-IT\",\"potentialAction\":[{\"@type\":\"ReadAction\",\"target\":[\"https:\/\/giannidavico.it\/gopiedmont\/2015\/06\/10\/la-lenga-del-cheur\/\"]}]},{\"@type\":\"WebSite\",\"@id\":\"https:\/\/giannidavico.it\/gopiedmont\/#website\",\"url\":\"https:\/\/giannidavico.it\/gopiedmont\/\",\"name\":\"Go Piedmont\",\"description\":\"pens\u00e9 dzora l\u00ecber, event e p\u00ebrson-e grop\u00e0 al Piemont e a la lenga piemont\u00e8isa\",\"potentialAction\":[{\"@type\":\"SearchAction\",\"target\":{\"@type\":\"EntryPoint\",\"urlTemplate\":\"https:\/\/giannidavico.it\/gopiedmont\/?s={search_term_string}\"},\"query-input\":\"required name=search_term_string\"}],\"inLanguage\":\"it-IT\"},{\"@type\":\"Person\",\"@id\":\"https:\/\/giannidavico.it\/gopiedmont\/#\/schema\/person\/ea1fd17d8f2dba325f3712219efa8f77\",\"name\":\"giannidavico\",\"image\":{\"@type\":\"ImageObject\",\"inLanguage\":\"it-IT\",\"@id\":\"https:\/\/giannidavico.it\/gopiedmont\/#\/schema\/person\/image\/\",\"url\":\"https:\/\/secure.gravatar.com\/avatar\/337748753d882602f3038b55fb369ba1?s=96&d=mm&r=g\",\"contentUrl\":\"https:\/\/secure.gravatar.com\/avatar\/337748753d882602f3038b55fb369ba1?s=96&d=mm&r=g\",\"caption\":\"giannidavico\"},\"url\":\"https:\/\/giannidavico.it\/gopiedmont\/author\/giannidavico\/\"}]}<\/script>\n<!-- \/ Yoast SEO plugin. -->","yoast_head_json":{"title":"La lenga d\u00ebl cheur - Go Piedmont","robots":{"index":"index","follow":"follow","max-snippet":"max-snippet:-1","max-image-preview":"max-image-preview:large","max-video-preview":"max-video-preview:-1"},"canonical":"https:\/\/giannidavico.it\/gopiedmont\/2015\/06\/10\/la-lenga-del-cheur\/","og_locale":"it_IT","og_type":"article","og_title":"La lenga d\u00ebl cheur - Go Piedmont","og_description":"Ancheuj i veuj parte da na discussion \u00ebd costa dum\u00ecnica ansima al grup Noi i parloma piemont\u00e8is, ch&#8217;a l&#8217;ha dame manera &#8216;d riflete mej ansima al concet \u00ebd piemont\u00e8is. Tut a l&#8217;\u00e9 part\u00ec da n&#8217;oservassion \u00ebd Genio Grassian, che tra l&#8217;\u00e0utr a scriv\u00eca: A f\u00e0 pr\u00f2pi trist\u00ebssa &#8216;d sente che p\u00ebr quajdun scrive an piemont\u00e8is a l&#8217;\u00e9 na drolaria, o quaic\u00f2s da fesse mach p\u00ebr rije&#8230; A l&#8217;\u00e9 nen tant colpa soa, a l&#8217;\u00e9 vera, ma a l&#8217;han mai sent\u00f9 ch&#8217;a-i \u00e9 na leteratura piemont\u00e8isa da s\u00e9coj e ch&#8217;a-i \u00e9 na manera &#8216;d scrive coma ch&#8217;as dev second n\u00eb standard bin establ\u00ec. Mi i dis\u00eca: P\u00ebr mi &#8216;l piemont\u00e8is a l&#8217;\u00e9 la lenga d\u00ebl cheur, l&#8217;italian la lenga dla comunicassion &#8220;normal&#8221; e l&#8217;ingl\u00e8is la lenga d\u00ebl travaj &#8211; e mincadun-a a rend mia vita mental pi rica e pi pien-a. E Bepe San\u00e9 (Dragon\u00f2t) a l&#8217;ha scriv\u00f9: Scusme Gianni, ma mi i son pa d&#8217;ac\u00f2rdi. Riduve &#8216;l piemont\u00e8is a &#8220;lenga d\u00ebl cheur&#8221; (com ch&#8217;a l&#8217;han fait dij piemontesista d\u00ebl pass\u00e0 e com ch&#8217;a l&#8217;ha [\u2026] continua a leggere \u00bb","og_url":"https:\/\/giannidavico.it\/gopiedmont\/2015\/06\/10\/la-lenga-del-cheur\/","og_site_name":"Go Piedmont","article_published_time":"2015-06-10T07:33:02+00:00","article_modified_time":"2015-06-10T07:50:36+00:00","og_image":[{"url":"https:\/\/giannidavico.it\/gopiedmont\/files\/2015\/06\/festa-141x300.jpg"}],"author":"giannidavico","twitter_card":"summary_large_image","twitter_misc":{"Scritto da":"giannidavico","Tempo di lettura stimato":"5 minuti"},"schema":{"@context":"https:\/\/schema.org","@graph":[{"@type":"WebPage","@id":"https:\/\/giannidavico.it\/gopiedmont\/2015\/06\/10\/la-lenga-del-cheur\/","url":"https:\/\/giannidavico.it\/gopiedmont\/2015\/06\/10\/la-lenga-del-cheur\/","name":"La lenga d\u00ebl cheur - Go Piedmont","isPartOf":{"@id":"https:\/\/giannidavico.it\/gopiedmont\/#website"},"datePublished":"2015-06-10T07:33:02+00:00","dateModified":"2015-06-10T07:50:36+00:00","author":{"@id":"https:\/\/giannidavico.it\/gopiedmont\/#\/schema\/person\/ea1fd17d8f2dba325f3712219efa8f77"},"inLanguage":"it-IT","potentialAction":[{"@type":"ReadAction","target":["https:\/\/giannidavico.it\/gopiedmont\/2015\/06\/10\/la-lenga-del-cheur\/"]}]},{"@type":"WebSite","@id":"https:\/\/giannidavico.it\/gopiedmont\/#website","url":"https:\/\/giannidavico.it\/gopiedmont\/","name":"Go Piedmont","description":"pens\u00e9 dzora l\u00ecber, event e p\u00ebrson-e grop\u00e0 al Piemont e a la lenga piemont\u00e8isa","potentialAction":[{"@type":"SearchAction","target":{"@type":"EntryPoint","urlTemplate":"https:\/\/giannidavico.it\/gopiedmont\/?s={search_term_string}"},"query-input":"required name=search_term_string"}],"inLanguage":"it-IT"},{"@type":"Person","@id":"https:\/\/giannidavico.it\/gopiedmont\/#\/schema\/person\/ea1fd17d8f2dba325f3712219efa8f77","name":"giannidavico","image":{"@type":"ImageObject","inLanguage":"it-IT","@id":"https:\/\/giannidavico.it\/gopiedmont\/#\/schema\/person\/image\/","url":"https:\/\/secure.gravatar.com\/avatar\/337748753d882602f3038b55fb369ba1?s=96&d=mm&r=g","contentUrl":"https:\/\/secure.gravatar.com\/avatar\/337748753d882602f3038b55fb369ba1?s=96&d=mm&r=g","caption":"giannidavico"},"url":"https:\/\/giannidavico.it\/gopiedmont\/author\/giannidavico\/"}]}},"_links":{"self":[{"href":"https:\/\/giannidavico.it\/gopiedmont\/wp-json\/wp\/v2\/posts\/2779"}],"collection":[{"href":"https:\/\/giannidavico.it\/gopiedmont\/wp-json\/wp\/v2\/posts"}],"about":[{"href":"https:\/\/giannidavico.it\/gopiedmont\/wp-json\/wp\/v2\/types\/post"}],"author":[{"embeddable":true,"href":"https:\/\/giannidavico.it\/gopiedmont\/wp-json\/wp\/v2\/users\/4"}],"replies":[{"embeddable":true,"href":"https:\/\/giannidavico.it\/gopiedmont\/wp-json\/wp\/v2\/comments?post=2779"}],"version-history":[{"count":13,"href":"https:\/\/giannidavico.it\/gopiedmont\/wp-json\/wp\/v2\/posts\/2779\/revisions"}],"predecessor-version":[{"id":2795,"href":"https:\/\/giannidavico.it\/gopiedmont\/wp-json\/wp\/v2\/posts\/2779\/revisions\/2795"}],"wp:attachment":[{"href":"https:\/\/giannidavico.it\/gopiedmont\/wp-json\/wp\/v2\/media?parent=2779"}],"wp:term":[{"taxonomy":"category","embeddable":true,"href":"https:\/\/giannidavico.it\/gopiedmont\/wp-json\/wp\/v2\/categories?post=2779"},{"taxonomy":"post_tag","embeddable":true,"href":"https:\/\/giannidavico.it\/gopiedmont\/wp-json\/wp\/v2\/tags?post=2779"}],"curies":[{"name":"wp","href":"https:\/\/api.w.org\/{rel}","templated":true}]}}