{"id":2813,"date":"2015-06-24T08:36:57","date_gmt":"2015-06-24T07:36:57","guid":{"rendered":"https:\/\/giannidavico.it\/staging\/gopiedmont\/?p=2813"},"modified":"2015-06-24T08:36:57","modified_gmt":"2015-06-24T07:36:57","slug":"repertorio-etimologico-piemontese","status":"publish","type":"post","link":"https:\/\/giannidavico.it\/gopiedmont\/2015\/06\/24\/repertorio-etimologico-piemontese\/","title":{"rendered":"Repertorio Etimologico Piemontese"},"content":{"rendered":"<p><a href=\"https:\/\/giannidavico.it\/gopiedmont\/files\/2015\/06\/REP.jpg\"><img loading=\"lazy\" src=\"https:\/\/giannidavico.it\/gopiedmont\/files\/2015\/06\/REP-196x300.jpg\" alt=\"REP\" width=\"196\" height=\"300\" class=\"alignright size-medium wp-image-2814\" srcset=\"https:\/\/giannidavico.it\/gopiedmont\/files\/2015\/06\/REP-196x300.jpg 196w, https:\/\/giannidavico.it\/gopiedmont\/files\/2015\/06\/REP.jpg 524w\" sizes=\"(max-width: 196px) 100vw, 196px\" \/><\/a><br \/>\nLa neuva a l&#8217;\u00e9 \u00ebd cole ch&#8217;a seurto un p\u00f2ch an sordin-a. A la piemont\u00e8isa, i podr\u00eco d\u00ec. Albina Malerba, \u00e0nima dla Ca d\u00eb Studi Piemont\u00e8is, ier a l&#8217;ha fane sav\u00e8j che st&#8217;otonn a surtir\u00e0 \u00ebl REP (Repertorio Etimologico Piemontese).<\/p>\n<p>La neuva completa a l&#8217;\u00e9 <a href=\"https:\/\/giannidavico.it\/gopiedmont\/files\/2015\/06\/scheda-prenotazioneREP.pdf\">ambeless\u00ec<\/a>.<\/p>\n<p>An doe par\u00f2le, i l&#8217;avroma prest a disposission un \u201cvocabolari\u201d \u00ebd p\u00ec che 1.200 p\u00e0gine a document\u00e9 la st\u00f2ria dle par\u00f2le piemont\u00e8ise: etimolog\u00eca, variant fon\u00e9tiche e morfol\u00f2giche, signific\u00e0.<\/p>\n<p>S\u00f2n a l&#8217;\u00e9 important almeno p\u00ebr doi motiv:<\/p>\n<p>&#8211; \u00ebl piemont\u00e8is a l&#8217;\u00e9 na lenga rica, pien-a d\u00eb st\u00f2ria e &#8216;d par\u00f2le e &#8216;d variant, na lenga ch&#8217;a ven da lontan e da diverse bande: donca n&#8217;euvra par\u00e8j a registra &#8220;semplicement&#8221; (17 agn \u00ebd travaj anviron) na situassion ch&#8217;a esist, ch&#8217;a piasa o n\u00f2 (<a href=\"https:\/\/giannidavico.it\/gopiedmont\/2011\/07\/27\/mia-lenga-piemonteisa\/\">e malgr\u00e9 l\u00f2n ch&#8217;a na penso ij savant \u2013 Gian Luigi Beccaria, pr&#8217;esempi<\/a>);<\/p>\n<p>&#8211; cost \u00ebstrument a n\u00eb dar\u00e0 manera &#8216;d cap\u00ec mej n\u00f2ste r\u00e8is e n\u00f2st pass\u00e0, e donca d\u00eb sghij\u00e9 andrinta a l&#8217;avn\u00ec sensa t\u00ebmma. (Parloma nen sempe d\u00ebl piemont\u00e8is come na lenga an pont \u00ebd m\u00f2rt, parloma &#8216;d l\u00f2n ch&#8217;i podoma f\u00e9 noi\u00e0utri ancheuj.)<\/p>\n<p>I giont na n\u00f2ta p\u00ebrsonal, visad\u00ec un motiv ch&#8217;am f\u00e0 av\u00e8j cara n&#8217;euvra come costa: <a href=\"https:\/\/giannidavico.it\/brainfood\/2014\/04\/21\/sarebbe-stato-un-bel-mestiere\/\">p\u00ebr mi l&#8217;etim\u00f2logh a sar\u00eca st\u00e0it un bel m\u00ebst\u00e9<\/a>, probabilment <em>dabon<\/em> \u00ebl m\u00e8 m\u00ebst\u00e9, un &#8220;leu&#8221; ant\u00e9 ch&#8217;i l&#8217;avr\u00eca pod\u00f9 d\u00ebscheurbe &#8216;d bele r\u00f2be a r\u00ebsguard dla st\u00f2ria e dla geograf\u00eca dle par\u00f2le. I lo fass da diletant, a f\u00e0 l&#8217;istess.<\/p>\n<p>L\u00f2n ch&#8217;a venta f\u00e9 adess: prenot\u00e9 na c\u00f2pia d\u00ebl vocabolari, <a href=\"mailto:albina.malerba@studipiemontesi.it?Subject=REP\" target=\"_top\">contatand la Ca d\u00eb Studi<\/a>. \u00cbl pressi promossional a l&#8217;\u00e9 \u00ebd 65 euro, an leu dij 110 d\u00ebl pressi pien. A l&#8217;\u00e9, <em>\u00e7a va sans dire<\/em>, n&#8217;at d&#8217;amor anvers a n\u00f2sta lenga.<\/p>\n","protected":false},"excerpt":{"rendered":"<p><a href=\"https:\/\/giannidavico.it\/gopiedmont\/files\/2015\/06\/REP.jpg\"><img loading=\"lazy\" src=\"https:\/\/giannidavico.it\/gopiedmont\/files\/2015\/06\/REP-196x300.jpg\" alt=\"REP\" width=\"196\" height=\"300\" class=\"alignright size-medium wp-image-2814\" srcset=\"https:\/\/giannidavico.it\/gopiedmont\/files\/2015\/06\/REP-196x300.jpg 196w, https:\/\/giannidavico.it\/gopiedmont\/files\/2015\/06\/REP.jpg 524w\" sizes=\"(max-width: 196px) 100vw, 196px\" \/><\/a><br \/> La neuva a l&#8217;\u00e9 \u00ebd cole ch&#8217;a seurto un p\u00f2ch an sordin-a. A la piemont\u00e8isa, i podr\u00eco d\u00ec. Albina Malerba, \u00e0nima dla Ca d\u00eb Studi Piemont\u00e8is, ier a l&#8217;ha fane sav\u00e8j che st&#8217;otonn a surtir\u00e0 \u00ebl REP (Repertorio Etimologico Piemontese).<\/p>\n<p>La neuva completa a l&#8217;\u00e9 <a href=\"https:\/\/giannidavico.it\/gopiedmont\/files\/2015\/06\/scheda-prenotazioneREP.pdf\">ambeless\u00ec<\/a>.<\/p>\n<p>An doe par\u00f2le, i l&#8217;avroma prest a disposission un \u201cvocabolari\u201d \u00ebd p\u00ec che 1.200 p\u00e0gine a document\u00e9 la st\u00f2ria dle par\u00f2le piemont\u00e8ise: etimolog\u00eca, variant fon\u00e9tiche e morfol\u00f2giche, signific\u00e0.<\/p>\n<p>S\u00f2n a l&#8217;\u00e9 important almeno p\u00ebr doi motiv:<\/p>\n<p>&#8211; \u00ebl piemont\u00e8is a l&#8217;\u00e9 na lenga rica, pien-a d\u00eb st\u00f2ria e &#8216;d par\u00f2le e &#8216;d variant, na lenga ch&#8217;a ven da lontan e da diverse bande: donca n&#8217;euvra par\u00e8j a registra &#8220;semplicement&#8221; (17 agn \u00ebd travaj anviron) na situassion ch&#8217;a esist, ch&#8217;a piasa o n\u00f2 (<a href=\"https:\/\/giannidavico.it\/gopiedmont\/2011\/07\/27\/mia-lenga-piemonteisa\/\">e malgr\u00e9 l\u00f2n ch&#8217;a na penso ij savant \u2013 Gian Luigi Beccaria, pr&#8217;esempi<\/a>);<\/p>\n<p>&#8211; cost \u00ebstrument a n\u00eb dar\u00e0 manera &#8216;d cap\u00ec mej n\u00f2ste r\u00e8is e n\u00f2st pass\u00e0, e donca d\u00eb sghij\u00e9 andrinta a l&#8217;avn\u00ec sensa t\u00ebmma. (Parloma nen sempe d\u00ebl piemont\u00e8is come na lenga an pont \u00ebd m\u00f2rt, parloma [\u2026] <a class=\"moretag\" href=\"https:\/\/giannidavico.it\/gopiedmont\/2015\/06\/24\/repertorio-etimologico-piemontese\/\">continua a leggere \u00bb<\/a><\/p>\n","protected":false},"author":4,"featured_media":0,"comment_status":"open","ping_status":"open","sticky":false,"template":"","format":"standard","meta":[],"categories":[130],"tags":[131],"yoast_head":"<!-- This site is optimized with the Yoast SEO plugin v19.14 - https:\/\/yoast.com\/wordpress\/plugins\/seo\/ -->\n<title>Repertorio Etimologico Piemontese - Go Piedmont<\/title>\n<meta name=\"robots\" content=\"index, follow, max-snippet:-1, max-image-preview:large, max-video-preview:-1\" \/>\n<link rel=\"canonical\" href=\"https:\/\/giannidavico.it\/gopiedmont\/2015\/06\/24\/repertorio-etimologico-piemontese\/\" \/>\n<meta property=\"og:locale\" content=\"it_IT\" \/>\n<meta property=\"og:type\" content=\"article\" \/>\n<meta property=\"og:title\" content=\"Repertorio Etimologico Piemontese - Go Piedmont\" \/>\n<meta property=\"og:description\" content=\"La neuva a l&#8217;\u00e9 \u00ebd cole ch&#8217;a seurto un p\u00f2ch an sordin-a. A la piemont\u00e8isa, i podr\u00eco d\u00ec. Albina Malerba, \u00e0nima dla Ca d\u00eb Studi Piemont\u00e8is, ier a l&#8217;ha fane sav\u00e8j che st&#8217;otonn a surtir\u00e0 \u00ebl REP (Repertorio Etimologico Piemontese). La neuva completa a l&#8217;\u00e9 ambeless\u00ec. An doe par\u00f2le, i l&#8217;avroma prest a disposission un \u201cvocabolari\u201d \u00ebd p\u00ec che 1.200 p\u00e0gine a document\u00e9 la st\u00f2ria dle par\u00f2le piemont\u00e8ise: etimolog\u00eca, variant fon\u00e9tiche e morfol\u00f2giche, signific\u00e0. S\u00f2n a l&#8217;\u00e9 important almeno p\u00ebr doi motiv: &#8211; \u00ebl piemont\u00e8is a l&#8217;\u00e9 na lenga rica, pien-a d\u00eb st\u00f2ria e &#8216;d par\u00f2le e &#8216;d variant, na lenga ch&#8217;a ven da lontan e da diverse bande: donca n&#8217;euvra par\u00e8j a registra &#8220;semplicement&#8221; (17 agn \u00ebd travaj anviron) na situassion ch&#8217;a esist, ch&#8217;a piasa o n\u00f2 (e malgr\u00e9 l\u00f2n ch&#8217;a na penso ij savant \u2013 Gian Luigi Beccaria, pr&#8217;esempi); &#8211; cost \u00ebstrument a n\u00eb dar\u00e0 manera &#8216;d cap\u00ec mej n\u00f2ste r\u00e8is e n\u00f2st pass\u00e0, e donca d\u00eb sghij\u00e9 andrinta a l&#8217;avn\u00ec sensa t\u00ebmma. (Parloma nen sempe d\u00ebl piemont\u00e8is come na lenga an pont \u00ebd m\u00f2rt, parloma [\u2026] continua a leggere \u00bb\" \/>\n<meta property=\"og:url\" content=\"https:\/\/giannidavico.it\/gopiedmont\/2015\/06\/24\/repertorio-etimologico-piemontese\/\" \/>\n<meta property=\"og:site_name\" content=\"Go Piedmont\" \/>\n<meta property=\"article:published_time\" content=\"2015-06-24T07:36:57+00:00\" \/>\n<meta property=\"og:image\" content=\"https:\/\/giannidavico.it\/gopiedmont\/files\/2015\/06\/REP-196x300.jpg\" \/>\n<meta name=\"author\" content=\"giannidavico\" \/>\n<meta name=\"twitter:card\" content=\"summary_large_image\" \/>\n<meta name=\"twitter:label1\" content=\"Scritto da\" \/>\n\t<meta name=\"twitter:data1\" content=\"giannidavico\" \/>\n\t<meta name=\"twitter:label2\" content=\"Tempo di lettura stimato\" \/>\n\t<meta name=\"twitter:data2\" content=\"2 minuti\" \/>\n<script type=\"application\/ld+json\" class=\"yoast-schema-graph\">{\"@context\":\"https:\/\/schema.org\",\"@graph\":[{\"@type\":\"WebPage\",\"@id\":\"https:\/\/giannidavico.it\/gopiedmont\/2015\/06\/24\/repertorio-etimologico-piemontese\/\",\"url\":\"https:\/\/giannidavico.it\/gopiedmont\/2015\/06\/24\/repertorio-etimologico-piemontese\/\",\"name\":\"Repertorio Etimologico Piemontese - Go Piedmont\",\"isPartOf\":{\"@id\":\"https:\/\/giannidavico.it\/gopiedmont\/#website\"},\"datePublished\":\"2015-06-24T07:36:57+00:00\",\"dateModified\":\"2015-06-24T07:36:57+00:00\",\"author\":{\"@id\":\"https:\/\/giannidavico.it\/gopiedmont\/#\/schema\/person\/ea1fd17d8f2dba325f3712219efa8f77\"},\"inLanguage\":\"it-IT\",\"potentialAction\":[{\"@type\":\"ReadAction\",\"target\":[\"https:\/\/giannidavico.it\/gopiedmont\/2015\/06\/24\/repertorio-etimologico-piemontese\/\"]}]},{\"@type\":\"WebSite\",\"@id\":\"https:\/\/giannidavico.it\/gopiedmont\/#website\",\"url\":\"https:\/\/giannidavico.it\/gopiedmont\/\",\"name\":\"Go Piedmont\",\"description\":\"pens\u00e9 dzora l\u00ecber, event e p\u00ebrson-e grop\u00e0 al Piemont e a la lenga piemont\u00e8isa\",\"potentialAction\":[{\"@type\":\"SearchAction\",\"target\":{\"@type\":\"EntryPoint\",\"urlTemplate\":\"https:\/\/giannidavico.it\/gopiedmont\/?s={search_term_string}\"},\"query-input\":\"required name=search_term_string\"}],\"inLanguage\":\"it-IT\"},{\"@type\":\"Person\",\"@id\":\"https:\/\/giannidavico.it\/gopiedmont\/#\/schema\/person\/ea1fd17d8f2dba325f3712219efa8f77\",\"name\":\"giannidavico\",\"image\":{\"@type\":\"ImageObject\",\"inLanguage\":\"it-IT\",\"@id\":\"https:\/\/giannidavico.it\/gopiedmont\/#\/schema\/person\/image\/\",\"url\":\"https:\/\/secure.gravatar.com\/avatar\/337748753d882602f3038b55fb369ba1?s=96&d=mm&r=g\",\"contentUrl\":\"https:\/\/secure.gravatar.com\/avatar\/337748753d882602f3038b55fb369ba1?s=96&d=mm&r=g\",\"caption\":\"giannidavico\"},\"url\":\"https:\/\/giannidavico.it\/gopiedmont\/author\/giannidavico\/\"}]}<\/script>\n<!-- \/ Yoast SEO plugin. -->","yoast_head_json":{"title":"Repertorio Etimologico Piemontese - Go Piedmont","robots":{"index":"index","follow":"follow","max-snippet":"max-snippet:-1","max-image-preview":"max-image-preview:large","max-video-preview":"max-video-preview:-1"},"canonical":"https:\/\/giannidavico.it\/gopiedmont\/2015\/06\/24\/repertorio-etimologico-piemontese\/","og_locale":"it_IT","og_type":"article","og_title":"Repertorio Etimologico Piemontese - Go Piedmont","og_description":"La neuva a l&#8217;\u00e9 \u00ebd cole ch&#8217;a seurto un p\u00f2ch an sordin-a. A la piemont\u00e8isa, i podr\u00eco d\u00ec. Albina Malerba, \u00e0nima dla Ca d\u00eb Studi Piemont\u00e8is, ier a l&#8217;ha fane sav\u00e8j che st&#8217;otonn a surtir\u00e0 \u00ebl REP (Repertorio Etimologico Piemontese). La neuva completa a l&#8217;\u00e9 ambeless\u00ec. An doe par\u00f2le, i l&#8217;avroma prest a disposission un \u201cvocabolari\u201d \u00ebd p\u00ec che 1.200 p\u00e0gine a document\u00e9 la st\u00f2ria dle par\u00f2le piemont\u00e8ise: etimolog\u00eca, variant fon\u00e9tiche e morfol\u00f2giche, signific\u00e0. S\u00f2n a l&#8217;\u00e9 important almeno p\u00ebr doi motiv: &#8211; \u00ebl piemont\u00e8is a l&#8217;\u00e9 na lenga rica, pien-a d\u00eb st\u00f2ria e &#8216;d par\u00f2le e &#8216;d variant, na lenga ch&#8217;a ven da lontan e da diverse bande: donca n&#8217;euvra par\u00e8j a registra &#8220;semplicement&#8221; (17 agn \u00ebd travaj anviron) na situassion ch&#8217;a esist, ch&#8217;a piasa o n\u00f2 (e malgr\u00e9 l\u00f2n ch&#8217;a na penso ij savant \u2013 Gian Luigi Beccaria, pr&#8217;esempi); &#8211; cost \u00ebstrument a n\u00eb dar\u00e0 manera &#8216;d cap\u00ec mej n\u00f2ste r\u00e8is e n\u00f2st pass\u00e0, e donca d\u00eb sghij\u00e9 andrinta a l&#8217;avn\u00ec sensa t\u00ebmma. (Parloma nen sempe d\u00ebl piemont\u00e8is come na lenga an pont \u00ebd m\u00f2rt, parloma [\u2026] continua a leggere \u00bb","og_url":"https:\/\/giannidavico.it\/gopiedmont\/2015\/06\/24\/repertorio-etimologico-piemontese\/","og_site_name":"Go Piedmont","article_published_time":"2015-06-24T07:36:57+00:00","og_image":[{"url":"https:\/\/giannidavico.it\/gopiedmont\/files\/2015\/06\/REP-196x300.jpg"}],"author":"giannidavico","twitter_card":"summary_large_image","twitter_misc":{"Scritto da":"giannidavico","Tempo di lettura stimato":"2 minuti"},"schema":{"@context":"https:\/\/schema.org","@graph":[{"@type":"WebPage","@id":"https:\/\/giannidavico.it\/gopiedmont\/2015\/06\/24\/repertorio-etimologico-piemontese\/","url":"https:\/\/giannidavico.it\/gopiedmont\/2015\/06\/24\/repertorio-etimologico-piemontese\/","name":"Repertorio Etimologico Piemontese - Go Piedmont","isPartOf":{"@id":"https:\/\/giannidavico.it\/gopiedmont\/#website"},"datePublished":"2015-06-24T07:36:57+00:00","dateModified":"2015-06-24T07:36:57+00:00","author":{"@id":"https:\/\/giannidavico.it\/gopiedmont\/#\/schema\/person\/ea1fd17d8f2dba325f3712219efa8f77"},"inLanguage":"it-IT","potentialAction":[{"@type":"ReadAction","target":["https:\/\/giannidavico.it\/gopiedmont\/2015\/06\/24\/repertorio-etimologico-piemontese\/"]}]},{"@type":"WebSite","@id":"https:\/\/giannidavico.it\/gopiedmont\/#website","url":"https:\/\/giannidavico.it\/gopiedmont\/","name":"Go Piedmont","description":"pens\u00e9 dzora l\u00ecber, event e p\u00ebrson-e grop\u00e0 al Piemont e a la lenga piemont\u00e8isa","potentialAction":[{"@type":"SearchAction","target":{"@type":"EntryPoint","urlTemplate":"https:\/\/giannidavico.it\/gopiedmont\/?s={search_term_string}"},"query-input":"required name=search_term_string"}],"inLanguage":"it-IT"},{"@type":"Person","@id":"https:\/\/giannidavico.it\/gopiedmont\/#\/schema\/person\/ea1fd17d8f2dba325f3712219efa8f77","name":"giannidavico","image":{"@type":"ImageObject","inLanguage":"it-IT","@id":"https:\/\/giannidavico.it\/gopiedmont\/#\/schema\/person\/image\/","url":"https:\/\/secure.gravatar.com\/avatar\/337748753d882602f3038b55fb369ba1?s=96&d=mm&r=g","contentUrl":"https:\/\/secure.gravatar.com\/avatar\/337748753d882602f3038b55fb369ba1?s=96&d=mm&r=g","caption":"giannidavico"},"url":"https:\/\/giannidavico.it\/gopiedmont\/author\/giannidavico\/"}]}},"_links":{"self":[{"href":"https:\/\/giannidavico.it\/gopiedmont\/wp-json\/wp\/v2\/posts\/2813"}],"collection":[{"href":"https:\/\/giannidavico.it\/gopiedmont\/wp-json\/wp\/v2\/posts"}],"about":[{"href":"https:\/\/giannidavico.it\/gopiedmont\/wp-json\/wp\/v2\/types\/post"}],"author":[{"embeddable":true,"href":"https:\/\/giannidavico.it\/gopiedmont\/wp-json\/wp\/v2\/users\/4"}],"replies":[{"embeddable":true,"href":"https:\/\/giannidavico.it\/gopiedmont\/wp-json\/wp\/v2\/comments?post=2813"}],"version-history":[{"count":4,"href":"https:\/\/giannidavico.it\/gopiedmont\/wp-json\/wp\/v2\/posts\/2813\/revisions"}],"predecessor-version":[{"id":2819,"href":"https:\/\/giannidavico.it\/gopiedmont\/wp-json\/wp\/v2\/posts\/2813\/revisions\/2819"}],"wp:attachment":[{"href":"https:\/\/giannidavico.it\/gopiedmont\/wp-json\/wp\/v2\/media?parent=2813"}],"wp:term":[{"taxonomy":"category","embeddable":true,"href":"https:\/\/giannidavico.it\/gopiedmont\/wp-json\/wp\/v2\/categories?post=2813"},{"taxonomy":"post_tag","embeddable":true,"href":"https:\/\/giannidavico.it\/gopiedmont\/wp-json\/wp\/v2\/tags?post=2813"}],"curies":[{"name":"wp","href":"https:\/\/api.w.org\/{rel}","templated":true}]}}