{"id":2834,"date":"2015-07-08T06:00:29","date_gmt":"2015-07-08T05:00:29","guid":{"rendered":"https:\/\/giannidavico.it\/staging\/gopiedmont\/?p=2834"},"modified":"2015-07-07T11:56:03","modified_gmt":"2015-07-07T10:56:03","slug":"antonio-tabucchi-sostiene-pereira-incipit","status":"publish","type":"post","link":"https:\/\/giannidavico.it\/gopiedmont\/2015\/07\/08\/antonio-tabucchi-sostiene-pereira-incipit\/","title":{"rendered":"Antonio Tabucchi, Sostiene Pereira, incipit"},"content":{"rendered":"<p><a href=\"https:\/\/giannidavico.it\/gopiedmont\/files\/2015\/07\/Sostiene-Pereira.jpg\"><img loading=\"lazy\" src=\"https:\/\/giannidavico.it\/gopiedmont\/files\/2015\/07\/Sostiene-Pereira-189x300.jpg\" alt=\"Sostiene Pereira\" width=\"189\" height=\"300\" class=\"alignright size-medium wp-image-2837\" srcset=\"https:\/\/giannidavico.it\/gopiedmont\/files\/2015\/07\/Sostiene-Pereira-189x300.jpg 189w, https:\/\/giannidavico.it\/gopiedmont\/files\/2015\/07\/Sostiene-Pereira.jpg 473w\" sizes=\"(max-width: 189px) 100vw, 189px\" \/><\/a><br \/>\nA sosten Pereira d&#8217;av\u00e8jlo conoss\u00f9 ant un di d&#8217;ist\u00e0. Na magn\u00ecfica giorn\u00e0 d&#8217;ist\u00e0, ansol\u00e0 e ventil\u00e0, e Lisbon-a a lus\u00eca. A smija che Pereira a fussa an redassion, a sav\u00eca nen l\u00f2ch f\u00e9, \u00ebl diretor a j&#8217;era an ferie, chiel as trovava ant l&#8217;ambarass \u00ebd but\u00e9 su la p\u00e0gina coltural, p\u00ebrch\u00e8 \u00ebl &#8220;Lisboa&#8221; a l&#8217;av\u00eca desorm\u00e9 na p\u00e0gina coltural, e a l&#8217;av\u00eco d\u00e0jla an go\u00e8rna a chiel. E chiel, Pereira, a riflet\u00eca an sla m\u00f2rt. Col bel di d&#8217;ist\u00e0, con l&#8217;ari\u00ebtta atl\u00e0ntica che a car\u00ebssava le sime dj&#8217;erbo e &#8216;l sol che a splend\u00eca, e con na sit\u00e0 che a b\u00ebrlus\u00eca, leteralment a b\u00ebrlus\u00eca sota la soa fnestra, e un bleussiel, un bleussiel mai vist, a sosten Pereira, \u00ebd na limpid\u00ebssa che quasi a fer\u00eca j&#8217;euj, chiel a l&#8217;\u00e9 butasse a pens\u00e9 a la m\u00f2rt. P\u00ebrch\u00e8? S\u00f2n p\u00ebr Pereira a l&#8217;\u00e9 nen poss\u00ecbil da d\u00ec. A sar\u00e0 p\u00ebrch\u00e8 s\u00f2 pare, quand che chiel a j&#8217;era na masn\u00e0, a l&#8217;av\u00eca n&#8217;agensia &#8216;d pompe f\u00f9nebri che as ciamava <em>Pereira La Dolorosa<\/em>, a sar\u00e0 p\u00ebrch\u00e8 soa fomna a j&#8217;era m\u00f2rta &#8216;d tisi qu\u00e0ich agn prima, a sar\u00e0 p\u00ebrch\u00e8 chiel a j&#8217;era grass, a sufr\u00eca &#8216;d cheur e a l&#8217;av\u00eca la pression \u00e0uta e &#8216;l dotor a l&#8217;av\u00eca dije che se a andas\u00eca anans par\u00e8j a-j restava p\u00ec nen tant temp, ma &#8216;l f\u00e0it a l&#8217;\u00e9 che Pereira a j&#8217;era butasse a pens\u00e9 a la m\u00f2rt, a sosten.<\/p>\n","protected":false},"excerpt":{"rendered":"<p><a href=\"https:\/\/giannidavico.it\/gopiedmont\/files\/2015\/07\/Sostiene-Pereira.jpg\"><img loading=\"lazy\" src=\"https:\/\/giannidavico.it\/gopiedmont\/files\/2015\/07\/Sostiene-Pereira-189x300.jpg\" alt=\"Sostiene Pereira\" width=\"189\" height=\"300\" class=\"alignright size-medium wp-image-2837\" srcset=\"https:\/\/giannidavico.it\/gopiedmont\/files\/2015\/07\/Sostiene-Pereira-189x300.jpg 189w, https:\/\/giannidavico.it\/gopiedmont\/files\/2015\/07\/Sostiene-Pereira.jpg 473w\" sizes=\"(max-width: 189px) 100vw, 189px\" \/><\/a><br \/> A sosten Pereira d&#8217;av\u00e8jlo conoss\u00f9 ant un di d&#8217;ist\u00e0. Na magn\u00ecfica giorn\u00e0 d&#8217;ist\u00e0, ansol\u00e0 e ventil\u00e0, e Lisbon-a a lus\u00eca. A smija che Pereira a fussa an redassion, a sav\u00eca nen l\u00f2ch f\u00e9, \u00ebl diretor a j&#8217;era an ferie, chiel as trovava ant l&#8217;ambarass \u00ebd but\u00e9 su la p\u00e0gina coltural, p\u00ebrch\u00e8 \u00ebl &#8220;Lisboa&#8221; a l&#8217;av\u00eca desorm\u00e9 na p\u00e0gina coltural, e a l&#8217;av\u00eco d\u00e0jla an go\u00e8rna a chiel. E chiel, Pereira, a riflet\u00eca an sla m\u00f2rt. Col bel di d&#8217;ist\u00e0, con l&#8217;ari\u00ebtta atl\u00e0ntica che a car\u00ebssava le sime dj&#8217;erbo e &#8216;l sol che a splend\u00eca, e con na sit\u00e0 che a b\u00ebrlus\u00eca, leteralment a b\u00ebrlus\u00eca sota la soa fnestra, e un bleussiel, un bleussiel mai vist, a sosten Pereira, \u00ebd na limpid\u00ebssa che quasi a fer\u00eca j&#8217;euj, chiel a l&#8217;\u00e9 butasse a pens\u00e9 a la m\u00f2rt. P\u00ebrch\u00e8? S\u00f2n p\u00ebr Pereira a l&#8217;\u00e9 nen poss\u00ecbil da d\u00ec. A sar\u00e0 p\u00ebrch\u00e8 s\u00f2 pare, quand che chiel a j&#8217;era na masn\u00e0, a l&#8217;av\u00eca n&#8217;agensia &#8216;d pompe f\u00f9nebri che as ciamava <em>Pereira La Dolorosa<\/em>, a sar\u00e0 p\u00ebrch\u00e8 soa fomna a j&#8217;era m\u00f2rta &#8216;d tisi [\u2026] <a class=\"moretag\" href=\"https:\/\/giannidavico.it\/gopiedmont\/2015\/07\/08\/antonio-tabucchi-sostiene-pereira-incipit\/\">continua a leggere \u00bb<\/a><\/p>\n","protected":false},"author":4,"featured_media":0,"comment_status":"open","ping_status":"open","sticky":false,"template":"","format":"standard","meta":[],"categories":[130],"tags":[7851],"yoast_head":"<!-- This site is optimized with the Yoast SEO plugin v19.14 - https:\/\/yoast.com\/wordpress\/plugins\/seo\/ -->\n<title>Antonio Tabucchi, Sostiene Pereira, incipit - Go Piedmont<\/title>\n<meta name=\"robots\" content=\"index, follow, max-snippet:-1, max-image-preview:large, max-video-preview:-1\" \/>\n<link rel=\"canonical\" href=\"https:\/\/giannidavico.it\/gopiedmont\/2015\/07\/08\/antonio-tabucchi-sostiene-pereira-incipit\/\" \/>\n<meta property=\"og:locale\" content=\"it_IT\" \/>\n<meta property=\"og:type\" content=\"article\" \/>\n<meta property=\"og:title\" content=\"Antonio Tabucchi, Sostiene Pereira, incipit - Go Piedmont\" \/>\n<meta property=\"og:description\" content=\"A sosten Pereira d&#8217;av\u00e8jlo conoss\u00f9 ant un di d&#8217;ist\u00e0. Na magn\u00ecfica giorn\u00e0 d&#8217;ist\u00e0, ansol\u00e0 e ventil\u00e0, e Lisbon-a a lus\u00eca. A smija che Pereira a fussa an redassion, a sav\u00eca nen l\u00f2ch f\u00e9, \u00ebl diretor a j&#8217;era an ferie, chiel as trovava ant l&#8217;ambarass \u00ebd but\u00e9 su la p\u00e0gina coltural, p\u00ebrch\u00e8 \u00ebl &#8220;Lisboa&#8221; a l&#8217;av\u00eca desorm\u00e9 na p\u00e0gina coltural, e a l&#8217;av\u00eco d\u00e0jla an go\u00e8rna a chiel. E chiel, Pereira, a riflet\u00eca an sla m\u00f2rt. Col bel di d&#8217;ist\u00e0, con l&#8217;ari\u00ebtta atl\u00e0ntica che a car\u00ebssava le sime dj&#8217;erbo e &#8216;l sol che a splend\u00eca, e con na sit\u00e0 che a b\u00ebrlus\u00eca, leteralment a b\u00ebrlus\u00eca sota la soa fnestra, e un bleussiel, un bleussiel mai vist, a sosten Pereira, \u00ebd na limpid\u00ebssa che quasi a fer\u00eca j&#8217;euj, chiel a l&#8217;\u00e9 butasse a pens\u00e9 a la m\u00f2rt. P\u00ebrch\u00e8? S\u00f2n p\u00ebr Pereira a l&#8217;\u00e9 nen poss\u00ecbil da d\u00ec. A sar\u00e0 p\u00ebrch\u00e8 s\u00f2 pare, quand che chiel a j&#8217;era na masn\u00e0, a l&#8217;av\u00eca n&#8217;agensia &#8216;d pompe f\u00f9nebri che as ciamava Pereira La Dolorosa, a sar\u00e0 p\u00ebrch\u00e8 soa fomna a j&#8217;era m\u00f2rta &#8216;d tisi [\u2026] continua a leggere \u00bb\" \/>\n<meta property=\"og:url\" content=\"https:\/\/giannidavico.it\/gopiedmont\/2015\/07\/08\/antonio-tabucchi-sostiene-pereira-incipit\/\" \/>\n<meta property=\"og:site_name\" content=\"Go Piedmont\" \/>\n<meta property=\"article:published_time\" content=\"2015-07-08T05:00:29+00:00\" \/>\n<meta property=\"article:modified_time\" content=\"2015-07-07T10:56:03+00:00\" \/>\n<meta property=\"og:image\" content=\"https:\/\/giannidavico.it\/gopiedmont\/files\/2015\/07\/Sostiene-Pereira-189x300.jpg\" \/>\n<meta name=\"author\" content=\"giannidavico\" \/>\n<meta name=\"twitter:card\" content=\"summary_large_image\" \/>\n<meta name=\"twitter:label1\" content=\"Scritto da\" \/>\n\t<meta name=\"twitter:data1\" content=\"giannidavico\" \/>\n\t<meta name=\"twitter:label2\" content=\"Tempo di lettura stimato\" \/>\n\t<meta name=\"twitter:data2\" content=\"1 minuto\" \/>\n<script type=\"application\/ld+json\" class=\"yoast-schema-graph\">{\"@context\":\"https:\/\/schema.org\",\"@graph\":[{\"@type\":\"WebPage\",\"@id\":\"https:\/\/giannidavico.it\/gopiedmont\/2015\/07\/08\/antonio-tabucchi-sostiene-pereira-incipit\/\",\"url\":\"https:\/\/giannidavico.it\/gopiedmont\/2015\/07\/08\/antonio-tabucchi-sostiene-pereira-incipit\/\",\"name\":\"Antonio Tabucchi, Sostiene Pereira, incipit - Go Piedmont\",\"isPartOf\":{\"@id\":\"https:\/\/giannidavico.it\/gopiedmont\/#website\"},\"datePublished\":\"2015-07-08T05:00:29+00:00\",\"dateModified\":\"2015-07-07T10:56:03+00:00\",\"author\":{\"@id\":\"https:\/\/giannidavico.it\/gopiedmont\/#\/schema\/person\/ea1fd17d8f2dba325f3712219efa8f77\"},\"inLanguage\":\"it-IT\",\"potentialAction\":[{\"@type\":\"ReadAction\",\"target\":[\"https:\/\/giannidavico.it\/gopiedmont\/2015\/07\/08\/antonio-tabucchi-sostiene-pereira-incipit\/\"]}]},{\"@type\":\"WebSite\",\"@id\":\"https:\/\/giannidavico.it\/gopiedmont\/#website\",\"url\":\"https:\/\/giannidavico.it\/gopiedmont\/\",\"name\":\"Go Piedmont\",\"description\":\"pens\u00e9 dzora l\u00ecber, event e p\u00ebrson-e grop\u00e0 al Piemont e a la lenga piemont\u00e8isa\",\"potentialAction\":[{\"@type\":\"SearchAction\",\"target\":{\"@type\":\"EntryPoint\",\"urlTemplate\":\"https:\/\/giannidavico.it\/gopiedmont\/?s={search_term_string}\"},\"query-input\":\"required name=search_term_string\"}],\"inLanguage\":\"it-IT\"},{\"@type\":\"Person\",\"@id\":\"https:\/\/giannidavico.it\/gopiedmont\/#\/schema\/person\/ea1fd17d8f2dba325f3712219efa8f77\",\"name\":\"giannidavico\",\"image\":{\"@type\":\"ImageObject\",\"inLanguage\":\"it-IT\",\"@id\":\"https:\/\/giannidavico.it\/gopiedmont\/#\/schema\/person\/image\/\",\"url\":\"https:\/\/secure.gravatar.com\/avatar\/337748753d882602f3038b55fb369ba1?s=96&d=mm&r=g\",\"contentUrl\":\"https:\/\/secure.gravatar.com\/avatar\/337748753d882602f3038b55fb369ba1?s=96&d=mm&r=g\",\"caption\":\"giannidavico\"},\"url\":\"https:\/\/giannidavico.it\/gopiedmont\/author\/giannidavico\/\"}]}<\/script>\n<!-- \/ Yoast SEO plugin. -->","yoast_head_json":{"title":"Antonio Tabucchi, Sostiene Pereira, incipit - Go Piedmont","robots":{"index":"index","follow":"follow","max-snippet":"max-snippet:-1","max-image-preview":"max-image-preview:large","max-video-preview":"max-video-preview:-1"},"canonical":"https:\/\/giannidavico.it\/gopiedmont\/2015\/07\/08\/antonio-tabucchi-sostiene-pereira-incipit\/","og_locale":"it_IT","og_type":"article","og_title":"Antonio Tabucchi, Sostiene Pereira, incipit - Go Piedmont","og_description":"A sosten Pereira d&#8217;av\u00e8jlo conoss\u00f9 ant un di d&#8217;ist\u00e0. Na magn\u00ecfica giorn\u00e0 d&#8217;ist\u00e0, ansol\u00e0 e ventil\u00e0, e Lisbon-a a lus\u00eca. A smija che Pereira a fussa an redassion, a sav\u00eca nen l\u00f2ch f\u00e9, \u00ebl diretor a j&#8217;era an ferie, chiel as trovava ant l&#8217;ambarass \u00ebd but\u00e9 su la p\u00e0gina coltural, p\u00ebrch\u00e8 \u00ebl &#8220;Lisboa&#8221; a l&#8217;av\u00eca desorm\u00e9 na p\u00e0gina coltural, e a l&#8217;av\u00eco d\u00e0jla an go\u00e8rna a chiel. E chiel, Pereira, a riflet\u00eca an sla m\u00f2rt. Col bel di d&#8217;ist\u00e0, con l&#8217;ari\u00ebtta atl\u00e0ntica che a car\u00ebssava le sime dj&#8217;erbo e &#8216;l sol che a splend\u00eca, e con na sit\u00e0 che a b\u00ebrlus\u00eca, leteralment a b\u00ebrlus\u00eca sota la soa fnestra, e un bleussiel, un bleussiel mai vist, a sosten Pereira, \u00ebd na limpid\u00ebssa che quasi a fer\u00eca j&#8217;euj, chiel a l&#8217;\u00e9 butasse a pens\u00e9 a la m\u00f2rt. P\u00ebrch\u00e8? S\u00f2n p\u00ebr Pereira a l&#8217;\u00e9 nen poss\u00ecbil da d\u00ec. A sar\u00e0 p\u00ebrch\u00e8 s\u00f2 pare, quand che chiel a j&#8217;era na masn\u00e0, a l&#8217;av\u00eca n&#8217;agensia &#8216;d pompe f\u00f9nebri che as ciamava Pereira La Dolorosa, a sar\u00e0 p\u00ebrch\u00e8 soa fomna a j&#8217;era m\u00f2rta &#8216;d tisi [\u2026] continua a leggere \u00bb","og_url":"https:\/\/giannidavico.it\/gopiedmont\/2015\/07\/08\/antonio-tabucchi-sostiene-pereira-incipit\/","og_site_name":"Go Piedmont","article_published_time":"2015-07-08T05:00:29+00:00","article_modified_time":"2015-07-07T10:56:03+00:00","og_image":[{"url":"https:\/\/giannidavico.it\/gopiedmont\/files\/2015\/07\/Sostiene-Pereira-189x300.jpg"}],"author":"giannidavico","twitter_card":"summary_large_image","twitter_misc":{"Scritto da":"giannidavico","Tempo di lettura stimato":"1 minuto"},"schema":{"@context":"https:\/\/schema.org","@graph":[{"@type":"WebPage","@id":"https:\/\/giannidavico.it\/gopiedmont\/2015\/07\/08\/antonio-tabucchi-sostiene-pereira-incipit\/","url":"https:\/\/giannidavico.it\/gopiedmont\/2015\/07\/08\/antonio-tabucchi-sostiene-pereira-incipit\/","name":"Antonio Tabucchi, Sostiene Pereira, incipit - Go Piedmont","isPartOf":{"@id":"https:\/\/giannidavico.it\/gopiedmont\/#website"},"datePublished":"2015-07-08T05:00:29+00:00","dateModified":"2015-07-07T10:56:03+00:00","author":{"@id":"https:\/\/giannidavico.it\/gopiedmont\/#\/schema\/person\/ea1fd17d8f2dba325f3712219efa8f77"},"inLanguage":"it-IT","potentialAction":[{"@type":"ReadAction","target":["https:\/\/giannidavico.it\/gopiedmont\/2015\/07\/08\/antonio-tabucchi-sostiene-pereira-incipit\/"]}]},{"@type":"WebSite","@id":"https:\/\/giannidavico.it\/gopiedmont\/#website","url":"https:\/\/giannidavico.it\/gopiedmont\/","name":"Go Piedmont","description":"pens\u00e9 dzora l\u00ecber, event e p\u00ebrson-e grop\u00e0 al Piemont e a la lenga piemont\u00e8isa","potentialAction":[{"@type":"SearchAction","target":{"@type":"EntryPoint","urlTemplate":"https:\/\/giannidavico.it\/gopiedmont\/?s={search_term_string}"},"query-input":"required name=search_term_string"}],"inLanguage":"it-IT"},{"@type":"Person","@id":"https:\/\/giannidavico.it\/gopiedmont\/#\/schema\/person\/ea1fd17d8f2dba325f3712219efa8f77","name":"giannidavico","image":{"@type":"ImageObject","inLanguage":"it-IT","@id":"https:\/\/giannidavico.it\/gopiedmont\/#\/schema\/person\/image\/","url":"https:\/\/secure.gravatar.com\/avatar\/337748753d882602f3038b55fb369ba1?s=96&d=mm&r=g","contentUrl":"https:\/\/secure.gravatar.com\/avatar\/337748753d882602f3038b55fb369ba1?s=96&d=mm&r=g","caption":"giannidavico"},"url":"https:\/\/giannidavico.it\/gopiedmont\/author\/giannidavico\/"}]}},"_links":{"self":[{"href":"https:\/\/giannidavico.it\/gopiedmont\/wp-json\/wp\/v2\/posts\/2834"}],"collection":[{"href":"https:\/\/giannidavico.it\/gopiedmont\/wp-json\/wp\/v2\/posts"}],"about":[{"href":"https:\/\/giannidavico.it\/gopiedmont\/wp-json\/wp\/v2\/types\/post"}],"author":[{"embeddable":true,"href":"https:\/\/giannidavico.it\/gopiedmont\/wp-json\/wp\/v2\/users\/4"}],"replies":[{"embeddable":true,"href":"https:\/\/giannidavico.it\/gopiedmont\/wp-json\/wp\/v2\/comments?post=2834"}],"version-history":[{"count":4,"href":"https:\/\/giannidavico.it\/gopiedmont\/wp-json\/wp\/v2\/posts\/2834\/revisions"}],"predecessor-version":[{"id":2839,"href":"https:\/\/giannidavico.it\/gopiedmont\/wp-json\/wp\/v2\/posts\/2834\/revisions\/2839"}],"wp:attachment":[{"href":"https:\/\/giannidavico.it\/gopiedmont\/wp-json\/wp\/v2\/media?parent=2834"}],"wp:term":[{"taxonomy":"category","embeddable":true,"href":"https:\/\/giannidavico.it\/gopiedmont\/wp-json\/wp\/v2\/categories?post=2834"},{"taxonomy":"post_tag","embeddable":true,"href":"https:\/\/giannidavico.it\/gopiedmont\/wp-json\/wp\/v2\/tags?post=2834"}],"curies":[{"name":"wp","href":"https:\/\/api.w.org\/{rel}","templated":true}]}}