{"id":2877,"date":"2015-08-05T09:17:34","date_gmt":"2015-08-05T08:17:34","guid":{"rendered":"https:\/\/giannidavico.it\/staging\/gopiedmont\/?p=2877"},"modified":"2015-08-05T09:17:34","modified_gmt":"2015-08-05T08:17:34","slug":"bivacco-rousset","status":"publish","type":"post","link":"https:\/\/giannidavico.it\/gopiedmont\/2015\/08\/05\/bivacco-rousset\/","title":{"rendered":"Bivacco Rousset"},"content":{"rendered":"<p>Ier i son and\u00e0it an girola p\u00ebr n\u00f2ste montagne. I l&#8217;av\u00eca damanca &#8211; tant damanca &#8211; \u00ebd respir\u00e9, \u00ebd d\u00ebsmenti\u00e9 tute le r\u00f2be ch&#8217;a son nen a p\u00f2st. P\u00ec che d\u00ebsmenti\u00e9 \u00ebd butemje dar\u00e9 a mi: \u00ebd pass\u00e9 anans, a dila tuta. E a l&#8217;\u00e9 bastame n&#8217;ora p\u00ebr s\u00f2n: la montagna a f\u00e0 miracoj, dle vire.<\/p>\n<p>(Un p\u00e0ira d&#8217;agn f\u00e0 i l&#8217;av\u00eca f\u00e0it na r\u00f2ba come costa al <a href=\"https:\/\/giannidavico.it\/brainfood\/2013\/08\/26\/camminare-camminare\/\">desertu di l&#8217;Agriate<\/a>.)<\/p>\n<p>I l&#8217;hai marci\u00e0 p\u00ebr eut ore squasi sensa interussion. D\u00f2p a n&#8217;ora e mesa i son ruv\u00e0 a col ch&#8217;im figurava come &#8216;l c\u00f2rp central dla gira, e che anvece a l&#8217;\u00e9 st\u00e0it mach n&#8217;epis\u00f2di con p\u00f2ca importansa:<br \/>\n<div id=\"attachment_2880\" style=\"width: 310px\" class=\"wp-caption aligncenter\"><a href=\"https:\/\/giannidavico.it\/gopiedmont\/files\/2015\/08\/Rousset.jpg\"><img aria-describedby=\"caption-attachment-2880\" loading=\"lazy\" src=\"https:\/\/giannidavico.it\/gopiedmont\/files\/2015\/08\/Rousset-300x300.jpg\" alt=\"bivacco Rousset\" width=\"300\" height=\"300\" class=\"size-medium wp-image-2880\" srcset=\"https:\/\/giannidavico.it\/gopiedmont\/files\/2015\/08\/Rousset-300x300.jpg 300w, https:\/\/giannidavico.it\/gopiedmont\/files\/2015\/08\/Rousset-150x150.jpg 150w, https:\/\/giannidavico.it\/gopiedmont\/files\/2015\/08\/Rousset.jpg 960w\" sizes=\"(max-width: 300px) 100vw, 300px\" \/><\/a><p id=\"caption-attachment-2880\" class=\"wp-caption-text\">bivacco Rousset<\/p><\/div><br \/>\nDa l\u00ec a l&#8217;\u00e9 part\u00ece la vera escursion. Visad\u00ec: i pensava d&#8217;and\u00e9 ant un p\u00f2st e i son fin\u00ec tuta da n&#8217;\u00e0utra mira. A penseje adess, bele costa a l&#8217;\u00e9 na met\u00e0fora dla vita. I l&#8217;hai perd\u00f9 \u00ebl sant\u00e9 e i son trovame an mes a j&#8217;ambrun-e, a m\u00eb smijava &#8216;d nen f\u00e8ila ma and\u00e9 anans as dov\u00eca. I l&#8217;hai marci\u00e0 un p\u00e0ira d&#8217;ore an sij r\u00f2ch. Peui i l&#8217;hai trov\u00e0 la stra, e da l\u00ec i l&#8217;hai seguit\u00e0 (quasi) sempe con pass sicur fin-a a la fin, ch&#8217;a l&#8217;\u00e9 st\u00e0ita la crosiera ch&#8217;a p\u00f2rta a San Mat\u00e9, qu\u00e0ich chil\u00f2metro f\u00f2ra &#8216;d Valgrana.<\/p>\n<p>L\u00e0 dzora p\u00ebr bon-a part d\u00ebl di a l&#8217;ha compagname un profum ch&#8217;i sai nen d\u00ec \u00ebd l\u00f2n ch&#8217;a fussa, ma ch&#8217;a j&#8217;era penetrant e pien.<\/p>\n<p>Na sitassion am tornava an ment. A l&#8217;\u00e9 d&#8217;Jakob Burak:<\/p>\n<blockquote><p>Il segreto del successo, secondo me, \u00e8 che non c\u2019\u00e8 nessun segreto, e chiunque arrivi in cima si accorge che non c\u2019\u00e8 nessuna cima.<\/p><\/blockquote>\n<p>I veuj d\u00ec: a la fin\u00ectiva la r\u00f2ba bela a l&#8217;\u00e9 and\u00e9 anans, bele sbaliand stra, bele con j&#8217;eror e tute le r\u00f2be che miraco a van nen com ch&#8217;i vorr\u00eco.<\/p>\n<p>E na par\u00f2la i vorr\u00eca ancor dila an sla vista. Naturalment i l&#8217;hai av\u00f9 p\u00ebr tut \u00ebl di d\u00ebdnans a j&#8217;euj dij senari magn\u00ecfich, e a l&#8217;\u00e9 malf\u00e9 sern-ne un sol &#8211; a sar\u00eca feje un t\u00f2rt a tuti j&#8217;\u00e0utri. Miraco cost:<br \/>\n<div id=\"attachment_2884\" style=\"width: 310px\" class=\"wp-caption aligncenter\"><a href=\"https:\/\/giannidavico.it\/gopiedmont\/files\/2015\/08\/mare.jpg\"><img aria-describedby=\"caption-attachment-2884\" loading=\"lazy\" src=\"https:\/\/giannidavico.it\/gopiedmont\/files\/2015\/08\/mare-300x225.jpg\" alt=\"un mare di montagne\" width=\"300\" height=\"225\" class=\"size-medium wp-image-2884\" srcset=\"https:\/\/giannidavico.it\/gopiedmont\/files\/2015\/08\/mare-300x225.jpg 300w, https:\/\/giannidavico.it\/gopiedmont\/files\/2015\/08\/mare.jpg 960w\" sizes=\"(max-width: 300px) 100vw, 300px\" \/><\/a><p id=\"caption-attachment-2884\" class=\"wp-caption-text\">un mare di montagne<\/p><\/div><\/p>\n<p>Ma pensandje bin i capiss ch&#8217;as peul nen serne. \u00cbl viagi a l&#8217;\u00e9 un sol, un &#8220;uno tutto&#8221;, com ch&#8217;a dir\u00eca Claudio Magris, e as peul nen isolesse n&#8217;epis\u00f2di sensa cambi\u00e9 la forma d\u00ebl tut. E bele con tuti j&#8217;eror e le magagne d&#8217;ier, come dla vita, i cambier\u00eca gnanca un fil d&#8217;erba.<\/p>\n","protected":false},"excerpt":{"rendered":"<p>Ier i son and\u00e0it an girola p\u00ebr n\u00f2ste montagne. I l&#8217;av\u00eca damanca &#8211; tant damanca &#8211; \u00ebd respir\u00e9, \u00ebd d\u00ebsmenti\u00e9 tute le r\u00f2be ch&#8217;a son nen a p\u00f2st. P\u00ec che d\u00ebsmenti\u00e9 \u00ebd butemje dar\u00e9 a mi: \u00ebd pass\u00e9 anans, a dila tuta. E a l&#8217;\u00e9 bastame n&#8217;ora p\u00ebr s\u00f2n: la montagna a f\u00e0 miracoj, dle vire.<\/p>\n<p>(Un p\u00e0ira d&#8217;agn f\u00e0 i l&#8217;av\u00eca f\u00e0it na r\u00f2ba come costa al <a href=\"https:\/\/giannidavico.it\/brainfood\/2013\/08\/26\/camminare-camminare\/\">desertu di l&#8217;Agriate<\/a>.)<\/p>\n<p>I l&#8217;hai marci\u00e0 p\u00ebr eut ore squasi sensa interussion. D\u00f2p a n&#8217;ora e mesa i son ruv\u00e0 a col ch&#8217;im figurava come &#8216;l c\u00f2rp central dla gira, e che anvece a l&#8217;\u00e9 st\u00e0it mach n&#8217;epis\u00f2di con p\u00f2ca importansa:<\/p>\n<p>Da l\u00ec a l&#8217;\u00e9 part\u00ece la vera escursion. Visad\u00ec: i pensava d&#8217;and\u00e9 ant un p\u00f2st e i son fin\u00ec tuta da n&#8217;\u00e0utra mira. A penseje adess, bele costa a l&#8217;\u00e9 na met\u00e0fora dla vita. I l&#8217;hai perd\u00f9 \u00ebl sant\u00e9 e i son trovame an mes a j&#8217;ambrun-e, a m\u00eb smijava &#8216;d nen f\u00e8ila ma and\u00e9 anans as dov\u00eca. I l&#8217;hai marci\u00e0 un p\u00e0ira d&#8217;ore an sij r\u00f2ch. Peui i l&#8217;hai trov\u00e0 la stra, e da l\u00ec i l&#8217;hai seguit\u00e0 (quasi) sempe con pass sicur fin-a a la fin, ch&#8217;a l&#8217;\u00e9 [\u2026] <a class=\"moretag\" href=\"https:\/\/giannidavico.it\/gopiedmont\/2015\/08\/05\/bivacco-rousset\/\">continua a leggere \u00bb<\/a><\/p>\n","protected":false},"author":4,"featured_media":0,"comment_status":"open","ping_status":"open","sticky":false,"template":"","format":"standard","meta":[],"categories":[130],"tags":[4019,52],"yoast_head":"<!-- This site is optimized with the Yoast SEO plugin v19.14 - https:\/\/yoast.com\/wordpress\/plugins\/seo\/ -->\n<title>Bivacco Rousset - Go Piedmont<\/title>\n<meta name=\"robots\" content=\"index, follow, max-snippet:-1, max-image-preview:large, max-video-preview:-1\" \/>\n<link rel=\"canonical\" href=\"https:\/\/giannidavico.it\/gopiedmont\/2015\/08\/05\/bivacco-rousset\/\" \/>\n<meta property=\"og:locale\" content=\"it_IT\" \/>\n<meta property=\"og:type\" content=\"article\" \/>\n<meta property=\"og:title\" content=\"Bivacco Rousset - Go Piedmont\" \/>\n<meta property=\"og:description\" content=\"Ier i son and\u00e0it an girola p\u00ebr n\u00f2ste montagne. I l&#8217;av\u00eca damanca &#8211; tant damanca &#8211; \u00ebd respir\u00e9, \u00ebd d\u00ebsmenti\u00e9 tute le r\u00f2be ch&#8217;a son nen a p\u00f2st. P\u00ec che d\u00ebsmenti\u00e9 \u00ebd butemje dar\u00e9 a mi: \u00ebd pass\u00e9 anans, a dila tuta. E a l&#8217;\u00e9 bastame n&#8217;ora p\u00ebr s\u00f2n: la montagna a f\u00e0 miracoj, dle vire. (Un p\u00e0ira d&#8217;agn f\u00e0 i l&#8217;av\u00eca f\u00e0it na r\u00f2ba come costa al desertu di l&#8217;Agriate.) I l&#8217;hai marci\u00e0 p\u00ebr eut ore squasi sensa interussion. D\u00f2p a n&#8217;ora e mesa i son ruv\u00e0 a col ch&#8217;im figurava come &#8216;l c\u00f2rp central dla gira, e che anvece a l&#8217;\u00e9 st\u00e0it mach n&#8217;epis\u00f2di con p\u00f2ca importansa: Da l\u00ec a l&#8217;\u00e9 part\u00ece la vera escursion. Visad\u00ec: i pensava d&#8217;and\u00e9 ant un p\u00f2st e i son fin\u00ec tuta da n&#8217;\u00e0utra mira. A penseje adess, bele costa a l&#8217;\u00e9 na met\u00e0fora dla vita. I l&#8217;hai perd\u00f9 \u00ebl sant\u00e9 e i son trovame an mes a j&#8217;ambrun-e, a m\u00eb smijava &#8216;d nen f\u00e8ila ma and\u00e9 anans as dov\u00eca. I l&#8217;hai marci\u00e0 un p\u00e0ira d&#8217;ore an sij r\u00f2ch. Peui i l&#8217;hai trov\u00e0 la stra, e da l\u00ec i l&#8217;hai seguit\u00e0 (quasi) sempe con pass sicur fin-a a la fin, ch&#8217;a l&#8217;\u00e9 [\u2026] continua a leggere \u00bb\" \/>\n<meta property=\"og:url\" content=\"https:\/\/giannidavico.it\/gopiedmont\/2015\/08\/05\/bivacco-rousset\/\" \/>\n<meta property=\"og:site_name\" content=\"Go Piedmont\" \/>\n<meta property=\"article:published_time\" content=\"2015-08-05T08:17:34+00:00\" \/>\n<meta property=\"og:image\" content=\"https:\/\/giannidavico.it\/gopiedmont\/files\/2015\/08\/Rousset-300x300.jpg\" \/>\n<meta name=\"author\" content=\"giannidavico\" \/>\n<meta name=\"twitter:card\" content=\"summary_large_image\" \/>\n<meta name=\"twitter:label1\" content=\"Scritto da\" \/>\n\t<meta name=\"twitter:data1\" content=\"giannidavico\" \/>\n\t<meta name=\"twitter:label2\" content=\"Tempo di lettura stimato\" \/>\n\t<meta name=\"twitter:data2\" content=\"2 minuti\" \/>\n<script type=\"application\/ld+json\" class=\"yoast-schema-graph\">{\"@context\":\"https:\/\/schema.org\",\"@graph\":[{\"@type\":\"WebPage\",\"@id\":\"https:\/\/giannidavico.it\/gopiedmont\/2015\/08\/05\/bivacco-rousset\/\",\"url\":\"https:\/\/giannidavico.it\/gopiedmont\/2015\/08\/05\/bivacco-rousset\/\",\"name\":\"Bivacco Rousset - Go Piedmont\",\"isPartOf\":{\"@id\":\"https:\/\/giannidavico.it\/gopiedmont\/#website\"},\"datePublished\":\"2015-08-05T08:17:34+00:00\",\"dateModified\":\"2015-08-05T08:17:34+00:00\",\"author\":{\"@id\":\"https:\/\/giannidavico.it\/gopiedmont\/#\/schema\/person\/ea1fd17d8f2dba325f3712219efa8f77\"},\"inLanguage\":\"it-IT\",\"potentialAction\":[{\"@type\":\"ReadAction\",\"target\":[\"https:\/\/giannidavico.it\/gopiedmont\/2015\/08\/05\/bivacco-rousset\/\"]}]},{\"@type\":\"WebSite\",\"@id\":\"https:\/\/giannidavico.it\/gopiedmont\/#website\",\"url\":\"https:\/\/giannidavico.it\/gopiedmont\/\",\"name\":\"Go Piedmont\",\"description\":\"pens\u00e9 dzora l\u00ecber, event e p\u00ebrson-e grop\u00e0 al Piemont e a la lenga piemont\u00e8isa\",\"potentialAction\":[{\"@type\":\"SearchAction\",\"target\":{\"@type\":\"EntryPoint\",\"urlTemplate\":\"https:\/\/giannidavico.it\/gopiedmont\/?s={search_term_string}\"},\"query-input\":\"required name=search_term_string\"}],\"inLanguage\":\"it-IT\"},{\"@type\":\"Person\",\"@id\":\"https:\/\/giannidavico.it\/gopiedmont\/#\/schema\/person\/ea1fd17d8f2dba325f3712219efa8f77\",\"name\":\"giannidavico\",\"image\":{\"@type\":\"ImageObject\",\"inLanguage\":\"it-IT\",\"@id\":\"https:\/\/giannidavico.it\/gopiedmont\/#\/schema\/person\/image\/\",\"url\":\"https:\/\/secure.gravatar.com\/avatar\/337748753d882602f3038b55fb369ba1?s=96&d=mm&r=g\",\"contentUrl\":\"https:\/\/secure.gravatar.com\/avatar\/337748753d882602f3038b55fb369ba1?s=96&d=mm&r=g\",\"caption\":\"giannidavico\"},\"url\":\"https:\/\/giannidavico.it\/gopiedmont\/author\/giannidavico\/\"}]}<\/script>\n<!-- \/ Yoast SEO plugin. -->","yoast_head_json":{"title":"Bivacco Rousset - Go Piedmont","robots":{"index":"index","follow":"follow","max-snippet":"max-snippet:-1","max-image-preview":"max-image-preview:large","max-video-preview":"max-video-preview:-1"},"canonical":"https:\/\/giannidavico.it\/gopiedmont\/2015\/08\/05\/bivacco-rousset\/","og_locale":"it_IT","og_type":"article","og_title":"Bivacco Rousset - Go Piedmont","og_description":"Ier i son and\u00e0it an girola p\u00ebr n\u00f2ste montagne. I l&#8217;av\u00eca damanca &#8211; tant damanca &#8211; \u00ebd respir\u00e9, \u00ebd d\u00ebsmenti\u00e9 tute le r\u00f2be ch&#8217;a son nen a p\u00f2st. P\u00ec che d\u00ebsmenti\u00e9 \u00ebd butemje dar\u00e9 a mi: \u00ebd pass\u00e9 anans, a dila tuta. E a l&#8217;\u00e9 bastame n&#8217;ora p\u00ebr s\u00f2n: la montagna a f\u00e0 miracoj, dle vire. (Un p\u00e0ira d&#8217;agn f\u00e0 i l&#8217;av\u00eca f\u00e0it na r\u00f2ba come costa al desertu di l&#8217;Agriate.) I l&#8217;hai marci\u00e0 p\u00ebr eut ore squasi sensa interussion. D\u00f2p a n&#8217;ora e mesa i son ruv\u00e0 a col ch&#8217;im figurava come &#8216;l c\u00f2rp central dla gira, e che anvece a l&#8217;\u00e9 st\u00e0it mach n&#8217;epis\u00f2di con p\u00f2ca importansa: Da l\u00ec a l&#8217;\u00e9 part\u00ece la vera escursion. Visad\u00ec: i pensava d&#8217;and\u00e9 ant un p\u00f2st e i son fin\u00ec tuta da n&#8217;\u00e0utra mira. A penseje adess, bele costa a l&#8217;\u00e9 na met\u00e0fora dla vita. I l&#8217;hai perd\u00f9 \u00ebl sant\u00e9 e i son trovame an mes a j&#8217;ambrun-e, a m\u00eb smijava &#8216;d nen f\u00e8ila ma and\u00e9 anans as dov\u00eca. I l&#8217;hai marci\u00e0 un p\u00e0ira d&#8217;ore an sij r\u00f2ch. Peui i l&#8217;hai trov\u00e0 la stra, e da l\u00ec i l&#8217;hai seguit\u00e0 (quasi) sempe con pass sicur fin-a a la fin, ch&#8217;a l&#8217;\u00e9 [\u2026] continua a leggere \u00bb","og_url":"https:\/\/giannidavico.it\/gopiedmont\/2015\/08\/05\/bivacco-rousset\/","og_site_name":"Go Piedmont","article_published_time":"2015-08-05T08:17:34+00:00","og_image":[{"url":"https:\/\/giannidavico.it\/gopiedmont\/files\/2015\/08\/Rousset-300x300.jpg"}],"author":"giannidavico","twitter_card":"summary_large_image","twitter_misc":{"Scritto da":"giannidavico","Tempo di lettura stimato":"2 minuti"},"schema":{"@context":"https:\/\/schema.org","@graph":[{"@type":"WebPage","@id":"https:\/\/giannidavico.it\/gopiedmont\/2015\/08\/05\/bivacco-rousset\/","url":"https:\/\/giannidavico.it\/gopiedmont\/2015\/08\/05\/bivacco-rousset\/","name":"Bivacco Rousset - Go Piedmont","isPartOf":{"@id":"https:\/\/giannidavico.it\/gopiedmont\/#website"},"datePublished":"2015-08-05T08:17:34+00:00","dateModified":"2015-08-05T08:17:34+00:00","author":{"@id":"https:\/\/giannidavico.it\/gopiedmont\/#\/schema\/person\/ea1fd17d8f2dba325f3712219efa8f77"},"inLanguage":"it-IT","potentialAction":[{"@type":"ReadAction","target":["https:\/\/giannidavico.it\/gopiedmont\/2015\/08\/05\/bivacco-rousset\/"]}]},{"@type":"WebSite","@id":"https:\/\/giannidavico.it\/gopiedmont\/#website","url":"https:\/\/giannidavico.it\/gopiedmont\/","name":"Go Piedmont","description":"pens\u00e9 dzora l\u00ecber, event e p\u00ebrson-e grop\u00e0 al Piemont e a la lenga piemont\u00e8isa","potentialAction":[{"@type":"SearchAction","target":{"@type":"EntryPoint","urlTemplate":"https:\/\/giannidavico.it\/gopiedmont\/?s={search_term_string}"},"query-input":"required name=search_term_string"}],"inLanguage":"it-IT"},{"@type":"Person","@id":"https:\/\/giannidavico.it\/gopiedmont\/#\/schema\/person\/ea1fd17d8f2dba325f3712219efa8f77","name":"giannidavico","image":{"@type":"ImageObject","inLanguage":"it-IT","@id":"https:\/\/giannidavico.it\/gopiedmont\/#\/schema\/person\/image\/","url":"https:\/\/secure.gravatar.com\/avatar\/337748753d882602f3038b55fb369ba1?s=96&d=mm&r=g","contentUrl":"https:\/\/secure.gravatar.com\/avatar\/337748753d882602f3038b55fb369ba1?s=96&d=mm&r=g","caption":"giannidavico"},"url":"https:\/\/giannidavico.it\/gopiedmont\/author\/giannidavico\/"}]}},"_links":{"self":[{"href":"https:\/\/giannidavico.it\/gopiedmont\/wp-json\/wp\/v2\/posts\/2877"}],"collection":[{"href":"https:\/\/giannidavico.it\/gopiedmont\/wp-json\/wp\/v2\/posts"}],"about":[{"href":"https:\/\/giannidavico.it\/gopiedmont\/wp-json\/wp\/v2\/types\/post"}],"author":[{"embeddable":true,"href":"https:\/\/giannidavico.it\/gopiedmont\/wp-json\/wp\/v2\/users\/4"}],"replies":[{"embeddable":true,"href":"https:\/\/giannidavico.it\/gopiedmont\/wp-json\/wp\/v2\/comments?post=2877"}],"version-history":[{"count":13,"href":"https:\/\/giannidavico.it\/gopiedmont\/wp-json\/wp\/v2\/posts\/2877\/revisions"}],"predecessor-version":[{"id":2892,"href":"https:\/\/giannidavico.it\/gopiedmont\/wp-json\/wp\/v2\/posts\/2877\/revisions\/2892"}],"wp:attachment":[{"href":"https:\/\/giannidavico.it\/gopiedmont\/wp-json\/wp\/v2\/media?parent=2877"}],"wp:term":[{"taxonomy":"category","embeddable":true,"href":"https:\/\/giannidavico.it\/gopiedmont\/wp-json\/wp\/v2\/categories?post=2877"},{"taxonomy":"post_tag","embeddable":true,"href":"https:\/\/giannidavico.it\/gopiedmont\/wp-json\/wp\/v2\/tags?post=2877"}],"curies":[{"name":"wp","href":"https:\/\/api.w.org\/{rel}","templated":true}]}}