{"id":2893,"date":"2015-08-12T06:00:54","date_gmt":"2015-08-12T05:00:54","guid":{"rendered":"https:\/\/giannidavico.it\/staging\/gopiedmont\/?p=2893"},"modified":"2015-09-22T13:14:22","modified_gmt":"2015-09-22T12:14:22","slug":"cesare-pavese-arcadia-da-ne-spont-ed-giovanni-tesio","status":"publish","type":"post","link":"https:\/\/giannidavico.it\/gopiedmont\/2015\/08\/12\/cesare-pavese-arcadia-da-ne-spont-ed-giovanni-tesio\/","title":{"rendered":"Cesare Pavese, Arcadia &#8211; da n\u00eb spont \u00ebd Giovanni Tesio"},"content":{"rendered":"<p><a href=\"https:\/\/giannidavico.it\/gopiedmont\/files\/2015\/08\/LDG.jpg\"><img loading=\"lazy\" src=\"https:\/\/giannidavico.it\/gopiedmont\/files\/2015\/08\/LDG-178x300.jpg\" alt=\"LDG\" width=\"178\" height=\"300\" class=\"alignright size-medium wp-image-2896\" srcset=\"https:\/\/giannidavico.it\/gopiedmont\/files\/2015\/08\/LDG-178x300.jpg 178w, https:\/\/giannidavico.it\/gopiedmont\/files\/2015\/08\/LDG.jpg 250w\" sizes=\"(max-width: 178px) 100vw, 178px\" \/><\/a><br \/>\nQu\u00e0ich m\u00e8is Giovanni Tesio a l&#8217;ha scriv\u00f9 un <a href=\"http:\/\/www.lastampa.it\/2015\/05\/08\/torinosette\/rubriche\/an-piemonteis\/an-piemonteis-Jaev7Xe497xgSf1Q8UIqLL\/pagina.html\" target=\"_blank\">t\u00f2ch<\/a> ant\u00e9 ch&#8217;a ric\u00f2rda na considerassion f\u00e0ita da Lorenzo Mondo an <a href=\"http:\/\/www.amazon.it\/piemontesi-Profili-scrittori-italiani-Novecento\/dp\/8822263685\/ref=sr_1_1?ie=UTF8&#038;qid=1442923990&#038;sr=8-1&#038;tag=giandavi-21\" target=\"_blank\">s\u00f2 \u00f9ltim l\u00ecber<\/a> a r\u00ebsguard \u00ebd Cesare Pavese.<\/p>\n<p>(Pavese e Mondo a son grop\u00e0 a fil dobi, p\u00ebr mi, p\u00ebrch\u00e8 chiel a l&#8217;ha giutame tant butandme a disposission j&#8217;archivi dla Stampa p\u00ebr mie arserche p\u00ebr la tesi &#8211; i l&#8217;av\u00eca parlane <a href=\"https:\/\/giannidavico.it\/brainfood\/2009\/01\/29\/lettera-a-un-maestro\/\">ambeless\u00ec<\/a>.)<\/p>\n<p>Bin, Mondo a parla d&#8217;<em>Arcadia<\/em>, un racont d\u00ebl 1929 \u00ebd Pavese ch&#8217;as treuva an <a href=\"http:\/\/www.amazon.it\/Lotte-giovani-altri-racconti-1925-1939\/dp\/8806132008\/ref=sr_1_1?ie=UTF8&#038;qid=1442924033&#038;sr=8-1&#038;tag=giandavi-21\" target=\"_blank\">cost l\u00ecber<\/a>.<\/p>\n<p>I l&#8217;hai finalment les\u00f9 torna (d\u00f2p a tanti, tanti agn) col racont, concentrandme an particolar an s\u00ebl piemont\u00e8is. E i veuj f\u00e9 doe considerassion.<\/p>\n<p>La prima a l&#8217;\u00e9 an sla graf\u00eca: a l&#8217;\u00e9 v\u00e8j che Pavese a d\u00f2vra la o con \u00ebl capl\u00e8t e la n faucal a l&#8217;ha la tilde come n\u00eb spagneul, ma i soma prima dl&#8217;arforma grafica \u00ebd Pac\u00f2t-Viglongo; e an tute le manere la graf\u00eca a l&#8217;\u00e9 ordin\u00e0 e precisa, bele ch&#8217;am risulta nen che chiel a consider\u00e8issa n\u00f2sta lenga na lenga. (Ma na dissertassion ansima al piemont\u00e8is \u00ebd Pavese a resta ancora da scrive.)<\/p>\n<p>La sconda a l&#8217;\u00e9 an s\u00ebl valor documental \u00ebd coj t\u00f2ch an piemont\u00e8is, p\u00ebrch\u00e8 a valo come testimoniansa d\u00ebl piemont\u00e8is parl\u00e0 a Turin ant j&#8217;agn Vint. Miraco &#8216;l valor literari &#8216;d cost racont a sar\u00e0 nen tr\u00f2p \u00e0ut, ma an tute le manere a n\u00eb resta na bela testimoniansa &#8216;d lenga viva.<\/p>\n","protected":false},"excerpt":{"rendered":"<p><a href=\"https:\/\/giannidavico.it\/gopiedmont\/files\/2015\/08\/LDG.jpg\"><img loading=\"lazy\" src=\"https:\/\/giannidavico.it\/gopiedmont\/files\/2015\/08\/LDG-178x300.jpg\" alt=\"LDG\" width=\"178\" height=\"300\" class=\"alignright size-medium wp-image-2896\" srcset=\"https:\/\/giannidavico.it\/gopiedmont\/files\/2015\/08\/LDG-178x300.jpg 178w, https:\/\/giannidavico.it\/gopiedmont\/files\/2015\/08\/LDG.jpg 250w\" sizes=\"(max-width: 178px) 100vw, 178px\" \/><\/a><br \/> Qu\u00e0ich m\u00e8is Giovanni Tesio a l&#8217;ha scriv\u00f9 un <a href=\"http:\/\/www.lastampa.it\/2015\/05\/08\/torinosette\/rubriche\/an-piemonteis\/an-piemonteis-Jaev7Xe497xgSf1Q8UIqLL\/pagina.html\" target=\"_blank\">t\u00f2ch<\/a> ant\u00e9 ch&#8217;a ric\u00f2rda na considerassion f\u00e0ita da Lorenzo Mondo an <a href=\"http:\/\/www.amazon.it\/piemontesi-Profili-scrittori-italiani-Novecento\/dp\/8822263685\/ref=sr_1_1?ie=UTF8&#038;qid=1442923990&#038;sr=8-1&#038;tag=giandavi-21\" target=\"_blank\">s\u00f2 \u00f9ltim l\u00ecber<\/a> a r\u00ebsguard \u00ebd Cesare Pavese.<\/p>\n<p>(Pavese e Mondo a son grop\u00e0 a fil dobi, p\u00ebr mi, p\u00ebrch\u00e8 chiel a l&#8217;ha giutame tant butandme a disposission j&#8217;archivi dla Stampa p\u00ebr mie arserche p\u00ebr la tesi &#8211; i l&#8217;av\u00eca parlane <a href=\"https:\/\/giannidavico.it\/brainfood\/2009\/01\/29\/lettera-a-un-maestro\/\">ambeless\u00ec<\/a>.)<\/p>\n<p>Bin, Mondo a parla d&#8217;<em>Arcadia<\/em>, un racont d\u00ebl 1929 \u00ebd Pavese ch&#8217;as treuva an <a href=\"http:\/\/www.amazon.it\/Lotte-giovani-altri-racconti-1925-1939\/dp\/8806132008\/ref=sr_1_1?ie=UTF8&#038;qid=1442924033&#038;sr=8-1&#038;tag=giandavi-21\" target=\"_blank\">cost l\u00ecber<\/a>.<\/p>\n<p>I l&#8217;hai finalment les\u00f9 torna (d\u00f2p a tanti, tanti agn) col racont, concentrandme an particolar an s\u00ebl piemont\u00e8is. E i veuj f\u00e9 doe considerassion.<\/p>\n<p>La prima a l&#8217;\u00e9 an sla graf\u00eca: a l&#8217;\u00e9 v\u00e8j che Pavese a d\u00f2vra la o con \u00ebl capl\u00e8t e la n faucal a l&#8217;ha la tilde come n\u00eb spagneul, ma i soma prima dl&#8217;arforma grafica \u00ebd Pac\u00f2t-Viglongo; e an tute le manere la graf\u00eca a l&#8217;\u00e9 ordin\u00e0 e precisa, bele ch&#8217;am risulta nen che chiel a consider\u00e8issa n\u00f2sta lenga na lenga. (Ma na dissertassion ansima al piemont\u00e8is \u00ebd Pavese a resta [\u2026] <a class=\"moretag\" href=\"https:\/\/giannidavico.it\/gopiedmont\/2015\/08\/12\/cesare-pavese-arcadia-da-ne-spont-ed-giovanni-tesio\/\">continua a leggere \u00bb<\/a><\/p>\n","protected":false},"author":4,"featured_media":0,"comment_status":"open","ping_status":"open","sticky":false,"template":"","format":"standard","meta":[],"categories":[130],"tags":[107],"yoast_head":"<!-- This site is optimized with the Yoast SEO plugin v19.14 - https:\/\/yoast.com\/wordpress\/plugins\/seo\/ -->\n<title>Cesare Pavese, Arcadia - da n\u00eb spont \u00ebd Giovanni Tesio - Go Piedmont<\/title>\n<meta name=\"robots\" content=\"index, follow, max-snippet:-1, max-image-preview:large, max-video-preview:-1\" \/>\n<link rel=\"canonical\" href=\"https:\/\/giannidavico.it\/gopiedmont\/2015\/08\/12\/cesare-pavese-arcadia-da-ne-spont-ed-giovanni-tesio\/\" \/>\n<meta property=\"og:locale\" content=\"it_IT\" \/>\n<meta property=\"og:type\" content=\"article\" \/>\n<meta property=\"og:title\" content=\"Cesare Pavese, Arcadia - da n\u00eb spont \u00ebd Giovanni Tesio - Go Piedmont\" \/>\n<meta property=\"og:description\" content=\"Qu\u00e0ich m\u00e8is Giovanni Tesio a l&#8217;ha scriv\u00f9 un t\u00f2ch ant\u00e9 ch&#8217;a ric\u00f2rda na considerassion f\u00e0ita da Lorenzo Mondo an s\u00f2 \u00f9ltim l\u00ecber a r\u00ebsguard \u00ebd Cesare Pavese. (Pavese e Mondo a son grop\u00e0 a fil dobi, p\u00ebr mi, p\u00ebrch\u00e8 chiel a l&#8217;ha giutame tant butandme a disposission j&#8217;archivi dla Stampa p\u00ebr mie arserche p\u00ebr la tesi &#8211; i l&#8217;av\u00eca parlane ambeless\u00ec.) Bin, Mondo a parla d&#8217;Arcadia, un racont d\u00ebl 1929 \u00ebd Pavese ch&#8217;as treuva an cost l\u00ecber. I l&#8217;hai finalment les\u00f9 torna (d\u00f2p a tanti, tanti agn) col racont, concentrandme an particolar an s\u00ebl piemont\u00e8is. E i veuj f\u00e9 doe considerassion. La prima a l&#8217;\u00e9 an sla graf\u00eca: a l&#8217;\u00e9 v\u00e8j che Pavese a d\u00f2vra la o con \u00ebl capl\u00e8t e la n faucal a l&#8217;ha la tilde come n\u00eb spagneul, ma i soma prima dl&#8217;arforma grafica \u00ebd Pac\u00f2t-Viglongo; e an tute le manere la graf\u00eca a l&#8217;\u00e9 ordin\u00e0 e precisa, bele ch&#8217;am risulta nen che chiel a consider\u00e8issa n\u00f2sta lenga na lenga. (Ma na dissertassion ansima al piemont\u00e8is \u00ebd Pavese a resta [\u2026] continua a leggere \u00bb\" \/>\n<meta property=\"og:url\" content=\"https:\/\/giannidavico.it\/gopiedmont\/2015\/08\/12\/cesare-pavese-arcadia-da-ne-spont-ed-giovanni-tesio\/\" \/>\n<meta property=\"og:site_name\" content=\"Go Piedmont\" \/>\n<meta property=\"article:published_time\" content=\"2015-08-12T05:00:54+00:00\" \/>\n<meta property=\"article:modified_time\" content=\"2015-09-22T12:14:22+00:00\" \/>\n<meta property=\"og:image\" content=\"https:\/\/giannidavico.it\/gopiedmont\/files\/2015\/08\/LDG-178x300.jpg\" \/>\n<meta name=\"author\" content=\"giannidavico\" \/>\n<meta name=\"twitter:card\" content=\"summary_large_image\" \/>\n<meta name=\"twitter:label1\" content=\"Scritto da\" \/>\n\t<meta name=\"twitter:data1\" content=\"giannidavico\" \/>\n\t<meta name=\"twitter:label2\" content=\"Tempo di lettura stimato\" \/>\n\t<meta name=\"twitter:data2\" content=\"1 minuto\" \/>\n<script type=\"application\/ld+json\" class=\"yoast-schema-graph\">{\"@context\":\"https:\/\/schema.org\",\"@graph\":[{\"@type\":\"WebPage\",\"@id\":\"https:\/\/giannidavico.it\/gopiedmont\/2015\/08\/12\/cesare-pavese-arcadia-da-ne-spont-ed-giovanni-tesio\/\",\"url\":\"https:\/\/giannidavico.it\/gopiedmont\/2015\/08\/12\/cesare-pavese-arcadia-da-ne-spont-ed-giovanni-tesio\/\",\"name\":\"Cesare Pavese, Arcadia - da n\u00eb spont \u00ebd Giovanni Tesio - Go Piedmont\",\"isPartOf\":{\"@id\":\"https:\/\/giannidavico.it\/gopiedmont\/#website\"},\"datePublished\":\"2015-08-12T05:00:54+00:00\",\"dateModified\":\"2015-09-22T12:14:22+00:00\",\"author\":{\"@id\":\"https:\/\/giannidavico.it\/gopiedmont\/#\/schema\/person\/ea1fd17d8f2dba325f3712219efa8f77\"},\"inLanguage\":\"it-IT\",\"potentialAction\":[{\"@type\":\"ReadAction\",\"target\":[\"https:\/\/giannidavico.it\/gopiedmont\/2015\/08\/12\/cesare-pavese-arcadia-da-ne-spont-ed-giovanni-tesio\/\"]}]},{\"@type\":\"WebSite\",\"@id\":\"https:\/\/giannidavico.it\/gopiedmont\/#website\",\"url\":\"https:\/\/giannidavico.it\/gopiedmont\/\",\"name\":\"Go Piedmont\",\"description\":\"pens\u00e9 dzora l\u00ecber, event e p\u00ebrson-e grop\u00e0 al Piemont e a la lenga piemont\u00e8isa\",\"potentialAction\":[{\"@type\":\"SearchAction\",\"target\":{\"@type\":\"EntryPoint\",\"urlTemplate\":\"https:\/\/giannidavico.it\/gopiedmont\/?s={search_term_string}\"},\"query-input\":\"required name=search_term_string\"}],\"inLanguage\":\"it-IT\"},{\"@type\":\"Person\",\"@id\":\"https:\/\/giannidavico.it\/gopiedmont\/#\/schema\/person\/ea1fd17d8f2dba325f3712219efa8f77\",\"name\":\"giannidavico\",\"image\":{\"@type\":\"ImageObject\",\"inLanguage\":\"it-IT\",\"@id\":\"https:\/\/giannidavico.it\/gopiedmont\/#\/schema\/person\/image\/\",\"url\":\"https:\/\/secure.gravatar.com\/avatar\/337748753d882602f3038b55fb369ba1?s=96&d=mm&r=g\",\"contentUrl\":\"https:\/\/secure.gravatar.com\/avatar\/337748753d882602f3038b55fb369ba1?s=96&d=mm&r=g\",\"caption\":\"giannidavico\"},\"url\":\"https:\/\/giannidavico.it\/gopiedmont\/author\/giannidavico\/\"}]}<\/script>\n<!-- \/ Yoast SEO plugin. -->","yoast_head_json":{"title":"Cesare Pavese, Arcadia - da n\u00eb spont \u00ebd Giovanni Tesio - Go Piedmont","robots":{"index":"index","follow":"follow","max-snippet":"max-snippet:-1","max-image-preview":"max-image-preview:large","max-video-preview":"max-video-preview:-1"},"canonical":"https:\/\/giannidavico.it\/gopiedmont\/2015\/08\/12\/cesare-pavese-arcadia-da-ne-spont-ed-giovanni-tesio\/","og_locale":"it_IT","og_type":"article","og_title":"Cesare Pavese, Arcadia - da n\u00eb spont \u00ebd Giovanni Tesio - Go Piedmont","og_description":"Qu\u00e0ich m\u00e8is Giovanni Tesio a l&#8217;ha scriv\u00f9 un t\u00f2ch ant\u00e9 ch&#8217;a ric\u00f2rda na considerassion f\u00e0ita da Lorenzo Mondo an s\u00f2 \u00f9ltim l\u00ecber a r\u00ebsguard \u00ebd Cesare Pavese. (Pavese e Mondo a son grop\u00e0 a fil dobi, p\u00ebr mi, p\u00ebrch\u00e8 chiel a l&#8217;ha giutame tant butandme a disposission j&#8217;archivi dla Stampa p\u00ebr mie arserche p\u00ebr la tesi &#8211; i l&#8217;av\u00eca parlane ambeless\u00ec.) Bin, Mondo a parla d&#8217;Arcadia, un racont d\u00ebl 1929 \u00ebd Pavese ch&#8217;as treuva an cost l\u00ecber. I l&#8217;hai finalment les\u00f9 torna (d\u00f2p a tanti, tanti agn) col racont, concentrandme an particolar an s\u00ebl piemont\u00e8is. E i veuj f\u00e9 doe considerassion. La prima a l&#8217;\u00e9 an sla graf\u00eca: a l&#8217;\u00e9 v\u00e8j che Pavese a d\u00f2vra la o con \u00ebl capl\u00e8t e la n faucal a l&#8217;ha la tilde come n\u00eb spagneul, ma i soma prima dl&#8217;arforma grafica \u00ebd Pac\u00f2t-Viglongo; e an tute le manere la graf\u00eca a l&#8217;\u00e9 ordin\u00e0 e precisa, bele ch&#8217;am risulta nen che chiel a consider\u00e8issa n\u00f2sta lenga na lenga. (Ma na dissertassion ansima al piemont\u00e8is \u00ebd Pavese a resta [\u2026] continua a leggere \u00bb","og_url":"https:\/\/giannidavico.it\/gopiedmont\/2015\/08\/12\/cesare-pavese-arcadia-da-ne-spont-ed-giovanni-tesio\/","og_site_name":"Go Piedmont","article_published_time":"2015-08-12T05:00:54+00:00","article_modified_time":"2015-09-22T12:14:22+00:00","og_image":[{"url":"https:\/\/giannidavico.it\/gopiedmont\/files\/2015\/08\/LDG-178x300.jpg"}],"author":"giannidavico","twitter_card":"summary_large_image","twitter_misc":{"Scritto da":"giannidavico","Tempo di lettura stimato":"1 minuto"},"schema":{"@context":"https:\/\/schema.org","@graph":[{"@type":"WebPage","@id":"https:\/\/giannidavico.it\/gopiedmont\/2015\/08\/12\/cesare-pavese-arcadia-da-ne-spont-ed-giovanni-tesio\/","url":"https:\/\/giannidavico.it\/gopiedmont\/2015\/08\/12\/cesare-pavese-arcadia-da-ne-spont-ed-giovanni-tesio\/","name":"Cesare Pavese, Arcadia - da n\u00eb spont \u00ebd Giovanni Tesio - Go Piedmont","isPartOf":{"@id":"https:\/\/giannidavico.it\/gopiedmont\/#website"},"datePublished":"2015-08-12T05:00:54+00:00","dateModified":"2015-09-22T12:14:22+00:00","author":{"@id":"https:\/\/giannidavico.it\/gopiedmont\/#\/schema\/person\/ea1fd17d8f2dba325f3712219efa8f77"},"inLanguage":"it-IT","potentialAction":[{"@type":"ReadAction","target":["https:\/\/giannidavico.it\/gopiedmont\/2015\/08\/12\/cesare-pavese-arcadia-da-ne-spont-ed-giovanni-tesio\/"]}]},{"@type":"WebSite","@id":"https:\/\/giannidavico.it\/gopiedmont\/#website","url":"https:\/\/giannidavico.it\/gopiedmont\/","name":"Go Piedmont","description":"pens\u00e9 dzora l\u00ecber, event e p\u00ebrson-e grop\u00e0 al Piemont e a la lenga piemont\u00e8isa","potentialAction":[{"@type":"SearchAction","target":{"@type":"EntryPoint","urlTemplate":"https:\/\/giannidavico.it\/gopiedmont\/?s={search_term_string}"},"query-input":"required name=search_term_string"}],"inLanguage":"it-IT"},{"@type":"Person","@id":"https:\/\/giannidavico.it\/gopiedmont\/#\/schema\/person\/ea1fd17d8f2dba325f3712219efa8f77","name":"giannidavico","image":{"@type":"ImageObject","inLanguage":"it-IT","@id":"https:\/\/giannidavico.it\/gopiedmont\/#\/schema\/person\/image\/","url":"https:\/\/secure.gravatar.com\/avatar\/337748753d882602f3038b55fb369ba1?s=96&d=mm&r=g","contentUrl":"https:\/\/secure.gravatar.com\/avatar\/337748753d882602f3038b55fb369ba1?s=96&d=mm&r=g","caption":"giannidavico"},"url":"https:\/\/giannidavico.it\/gopiedmont\/author\/giannidavico\/"}]}},"_links":{"self":[{"href":"https:\/\/giannidavico.it\/gopiedmont\/wp-json\/wp\/v2\/posts\/2893"}],"collection":[{"href":"https:\/\/giannidavico.it\/gopiedmont\/wp-json\/wp\/v2\/posts"}],"about":[{"href":"https:\/\/giannidavico.it\/gopiedmont\/wp-json\/wp\/v2\/types\/post"}],"author":[{"embeddable":true,"href":"https:\/\/giannidavico.it\/gopiedmont\/wp-json\/wp\/v2\/users\/4"}],"replies":[{"embeddable":true,"href":"https:\/\/giannidavico.it\/gopiedmont\/wp-json\/wp\/v2\/comments?post=2893"}],"version-history":[{"count":12,"href":"https:\/\/giannidavico.it\/gopiedmont\/wp-json\/wp\/v2\/posts\/2893\/revisions"}],"predecessor-version":[{"id":2949,"href":"https:\/\/giannidavico.it\/gopiedmont\/wp-json\/wp\/v2\/posts\/2893\/revisions\/2949"}],"wp:attachment":[{"href":"https:\/\/giannidavico.it\/gopiedmont\/wp-json\/wp\/v2\/media?parent=2893"}],"wp:term":[{"taxonomy":"category","embeddable":true,"href":"https:\/\/giannidavico.it\/gopiedmont\/wp-json\/wp\/v2\/categories?post=2893"},{"taxonomy":"post_tag","embeddable":true,"href":"https:\/\/giannidavico.it\/gopiedmont\/wp-json\/wp\/v2\/tags?post=2893"}],"curies":[{"name":"wp","href":"https:\/\/api.w.org\/{rel}","templated":true}]}}