{"id":2906,"date":"2015-08-19T06:00:05","date_gmt":"2015-08-19T05:00:05","guid":{"rendered":"https:\/\/giannidavico.it\/staging\/gopiedmont\/?p=2906"},"modified":"2015-08-18T11:39:50","modified_gmt":"2015-08-18T10:39:50","slug":"dumini-badalin-me-mari-vv-1-16","status":"publish","type":"post","link":"https:\/\/giannidavico.it\/gopiedmont\/2015\/08\/19\/dumini-badalin-me-mari-vv-1-16\/","title":{"rendered":"Dumini Badalin, M\u00e9 mari, vv. 1-16"},"content":{"rendered":"<p><a href=\"https:\/\/giannidavico.it\/gopiedmont\/files\/2015\/08\/dumini_badalin.jpg\"><img loading=\"lazy\" src=\"https:\/\/giannidavico.it\/gopiedmont\/files\/2015\/08\/dumini_badalin.jpg\" alt=\"dumini_badalin\" width=\"180\" height=\"230\" class=\"alignright size-full wp-image-2907\" \/><\/a><br \/>\nMari l&#8217;\u00e9 neut e l&#8217;\u00e9 la sgonda v\u00f2ta<br \/>\nche &#8216;nt l&#8217;ora &#8216;d sen-a &#8216;t treuvi nen an ca.<br \/>\nLa pruma, l&#8217;\u00e9 st\u00e0 quand che da la M\u00f2ta<br \/>\not sij ruvaja ch&#8217;j&#8217;avo za mangi\u00e0.<\/p>\n<p>Lo smentreu mai. O t&#8217;avi &#8216;l carameli<br \/>\ne mi content o j&#8217;era mniti ad\u00f2ss,<br \/>\nschinciand \u00ebd t\u00e8ra col t\u00f2 r\u00f2bi beli.<br \/>\nPeu ti, ghignand, o t&#8217;avi piami &#8216;n sc\u00f2ss,<\/p>\n<p>contandmi ch&#8217;ot ruvavi &#8216;n mach anlora<br \/>\nda b\u00e8ivi l&#8217;eva grama p\u00ebr var\u00ec<br \/>\ne ch&#8217;ot eri part\u00eca p\u00ebr bonora,<br \/>\nma &#8216;t voghivi nen l&#8217;ora d&#8217;essi qui.<\/p>\n<p>La sgonda v\u00f2ta, mari, l&#8217;\u00e9 stass\u00e8ria,<br \/>\n&#8216;t sij torna andaja sensa salitemi,<br \/>\nben anvuaraja &#8216;nt la t\u00f2 vesta neria&#8230;<br \/>\nMa &#8216;n sc\u00f2ss a ti mnireu p\u00f9 nen a stemi.<\/p>\n","protected":false},"excerpt":{"rendered":"<p><a href=\"https:\/\/giannidavico.it\/gopiedmont\/files\/2015\/08\/dumini_badalin.jpg\"><img loading=\"lazy\" src=\"https:\/\/giannidavico.it\/gopiedmont\/files\/2015\/08\/dumini_badalin.jpg\" alt=\"dumini_badalin\" width=\"180\" height=\"230\" class=\"alignright size-full wp-image-2907\" \/><\/a><br \/> Mari l&#8217;\u00e9 neut e l&#8217;\u00e9 la sgonda v\u00f2ta<br \/> che &#8216;nt l&#8217;ora &#8216;d sen-a &#8216;t treuvi nen an ca.<br \/> La pruma, l&#8217;\u00e9 st\u00e0 quand che da la M\u00f2ta<br \/> ot sij ruvaja ch&#8217;j&#8217;avo za mangi\u00e0.<\/p>\n<p>Lo smentreu mai. O t&#8217;avi &#8216;l carameli<br \/> e mi content o j&#8217;era mniti ad\u00f2ss,<br \/> schinciand \u00ebd t\u00e8ra col t\u00f2 r\u00f2bi beli.<br \/> Peu ti, ghignand, o t&#8217;avi piami &#8216;n sc\u00f2ss,<\/p>\n<p>contandmi ch&#8217;ot ruvavi &#8216;n mach anlora<br \/> da b\u00e8ivi l&#8217;eva grama p\u00ebr var\u00ec<br \/> e ch&#8217;ot eri part\u00eca p\u00ebr bonora,<br \/> ma &#8216;t voghivi nen l&#8217;ora d&#8217;essi qui.<\/p>\n<p>La sgonda v\u00f2ta, mari, l&#8217;\u00e9 stass\u00e8ria,<br \/> &#8216;t sij torna andaja sensa salitemi,<br \/> ben anvuaraja &#8216;nt la t\u00f2 vesta neria&#8230;<br \/> Ma &#8216;n sc\u00f2ss a ti mnireu p\u00f9 nen a stemi.<\/p>\n","protected":false},"author":4,"featured_media":0,"comment_status":"open","ping_status":"open","sticky":false,"template":"","format":"standard","meta":[],"categories":[130],"tags":[104],"yoast_head":"<!-- This site is optimized with the Yoast SEO plugin v19.14 - https:\/\/yoast.com\/wordpress\/plugins\/seo\/ -->\n<title>Dumini Badalin, M\u00e9 mari, vv. 1-16 - Go Piedmont<\/title>\n<meta name=\"robots\" content=\"index, follow, max-snippet:-1, max-image-preview:large, max-video-preview:-1\" \/>\n<link rel=\"canonical\" href=\"https:\/\/giannidavico.it\/gopiedmont\/2015\/08\/19\/dumini-badalin-me-mari-vv-1-16\/\" \/>\n<meta property=\"og:locale\" content=\"it_IT\" \/>\n<meta property=\"og:type\" content=\"article\" \/>\n<meta property=\"og:title\" content=\"Dumini Badalin, M\u00e9 mari, vv. 1-16 - Go Piedmont\" \/>\n<meta property=\"og:description\" content=\"Mari l&#8217;\u00e9 neut e l&#8217;\u00e9 la sgonda v\u00f2ta che &#8216;nt l&#8217;ora &#8216;d sen-a &#8216;t treuvi nen an ca. La pruma, l&#8217;\u00e9 st\u00e0 quand che da la M\u00f2ta ot sij ruvaja ch&#8217;j&#8217;avo za mangi\u00e0. Lo smentreu mai. O t&#8217;avi &#8216;l carameli e mi content o j&#8217;era mniti ad\u00f2ss, schinciand \u00ebd t\u00e8ra col t\u00f2 r\u00f2bi beli. Peu ti, ghignand, o t&#8217;avi piami &#8216;n sc\u00f2ss, contandmi ch&#8217;ot ruvavi &#8216;n mach anlora da b\u00e8ivi l&#8217;eva grama p\u00ebr var\u00ec e ch&#8217;ot eri part\u00eca p\u00ebr bonora, ma &#8216;t voghivi nen l&#8217;ora d&#8217;essi qui. La sgonda v\u00f2ta, mari, l&#8217;\u00e9 stass\u00e8ria, &#8216;t sij torna andaja sensa salitemi, ben anvuaraja &#8216;nt la t\u00f2 vesta neria&#8230; Ma &#8216;n sc\u00f2ss a ti mnireu p\u00f9 nen a stemi.\" \/>\n<meta property=\"og:url\" content=\"https:\/\/giannidavico.it\/gopiedmont\/2015\/08\/19\/dumini-badalin-me-mari-vv-1-16\/\" \/>\n<meta property=\"og:site_name\" content=\"Go Piedmont\" \/>\n<meta property=\"article:published_time\" content=\"2015-08-19T05:00:05+00:00\" \/>\n<meta property=\"article:modified_time\" content=\"2015-08-18T10:39:50+00:00\" \/>\n<meta property=\"og:image\" content=\"https:\/\/giannidavico.it\/gopiedmont\/files\/2015\/08\/dumini_badalin.jpg\" \/>\n<meta name=\"author\" content=\"giannidavico\" \/>\n<meta name=\"twitter:card\" content=\"summary_large_image\" \/>\n<meta name=\"twitter:label1\" content=\"Scritto da\" \/>\n\t<meta name=\"twitter:data1\" content=\"giannidavico\" \/>\n\t<meta name=\"twitter:label2\" content=\"Tempo di lettura stimato\" \/>\n\t<meta name=\"twitter:data2\" content=\"1 minuto\" \/>\n<script type=\"application\/ld+json\" class=\"yoast-schema-graph\">{\"@context\":\"https:\/\/schema.org\",\"@graph\":[{\"@type\":\"WebPage\",\"@id\":\"https:\/\/giannidavico.it\/gopiedmont\/2015\/08\/19\/dumini-badalin-me-mari-vv-1-16\/\",\"url\":\"https:\/\/giannidavico.it\/gopiedmont\/2015\/08\/19\/dumini-badalin-me-mari-vv-1-16\/\",\"name\":\"Dumini Badalin, M\u00e9 mari, vv. 1-16 - Go Piedmont\",\"isPartOf\":{\"@id\":\"https:\/\/giannidavico.it\/gopiedmont\/#website\"},\"datePublished\":\"2015-08-19T05:00:05+00:00\",\"dateModified\":\"2015-08-18T10:39:50+00:00\",\"author\":{\"@id\":\"https:\/\/giannidavico.it\/gopiedmont\/#\/schema\/person\/ea1fd17d8f2dba325f3712219efa8f77\"},\"inLanguage\":\"it-IT\",\"potentialAction\":[{\"@type\":\"ReadAction\",\"target\":[\"https:\/\/giannidavico.it\/gopiedmont\/2015\/08\/19\/dumini-badalin-me-mari-vv-1-16\/\"]}]},{\"@type\":\"WebSite\",\"@id\":\"https:\/\/giannidavico.it\/gopiedmont\/#website\",\"url\":\"https:\/\/giannidavico.it\/gopiedmont\/\",\"name\":\"Go Piedmont\",\"description\":\"pens\u00e9 dzora l\u00ecber, event e p\u00ebrson-e grop\u00e0 al Piemont e a la lenga piemont\u00e8isa\",\"potentialAction\":[{\"@type\":\"SearchAction\",\"target\":{\"@type\":\"EntryPoint\",\"urlTemplate\":\"https:\/\/giannidavico.it\/gopiedmont\/?s={search_term_string}\"},\"query-input\":\"required name=search_term_string\"}],\"inLanguage\":\"it-IT\"},{\"@type\":\"Person\",\"@id\":\"https:\/\/giannidavico.it\/gopiedmont\/#\/schema\/person\/ea1fd17d8f2dba325f3712219efa8f77\",\"name\":\"giannidavico\",\"image\":{\"@type\":\"ImageObject\",\"inLanguage\":\"it-IT\",\"@id\":\"https:\/\/giannidavico.it\/gopiedmont\/#\/schema\/person\/image\/\",\"url\":\"https:\/\/secure.gravatar.com\/avatar\/337748753d882602f3038b55fb369ba1?s=96&d=mm&r=g\",\"contentUrl\":\"https:\/\/secure.gravatar.com\/avatar\/337748753d882602f3038b55fb369ba1?s=96&d=mm&r=g\",\"caption\":\"giannidavico\"},\"url\":\"https:\/\/giannidavico.it\/gopiedmont\/author\/giannidavico\/\"}]}<\/script>\n<!-- \/ Yoast SEO plugin. -->","yoast_head_json":{"title":"Dumini Badalin, M\u00e9 mari, vv. 1-16 - Go Piedmont","robots":{"index":"index","follow":"follow","max-snippet":"max-snippet:-1","max-image-preview":"max-image-preview:large","max-video-preview":"max-video-preview:-1"},"canonical":"https:\/\/giannidavico.it\/gopiedmont\/2015\/08\/19\/dumini-badalin-me-mari-vv-1-16\/","og_locale":"it_IT","og_type":"article","og_title":"Dumini Badalin, M\u00e9 mari, vv. 1-16 - Go Piedmont","og_description":"Mari l&#8217;\u00e9 neut e l&#8217;\u00e9 la sgonda v\u00f2ta che &#8216;nt l&#8217;ora &#8216;d sen-a &#8216;t treuvi nen an ca. La pruma, l&#8217;\u00e9 st\u00e0 quand che da la M\u00f2ta ot sij ruvaja ch&#8217;j&#8217;avo za mangi\u00e0. Lo smentreu mai. O t&#8217;avi &#8216;l carameli e mi content o j&#8217;era mniti ad\u00f2ss, schinciand \u00ebd t\u00e8ra col t\u00f2 r\u00f2bi beli. Peu ti, ghignand, o t&#8217;avi piami &#8216;n sc\u00f2ss, contandmi ch&#8217;ot ruvavi &#8216;n mach anlora da b\u00e8ivi l&#8217;eva grama p\u00ebr var\u00ec e ch&#8217;ot eri part\u00eca p\u00ebr bonora, ma &#8216;t voghivi nen l&#8217;ora d&#8217;essi qui. La sgonda v\u00f2ta, mari, l&#8217;\u00e9 stass\u00e8ria, &#8216;t sij torna andaja sensa salitemi, ben anvuaraja &#8216;nt la t\u00f2 vesta neria&#8230; Ma &#8216;n sc\u00f2ss a ti mnireu p\u00f9 nen a stemi.","og_url":"https:\/\/giannidavico.it\/gopiedmont\/2015\/08\/19\/dumini-badalin-me-mari-vv-1-16\/","og_site_name":"Go Piedmont","article_published_time":"2015-08-19T05:00:05+00:00","article_modified_time":"2015-08-18T10:39:50+00:00","og_image":[{"url":"https:\/\/giannidavico.it\/gopiedmont\/files\/2015\/08\/dumini_badalin.jpg"}],"author":"giannidavico","twitter_card":"summary_large_image","twitter_misc":{"Scritto da":"giannidavico","Tempo di lettura stimato":"1 minuto"},"schema":{"@context":"https:\/\/schema.org","@graph":[{"@type":"WebPage","@id":"https:\/\/giannidavico.it\/gopiedmont\/2015\/08\/19\/dumini-badalin-me-mari-vv-1-16\/","url":"https:\/\/giannidavico.it\/gopiedmont\/2015\/08\/19\/dumini-badalin-me-mari-vv-1-16\/","name":"Dumini Badalin, M\u00e9 mari, vv. 1-16 - Go Piedmont","isPartOf":{"@id":"https:\/\/giannidavico.it\/gopiedmont\/#website"},"datePublished":"2015-08-19T05:00:05+00:00","dateModified":"2015-08-18T10:39:50+00:00","author":{"@id":"https:\/\/giannidavico.it\/gopiedmont\/#\/schema\/person\/ea1fd17d8f2dba325f3712219efa8f77"},"inLanguage":"it-IT","potentialAction":[{"@type":"ReadAction","target":["https:\/\/giannidavico.it\/gopiedmont\/2015\/08\/19\/dumini-badalin-me-mari-vv-1-16\/"]}]},{"@type":"WebSite","@id":"https:\/\/giannidavico.it\/gopiedmont\/#website","url":"https:\/\/giannidavico.it\/gopiedmont\/","name":"Go Piedmont","description":"pens\u00e9 dzora l\u00ecber, event e p\u00ebrson-e grop\u00e0 al Piemont e a la lenga piemont\u00e8isa","potentialAction":[{"@type":"SearchAction","target":{"@type":"EntryPoint","urlTemplate":"https:\/\/giannidavico.it\/gopiedmont\/?s={search_term_string}"},"query-input":"required name=search_term_string"}],"inLanguage":"it-IT"},{"@type":"Person","@id":"https:\/\/giannidavico.it\/gopiedmont\/#\/schema\/person\/ea1fd17d8f2dba325f3712219efa8f77","name":"giannidavico","image":{"@type":"ImageObject","inLanguage":"it-IT","@id":"https:\/\/giannidavico.it\/gopiedmont\/#\/schema\/person\/image\/","url":"https:\/\/secure.gravatar.com\/avatar\/337748753d882602f3038b55fb369ba1?s=96&d=mm&r=g","contentUrl":"https:\/\/secure.gravatar.com\/avatar\/337748753d882602f3038b55fb369ba1?s=96&d=mm&r=g","caption":"giannidavico"},"url":"https:\/\/giannidavico.it\/gopiedmont\/author\/giannidavico\/"}]}},"_links":{"self":[{"href":"https:\/\/giannidavico.it\/gopiedmont\/wp-json\/wp\/v2\/posts\/2906"}],"collection":[{"href":"https:\/\/giannidavico.it\/gopiedmont\/wp-json\/wp\/v2\/posts"}],"about":[{"href":"https:\/\/giannidavico.it\/gopiedmont\/wp-json\/wp\/v2\/types\/post"}],"author":[{"embeddable":true,"href":"https:\/\/giannidavico.it\/gopiedmont\/wp-json\/wp\/v2\/users\/4"}],"replies":[{"embeddable":true,"href":"https:\/\/giannidavico.it\/gopiedmont\/wp-json\/wp\/v2\/comments?post=2906"}],"version-history":[{"count":2,"href":"https:\/\/giannidavico.it\/gopiedmont\/wp-json\/wp\/v2\/posts\/2906\/revisions"}],"predecessor-version":[{"id":2909,"href":"https:\/\/giannidavico.it\/gopiedmont\/wp-json\/wp\/v2\/posts\/2906\/revisions\/2909"}],"wp:attachment":[{"href":"https:\/\/giannidavico.it\/gopiedmont\/wp-json\/wp\/v2\/media?parent=2906"}],"wp:term":[{"taxonomy":"category","embeddable":true,"href":"https:\/\/giannidavico.it\/gopiedmont\/wp-json\/wp\/v2\/categories?post=2906"},{"taxonomy":"post_tag","embeddable":true,"href":"https:\/\/giannidavico.it\/gopiedmont\/wp-json\/wp\/v2\/tags?post=2906"}],"curies":[{"name":"wp","href":"https:\/\/api.w.org\/{rel}","templated":true}]}}