{"id":2910,"date":"2015-08-26T09:47:11","date_gmt":"2015-08-26T08:47:11","guid":{"rendered":"https:\/\/giannidavico.it\/staging\/gopiedmont\/?p=2910"},"modified":"2015-08-26T09:47:11","modified_gmt":"2015-08-26T08:47:11","slug":"marce-an-corsica","status":"publish","type":"post","link":"https:\/\/giannidavico.it\/gopiedmont\/2015\/08\/26\/marce-an-corsica\/","title":{"rendered":"Marc\u00e9 an C\u00f2rsica"},"content":{"rendered":"<p><a href=\"https:\/\/giannidavico.it\/gopiedmont\/files\/2015\/08\/castagnu.jpg\"><img loading=\"lazy\" src=\"https:\/\/giannidavico.it\/gopiedmont\/files\/2015\/08\/castagnu-225x300.jpg\" alt=\"castagnu\" width=\"225\" height=\"300\" class=\"alignright size-medium wp-image-2912\" srcset=\"https:\/\/giannidavico.it\/gopiedmont\/files\/2015\/08\/castagnu-225x300.jpg 225w, https:\/\/giannidavico.it\/gopiedmont\/files\/2015\/08\/castagnu.jpg 720w\" sizes=\"(max-width: 225px) 100vw, 225px\" \/><\/a><br \/>\nLa C\u00f2rsica a l&#8217;\u00e9 nen na specie \u2018d Polinesia un p\u00f2ch p\u00ec davsin-a, ma pit\u00f2st na val Grana un p\u00f2ch p\u00ec leugna. Cost concet a j&#8217;era gi\u00e0 andrinta &#8216;d mi &#8211; bele se an manera un p\u00f2ch confusa &#8211; t\u00ebrdes agn f\u00e0, quand che p\u00ebr la prima vira i son ruv\u00e0 da coste bande, e con \u00ebl temp a diventa sempe p\u00ec sclint.<\/p>\n<p>P\u00ebr av\u00e8jne la preuva sensa ombra &#8216;d d\u00f9bit a basta mont\u00e9 un p\u00e0ira d&#8217;ore ansima a na montagna dle tante. Da l\u00ec, marciand, as vogh bin che &#8216;l mar a l&#8217;\u00e9 p\u00f2ch p\u00ec che n&#8217;incident. Na r\u00f2ba bela, as capiss, ma nen l\u00f2n ch&#8217;a caraterisa costa t\u00e8ra.<\/p>\n<p>S\u00ec a ven-o a taj le par\u00f2le &#8216;d Cesare Pavese, che an <em>Il diavolo sulle colline<\/em> a dis:<\/p>\n<blockquote><p>Mi torn\u00f2 in mente nel buio quel progetto di traversare le colline, sacco in spalla, con Pieretto. Non invidiavo le automobili. Sapevo che in automobile si traversa, non si conosce una terra.<\/p><\/blockquote>\n<p>E marciand p\u00ebr coste montagne i capiss tante r\u00f2be. Pr&#8217;esempi che ambeless\u00ec i sarai sempi n&#8217;\u00f2spite: magara bele quaidun ch&#8217;a con\u00f2ss bin costa t\u00e8ra, ma ant l&#8217;istess temp quaidun ch&#8217;a f\u00e0 nen part d\u00ebl p\u00f2st. E donca che cost marc\u00e9 fin-a che ij p\u00e9 a van a l&#8217;\u00e9 na manera &#8216;d s\u00ebrch\u00e9 d&#8217;ambrass\u00e9 na t\u00e8ra, s\u00ebrch\u00e9 \u00ebd capila bin savend che capila a sar\u00e0 nen poss\u00ecbil.<\/p>\n<p>Ma an tute le manere as va, as va e basta. Ier a na certa mira i j&#8217;era an mes a le ronse e ai r\u00f2ch, i sav\u00eca p\u00ec nen com gavemla ma peui preuva e ripreuva anche da cole ronse i son sort\u00ec. Un p\u00f2ch sgrafign\u00e0, as capiss, ma content d&#8217;esse ambelel\u00ec an col moment, p\u00ebr gnun motiv diferent che nen p\u00ebr col l\u00ec.<\/p>\n<p>Ambrass\u00e9 na t\u00e8ra, con l\u00eb sguard, con ij p\u00e9, con ij brass. Ambrassela e basta.<\/p>\n","protected":false},"excerpt":{"rendered":"<p><a href=\"https:\/\/giannidavico.it\/gopiedmont\/files\/2015\/08\/castagnu.jpg\"><img loading=\"lazy\" src=\"https:\/\/giannidavico.it\/gopiedmont\/files\/2015\/08\/castagnu-225x300.jpg\" alt=\"castagnu\" width=\"225\" height=\"300\" class=\"alignright size-medium wp-image-2912\" srcset=\"https:\/\/giannidavico.it\/gopiedmont\/files\/2015\/08\/castagnu-225x300.jpg 225w, https:\/\/giannidavico.it\/gopiedmont\/files\/2015\/08\/castagnu.jpg 720w\" sizes=\"(max-width: 225px) 100vw, 225px\" \/><\/a><br \/> La C\u00f2rsica a l&#8217;\u00e9 nen na specie \u2018d Polinesia un p\u00f2ch p\u00ec davsin-a, ma pit\u00f2st na val Grana un p\u00f2ch p\u00ec leugna. Cost concet a j&#8217;era gi\u00e0 andrinta &#8216;d mi &#8211; bele se an manera un p\u00f2ch confusa &#8211; t\u00ebrdes agn f\u00e0, quand che p\u00ebr la prima vira i son ruv\u00e0 da coste bande, e con \u00ebl temp a diventa sempe p\u00ec sclint.<\/p>\n<p>P\u00ebr av\u00e8jne la preuva sensa ombra &#8216;d d\u00f9bit a basta mont\u00e9 un p\u00e0ira d&#8217;ore ansima a na montagna dle tante. Da l\u00ec, marciand, as vogh bin che &#8216;l mar a l&#8217;\u00e9 p\u00f2ch p\u00ec che n&#8217;incident. Na r\u00f2ba bela, as capiss, ma nen l\u00f2n ch&#8217;a caraterisa costa t\u00e8ra.<\/p>\n<p>S\u00ec a ven-o a taj le par\u00f2le &#8216;d Cesare Pavese, che an <em>Il diavolo sulle colline<\/em> a dis:<\/p>\n<p>Mi torn\u00f2 in mente nel buio quel progetto di traversare le colline, sacco in spalla, con Pieretto. Non invidiavo le automobili. Sapevo che in automobile si traversa, non si conosce una terra.<\/p>\n<p>E marciand p\u00ebr coste montagne i capiss tante r\u00f2be. Pr&#8217;esempi che ambeless\u00ec i sarai sempi n&#8217;\u00f2spite: magara bele quaidun ch&#8217;a [\u2026] <a class=\"moretag\" href=\"https:\/\/giannidavico.it\/gopiedmont\/2015\/08\/26\/marce-an-corsica\/\">continua a leggere \u00bb<\/a><\/p>\n","protected":false},"author":4,"featured_media":0,"comment_status":"open","ping_status":"open","sticky":false,"template":"","format":"standard","meta":[],"categories":[130],"tags":[4019],"yoast_head":"<!-- This site is optimized with the Yoast SEO plugin v19.14 - https:\/\/yoast.com\/wordpress\/plugins\/seo\/ -->\n<title>Marc\u00e9 an C\u00f2rsica - Go Piedmont<\/title>\n<meta name=\"robots\" content=\"index, follow, max-snippet:-1, max-image-preview:large, max-video-preview:-1\" \/>\n<link rel=\"canonical\" href=\"https:\/\/giannidavico.it\/gopiedmont\/2015\/08\/26\/marce-an-corsica\/\" \/>\n<meta property=\"og:locale\" content=\"it_IT\" \/>\n<meta property=\"og:type\" content=\"article\" \/>\n<meta property=\"og:title\" content=\"Marc\u00e9 an C\u00f2rsica - Go Piedmont\" \/>\n<meta property=\"og:description\" content=\"La C\u00f2rsica a l&#8217;\u00e9 nen na specie \u2018d Polinesia un p\u00f2ch p\u00ec davsin-a, ma pit\u00f2st na val Grana un p\u00f2ch p\u00ec leugna. Cost concet a j&#8217;era gi\u00e0 andrinta &#8216;d mi &#8211; bele se an manera un p\u00f2ch confusa &#8211; t\u00ebrdes agn f\u00e0, quand che p\u00ebr la prima vira i son ruv\u00e0 da coste bande, e con \u00ebl temp a diventa sempe p\u00ec sclint. P\u00ebr av\u00e8jne la preuva sensa ombra &#8216;d d\u00f9bit a basta mont\u00e9 un p\u00e0ira d&#8217;ore ansima a na montagna dle tante. Da l\u00ec, marciand, as vogh bin che &#8216;l mar a l&#8217;\u00e9 p\u00f2ch p\u00ec che n&#8217;incident. Na r\u00f2ba bela, as capiss, ma nen l\u00f2n ch&#8217;a caraterisa costa t\u00e8ra. S\u00ec a ven-o a taj le par\u00f2le &#8216;d Cesare Pavese, che an Il diavolo sulle colline a dis: Mi torn\u00f2 in mente nel buio quel progetto di traversare le colline, sacco in spalla, con Pieretto. Non invidiavo le automobili. Sapevo che in automobile si traversa, non si conosce una terra. E marciand p\u00ebr coste montagne i capiss tante r\u00f2be. Pr&#8217;esempi che ambeless\u00ec i sarai sempi n&#8217;\u00f2spite: magara bele quaidun ch&#8217;a [\u2026] continua a leggere \u00bb\" \/>\n<meta property=\"og:url\" content=\"https:\/\/giannidavico.it\/gopiedmont\/2015\/08\/26\/marce-an-corsica\/\" \/>\n<meta property=\"og:site_name\" content=\"Go Piedmont\" \/>\n<meta property=\"article:published_time\" content=\"2015-08-26T08:47:11+00:00\" \/>\n<meta property=\"og:image\" content=\"https:\/\/giannidavico.it\/gopiedmont\/files\/2015\/08\/castagnu-225x300.jpg\" \/>\n<meta name=\"author\" content=\"giannidavico\" \/>\n<meta name=\"twitter:card\" content=\"summary_large_image\" \/>\n<meta name=\"twitter:label1\" content=\"Scritto da\" \/>\n\t<meta name=\"twitter:data1\" content=\"giannidavico\" \/>\n\t<meta name=\"twitter:label2\" content=\"Tempo di lettura stimato\" \/>\n\t<meta name=\"twitter:data2\" content=\"2 minuti\" \/>\n<script type=\"application\/ld+json\" class=\"yoast-schema-graph\">{\"@context\":\"https:\/\/schema.org\",\"@graph\":[{\"@type\":\"WebPage\",\"@id\":\"https:\/\/giannidavico.it\/gopiedmont\/2015\/08\/26\/marce-an-corsica\/\",\"url\":\"https:\/\/giannidavico.it\/gopiedmont\/2015\/08\/26\/marce-an-corsica\/\",\"name\":\"Marc\u00e9 an C\u00f2rsica - Go Piedmont\",\"isPartOf\":{\"@id\":\"https:\/\/giannidavico.it\/gopiedmont\/#website\"},\"datePublished\":\"2015-08-26T08:47:11+00:00\",\"dateModified\":\"2015-08-26T08:47:11+00:00\",\"author\":{\"@id\":\"https:\/\/giannidavico.it\/gopiedmont\/#\/schema\/person\/ea1fd17d8f2dba325f3712219efa8f77\"},\"inLanguage\":\"it-IT\",\"potentialAction\":[{\"@type\":\"ReadAction\",\"target\":[\"https:\/\/giannidavico.it\/gopiedmont\/2015\/08\/26\/marce-an-corsica\/\"]}]},{\"@type\":\"WebSite\",\"@id\":\"https:\/\/giannidavico.it\/gopiedmont\/#website\",\"url\":\"https:\/\/giannidavico.it\/gopiedmont\/\",\"name\":\"Go Piedmont\",\"description\":\"pens\u00e9 dzora l\u00ecber, event e p\u00ebrson-e grop\u00e0 al Piemont e a la lenga piemont\u00e8isa\",\"potentialAction\":[{\"@type\":\"SearchAction\",\"target\":{\"@type\":\"EntryPoint\",\"urlTemplate\":\"https:\/\/giannidavico.it\/gopiedmont\/?s={search_term_string}\"},\"query-input\":\"required name=search_term_string\"}],\"inLanguage\":\"it-IT\"},{\"@type\":\"Person\",\"@id\":\"https:\/\/giannidavico.it\/gopiedmont\/#\/schema\/person\/ea1fd17d8f2dba325f3712219efa8f77\",\"name\":\"giannidavico\",\"image\":{\"@type\":\"ImageObject\",\"inLanguage\":\"it-IT\",\"@id\":\"https:\/\/giannidavico.it\/gopiedmont\/#\/schema\/person\/image\/\",\"url\":\"https:\/\/secure.gravatar.com\/avatar\/337748753d882602f3038b55fb369ba1?s=96&d=mm&r=g\",\"contentUrl\":\"https:\/\/secure.gravatar.com\/avatar\/337748753d882602f3038b55fb369ba1?s=96&d=mm&r=g\",\"caption\":\"giannidavico\"},\"url\":\"https:\/\/giannidavico.it\/gopiedmont\/author\/giannidavico\/\"}]}<\/script>\n<!-- \/ Yoast SEO plugin. -->","yoast_head_json":{"title":"Marc\u00e9 an C\u00f2rsica - Go Piedmont","robots":{"index":"index","follow":"follow","max-snippet":"max-snippet:-1","max-image-preview":"max-image-preview:large","max-video-preview":"max-video-preview:-1"},"canonical":"https:\/\/giannidavico.it\/gopiedmont\/2015\/08\/26\/marce-an-corsica\/","og_locale":"it_IT","og_type":"article","og_title":"Marc\u00e9 an C\u00f2rsica - Go Piedmont","og_description":"La C\u00f2rsica a l&#8217;\u00e9 nen na specie \u2018d Polinesia un p\u00f2ch p\u00ec davsin-a, ma pit\u00f2st na val Grana un p\u00f2ch p\u00ec leugna. Cost concet a j&#8217;era gi\u00e0 andrinta &#8216;d mi &#8211; bele se an manera un p\u00f2ch confusa &#8211; t\u00ebrdes agn f\u00e0, quand che p\u00ebr la prima vira i son ruv\u00e0 da coste bande, e con \u00ebl temp a diventa sempe p\u00ec sclint. P\u00ebr av\u00e8jne la preuva sensa ombra &#8216;d d\u00f9bit a basta mont\u00e9 un p\u00e0ira d&#8217;ore ansima a na montagna dle tante. Da l\u00ec, marciand, as vogh bin che &#8216;l mar a l&#8217;\u00e9 p\u00f2ch p\u00ec che n&#8217;incident. Na r\u00f2ba bela, as capiss, ma nen l\u00f2n ch&#8217;a caraterisa costa t\u00e8ra. S\u00ec a ven-o a taj le par\u00f2le &#8216;d Cesare Pavese, che an Il diavolo sulle colline a dis: Mi torn\u00f2 in mente nel buio quel progetto di traversare le colline, sacco in spalla, con Pieretto. Non invidiavo le automobili. Sapevo che in automobile si traversa, non si conosce una terra. E marciand p\u00ebr coste montagne i capiss tante r\u00f2be. Pr&#8217;esempi che ambeless\u00ec i sarai sempi n&#8217;\u00f2spite: magara bele quaidun ch&#8217;a [\u2026] continua a leggere \u00bb","og_url":"https:\/\/giannidavico.it\/gopiedmont\/2015\/08\/26\/marce-an-corsica\/","og_site_name":"Go Piedmont","article_published_time":"2015-08-26T08:47:11+00:00","og_image":[{"url":"https:\/\/giannidavico.it\/gopiedmont\/files\/2015\/08\/castagnu-225x300.jpg"}],"author":"giannidavico","twitter_card":"summary_large_image","twitter_misc":{"Scritto da":"giannidavico","Tempo di lettura stimato":"2 minuti"},"schema":{"@context":"https:\/\/schema.org","@graph":[{"@type":"WebPage","@id":"https:\/\/giannidavico.it\/gopiedmont\/2015\/08\/26\/marce-an-corsica\/","url":"https:\/\/giannidavico.it\/gopiedmont\/2015\/08\/26\/marce-an-corsica\/","name":"Marc\u00e9 an C\u00f2rsica - Go Piedmont","isPartOf":{"@id":"https:\/\/giannidavico.it\/gopiedmont\/#website"},"datePublished":"2015-08-26T08:47:11+00:00","dateModified":"2015-08-26T08:47:11+00:00","author":{"@id":"https:\/\/giannidavico.it\/gopiedmont\/#\/schema\/person\/ea1fd17d8f2dba325f3712219efa8f77"},"inLanguage":"it-IT","potentialAction":[{"@type":"ReadAction","target":["https:\/\/giannidavico.it\/gopiedmont\/2015\/08\/26\/marce-an-corsica\/"]}]},{"@type":"WebSite","@id":"https:\/\/giannidavico.it\/gopiedmont\/#website","url":"https:\/\/giannidavico.it\/gopiedmont\/","name":"Go Piedmont","description":"pens\u00e9 dzora l\u00ecber, event e p\u00ebrson-e grop\u00e0 al Piemont e a la lenga piemont\u00e8isa","potentialAction":[{"@type":"SearchAction","target":{"@type":"EntryPoint","urlTemplate":"https:\/\/giannidavico.it\/gopiedmont\/?s={search_term_string}"},"query-input":"required name=search_term_string"}],"inLanguage":"it-IT"},{"@type":"Person","@id":"https:\/\/giannidavico.it\/gopiedmont\/#\/schema\/person\/ea1fd17d8f2dba325f3712219efa8f77","name":"giannidavico","image":{"@type":"ImageObject","inLanguage":"it-IT","@id":"https:\/\/giannidavico.it\/gopiedmont\/#\/schema\/person\/image\/","url":"https:\/\/secure.gravatar.com\/avatar\/337748753d882602f3038b55fb369ba1?s=96&d=mm&r=g","contentUrl":"https:\/\/secure.gravatar.com\/avatar\/337748753d882602f3038b55fb369ba1?s=96&d=mm&r=g","caption":"giannidavico"},"url":"https:\/\/giannidavico.it\/gopiedmont\/author\/giannidavico\/"}]}},"_links":{"self":[{"href":"https:\/\/giannidavico.it\/gopiedmont\/wp-json\/wp\/v2\/posts\/2910"}],"collection":[{"href":"https:\/\/giannidavico.it\/gopiedmont\/wp-json\/wp\/v2\/posts"}],"about":[{"href":"https:\/\/giannidavico.it\/gopiedmont\/wp-json\/wp\/v2\/types\/post"}],"author":[{"embeddable":true,"href":"https:\/\/giannidavico.it\/gopiedmont\/wp-json\/wp\/v2\/users\/4"}],"replies":[{"embeddable":true,"href":"https:\/\/giannidavico.it\/gopiedmont\/wp-json\/wp\/v2\/comments?post=2910"}],"version-history":[{"count":6,"href":"https:\/\/giannidavico.it\/gopiedmont\/wp-json\/wp\/v2\/posts\/2910\/revisions"}],"predecessor-version":[{"id":2917,"href":"https:\/\/giannidavico.it\/gopiedmont\/wp-json\/wp\/v2\/posts\/2910\/revisions\/2917"}],"wp:attachment":[{"href":"https:\/\/giannidavico.it\/gopiedmont\/wp-json\/wp\/v2\/media?parent=2910"}],"wp:term":[{"taxonomy":"category","embeddable":true,"href":"https:\/\/giannidavico.it\/gopiedmont\/wp-json\/wp\/v2\/categories?post=2910"},{"taxonomy":"post_tag","embeddable":true,"href":"https:\/\/giannidavico.it\/gopiedmont\/wp-json\/wp\/v2\/tags?post=2910"}],"curies":[{"name":"wp","href":"https:\/\/api.w.org\/{rel}","templated":true}]}}