{"id":2919,"date":"2015-09-02T10:24:15","date_gmt":"2015-09-02T09:24:15","guid":{"rendered":"https:\/\/giannidavico.it\/staging\/gopiedmont\/?p=2919"},"modified":"2015-09-02T10:24:15","modified_gmt":"2015-09-02T09:24:15","slug":"fe-un-quaranteut","status":"publish","type":"post","link":"https:\/\/giannidavico.it\/gopiedmont\/2015\/09\/02\/fe-un-quaranteut\/","title":{"rendered":"F\u00e9 un quaranteut"},"content":{"rendered":"<p><a href=\"https:\/\/giannidavico.it\/gopiedmont\/files\/2015\/09\/IMG_1963.jpg\"><img loading=\"lazy\" src=\"https:\/\/giannidavico.it\/gopiedmont\/files\/2015\/09\/IMG_1963-300x225.jpg\" alt=\"IMG_1963\" width=\"300\" height=\"225\" class=\"alignright size-medium wp-image-2921\" srcset=\"https:\/\/giannidavico.it\/gopiedmont\/files\/2015\/09\/IMG_1963-300x225.jpg 300w, https:\/\/giannidavico.it\/gopiedmont\/files\/2015\/09\/IMG_1963.jpg 1024w\" sizes=\"(max-width: 300px) 100vw, 300px\" \/><\/a><br \/>\nI l&#8217;hai travers\u00e0 con la famija la mia patria sconda an m\u00e0china, ier.<\/p>\n<p>Ier a ancaminava me an n\u00f9mer 49, e pass\u00e9 \u00ebl di ant ij p\u00f2st &#8211; Porto Pollo e anviron &#8211; che p\u00ebr mi, sarand j&#8217;euj, a son ca a l&#8217;\u00e9 st\u00e0it \u00ebl regal p\u00ec bel. (<a href=\"https:\/\/giannidavico.it\/brainfood\/2015\/08\/31\/quarantotto-cioe\/\">Ambeless\u00ec<\/a> a-i \u00e9 tuta la st\u00f2ria.)<\/p>\n<p>Arlongh \u00ebl di a l&#8217;\u00e9 rivame na teor\u00eca costanta d&#8217;auguri, r\u00f2ba che a f\u00e0 bon ben pias\u00ec. Le sensassion am guidavo; e un sintagma, la <em>festa dj&#8217;agn<\/em>, p\u00ebr \u00ebl qual a venta ch&#8217;i disa grassie a Nicola Duberti.<\/p>\n<p>Tanti moment d\u00ebl di am resteran andrinta. Ruv\u00e9, a mesa matin, al <a href=\"https:\/\/giannidavico.it\/blog\/2011\/07\/14\/amor-di-corsica\/\">San Petru<\/a> p\u00ebr prenot\u00e9 \u00ebl disn\u00e9. Spass\u00ebgg\u00e9 p\u00ebr Porto Pollo, campand l&#8217;euj ai p\u00f2st ant\u00e9 ch&#8217;i l&#8217;oma pass\u00e0 tante ist\u00e0. Gir\u00e9 p\u00ebr \u00ebl golf d\u00ebl Valinco, ant\u00e9 che squasi minca pera, minca cartel, minca ca a son grop\u00e0 a un ric\u00f2rd, a na par\u00f2la dita, a na sensassion.<\/p>\n<p>An doe par\u00f2le l&#8217;id\u00e8ja general a l&#8217;\u00e9 che la C\u00f2rsica &#8211; met\u00e0fora pien-a dla vita &#8211; a l&#8217;\u00e9 nen (mach) un p\u00f2st \u00ebd vacansa, ma a l&#8217;\u00e9 dzora &#8216;d tut un p\u00f2st \u00ebd viagi.<\/p>\n","protected":false},"excerpt":{"rendered":"<p><a href=\"https:\/\/giannidavico.it\/gopiedmont\/files\/2015\/09\/IMG_1963.jpg\"><img loading=\"lazy\" src=\"https:\/\/giannidavico.it\/gopiedmont\/files\/2015\/09\/IMG_1963-300x225.jpg\" alt=\"IMG_1963\" width=\"300\" height=\"225\" class=\"alignright size-medium wp-image-2921\" srcset=\"https:\/\/giannidavico.it\/gopiedmont\/files\/2015\/09\/IMG_1963-300x225.jpg 300w, https:\/\/giannidavico.it\/gopiedmont\/files\/2015\/09\/IMG_1963.jpg 1024w\" sizes=\"(max-width: 300px) 100vw, 300px\" \/><\/a><br \/> I l&#8217;hai travers\u00e0 con la famija la mia patria sconda an m\u00e0china, ier.<\/p>\n<p>Ier a ancaminava me an n\u00f9mer 49, e pass\u00e9 \u00ebl di ant ij p\u00f2st &#8211; Porto Pollo e anviron &#8211; che p\u00ebr mi, sarand j&#8217;euj, a son ca a l&#8217;\u00e9 st\u00e0it \u00ebl regal p\u00ec bel. (<a href=\"https:\/\/giannidavico.it\/brainfood\/2015\/08\/31\/quarantotto-cioe\/\">Ambeless\u00ec<\/a> a-i \u00e9 tuta la st\u00f2ria.)<\/p>\n<p>Arlongh \u00ebl di a l&#8217;\u00e9 rivame na teor\u00eca costanta d&#8217;auguri, r\u00f2ba che a f\u00e0 bon ben pias\u00ec. Le sensassion am guidavo; e un sintagma, la <em>festa dj&#8217;agn<\/em>, p\u00ebr \u00ebl qual a venta ch&#8217;i disa grassie a Nicola Duberti.<\/p>\n<p>Tanti moment d\u00ebl di am resteran andrinta. Ruv\u00e9, a mesa matin, al <a href=\"https:\/\/giannidavico.it\/blog\/2011\/07\/14\/amor-di-corsica\/\">San Petru<\/a> p\u00ebr prenot\u00e9 \u00ebl disn\u00e9. Spass\u00ebgg\u00e9 p\u00ebr Porto Pollo, campand l&#8217;euj ai p\u00f2st ant\u00e9 ch&#8217;i l&#8217;oma pass\u00e0 tante ist\u00e0. Gir\u00e9 p\u00ebr \u00ebl golf d\u00ebl Valinco, ant\u00e9 che squasi minca pera, minca cartel, minca ca a son grop\u00e0 a un ric\u00f2rd, a na par\u00f2la dita, a na sensassion.<\/p>\n<p>An doe par\u00f2le l&#8217;id\u00e8ja general a l&#8217;\u00e9 che la C\u00f2rsica &#8211; met\u00e0fora pien-a dla vita &#8211; a l&#8217;\u00e9 nen (mach) un p\u00f2st \u00ebd vacansa, ma a [\u2026] <a class=\"moretag\" href=\"https:\/\/giannidavico.it\/gopiedmont\/2015\/09\/02\/fe-un-quaranteut\/\">continua a leggere \u00bb<\/a><\/p>\n","protected":false},"author":4,"featured_media":0,"comment_status":"open","ping_status":"open","sticky":false,"template":"","format":"standard","meta":[],"categories":[130],"tags":[7651,76,4019],"yoast_head":"<!-- This site is optimized with the Yoast SEO plugin v19.14 - https:\/\/yoast.com\/wordpress\/plugins\/seo\/ -->\n<title>F\u00e9 un quaranteut - Go Piedmont<\/title>\n<meta name=\"robots\" content=\"index, follow, max-snippet:-1, max-image-preview:large, max-video-preview:-1\" \/>\n<link rel=\"canonical\" href=\"https:\/\/giannidavico.it\/gopiedmont\/2015\/09\/02\/fe-un-quaranteut\/\" \/>\n<meta property=\"og:locale\" content=\"it_IT\" \/>\n<meta property=\"og:type\" content=\"article\" \/>\n<meta property=\"og:title\" content=\"F\u00e9 un quaranteut - Go Piedmont\" \/>\n<meta property=\"og:description\" content=\"I l&#8217;hai travers\u00e0 con la famija la mia patria sconda an m\u00e0china, ier. Ier a ancaminava me an n\u00f9mer 49, e pass\u00e9 \u00ebl di ant ij p\u00f2st &#8211; Porto Pollo e anviron &#8211; che p\u00ebr mi, sarand j&#8217;euj, a son ca a l&#8217;\u00e9 st\u00e0it \u00ebl regal p\u00ec bel. (Ambeless\u00ec a-i \u00e9 tuta la st\u00f2ria.) Arlongh \u00ebl di a l&#8217;\u00e9 rivame na teor\u00eca costanta d&#8217;auguri, r\u00f2ba che a f\u00e0 bon ben pias\u00ec. Le sensassion am guidavo; e un sintagma, la festa dj&#8217;agn, p\u00ebr \u00ebl qual a venta ch&#8217;i disa grassie a Nicola Duberti. Tanti moment d\u00ebl di am resteran andrinta. Ruv\u00e9, a mesa matin, al San Petru p\u00ebr prenot\u00e9 \u00ebl disn\u00e9. Spass\u00ebgg\u00e9 p\u00ebr Porto Pollo, campand l&#8217;euj ai p\u00f2st ant\u00e9 ch&#8217;i l&#8217;oma pass\u00e0 tante ist\u00e0. Gir\u00e9 p\u00ebr \u00ebl golf d\u00ebl Valinco, ant\u00e9 che squasi minca pera, minca cartel, minca ca a son grop\u00e0 a un ric\u00f2rd, a na par\u00f2la dita, a na sensassion. An doe par\u00f2le l&#8217;id\u00e8ja general a l&#8217;\u00e9 che la C\u00f2rsica &#8211; met\u00e0fora pien-a dla vita &#8211; a l&#8217;\u00e9 nen (mach) un p\u00f2st \u00ebd vacansa, ma a [\u2026] continua a leggere \u00bb\" \/>\n<meta property=\"og:url\" content=\"https:\/\/giannidavico.it\/gopiedmont\/2015\/09\/02\/fe-un-quaranteut\/\" \/>\n<meta property=\"og:site_name\" content=\"Go Piedmont\" \/>\n<meta property=\"article:published_time\" content=\"2015-09-02T09:24:15+00:00\" \/>\n<meta property=\"og:image\" content=\"https:\/\/giannidavico.it\/gopiedmont\/files\/2015\/09\/IMG_1963-300x225.jpg\" \/>\n<meta name=\"author\" content=\"giannidavico\" \/>\n<meta name=\"twitter:card\" content=\"summary_large_image\" \/>\n<meta name=\"twitter:label1\" content=\"Scritto da\" \/>\n\t<meta name=\"twitter:data1\" content=\"giannidavico\" \/>\n\t<meta name=\"twitter:label2\" content=\"Tempo di lettura stimato\" \/>\n\t<meta name=\"twitter:data2\" content=\"1 minuto\" \/>\n<script type=\"application\/ld+json\" class=\"yoast-schema-graph\">{\"@context\":\"https:\/\/schema.org\",\"@graph\":[{\"@type\":\"WebPage\",\"@id\":\"https:\/\/giannidavico.it\/gopiedmont\/2015\/09\/02\/fe-un-quaranteut\/\",\"url\":\"https:\/\/giannidavico.it\/gopiedmont\/2015\/09\/02\/fe-un-quaranteut\/\",\"name\":\"F\u00e9 un quaranteut - Go Piedmont\",\"isPartOf\":{\"@id\":\"https:\/\/giannidavico.it\/gopiedmont\/#website\"},\"datePublished\":\"2015-09-02T09:24:15+00:00\",\"dateModified\":\"2015-09-02T09:24:15+00:00\",\"author\":{\"@id\":\"https:\/\/giannidavico.it\/gopiedmont\/#\/schema\/person\/ea1fd17d8f2dba325f3712219efa8f77\"},\"inLanguage\":\"it-IT\",\"potentialAction\":[{\"@type\":\"ReadAction\",\"target\":[\"https:\/\/giannidavico.it\/gopiedmont\/2015\/09\/02\/fe-un-quaranteut\/\"]}]},{\"@type\":\"WebSite\",\"@id\":\"https:\/\/giannidavico.it\/gopiedmont\/#website\",\"url\":\"https:\/\/giannidavico.it\/gopiedmont\/\",\"name\":\"Go Piedmont\",\"description\":\"pens\u00e9 dzora l\u00ecber, event e p\u00ebrson-e grop\u00e0 al Piemont e a la lenga piemont\u00e8isa\",\"potentialAction\":[{\"@type\":\"SearchAction\",\"target\":{\"@type\":\"EntryPoint\",\"urlTemplate\":\"https:\/\/giannidavico.it\/gopiedmont\/?s={search_term_string}\"},\"query-input\":\"required name=search_term_string\"}],\"inLanguage\":\"it-IT\"},{\"@type\":\"Person\",\"@id\":\"https:\/\/giannidavico.it\/gopiedmont\/#\/schema\/person\/ea1fd17d8f2dba325f3712219efa8f77\",\"name\":\"giannidavico\",\"image\":{\"@type\":\"ImageObject\",\"inLanguage\":\"it-IT\",\"@id\":\"https:\/\/giannidavico.it\/gopiedmont\/#\/schema\/person\/image\/\",\"url\":\"https:\/\/secure.gravatar.com\/avatar\/337748753d882602f3038b55fb369ba1?s=96&d=mm&r=g\",\"contentUrl\":\"https:\/\/secure.gravatar.com\/avatar\/337748753d882602f3038b55fb369ba1?s=96&d=mm&r=g\",\"caption\":\"giannidavico\"},\"url\":\"https:\/\/giannidavico.it\/gopiedmont\/author\/giannidavico\/\"}]}<\/script>\n<!-- \/ Yoast SEO plugin. -->","yoast_head_json":{"title":"F\u00e9 un quaranteut - Go Piedmont","robots":{"index":"index","follow":"follow","max-snippet":"max-snippet:-1","max-image-preview":"max-image-preview:large","max-video-preview":"max-video-preview:-1"},"canonical":"https:\/\/giannidavico.it\/gopiedmont\/2015\/09\/02\/fe-un-quaranteut\/","og_locale":"it_IT","og_type":"article","og_title":"F\u00e9 un quaranteut - Go Piedmont","og_description":"I l&#8217;hai travers\u00e0 con la famija la mia patria sconda an m\u00e0china, ier. Ier a ancaminava me an n\u00f9mer 49, e pass\u00e9 \u00ebl di ant ij p\u00f2st &#8211; Porto Pollo e anviron &#8211; che p\u00ebr mi, sarand j&#8217;euj, a son ca a l&#8217;\u00e9 st\u00e0it \u00ebl regal p\u00ec bel. (Ambeless\u00ec a-i \u00e9 tuta la st\u00f2ria.) Arlongh \u00ebl di a l&#8217;\u00e9 rivame na teor\u00eca costanta d&#8217;auguri, r\u00f2ba che a f\u00e0 bon ben pias\u00ec. Le sensassion am guidavo; e un sintagma, la festa dj&#8217;agn, p\u00ebr \u00ebl qual a venta ch&#8217;i disa grassie a Nicola Duberti. Tanti moment d\u00ebl di am resteran andrinta. Ruv\u00e9, a mesa matin, al San Petru p\u00ebr prenot\u00e9 \u00ebl disn\u00e9. Spass\u00ebgg\u00e9 p\u00ebr Porto Pollo, campand l&#8217;euj ai p\u00f2st ant\u00e9 ch&#8217;i l&#8217;oma pass\u00e0 tante ist\u00e0. Gir\u00e9 p\u00ebr \u00ebl golf d\u00ebl Valinco, ant\u00e9 che squasi minca pera, minca cartel, minca ca a son grop\u00e0 a un ric\u00f2rd, a na par\u00f2la dita, a na sensassion. An doe par\u00f2le l&#8217;id\u00e8ja general a l&#8217;\u00e9 che la C\u00f2rsica &#8211; met\u00e0fora pien-a dla vita &#8211; a l&#8217;\u00e9 nen (mach) un p\u00f2st \u00ebd vacansa, ma a [\u2026] continua a leggere \u00bb","og_url":"https:\/\/giannidavico.it\/gopiedmont\/2015\/09\/02\/fe-un-quaranteut\/","og_site_name":"Go Piedmont","article_published_time":"2015-09-02T09:24:15+00:00","og_image":[{"url":"https:\/\/giannidavico.it\/gopiedmont\/files\/2015\/09\/IMG_1963-300x225.jpg"}],"author":"giannidavico","twitter_card":"summary_large_image","twitter_misc":{"Scritto da":"giannidavico","Tempo di lettura stimato":"1 minuto"},"schema":{"@context":"https:\/\/schema.org","@graph":[{"@type":"WebPage","@id":"https:\/\/giannidavico.it\/gopiedmont\/2015\/09\/02\/fe-un-quaranteut\/","url":"https:\/\/giannidavico.it\/gopiedmont\/2015\/09\/02\/fe-un-quaranteut\/","name":"F\u00e9 un quaranteut - Go Piedmont","isPartOf":{"@id":"https:\/\/giannidavico.it\/gopiedmont\/#website"},"datePublished":"2015-09-02T09:24:15+00:00","dateModified":"2015-09-02T09:24:15+00:00","author":{"@id":"https:\/\/giannidavico.it\/gopiedmont\/#\/schema\/person\/ea1fd17d8f2dba325f3712219efa8f77"},"inLanguage":"it-IT","potentialAction":[{"@type":"ReadAction","target":["https:\/\/giannidavico.it\/gopiedmont\/2015\/09\/02\/fe-un-quaranteut\/"]}]},{"@type":"WebSite","@id":"https:\/\/giannidavico.it\/gopiedmont\/#website","url":"https:\/\/giannidavico.it\/gopiedmont\/","name":"Go Piedmont","description":"pens\u00e9 dzora l\u00ecber, event e p\u00ebrson-e grop\u00e0 al Piemont e a la lenga piemont\u00e8isa","potentialAction":[{"@type":"SearchAction","target":{"@type":"EntryPoint","urlTemplate":"https:\/\/giannidavico.it\/gopiedmont\/?s={search_term_string}"},"query-input":"required name=search_term_string"}],"inLanguage":"it-IT"},{"@type":"Person","@id":"https:\/\/giannidavico.it\/gopiedmont\/#\/schema\/person\/ea1fd17d8f2dba325f3712219efa8f77","name":"giannidavico","image":{"@type":"ImageObject","inLanguage":"it-IT","@id":"https:\/\/giannidavico.it\/gopiedmont\/#\/schema\/person\/image\/","url":"https:\/\/secure.gravatar.com\/avatar\/337748753d882602f3038b55fb369ba1?s=96&d=mm&r=g","contentUrl":"https:\/\/secure.gravatar.com\/avatar\/337748753d882602f3038b55fb369ba1?s=96&d=mm&r=g","caption":"giannidavico"},"url":"https:\/\/giannidavico.it\/gopiedmont\/author\/giannidavico\/"}]}},"_links":{"self":[{"href":"https:\/\/giannidavico.it\/gopiedmont\/wp-json\/wp\/v2\/posts\/2919"}],"collection":[{"href":"https:\/\/giannidavico.it\/gopiedmont\/wp-json\/wp\/v2\/posts"}],"about":[{"href":"https:\/\/giannidavico.it\/gopiedmont\/wp-json\/wp\/v2\/types\/post"}],"author":[{"embeddable":true,"href":"https:\/\/giannidavico.it\/gopiedmont\/wp-json\/wp\/v2\/users\/4"}],"replies":[{"embeddable":true,"href":"https:\/\/giannidavico.it\/gopiedmont\/wp-json\/wp\/v2\/comments?post=2919"}],"version-history":[{"count":9,"href":"https:\/\/giannidavico.it\/gopiedmont\/wp-json\/wp\/v2\/posts\/2919\/revisions"}],"predecessor-version":[{"id":2929,"href":"https:\/\/giannidavico.it\/gopiedmont\/wp-json\/wp\/v2\/posts\/2919\/revisions\/2929"}],"wp:attachment":[{"href":"https:\/\/giannidavico.it\/gopiedmont\/wp-json\/wp\/v2\/media?parent=2919"}],"wp:term":[{"taxonomy":"category","embeddable":true,"href":"https:\/\/giannidavico.it\/gopiedmont\/wp-json\/wp\/v2\/categories?post=2919"},{"taxonomy":"post_tag","embeddable":true,"href":"https:\/\/giannidavico.it\/gopiedmont\/wp-json\/wp\/v2\/tags?post=2919"}],"curies":[{"name":"wp","href":"https:\/\/api.w.org\/{rel}","templated":true}]}}