{"id":3000,"date":"2015-09-23T07:14:04","date_gmt":"2015-09-23T06:14:04","guid":{"rendered":"https:\/\/giannidavico.it\/staging\/gopiedmont\/?p=3000"},"modified":"2015-12-01T09:35:42","modified_gmt":"2015-12-01T08:35:42","slug":"tavo-burat-piemonteis-che-mi-i-son","status":"publish","type":"post","link":"https:\/\/giannidavico.it\/gopiedmont\/2015\/09\/23\/tavo-burat-piemonteis-che-mi-i-son\/","title":{"rendered":"Tavo Burat, Piemont\u00e8is che mi i son"},"content":{"rendered":"<p><a href=\"https:\/\/giannidavico.it\/gopiedmont\/files\/2015\/09\/Finagi.jpg\"><img loading=\"lazy\" src=\"https:\/\/giannidavico.it\/gopiedmont\/files\/2015\/09\/Finagi-213x300.jpg\" alt=\"Finagi\" width=\"213\" height=\"300\" class=\"alignright size-medium wp-image-3001\" srcset=\"https:\/\/giannidavico.it\/gopiedmont\/files\/2015\/09\/Finagi-213x300.jpg 213w, https:\/\/giannidavico.it\/gopiedmont\/files\/2015\/09\/Finagi.jpg 427w\" sizes=\"(max-width: 213px) 100vw, 213px\" \/><\/a><br \/>\nDabon mi i l\u2019hai nen d\u2019\u00e0utre soste<br \/>\nda f\u00f2ra dal mond \u00ebd mia lenga.<br \/>\n\u2018L piemont\u00e8is a l\u2019\u00e9 m\u00e8 pais.<br \/>\nMi i l\u2019hai gnente d\u2019\u00e0utr da difende<br \/>\nmach \u00ebs lagh \u00ebd lait\u00e0 bujenta<br \/>\ncoma na col\u00f2bia sarvaja<br \/>\nche d\u2019andrin e f\u00f2ra am nuriss.<\/p>\n<p>\u2018L piemont\u00e8is a l\u2019\u00e9 m\u00e8 pais.<br \/>\nGnun d\u2019\u00e0utri drap\u00f2 d\u2019andeje dapress<br \/>\nche coste par\u00f2le \u2018d rista tr\u00f2p dura<br \/>\nbagn\u00e0 t\u00ebss\u00f9a con la mia saliva<br \/>\ne che a quata a j\u2019euj m\u00e8 c\u00f2rp patan\u00f9.<br \/>\n\u2018L piemont\u00e8is a l\u2019\u00e9 m\u00e8 pais.<br \/>\nTuta la resta a l\u2019\u00e9 mach d\u2019anviron.<\/p>\n<p>[gav\u00e0 da Tavo Burat, <em>Finagi<\/em>, Ca d\u00eb Studi Piemont\u00e8is, 1979, p. 38]<\/p>\n","protected":false},"excerpt":{"rendered":"<p><a href=\"https:\/\/giannidavico.it\/gopiedmont\/files\/2015\/09\/Finagi.jpg\"><img loading=\"lazy\" src=\"https:\/\/giannidavico.it\/gopiedmont\/files\/2015\/09\/Finagi-213x300.jpg\" alt=\"Finagi\" width=\"213\" height=\"300\" class=\"alignright size-medium wp-image-3001\" srcset=\"https:\/\/giannidavico.it\/gopiedmont\/files\/2015\/09\/Finagi-213x300.jpg 213w, https:\/\/giannidavico.it\/gopiedmont\/files\/2015\/09\/Finagi.jpg 427w\" sizes=\"(max-width: 213px) 100vw, 213px\" \/><\/a><br \/> Dabon mi i l\u2019hai nen d\u2019\u00e0utre soste<br \/> da f\u00f2ra dal mond \u00ebd mia lenga.<br \/> \u2018L piemont\u00e8is a l\u2019\u00e9 m\u00e8 pais.<br \/> Mi i l\u2019hai gnente d\u2019\u00e0utr da difende<br \/> mach \u00ebs lagh \u00ebd lait\u00e0 bujenta<br \/> coma na col\u00f2bia sarvaja<br \/> che d\u2019andrin e f\u00f2ra am nuriss.<\/p>\n<p>\u2018L piemont\u00e8is a l\u2019\u00e9 m\u00e8 pais.<br \/> Gnun d\u2019\u00e0utri drap\u00f2 d\u2019andeje dapress<br \/> che coste par\u00f2le \u2018d rista tr\u00f2p dura<br \/> bagn\u00e0 t\u00ebss\u00f9a con la mia saliva<br \/> e che a quata a j\u2019euj m\u00e8 c\u00f2rp patan\u00f9.<br \/> \u2018L piemont\u00e8is a l\u2019\u00e9 m\u00e8 pais.<br \/> Tuta la resta a l\u2019\u00e9 mach d\u2019anviron.<\/p>\n<p>[gav\u00e0 da Tavo Burat, <em>Finagi<\/em>, Ca d\u00eb Studi Piemont\u00e8is, 1979, p. 38]<\/p>\n","protected":false},"author":4,"featured_media":0,"comment_status":"open","ping_status":"open","sticky":false,"template":"","format":"standard","meta":[],"categories":[130],"tags":[104],"yoast_head":"<!-- This site is optimized with the Yoast SEO plugin v19.14 - https:\/\/yoast.com\/wordpress\/plugins\/seo\/ -->\n<title>Tavo Burat, Piemont\u00e8is che mi i son - Go Piedmont<\/title>\n<meta name=\"robots\" content=\"index, follow, max-snippet:-1, max-image-preview:large, max-video-preview:-1\" \/>\n<link rel=\"canonical\" href=\"https:\/\/giannidavico.it\/gopiedmont\/2015\/09\/23\/tavo-burat-piemonteis-che-mi-i-son\/\" \/>\n<meta property=\"og:locale\" content=\"it_IT\" \/>\n<meta property=\"og:type\" content=\"article\" \/>\n<meta property=\"og:title\" content=\"Tavo Burat, Piemont\u00e8is che mi i son - Go Piedmont\" \/>\n<meta property=\"og:description\" content=\"Dabon mi i l\u2019hai nen d\u2019\u00e0utre soste da f\u00f2ra dal mond \u00ebd mia lenga. \u2018L piemont\u00e8is a l\u2019\u00e9 m\u00e8 pais. Mi i l\u2019hai gnente d\u2019\u00e0utr da difende mach \u00ebs lagh \u00ebd lait\u00e0 bujenta coma na col\u00f2bia sarvaja che d\u2019andrin e f\u00f2ra am nuriss. \u2018L piemont\u00e8is a l\u2019\u00e9 m\u00e8 pais. Gnun d\u2019\u00e0utri drap\u00f2 d\u2019andeje dapress che coste par\u00f2le \u2018d rista tr\u00f2p dura bagn\u00e0 t\u00ebss\u00f9a con la mia saliva e che a quata a j\u2019euj m\u00e8 c\u00f2rp patan\u00f9. \u2018L piemont\u00e8is a l\u2019\u00e9 m\u00e8 pais. Tuta la resta a l\u2019\u00e9 mach d\u2019anviron. [gav\u00e0 da Tavo Burat, Finagi, Ca d\u00eb Studi Piemont\u00e8is, 1979, p. 38]\" \/>\n<meta property=\"og:url\" content=\"https:\/\/giannidavico.it\/gopiedmont\/2015\/09\/23\/tavo-burat-piemonteis-che-mi-i-son\/\" \/>\n<meta property=\"og:site_name\" content=\"Go Piedmont\" \/>\n<meta property=\"article:published_time\" content=\"2015-09-23T06:14:04+00:00\" \/>\n<meta property=\"article:modified_time\" content=\"2015-12-01T08:35:42+00:00\" \/>\n<meta property=\"og:image\" content=\"https:\/\/giannidavico.it\/gopiedmont\/files\/2015\/09\/Finagi-213x300.jpg\" \/>\n<meta name=\"author\" content=\"giannidavico\" \/>\n<meta name=\"twitter:card\" content=\"summary_large_image\" \/>\n<meta name=\"twitter:label1\" content=\"Scritto da\" \/>\n\t<meta name=\"twitter:data1\" content=\"giannidavico\" \/>\n\t<meta name=\"twitter:label2\" content=\"Tempo di lettura stimato\" \/>\n\t<meta name=\"twitter:data2\" content=\"1 minuto\" \/>\n<script type=\"application\/ld+json\" class=\"yoast-schema-graph\">{\"@context\":\"https:\/\/schema.org\",\"@graph\":[{\"@type\":\"WebPage\",\"@id\":\"https:\/\/giannidavico.it\/gopiedmont\/2015\/09\/23\/tavo-burat-piemonteis-che-mi-i-son\/\",\"url\":\"https:\/\/giannidavico.it\/gopiedmont\/2015\/09\/23\/tavo-burat-piemonteis-che-mi-i-son\/\",\"name\":\"Tavo Burat, Piemont\u00e8is che mi i son - Go Piedmont\",\"isPartOf\":{\"@id\":\"https:\/\/giannidavico.it\/gopiedmont\/#website\"},\"datePublished\":\"2015-09-23T06:14:04+00:00\",\"dateModified\":\"2015-12-01T08:35:42+00:00\",\"author\":{\"@id\":\"https:\/\/giannidavico.it\/gopiedmont\/#\/schema\/person\/ea1fd17d8f2dba325f3712219efa8f77\"},\"inLanguage\":\"it-IT\",\"potentialAction\":[{\"@type\":\"ReadAction\",\"target\":[\"https:\/\/giannidavico.it\/gopiedmont\/2015\/09\/23\/tavo-burat-piemonteis-che-mi-i-son\/\"]}]},{\"@type\":\"WebSite\",\"@id\":\"https:\/\/giannidavico.it\/gopiedmont\/#website\",\"url\":\"https:\/\/giannidavico.it\/gopiedmont\/\",\"name\":\"Go Piedmont\",\"description\":\"pens\u00e9 dzora l\u00ecber, event e p\u00ebrson-e grop\u00e0 al Piemont e a la lenga piemont\u00e8isa\",\"potentialAction\":[{\"@type\":\"SearchAction\",\"target\":{\"@type\":\"EntryPoint\",\"urlTemplate\":\"https:\/\/giannidavico.it\/gopiedmont\/?s={search_term_string}\"},\"query-input\":\"required name=search_term_string\"}],\"inLanguage\":\"it-IT\"},{\"@type\":\"Person\",\"@id\":\"https:\/\/giannidavico.it\/gopiedmont\/#\/schema\/person\/ea1fd17d8f2dba325f3712219efa8f77\",\"name\":\"giannidavico\",\"image\":{\"@type\":\"ImageObject\",\"inLanguage\":\"it-IT\",\"@id\":\"https:\/\/giannidavico.it\/gopiedmont\/#\/schema\/person\/image\/\",\"url\":\"https:\/\/secure.gravatar.com\/avatar\/337748753d882602f3038b55fb369ba1?s=96&d=mm&r=g\",\"contentUrl\":\"https:\/\/secure.gravatar.com\/avatar\/337748753d882602f3038b55fb369ba1?s=96&d=mm&r=g\",\"caption\":\"giannidavico\"},\"url\":\"https:\/\/giannidavico.it\/gopiedmont\/author\/giannidavico\/\"}]}<\/script>\n<!-- \/ Yoast SEO plugin. -->","yoast_head_json":{"title":"Tavo Burat, Piemont\u00e8is che mi i son - Go Piedmont","robots":{"index":"index","follow":"follow","max-snippet":"max-snippet:-1","max-image-preview":"max-image-preview:large","max-video-preview":"max-video-preview:-1"},"canonical":"https:\/\/giannidavico.it\/gopiedmont\/2015\/09\/23\/tavo-burat-piemonteis-che-mi-i-son\/","og_locale":"it_IT","og_type":"article","og_title":"Tavo Burat, Piemont\u00e8is che mi i son - Go Piedmont","og_description":"Dabon mi i l\u2019hai nen d\u2019\u00e0utre soste da f\u00f2ra dal mond \u00ebd mia lenga. \u2018L piemont\u00e8is a l\u2019\u00e9 m\u00e8 pais. Mi i l\u2019hai gnente d\u2019\u00e0utr da difende mach \u00ebs lagh \u00ebd lait\u00e0 bujenta coma na col\u00f2bia sarvaja che d\u2019andrin e f\u00f2ra am nuriss. \u2018L piemont\u00e8is a l\u2019\u00e9 m\u00e8 pais. Gnun d\u2019\u00e0utri drap\u00f2 d\u2019andeje dapress che coste par\u00f2le \u2018d rista tr\u00f2p dura bagn\u00e0 t\u00ebss\u00f9a con la mia saliva e che a quata a j\u2019euj m\u00e8 c\u00f2rp patan\u00f9. \u2018L piemont\u00e8is a l\u2019\u00e9 m\u00e8 pais. Tuta la resta a l\u2019\u00e9 mach d\u2019anviron. [gav\u00e0 da Tavo Burat, Finagi, Ca d\u00eb Studi Piemont\u00e8is, 1979, p. 38]","og_url":"https:\/\/giannidavico.it\/gopiedmont\/2015\/09\/23\/tavo-burat-piemonteis-che-mi-i-son\/","og_site_name":"Go Piedmont","article_published_time":"2015-09-23T06:14:04+00:00","article_modified_time":"2015-12-01T08:35:42+00:00","og_image":[{"url":"https:\/\/giannidavico.it\/gopiedmont\/files\/2015\/09\/Finagi-213x300.jpg"}],"author":"giannidavico","twitter_card":"summary_large_image","twitter_misc":{"Scritto da":"giannidavico","Tempo di lettura stimato":"1 minuto"},"schema":{"@context":"https:\/\/schema.org","@graph":[{"@type":"WebPage","@id":"https:\/\/giannidavico.it\/gopiedmont\/2015\/09\/23\/tavo-burat-piemonteis-che-mi-i-son\/","url":"https:\/\/giannidavico.it\/gopiedmont\/2015\/09\/23\/tavo-burat-piemonteis-che-mi-i-son\/","name":"Tavo Burat, Piemont\u00e8is che mi i son - Go Piedmont","isPartOf":{"@id":"https:\/\/giannidavico.it\/gopiedmont\/#website"},"datePublished":"2015-09-23T06:14:04+00:00","dateModified":"2015-12-01T08:35:42+00:00","author":{"@id":"https:\/\/giannidavico.it\/gopiedmont\/#\/schema\/person\/ea1fd17d8f2dba325f3712219efa8f77"},"inLanguage":"it-IT","potentialAction":[{"@type":"ReadAction","target":["https:\/\/giannidavico.it\/gopiedmont\/2015\/09\/23\/tavo-burat-piemonteis-che-mi-i-son\/"]}]},{"@type":"WebSite","@id":"https:\/\/giannidavico.it\/gopiedmont\/#website","url":"https:\/\/giannidavico.it\/gopiedmont\/","name":"Go Piedmont","description":"pens\u00e9 dzora l\u00ecber, event e p\u00ebrson-e grop\u00e0 al Piemont e a la lenga piemont\u00e8isa","potentialAction":[{"@type":"SearchAction","target":{"@type":"EntryPoint","urlTemplate":"https:\/\/giannidavico.it\/gopiedmont\/?s={search_term_string}"},"query-input":"required name=search_term_string"}],"inLanguage":"it-IT"},{"@type":"Person","@id":"https:\/\/giannidavico.it\/gopiedmont\/#\/schema\/person\/ea1fd17d8f2dba325f3712219efa8f77","name":"giannidavico","image":{"@type":"ImageObject","inLanguage":"it-IT","@id":"https:\/\/giannidavico.it\/gopiedmont\/#\/schema\/person\/image\/","url":"https:\/\/secure.gravatar.com\/avatar\/337748753d882602f3038b55fb369ba1?s=96&d=mm&r=g","contentUrl":"https:\/\/secure.gravatar.com\/avatar\/337748753d882602f3038b55fb369ba1?s=96&d=mm&r=g","caption":"giannidavico"},"url":"https:\/\/giannidavico.it\/gopiedmont\/author\/giannidavico\/"}]}},"_links":{"self":[{"href":"https:\/\/giannidavico.it\/gopiedmont\/wp-json\/wp\/v2\/posts\/3000"}],"collection":[{"href":"https:\/\/giannidavico.it\/gopiedmont\/wp-json\/wp\/v2\/posts"}],"about":[{"href":"https:\/\/giannidavico.it\/gopiedmont\/wp-json\/wp\/v2\/types\/post"}],"author":[{"embeddable":true,"href":"https:\/\/giannidavico.it\/gopiedmont\/wp-json\/wp\/v2\/users\/4"}],"replies":[{"embeddable":true,"href":"https:\/\/giannidavico.it\/gopiedmont\/wp-json\/wp\/v2\/comments?post=3000"}],"version-history":[{"count":4,"href":"https:\/\/giannidavico.it\/gopiedmont\/wp-json\/wp\/v2\/posts\/3000\/revisions"}],"predecessor-version":[{"id":3232,"href":"https:\/\/giannidavico.it\/gopiedmont\/wp-json\/wp\/v2\/posts\/3000\/revisions\/3232"}],"wp:attachment":[{"href":"https:\/\/giannidavico.it\/gopiedmont\/wp-json\/wp\/v2\/media?parent=3000"}],"wp:term":[{"taxonomy":"category","embeddable":true,"href":"https:\/\/giannidavico.it\/gopiedmont\/wp-json\/wp\/v2\/categories?post=3000"},{"taxonomy":"post_tag","embeddable":true,"href":"https:\/\/giannidavico.it\/gopiedmont\/wp-json\/wp\/v2\/tags?post=3000"}],"curies":[{"name":"wp","href":"https:\/\/api.w.org\/{rel}","templated":true}]}}