{"id":3143,"date":"2015-09-30T07:32:33","date_gmt":"2015-09-30T06:32:33","guid":{"rendered":"https:\/\/giannidavico.it\/staging\/gopiedmont\/?p=3143"},"modified":"2015-09-30T07:32:33","modified_gmt":"2015-09-30T06:32:33","slug":"tavo-burat-om-da-bosch","status":"publish","type":"post","link":"https:\/\/giannidavico.it\/gopiedmont\/2015\/09\/30\/tavo-burat-om-da-bosch\/","title":{"rendered":"Tavo Burat, \u00d2m da b\u00f2sch"},"content":{"rendered":"<p><a href=\"https:\/\/giannidavico.it\/gopiedmont\/files\/2015\/09\/Tavo.jpg\"><img loading=\"lazy\" src=\"https:\/\/giannidavico.it\/gopiedmont\/files\/2015\/09\/Tavo-300x215.jpg\" alt=\"Tavo\" width=\"300\" height=\"215\" class=\"alignright size-medium wp-image-3148\" srcset=\"https:\/\/giannidavico.it\/gopiedmont\/files\/2015\/09\/Tavo-300x215.jpg 300w, https:\/\/giannidavico.it\/gopiedmont\/files\/2015\/09\/Tavo.jpg 756w\" sizes=\"(max-width: 300px) 100vw, 300px\" \/><\/a><br \/>\nMi i l\u2019avr\u00eca mai sugname \u2018d vers<br \/>\ns\u2019i fussa nen st\u00e0it ciss\u00e0<br \/>\nciment\u00e0<br \/>\nbrus\u00e0<br \/>\nda la passion p\u00ebr mia lenga.<br \/>\nAncheuj, p\u00ebr m\u00e8j grop\u00e9<br \/>\nd\u00ebl ghet la cioenda sgardaml\u00e0<br \/>\na smija che fin-a ij vers<br \/>\nav ven-o a taj.<br \/>\nAntlora a l\u2019\u00e9 ass\u00e8.<br \/>\nI strompo la piuma.<br \/>\nO i n\u00eb farai na flecia. E pi<br \/>\nnen par\u00f2le \u2018d b\u00f2sch. Ma<br \/>\ncome \u2018l Robin angl\u00e8is<br \/>\no ij tuchin nostran<br \/>\ni sarai \u00f2m da b\u00f2sch.<br \/>\nI scrivrai mach pi sle muraje.<br \/>\nE sij cart\u00e8j \u00ebl n\u00f2m dij pais<br \/>\nant la lenga dla tera.<br \/>\nP\u00ebr cola v\u00e8ja resistensa<br \/>\nneuva.<\/p>\n<p>(Ansema a <a href=\"https:\/\/giannidavico.it\/gopiedmont\/2015\/09\/23\/tavo-burat-piemonteis-che-mi-i-son\/\">Piemont\u00e8is che mi i son<\/a> la poesia p\u00ec bela, scond mi, \u00ebd Tavo Burat.)<\/p>\n<p>(E con Tavo a serv nen f\u00e9 tante par\u00f2le, a basta lese.)<\/p>\n","protected":false},"excerpt":{"rendered":"<p><a href=\"https:\/\/giannidavico.it\/gopiedmont\/files\/2015\/09\/Tavo.jpg\"><img loading=\"lazy\" src=\"https:\/\/giannidavico.it\/gopiedmont\/files\/2015\/09\/Tavo-300x215.jpg\" alt=\"Tavo\" width=\"300\" height=\"215\" class=\"alignright size-medium wp-image-3148\" srcset=\"https:\/\/giannidavico.it\/gopiedmont\/files\/2015\/09\/Tavo-300x215.jpg 300w, https:\/\/giannidavico.it\/gopiedmont\/files\/2015\/09\/Tavo.jpg 756w\" sizes=\"(max-width: 300px) 100vw, 300px\" \/><\/a><br \/> Mi i l\u2019avr\u00eca mai sugname \u2018d vers<br \/> s\u2019i fussa nen st\u00e0it ciss\u00e0<br \/> ciment\u00e0<br \/> brus\u00e0<br \/> da la passion p\u00ebr mia lenga.<br \/> Ancheuj, p\u00ebr m\u00e8j grop\u00e9<br \/> d\u00ebl ghet la cioenda sgardaml\u00e0<br \/> a smija che fin-a ij vers<br \/> av ven-o a taj.<br \/> Antlora a l\u2019\u00e9 ass\u00e8.<br \/> I strompo la piuma.<br \/> O i n\u00eb farai na flecia. E pi<br \/> nen par\u00f2le \u2018d b\u00f2sch. Ma<br \/> come \u2018l Robin angl\u00e8is<br \/> o ij tuchin nostran<br \/> i sarai \u00f2m da b\u00f2sch.<br \/> I scrivrai mach pi sle muraje.<br \/> E sij cart\u00e8j \u00ebl n\u00f2m dij pais<br \/> ant la lenga dla tera.<br \/> P\u00ebr cola v\u00e8ja resistensa<br \/> neuva.<\/p>\n<p>(Ansema a <a href=\"https:\/\/giannidavico.it\/gopiedmont\/2015\/09\/23\/tavo-burat-piemonteis-che-mi-i-son\/\">Piemont\u00e8is che mi i son<\/a> la poesia p\u00ec bela, scond mi, \u00ebd Tavo Burat.)<\/p>\n<p>(E con Tavo a serv nen f\u00e9 tante par\u00f2le, a basta lese.)<\/p>\n","protected":false},"author":4,"featured_media":0,"comment_status":"open","ping_status":"open","sticky":false,"template":"","format":"standard","meta":[],"categories":[130],"tags":[104],"yoast_head":"<!-- This site is optimized with the Yoast SEO plugin v19.14 - https:\/\/yoast.com\/wordpress\/plugins\/seo\/ -->\n<title>Tavo Burat, \u00d2m da b\u00f2sch - Go Piedmont<\/title>\n<meta name=\"robots\" content=\"index, follow, max-snippet:-1, max-image-preview:large, max-video-preview:-1\" \/>\n<link rel=\"canonical\" href=\"https:\/\/giannidavico.it\/gopiedmont\/2015\/09\/30\/tavo-burat-om-da-bosch\/\" \/>\n<meta property=\"og:locale\" content=\"it_IT\" \/>\n<meta property=\"og:type\" content=\"article\" \/>\n<meta property=\"og:title\" content=\"Tavo Burat, \u00d2m da b\u00f2sch - Go Piedmont\" \/>\n<meta property=\"og:description\" content=\"Mi i l\u2019avr\u00eca mai sugname \u2018d vers s\u2019i fussa nen st\u00e0it ciss\u00e0 ciment\u00e0 brus\u00e0 da la passion p\u00ebr mia lenga. Ancheuj, p\u00ebr m\u00e8j grop\u00e9 d\u00ebl ghet la cioenda sgardaml\u00e0 a smija che fin-a ij vers av ven-o a taj. Antlora a l\u2019\u00e9 ass\u00e8. I strompo la piuma. O i n\u00eb farai na flecia. E pi nen par\u00f2le \u2018d b\u00f2sch. Ma come \u2018l Robin angl\u00e8is o ij tuchin nostran i sarai \u00f2m da b\u00f2sch. I scrivrai mach pi sle muraje. E sij cart\u00e8j \u00ebl n\u00f2m dij pais ant la lenga dla tera. P\u00ebr cola v\u00e8ja resistensa neuva. (Ansema a Piemont\u00e8is che mi i son la poesia p\u00ec bela, scond mi, \u00ebd Tavo Burat.) (E con Tavo a serv nen f\u00e9 tante par\u00f2le, a basta lese.)\" \/>\n<meta property=\"og:url\" content=\"https:\/\/giannidavico.it\/gopiedmont\/2015\/09\/30\/tavo-burat-om-da-bosch\/\" \/>\n<meta property=\"og:site_name\" content=\"Go Piedmont\" \/>\n<meta property=\"article:published_time\" content=\"2015-09-30T06:32:33+00:00\" \/>\n<meta property=\"og:image\" content=\"https:\/\/giannidavico.it\/gopiedmont\/files\/2015\/09\/Tavo-300x215.jpg\" \/>\n<meta name=\"author\" content=\"giannidavico\" \/>\n<meta name=\"twitter:card\" content=\"summary_large_image\" \/>\n<meta name=\"twitter:label1\" content=\"Scritto da\" \/>\n\t<meta name=\"twitter:data1\" content=\"giannidavico\" \/>\n\t<meta name=\"twitter:label2\" content=\"Tempo di lettura stimato\" \/>\n\t<meta name=\"twitter:data2\" content=\"1 minuto\" \/>\n<script type=\"application\/ld+json\" class=\"yoast-schema-graph\">{\"@context\":\"https:\/\/schema.org\",\"@graph\":[{\"@type\":\"WebPage\",\"@id\":\"https:\/\/giannidavico.it\/gopiedmont\/2015\/09\/30\/tavo-burat-om-da-bosch\/\",\"url\":\"https:\/\/giannidavico.it\/gopiedmont\/2015\/09\/30\/tavo-burat-om-da-bosch\/\",\"name\":\"Tavo Burat, \u00d2m da b\u00f2sch - Go Piedmont\",\"isPartOf\":{\"@id\":\"https:\/\/giannidavico.it\/gopiedmont\/#website\"},\"datePublished\":\"2015-09-30T06:32:33+00:00\",\"dateModified\":\"2015-09-30T06:32:33+00:00\",\"author\":{\"@id\":\"https:\/\/giannidavico.it\/gopiedmont\/#\/schema\/person\/ea1fd17d8f2dba325f3712219efa8f77\"},\"inLanguage\":\"it-IT\",\"potentialAction\":[{\"@type\":\"ReadAction\",\"target\":[\"https:\/\/giannidavico.it\/gopiedmont\/2015\/09\/30\/tavo-burat-om-da-bosch\/\"]}]},{\"@type\":\"WebSite\",\"@id\":\"https:\/\/giannidavico.it\/gopiedmont\/#website\",\"url\":\"https:\/\/giannidavico.it\/gopiedmont\/\",\"name\":\"Go Piedmont\",\"description\":\"pens\u00e9 dzora l\u00ecber, event e p\u00ebrson-e grop\u00e0 al Piemont e a la lenga piemont\u00e8isa\",\"potentialAction\":[{\"@type\":\"SearchAction\",\"target\":{\"@type\":\"EntryPoint\",\"urlTemplate\":\"https:\/\/giannidavico.it\/gopiedmont\/?s={search_term_string}\"},\"query-input\":\"required name=search_term_string\"}],\"inLanguage\":\"it-IT\"},{\"@type\":\"Person\",\"@id\":\"https:\/\/giannidavico.it\/gopiedmont\/#\/schema\/person\/ea1fd17d8f2dba325f3712219efa8f77\",\"name\":\"giannidavico\",\"image\":{\"@type\":\"ImageObject\",\"inLanguage\":\"it-IT\",\"@id\":\"https:\/\/giannidavico.it\/gopiedmont\/#\/schema\/person\/image\/\",\"url\":\"https:\/\/secure.gravatar.com\/avatar\/337748753d882602f3038b55fb369ba1?s=96&d=mm&r=g\",\"contentUrl\":\"https:\/\/secure.gravatar.com\/avatar\/337748753d882602f3038b55fb369ba1?s=96&d=mm&r=g\",\"caption\":\"giannidavico\"},\"url\":\"https:\/\/giannidavico.it\/gopiedmont\/author\/giannidavico\/\"}]}<\/script>\n<!-- \/ Yoast SEO plugin. -->","yoast_head_json":{"title":"Tavo Burat, \u00d2m da b\u00f2sch - Go Piedmont","robots":{"index":"index","follow":"follow","max-snippet":"max-snippet:-1","max-image-preview":"max-image-preview:large","max-video-preview":"max-video-preview:-1"},"canonical":"https:\/\/giannidavico.it\/gopiedmont\/2015\/09\/30\/tavo-burat-om-da-bosch\/","og_locale":"it_IT","og_type":"article","og_title":"Tavo Burat, \u00d2m da b\u00f2sch - Go Piedmont","og_description":"Mi i l\u2019avr\u00eca mai sugname \u2018d vers s\u2019i fussa nen st\u00e0it ciss\u00e0 ciment\u00e0 brus\u00e0 da la passion p\u00ebr mia lenga. Ancheuj, p\u00ebr m\u00e8j grop\u00e9 d\u00ebl ghet la cioenda sgardaml\u00e0 a smija che fin-a ij vers av ven-o a taj. Antlora a l\u2019\u00e9 ass\u00e8. I strompo la piuma. O i n\u00eb farai na flecia. E pi nen par\u00f2le \u2018d b\u00f2sch. Ma come \u2018l Robin angl\u00e8is o ij tuchin nostran i sarai \u00f2m da b\u00f2sch. I scrivrai mach pi sle muraje. E sij cart\u00e8j \u00ebl n\u00f2m dij pais ant la lenga dla tera. P\u00ebr cola v\u00e8ja resistensa neuva. (Ansema a Piemont\u00e8is che mi i son la poesia p\u00ec bela, scond mi, \u00ebd Tavo Burat.) (E con Tavo a serv nen f\u00e9 tante par\u00f2le, a basta lese.)","og_url":"https:\/\/giannidavico.it\/gopiedmont\/2015\/09\/30\/tavo-burat-om-da-bosch\/","og_site_name":"Go Piedmont","article_published_time":"2015-09-30T06:32:33+00:00","og_image":[{"url":"https:\/\/giannidavico.it\/gopiedmont\/files\/2015\/09\/Tavo-300x215.jpg"}],"author":"giannidavico","twitter_card":"summary_large_image","twitter_misc":{"Scritto da":"giannidavico","Tempo di lettura stimato":"1 minuto"},"schema":{"@context":"https:\/\/schema.org","@graph":[{"@type":"WebPage","@id":"https:\/\/giannidavico.it\/gopiedmont\/2015\/09\/30\/tavo-burat-om-da-bosch\/","url":"https:\/\/giannidavico.it\/gopiedmont\/2015\/09\/30\/tavo-burat-om-da-bosch\/","name":"Tavo Burat, \u00d2m da b\u00f2sch - Go Piedmont","isPartOf":{"@id":"https:\/\/giannidavico.it\/gopiedmont\/#website"},"datePublished":"2015-09-30T06:32:33+00:00","dateModified":"2015-09-30T06:32:33+00:00","author":{"@id":"https:\/\/giannidavico.it\/gopiedmont\/#\/schema\/person\/ea1fd17d8f2dba325f3712219efa8f77"},"inLanguage":"it-IT","potentialAction":[{"@type":"ReadAction","target":["https:\/\/giannidavico.it\/gopiedmont\/2015\/09\/30\/tavo-burat-om-da-bosch\/"]}]},{"@type":"WebSite","@id":"https:\/\/giannidavico.it\/gopiedmont\/#website","url":"https:\/\/giannidavico.it\/gopiedmont\/","name":"Go Piedmont","description":"pens\u00e9 dzora l\u00ecber, event e p\u00ebrson-e grop\u00e0 al Piemont e a la lenga piemont\u00e8isa","potentialAction":[{"@type":"SearchAction","target":{"@type":"EntryPoint","urlTemplate":"https:\/\/giannidavico.it\/gopiedmont\/?s={search_term_string}"},"query-input":"required name=search_term_string"}],"inLanguage":"it-IT"},{"@type":"Person","@id":"https:\/\/giannidavico.it\/gopiedmont\/#\/schema\/person\/ea1fd17d8f2dba325f3712219efa8f77","name":"giannidavico","image":{"@type":"ImageObject","inLanguage":"it-IT","@id":"https:\/\/giannidavico.it\/gopiedmont\/#\/schema\/person\/image\/","url":"https:\/\/secure.gravatar.com\/avatar\/337748753d882602f3038b55fb369ba1?s=96&d=mm&r=g","contentUrl":"https:\/\/secure.gravatar.com\/avatar\/337748753d882602f3038b55fb369ba1?s=96&d=mm&r=g","caption":"giannidavico"},"url":"https:\/\/giannidavico.it\/gopiedmont\/author\/giannidavico\/"}]}},"_links":{"self":[{"href":"https:\/\/giannidavico.it\/gopiedmont\/wp-json\/wp\/v2\/posts\/3143"}],"collection":[{"href":"https:\/\/giannidavico.it\/gopiedmont\/wp-json\/wp\/v2\/posts"}],"about":[{"href":"https:\/\/giannidavico.it\/gopiedmont\/wp-json\/wp\/v2\/types\/post"}],"author":[{"embeddable":true,"href":"https:\/\/giannidavico.it\/gopiedmont\/wp-json\/wp\/v2\/users\/4"}],"replies":[{"embeddable":true,"href":"https:\/\/giannidavico.it\/gopiedmont\/wp-json\/wp\/v2\/comments?post=3143"}],"version-history":[{"count":6,"href":"https:\/\/giannidavico.it\/gopiedmont\/wp-json\/wp\/v2\/posts\/3143\/revisions"}],"predecessor-version":[{"id":3150,"href":"https:\/\/giannidavico.it\/gopiedmont\/wp-json\/wp\/v2\/posts\/3143\/revisions\/3150"}],"wp:attachment":[{"href":"https:\/\/giannidavico.it\/gopiedmont\/wp-json\/wp\/v2\/media?parent=3143"}],"wp:term":[{"taxonomy":"category","embeddable":true,"href":"https:\/\/giannidavico.it\/gopiedmont\/wp-json\/wp\/v2\/categories?post=3143"},{"taxonomy":"post_tag","embeddable":true,"href":"https:\/\/giannidavico.it\/gopiedmont\/wp-json\/wp\/v2\/tags?post=3143"}],"curies":[{"name":"wp","href":"https:\/\/api.w.org\/{rel}","templated":true}]}}