{"id":3151,"date":"2015-10-07T06:00:35","date_gmt":"2015-10-07T05:00:35","guid":{"rendered":"https:\/\/giannidavico.it\/staging\/gopiedmont\/?p=3151"},"modified":"2015-10-08T12:08:48","modified_gmt":"2015-10-08T11:08:48","slug":"2015-ij-sit-an-piemonteis","status":"publish","type":"post","link":"https:\/\/giannidavico.it\/gopiedmont\/2015\/10\/07\/2015-ij-sit-an-piemonteis\/","title":{"rendered":"2015: ij sit an piemont\u00e8is"},"content":{"rendered":"<p><a href=\"https:\/\/giannidavico.it\/gopiedmont\/files\/2013\/04\/A.jpg\"><img loading=\"lazy\" src=\"https:\/\/giannidavico.it\/gopiedmont\/files\/2013\/04\/A-300x135.jpg\" alt=\"A\" width=\"300\" height=\"135\" class=\"alignright size-medium wp-image-2741\" srcset=\"https:\/\/giannidavico.it\/gopiedmont\/files\/2013\/04\/A-300x135.jpg 300w, https:\/\/giannidavico.it\/gopiedmont\/files\/2013\/04\/A-1024x460.jpg 1024w, https:\/\/giannidavico.it\/gopiedmont\/files\/2013\/04\/A.jpg 1132w\" sizes=\"(max-width: 300px) 100vw, 300px\" \/><\/a><br \/>\nQuatr agn f\u00e0 i l&#8217;av\u00eca but\u00e0 <a href=\"https:\/\/giannidavico.it\/gopiedmont\/2011\/03\/09\/ij-sit-an-piemonteis\/\">ambeless\u00ec<\/a> na lista coment\u00e0 dij sit esistent an piemont\u00e8is, lista ch&#8217;i l&#8217;hai peui agiorn\u00e0 <a href=\"https:\/\/giannidavico.it\/gopiedmont\/2013\/04\/03\/ij-sit-an-piemonteis-2\/\">doi agn f\u00e0<\/a>.<\/p>\n<p>An doi agn tante cose a cambio: i don antlora ambeless\u00ec na lista agiorn\u00e0. Naturalment a l&#8217;\u00e9 f\u00e0ita seguend l\u00f2n ch&#8217;i con\u00f2ss, e donca chi ch&#8217;a sa ch&#8217;a parla!<\/p>\n<p><strong>1. Pijoma l&#8217;andi<\/strong><\/p>\n<p>As peul nen nen ancaminesse da la <a href=\"http:\/\/pms.wikipedia.org\/wiki\/Intrada\" title=\"Bin \u00ebvn\u00f9 ant la Wikipedia\" target=\"_blank\">Wikipedia piemont\u00e8isa<\/a>, che con squasi 64mila art\u00eccoj (a j&#8217;ero p\u00ec \u2018d 60mila doi agn f\u00e0 e 35mila mach quatr agn f\u00e0) e al p\u00f2st n\u00f9mer 65 ant \u00ebl mond (un p\u00f2ch p\u00ec an bass \u00ebd doi agn f\u00e0, quand ch&#8217;a j&#8217;era al n\u00f9mer 57) a l\u2019\u00e9 divent\u00e0 na s\u00f2rta \u2018d manifest e drap\u00f2 d\u00ebl piemont\u00e8is dzora la Ragn\u00e0.<\/p>\n<p><strong>2. Giornaj e scartari<\/strong><\/p>\n<p><a href=\"http:\/\/www.lastampa.it\/torinosette\/rubriche\/an-piemonteis\" title=\"An piemont\u00e8is\" target=\"_blank\">An piemont\u00e8is<\/a>, la rubrica d&#8217;Albina Malerba e Giovanni Tesio ansima a &#8220;La stampa&#8221;.<\/p>\n<p>La <a href=\"http:\/\/piemonteis.xoom.it\" title=\"Piemont\u00e8is Ancheuj\" target=\"_blank\">p\u00e0gina<\/a> \u2018d &#8220;Piemont\u00e8is Ancheuj&#8221;: j\u00eb sf\u00f2rs \u00ebd Michel dij Bonav\u00e9 e tanti amis \u00ebd n\u00f2sta lenga.<\/p>\n<p>J&#8217;archivi d&#8217;<a href=\"http:\/\/piemontliber.altervista.org\/\" title=\"Assion Piemont\u00e8isa\" target=\"_blank\">Assion piemont\u00e8isa<\/a>, l&#8217;arvista &#8216;d bonanima &#8216;d Beppe Burzio (i l&#8217;hai mai conossulo e am dispias), ch&#8217;a l&#8217;\u00e9 st\u00e0it un p\u00f2ch \u00ebl pare putativ d'&#8221;<a href=\"http:\/\/pms.wikipedia.org\/wiki\/%C3%89!\" title=\"\u00e9! Afermativ. Piemont\u00e8is\" target=\"_blank\">\u00e9!<\/a>&#8221;<\/p>\n<p><strong>3. Facebook<\/strong><\/p>\n<p>L&#8217;importansa \u00ebd Facebook a ch\u00ebrs an costi agn. An tra i grup p\u00ec ativ i segnal:<\/p>\n<p>&#8211; <a href=\"https:\/\/www.facebook.com\/groups\/1508574246056050\/\" target=\"_blank\">Noi i parloma piemont\u00e8is<\/a>, p\u00ebr ciaciar\u00e9 sensa gena e antratant amprende a scrive o milior\u00e9 la scritura (mers\u00ec, dzora &#8216;d tut, al gr\u00f2ss travaj \u00ebd Simon Uslengh);<\/p>\n<p>&#8211; <a href=\"https:\/\/www.facebook.com\/groups\/163045757224347\/\" target=\"_blank\">Giovo e piemont\u00e8is<\/a>, grup p\u00ec &#8220;t\u00e9cnich&#8221;, p\u00ebr j&#8217;ambalin\u00e0 dla lenga (cud\u00ec dai doi Emanuele, Miola e Regano);<\/p>\n<p>&#8211; <a href=\"http:\/\/www.facebook.com\/bogianen\" title=\"Bogianen\" target=\"_blank\">Bogianen<\/a>, ch&#8217;a l&#8217;ha 660 &#8220;am pias&#8221; (e donca un bon s\u00e9guit) ma che am piasr\u00eca ch&#8217;a l&#8217;av\u00e8issa &#8216;dc\u00f2 quaidun che, oltre a mi, a j\u00eb scriv ansima.<\/p>\n<p><strong>4. J&#8217;associassion<\/strong><\/p>\n<p>A-i son peui ij sit dj&#8217;associassion (\u00ebd sigura i na d\u00ebsmentierai quaidun-a), sempe p\u00ec an dificolt\u00e0 p\u00ebrch\u00e8 a la pol\u00ectica e ai <a href=\"https:\/\/giannidavico.it\/gopiedmont\/2008\/06\/03\/lenga-del-cheur-e-lenga-dij-politicaire\/\">politic\u00e0ire<\/a> a-i na f\u00e0 nen \u00ebd guern\u00e9 na lenga e na coltura. Alfabeticament:<\/p>\n<p>&#8211; <a href=\"http:\/\/www.studipiemontesi.it\" title=\"Ca d\u00eb Studi Piemont\u00e8is\" target=\"_blank\">Ca d\u00eb Studi Piemont\u00e8is<\/a>, ch\u2019am pias consider\u00e9 la <em>prima inter pares<\/em>, e ch&#8217;a sta donca f\u00f2ra da la lista;<\/p>\n<p>&#8211; <a href=\"http:\/\/www.solalp.it\/solalp\/index.html\" title=\"\u00cbl Sol \u00ebd j'Alp\" target=\"_blank\">\u00cbl Sol \u00ebd j&#8217;Alp<\/a>: Gioanin Ross a Biela;<\/p>\n<p>&#8211; <a href=\"http:\/\/www.gioventurapiemonteisa.net\/\" title=\"Gioventura Piemont\u00e8isa\" target=\"_blank\">Gioventura Piemont\u00e8isa<\/a>, un bel sit con tanti agiornament;<\/p>\n<p>&#8211; <a href=\"http:\/\/www.nostereis.org\/\" title=\"N\u00f2ste R\u00e8is\" target=\"_blank\">N\u00f2ste R\u00e8is<\/a>.<\/p>\n<p><strong>5. P\u00ebr fin\u00ec<\/strong><\/p>\n<p><a href=\"http:\/\/www.cr.piemonte.it\/web\/lingue-top\/pie\" target=\"_blank\">\u00cbl sit d\u00ebl Consej regional an piemont\u00e8is.<\/a><\/p>\n<p><a href=\"http:\/\/arsorsepiemonteise.wikispaces.com\/\" title=\"arsorse piemont\u00e8ise\" target=\"_blank\">arsorsepiemonteise<\/a>, \u00ebl sit \u00ebd Borich\u00e8t che p\u00f2ch a p\u00f2ch a s\u00eb slarga (minca tant i pijo quaic\u00f2s da les-je a m\u00e9 cita cita).<\/p>\n<p>Giovanni Delfino a l\u2019ha but\u00e0 <a href=\"http:\/\/luigiolivero.altervista.org\/\" title=\"Luigi Olivero\" target=\"_blank\">ambeless\u00ec<\/a> un p\u00ebrfond \u00ebd r\u00f2ba ansima a Luigi Olivero.<\/p>\n<p><a href=\"http:\/\/www.piemonteis.com\/\" title=\"Piemont\u00e8is\" target=\"_blank\">Piemont\u00e8is<\/a>, vocabolari e gram\u00e0tica &#8216;d Br\u00e9.<\/p>\n<p><a href=\"http:\/\/www.canavesano.org\/\" title=\"Gli amici del canavesano\" target=\"_blank\">Ambeless\u00ec<\/a> Livio Tonso a part dal canavzan p\u00ebr slarghesse a tante r\u00f2be d\u00ebl piemont\u00e8is.<\/p>\n<p><a href=\"http:\/\/castellina.altervista.org\/piemont\/\" title=\"\u00cbl m\u00e8 Piemont\" target=\"_blank\">\u00cbl m\u00e8 Piemont<\/a>, \u00ebd Paolo Castellina.<\/p>\n<p>\u00cbl piemont\u00e8is a l&#8217;\u00e9 na r\u00f2ba cita, e donca a j&#8217;anteressa a p\u00f2chi; ma a noi, a noi <em>rari nantes in gurgite vasto<\/em>, a noi an na f\u00e0.<\/p>\n","protected":false},"excerpt":{"rendered":"<p><a href=\"https:\/\/giannidavico.it\/gopiedmont\/files\/2013\/04\/A.jpg\"><img loading=\"lazy\" src=\"https:\/\/giannidavico.it\/gopiedmont\/files\/2013\/04\/A-300x135.jpg\" alt=\"A\" width=\"300\" height=\"135\" class=\"alignright size-medium wp-image-2741\" srcset=\"https:\/\/giannidavico.it\/gopiedmont\/files\/2013\/04\/A-300x135.jpg 300w, https:\/\/giannidavico.it\/gopiedmont\/files\/2013\/04\/A-1024x460.jpg 1024w, https:\/\/giannidavico.it\/gopiedmont\/files\/2013\/04\/A.jpg 1132w\" sizes=\"(max-width: 300px) 100vw, 300px\" \/><\/a><br \/> Quatr agn f\u00e0 i l&#8217;av\u00eca but\u00e0 <a href=\"https:\/\/giannidavico.it\/gopiedmont\/2011\/03\/09\/ij-sit-an-piemonteis\/\">ambeless\u00ec<\/a> na lista coment\u00e0 dij sit esistent an piemont\u00e8is, lista ch&#8217;i l&#8217;hai peui agiorn\u00e0 <a href=\"https:\/\/giannidavico.it\/gopiedmont\/2013\/04\/03\/ij-sit-an-piemonteis-2\/\">doi agn f\u00e0<\/a>.<\/p>\n<p>An doi agn tante cose a cambio: i don antlora ambeless\u00ec na lista agiorn\u00e0. Naturalment a l&#8217;\u00e9 f\u00e0ita seguend l\u00f2n ch&#8217;i con\u00f2ss, e donca chi ch&#8217;a sa ch&#8217;a parla!<\/p>\n<p><strong>1. Pijoma l&#8217;andi<\/strong><\/p>\n<p>As peul nen nen ancaminesse da la <a href=\"http:\/\/pms.wikipedia.org\/wiki\/Intrada\" title=\"Bin \u00ebvn\u00f9 ant la Wikipedia\" target=\"_blank\">Wikipedia piemont\u00e8isa<\/a>, che con squasi 64mila art\u00eccoj (a j&#8217;ero p\u00ec \u2018d 60mila doi agn f\u00e0 e 35mila mach quatr agn f\u00e0) e al p\u00f2st n\u00f9mer 65 ant \u00ebl mond (un p\u00f2ch p\u00ec an bass \u00ebd doi agn f\u00e0, quand ch&#8217;a j&#8217;era al n\u00f9mer 57) a l\u2019\u00e9 divent\u00e0 na s\u00f2rta \u2018d manifest e drap\u00f2 d\u00ebl piemont\u00e8is dzora la Ragn\u00e0.<\/p>\n<p><strong>2. Giornaj e scartari<\/strong><\/p>\n<p><a href=\"http:\/\/www.lastampa.it\/torinosette\/rubriche\/an-piemonteis\" title=\"An piemont\u00e8is\" target=\"_blank\">An piemont\u00e8is<\/a>, la rubrica d&#8217;Albina Malerba e Giovanni Tesio ansima a &#8220;La stampa&#8221;.<\/p>\n<p>La <a href=\"http:\/\/piemonteis.xoom.it\" title=\"Piemont\u00e8is Ancheuj\" target=\"_blank\">p\u00e0gina<\/a> \u2018d &#8220;Piemont\u00e8is Ancheuj&#8221;: j\u00eb sf\u00f2rs \u00ebd Michel dij Bonav\u00e9 e tanti amis \u00ebd n\u00f2sta lenga.<\/p>\n<p>J&#8217;archivi d&#8217;<a href=\"http:\/\/piemontliber.altervista.org\/\" title=\"Assion Piemont\u00e8isa\" target=\"_blank\">Assion piemont\u00e8isa<\/a>, [\u2026] <a class=\"moretag\" href=\"https:\/\/giannidavico.it\/gopiedmont\/2015\/10\/07\/2015-ij-sit-an-piemonteis\/\">continua a leggere \u00bb<\/a><\/p>\n","protected":false},"author":4,"featured_media":0,"comment_status":"open","ping_status":"open","sticky":false,"template":"","format":"standard","meta":[],"categories":[130],"tags":[131,125],"yoast_head":"<!-- This site is optimized with the Yoast SEO plugin v19.14 - https:\/\/yoast.com\/wordpress\/plugins\/seo\/ -->\n<title>2015: ij sit an piemont\u00e8is - Go Piedmont<\/title>\n<meta name=\"robots\" content=\"index, follow, max-snippet:-1, max-image-preview:large, max-video-preview:-1\" \/>\n<link rel=\"canonical\" href=\"https:\/\/giannidavico.it\/gopiedmont\/2015\/10\/07\/2015-ij-sit-an-piemonteis\/\" \/>\n<meta property=\"og:locale\" content=\"it_IT\" \/>\n<meta property=\"og:type\" content=\"article\" \/>\n<meta property=\"og:title\" content=\"2015: ij sit an piemont\u00e8is - Go Piedmont\" \/>\n<meta property=\"og:description\" content=\"Quatr agn f\u00e0 i l&#8217;av\u00eca but\u00e0 ambeless\u00ec na lista coment\u00e0 dij sit esistent an piemont\u00e8is, lista ch&#8217;i l&#8217;hai peui agiorn\u00e0 doi agn f\u00e0. An doi agn tante cose a cambio: i don antlora ambeless\u00ec na lista agiorn\u00e0. Naturalment a l&#8217;\u00e9 f\u00e0ita seguend l\u00f2n ch&#8217;i con\u00f2ss, e donca chi ch&#8217;a sa ch&#8217;a parla! 1. Pijoma l&#8217;andi As peul nen nen ancaminesse da la Wikipedia piemont\u00e8isa, che con squasi 64mila art\u00eccoj (a j&#8217;ero p\u00ec \u2018d 60mila doi agn f\u00e0 e 35mila mach quatr agn f\u00e0) e al p\u00f2st n\u00f9mer 65 ant \u00ebl mond (un p\u00f2ch p\u00ec an bass \u00ebd doi agn f\u00e0, quand ch&#8217;a j&#8217;era al n\u00f9mer 57) a l\u2019\u00e9 divent\u00e0 na s\u00f2rta \u2018d manifest e drap\u00f2 d\u00ebl piemont\u00e8is dzora la Ragn\u00e0. 2. Giornaj e scartari An piemont\u00e8is, la rubrica d&#8217;Albina Malerba e Giovanni Tesio ansima a &#8220;La stampa&#8221;. La p\u00e0gina \u2018d &#8220;Piemont\u00e8is Ancheuj&#8221;: j\u00eb sf\u00f2rs \u00ebd Michel dij Bonav\u00e9 e tanti amis \u00ebd n\u00f2sta lenga. J&#8217;archivi d&#8217;Assion piemont\u00e8isa, [\u2026] continua a leggere \u00bb\" \/>\n<meta property=\"og:url\" content=\"https:\/\/giannidavico.it\/gopiedmont\/2015\/10\/07\/2015-ij-sit-an-piemonteis\/\" \/>\n<meta property=\"og:site_name\" content=\"Go Piedmont\" \/>\n<meta property=\"article:published_time\" content=\"2015-10-07T05:00:35+00:00\" \/>\n<meta property=\"article:modified_time\" content=\"2015-10-08T11:08:48+00:00\" \/>\n<meta property=\"og:image\" content=\"https:\/\/giannidavico.it\/gopiedmont\/files\/2013\/04\/A-300x135.jpg\" \/>\n<meta name=\"author\" content=\"giannidavico\" \/>\n<meta name=\"twitter:card\" content=\"summary_large_image\" \/>\n<meta name=\"twitter:label1\" content=\"Scritto da\" \/>\n\t<meta name=\"twitter:data1\" content=\"giannidavico\" \/>\n\t<meta name=\"twitter:label2\" content=\"Tempo di lettura stimato\" \/>\n\t<meta name=\"twitter:data2\" content=\"3 minuti\" \/>\n<script type=\"application\/ld+json\" class=\"yoast-schema-graph\">{\"@context\":\"https:\/\/schema.org\",\"@graph\":[{\"@type\":\"WebPage\",\"@id\":\"https:\/\/giannidavico.it\/gopiedmont\/2015\/10\/07\/2015-ij-sit-an-piemonteis\/\",\"url\":\"https:\/\/giannidavico.it\/gopiedmont\/2015\/10\/07\/2015-ij-sit-an-piemonteis\/\",\"name\":\"2015: ij sit an piemont\u00e8is - Go Piedmont\",\"isPartOf\":{\"@id\":\"https:\/\/giannidavico.it\/gopiedmont\/#website\"},\"datePublished\":\"2015-10-07T05:00:35+00:00\",\"dateModified\":\"2015-10-08T11:08:48+00:00\",\"author\":{\"@id\":\"https:\/\/giannidavico.it\/gopiedmont\/#\/schema\/person\/ea1fd17d8f2dba325f3712219efa8f77\"},\"inLanguage\":\"it-IT\",\"potentialAction\":[{\"@type\":\"ReadAction\",\"target\":[\"https:\/\/giannidavico.it\/gopiedmont\/2015\/10\/07\/2015-ij-sit-an-piemonteis\/\"]}]},{\"@type\":\"WebSite\",\"@id\":\"https:\/\/giannidavico.it\/gopiedmont\/#website\",\"url\":\"https:\/\/giannidavico.it\/gopiedmont\/\",\"name\":\"Go Piedmont\",\"description\":\"pens\u00e9 dzora l\u00ecber, event e p\u00ebrson-e grop\u00e0 al Piemont e a la lenga piemont\u00e8isa\",\"potentialAction\":[{\"@type\":\"SearchAction\",\"target\":{\"@type\":\"EntryPoint\",\"urlTemplate\":\"https:\/\/giannidavico.it\/gopiedmont\/?s={search_term_string}\"},\"query-input\":\"required name=search_term_string\"}],\"inLanguage\":\"it-IT\"},{\"@type\":\"Person\",\"@id\":\"https:\/\/giannidavico.it\/gopiedmont\/#\/schema\/person\/ea1fd17d8f2dba325f3712219efa8f77\",\"name\":\"giannidavico\",\"image\":{\"@type\":\"ImageObject\",\"inLanguage\":\"it-IT\",\"@id\":\"https:\/\/giannidavico.it\/gopiedmont\/#\/schema\/person\/image\/\",\"url\":\"https:\/\/secure.gravatar.com\/avatar\/337748753d882602f3038b55fb369ba1?s=96&d=mm&r=g\",\"contentUrl\":\"https:\/\/secure.gravatar.com\/avatar\/337748753d882602f3038b55fb369ba1?s=96&d=mm&r=g\",\"caption\":\"giannidavico\"},\"url\":\"https:\/\/giannidavico.it\/gopiedmont\/author\/giannidavico\/\"}]}<\/script>\n<!-- \/ Yoast SEO plugin. -->","yoast_head_json":{"title":"2015: ij sit an piemont\u00e8is - Go Piedmont","robots":{"index":"index","follow":"follow","max-snippet":"max-snippet:-1","max-image-preview":"max-image-preview:large","max-video-preview":"max-video-preview:-1"},"canonical":"https:\/\/giannidavico.it\/gopiedmont\/2015\/10\/07\/2015-ij-sit-an-piemonteis\/","og_locale":"it_IT","og_type":"article","og_title":"2015: ij sit an piemont\u00e8is - Go Piedmont","og_description":"Quatr agn f\u00e0 i l&#8217;av\u00eca but\u00e0 ambeless\u00ec na lista coment\u00e0 dij sit esistent an piemont\u00e8is, lista ch&#8217;i l&#8217;hai peui agiorn\u00e0 doi agn f\u00e0. An doi agn tante cose a cambio: i don antlora ambeless\u00ec na lista agiorn\u00e0. Naturalment a l&#8217;\u00e9 f\u00e0ita seguend l\u00f2n ch&#8217;i con\u00f2ss, e donca chi ch&#8217;a sa ch&#8217;a parla! 1. Pijoma l&#8217;andi As peul nen nen ancaminesse da la Wikipedia piemont\u00e8isa, che con squasi 64mila art\u00eccoj (a j&#8217;ero p\u00ec \u2018d 60mila doi agn f\u00e0 e 35mila mach quatr agn f\u00e0) e al p\u00f2st n\u00f9mer 65 ant \u00ebl mond (un p\u00f2ch p\u00ec an bass \u00ebd doi agn f\u00e0, quand ch&#8217;a j&#8217;era al n\u00f9mer 57) a l\u2019\u00e9 divent\u00e0 na s\u00f2rta \u2018d manifest e drap\u00f2 d\u00ebl piemont\u00e8is dzora la Ragn\u00e0. 2. Giornaj e scartari An piemont\u00e8is, la rubrica d&#8217;Albina Malerba e Giovanni Tesio ansima a &#8220;La stampa&#8221;. La p\u00e0gina \u2018d &#8220;Piemont\u00e8is Ancheuj&#8221;: j\u00eb sf\u00f2rs \u00ebd Michel dij Bonav\u00e9 e tanti amis \u00ebd n\u00f2sta lenga. J&#8217;archivi d&#8217;Assion piemont\u00e8isa, [\u2026] continua a leggere \u00bb","og_url":"https:\/\/giannidavico.it\/gopiedmont\/2015\/10\/07\/2015-ij-sit-an-piemonteis\/","og_site_name":"Go Piedmont","article_published_time":"2015-10-07T05:00:35+00:00","article_modified_time":"2015-10-08T11:08:48+00:00","og_image":[{"url":"https:\/\/giannidavico.it\/gopiedmont\/files\/2013\/04\/A-300x135.jpg"}],"author":"giannidavico","twitter_card":"summary_large_image","twitter_misc":{"Scritto da":"giannidavico","Tempo di lettura stimato":"3 minuti"},"schema":{"@context":"https:\/\/schema.org","@graph":[{"@type":"WebPage","@id":"https:\/\/giannidavico.it\/gopiedmont\/2015\/10\/07\/2015-ij-sit-an-piemonteis\/","url":"https:\/\/giannidavico.it\/gopiedmont\/2015\/10\/07\/2015-ij-sit-an-piemonteis\/","name":"2015: ij sit an piemont\u00e8is - Go Piedmont","isPartOf":{"@id":"https:\/\/giannidavico.it\/gopiedmont\/#website"},"datePublished":"2015-10-07T05:00:35+00:00","dateModified":"2015-10-08T11:08:48+00:00","author":{"@id":"https:\/\/giannidavico.it\/gopiedmont\/#\/schema\/person\/ea1fd17d8f2dba325f3712219efa8f77"},"inLanguage":"it-IT","potentialAction":[{"@type":"ReadAction","target":["https:\/\/giannidavico.it\/gopiedmont\/2015\/10\/07\/2015-ij-sit-an-piemonteis\/"]}]},{"@type":"WebSite","@id":"https:\/\/giannidavico.it\/gopiedmont\/#website","url":"https:\/\/giannidavico.it\/gopiedmont\/","name":"Go Piedmont","description":"pens\u00e9 dzora l\u00ecber, event e p\u00ebrson-e grop\u00e0 al Piemont e a la lenga piemont\u00e8isa","potentialAction":[{"@type":"SearchAction","target":{"@type":"EntryPoint","urlTemplate":"https:\/\/giannidavico.it\/gopiedmont\/?s={search_term_string}"},"query-input":"required name=search_term_string"}],"inLanguage":"it-IT"},{"@type":"Person","@id":"https:\/\/giannidavico.it\/gopiedmont\/#\/schema\/person\/ea1fd17d8f2dba325f3712219efa8f77","name":"giannidavico","image":{"@type":"ImageObject","inLanguage":"it-IT","@id":"https:\/\/giannidavico.it\/gopiedmont\/#\/schema\/person\/image\/","url":"https:\/\/secure.gravatar.com\/avatar\/337748753d882602f3038b55fb369ba1?s=96&d=mm&r=g","contentUrl":"https:\/\/secure.gravatar.com\/avatar\/337748753d882602f3038b55fb369ba1?s=96&d=mm&r=g","caption":"giannidavico"},"url":"https:\/\/giannidavico.it\/gopiedmont\/author\/giannidavico\/"}]}},"_links":{"self":[{"href":"https:\/\/giannidavico.it\/gopiedmont\/wp-json\/wp\/v2\/posts\/3151"}],"collection":[{"href":"https:\/\/giannidavico.it\/gopiedmont\/wp-json\/wp\/v2\/posts"}],"about":[{"href":"https:\/\/giannidavico.it\/gopiedmont\/wp-json\/wp\/v2\/types\/post"}],"author":[{"embeddable":true,"href":"https:\/\/giannidavico.it\/gopiedmont\/wp-json\/wp\/v2\/users\/4"}],"replies":[{"embeddable":true,"href":"https:\/\/giannidavico.it\/gopiedmont\/wp-json\/wp\/v2\/comments?post=3151"}],"version-history":[{"count":15,"href":"https:\/\/giannidavico.it\/gopiedmont\/wp-json\/wp\/v2\/posts\/3151\/revisions"}],"predecessor-version":[{"id":3166,"href":"https:\/\/giannidavico.it\/gopiedmont\/wp-json\/wp\/v2\/posts\/3151\/revisions\/3166"}],"wp:attachment":[{"href":"https:\/\/giannidavico.it\/gopiedmont\/wp-json\/wp\/v2\/media?parent=3151"}],"wp:term":[{"taxonomy":"category","embeddable":true,"href":"https:\/\/giannidavico.it\/gopiedmont\/wp-json\/wp\/v2\/categories?post=3151"},{"taxonomy":"post_tag","embeddable":true,"href":"https:\/\/giannidavico.it\/gopiedmont\/wp-json\/wp\/v2\/tags?post=3151"}],"curies":[{"name":"wp","href":"https:\/\/api.w.org\/{rel}","templated":true}]}}