{"id":3168,"date":"2015-10-14T14:01:11","date_gmt":"2015-10-14T13:01:11","guid":{"rendered":"https:\/\/giannidavico.it\/staging\/gopiedmont\/?p=3168"},"modified":"2015-10-14T14:01:11","modified_gmt":"2015-10-14T13:01:11","slug":"un-piemonteis-tanti-piemonteis","status":"publish","type":"post","link":"https:\/\/giannidavico.it\/gopiedmont\/2015\/10\/14\/un-piemonteis-tanti-piemonteis\/","title":{"rendered":"Un piemont\u00e8is, tanti piemont\u00e8is"},"content":{"rendered":"<p>La ciaciarada d&#8217;ancheuj a l&#8217;\u00e9 dzortut l&#8217;arconossiment d&#8217;un problema lengh\u00ecstich ch&#8217;i l&#8217;hai da tanti agn e ch&#8217;i son mai riess\u00f9 a arzolve (miraco na solussion a esist nen, ma i v\u00ebdroma).<\/p>\n<p>\u00cbl problema a l&#8217;\u00e9 la diferensa ch&#8217;a passa tra &#8216;l piemont\u00e8is dla <em>koin\u00e9<\/em> (col ch&#8217;as treuva an s\u00ebl dissionari &#8216;d Milo Br\u00e9, i podr\u00eco d\u00ec semplificand) e &#8216;l piemont\u00e8is che mi i son ch\u00ebrs\u00f9 sentend e parland, visad\u00ec \u00ebl chier\u00e8is ant \u00ebl m\u00e9 cas.<\/p>\n<p>E, p\u00ebr dine un-a, an chier\u00e8is a esist nen l&#8217;art\u00eccol &#8220;le&#8221;: a-i son nen <em>le colin-e<\/em>, a-i son <em>\u00ebl colin-i<\/em> e fin-a <em>ij colin-i<\/em>.<\/p>\n<p>Come riesse a but\u00e9 ansema an armon\u00eca &#8216;l piemont\u00e8is literari e &#8216;l piemont\u00e8is f\u00e0it \u00ebd t\u00e8ra e &#8216;d vita &#8216;d mincad\u00ec? O, p\u00ebr dila an manera diferenta e slargh\u00e9 un p\u00f2ch la question, come avzin\u00e9 al piemont\u00e8is scrit ij tanti parlant piemont\u00e8is che a s\u00eb sbaruvo dle r\u00e9gole?<\/p>\n<p>La risp\u00f2sta ch&#8217;i son dame &#8211; da tanti agn &#8211; a l&#8217;\u00e9 d\u00eb scrive an piemont\u00e8is &#8220;cl\u00e0ssich&#8221; (Br\u00e9), p\u00ebrch\u00e8 s\u00f2n a veul d\u00ec parleje a tuta la gent d\u00ebl Piemont; ma m\u00e9 parl\u00e9 (come col \u00ebd quasi tuti ij piemont\u00e8is) a l&#8217;\u00e9 diferent, e donca a ven a creesse na diston\u00eca. Diston\u00eca che con j&#8217;agn a l&#8217;\u00e9 slargasse, p\u00ebrch\u00e8 i l&#8217;hai ciaciar\u00e0 con tanta brava gent da tute le bande d\u00ebl Piemont. Piemont\u00e8is l&#8217;istess ma diferent.<\/p>\n<p>Alberto Ghia, n&#8217;amis \u00ebd piuma, qu\u00e0ich d\u00ec f\u00e0 a l&#8217;ha but\u00e0 un <a href=\"https:\/\/www.facebook.com\/alberto.ghia\/posts\/10207625925548860\" target=\"_blank\">coment<\/a> dzora soa p\u00e0gina Facebook:<\/p>\n<blockquote><p>Se Dio vuole, ho costruito il mio personale vocabolario, fieramente dialettale, su ci\u00f2 che ho sentito dire e non su ci\u00f2 che ho letto in un dizionario a caso (Brero).<\/p><\/blockquote>\n<p>Ecco, costa a l&#8217;\u00e9 la r\u00e8is d\u00ebl problema: un piemont\u00e8is, tanti piemont\u00e8is. Alberto a l&#8217;ha trov\u00e0 la soa risp\u00f2sta. Mi i l&#8217;hai un problema ma i riess nen a truv\u00e9 la solussion.<\/p>\n<p>Chi ch&#8217;a veul d\u00ec la soa?<\/p>\n","protected":false},"excerpt":{"rendered":"<p>La ciaciarada d&#8217;ancheuj a l&#8217;\u00e9 dzortut l&#8217;arconossiment d&#8217;un problema lengh\u00ecstich ch&#8217;i l&#8217;hai da tanti agn e ch&#8217;i son mai riess\u00f9 a arzolve (miraco na solussion a esist nen, ma i v\u00ebdroma).<\/p>\n<p>\u00cbl problema a l&#8217;\u00e9 la diferensa ch&#8217;a passa tra &#8216;l piemont\u00e8is dla <em>koin\u00e9<\/em> (col ch&#8217;as treuva an s\u00ebl dissionari &#8216;d Milo Br\u00e9, i podr\u00eco d\u00ec semplificand) e &#8216;l piemont\u00e8is che mi i son ch\u00ebrs\u00f9 sentend e parland, visad\u00ec \u00ebl chier\u00e8is ant \u00ebl m\u00e9 cas.<\/p>\n<p>E, p\u00ebr dine un-a, an chier\u00e8is a esist nen l&#8217;art\u00eccol &#8220;le&#8221;: a-i son nen <em>le colin-e<\/em>, a-i son <em>\u00ebl colin-i<\/em> e fin-a <em>ij colin-i<\/em>.<\/p>\n<p>Come riesse a but\u00e9 ansema an armon\u00eca &#8216;l piemont\u00e8is literari e &#8216;l piemont\u00e8is f\u00e0it \u00ebd t\u00e8ra e &#8216;d vita &#8216;d mincad\u00ec? O, p\u00ebr dila an manera diferenta e slargh\u00e9 un p\u00f2ch la question, come avzin\u00e9 al piemont\u00e8is scrit ij tanti parlant piemont\u00e8is che a s\u00eb sbaruvo dle r\u00e9gole?<\/p>\n<p>La risp\u00f2sta ch&#8217;i son dame &#8211; da tanti agn &#8211; a l&#8217;\u00e9 d\u00eb scrive an piemont\u00e8is &#8220;cl\u00e0ssich&#8221; (Br\u00e9), p\u00ebrch\u00e8 s\u00f2n a veul d\u00ec parleje a tuta la gent d\u00ebl Piemont; ma m\u00e9 parl\u00e9 (come col \u00ebd quasi tuti ij piemont\u00e8is) a l&#8217;\u00e9 diferent, e donca a ven a creesse na diston\u00eca. Diston\u00eca che [\u2026] <a class=\"moretag\" href=\"https:\/\/giannidavico.it\/gopiedmont\/2015\/10\/14\/un-piemonteis-tanti-piemonteis\/\">continua a leggere \u00bb<\/a><\/p>\n","protected":false},"author":4,"featured_media":0,"comment_status":"open","ping_status":"open","sticky":false,"template":"","format":"standard","meta":[],"categories":[130],"tags":[107],"yoast_head":"<!-- This site is optimized with the Yoast SEO plugin v19.14 - https:\/\/yoast.com\/wordpress\/plugins\/seo\/ -->\n<title>Un piemont\u00e8is, tanti piemont\u00e8is - Go Piedmont<\/title>\n<meta name=\"robots\" content=\"index, follow, max-snippet:-1, max-image-preview:large, max-video-preview:-1\" \/>\n<link rel=\"canonical\" href=\"https:\/\/giannidavico.it\/gopiedmont\/2015\/10\/14\/un-piemonteis-tanti-piemonteis\/\" \/>\n<meta property=\"og:locale\" content=\"it_IT\" \/>\n<meta property=\"og:type\" content=\"article\" \/>\n<meta property=\"og:title\" content=\"Un piemont\u00e8is, tanti piemont\u00e8is - Go Piedmont\" \/>\n<meta property=\"og:description\" content=\"La ciaciarada d&#8217;ancheuj a l&#8217;\u00e9 dzortut l&#8217;arconossiment d&#8217;un problema lengh\u00ecstich ch&#8217;i l&#8217;hai da tanti agn e ch&#8217;i son mai riess\u00f9 a arzolve (miraco na solussion a esist nen, ma i v\u00ebdroma). \u00cbl problema a l&#8217;\u00e9 la diferensa ch&#8217;a passa tra &#8216;l piemont\u00e8is dla koin\u00e9 (col ch&#8217;as treuva an s\u00ebl dissionari &#8216;d Milo Br\u00e9, i podr\u00eco d\u00ec semplificand) e &#8216;l piemont\u00e8is che mi i son ch\u00ebrs\u00f9 sentend e parland, visad\u00ec \u00ebl chier\u00e8is ant \u00ebl m\u00e9 cas. E, p\u00ebr dine un-a, an chier\u00e8is a esist nen l&#8217;art\u00eccol &#8220;le&#8221;: a-i son nen le colin-e, a-i son \u00ebl colin-i e fin-a ij colin-i. Come riesse a but\u00e9 ansema an armon\u00eca &#8216;l piemont\u00e8is literari e &#8216;l piemont\u00e8is f\u00e0it \u00ebd t\u00e8ra e &#8216;d vita &#8216;d mincad\u00ec? O, p\u00ebr dila an manera diferenta e slargh\u00e9 un p\u00f2ch la question, come avzin\u00e9 al piemont\u00e8is scrit ij tanti parlant piemont\u00e8is che a s\u00eb sbaruvo dle r\u00e9gole? La risp\u00f2sta ch&#8217;i son dame &#8211; da tanti agn &#8211; a l&#8217;\u00e9 d\u00eb scrive an piemont\u00e8is &#8220;cl\u00e0ssich&#8221; (Br\u00e9), p\u00ebrch\u00e8 s\u00f2n a veul d\u00ec parleje a tuta la gent d\u00ebl Piemont; ma m\u00e9 parl\u00e9 (come col \u00ebd quasi tuti ij piemont\u00e8is) a l&#8217;\u00e9 diferent, e donca a ven a creesse na diston\u00eca. Diston\u00eca che [\u2026] continua a leggere \u00bb\" \/>\n<meta property=\"og:url\" content=\"https:\/\/giannidavico.it\/gopiedmont\/2015\/10\/14\/un-piemonteis-tanti-piemonteis\/\" \/>\n<meta property=\"og:site_name\" content=\"Go Piedmont\" \/>\n<meta property=\"article:published_time\" content=\"2015-10-14T13:01:11+00:00\" \/>\n<meta name=\"author\" content=\"giannidavico\" \/>\n<meta name=\"twitter:card\" content=\"summary_large_image\" \/>\n<meta name=\"twitter:label1\" content=\"Scritto da\" \/>\n\t<meta name=\"twitter:data1\" content=\"giannidavico\" \/>\n\t<meta name=\"twitter:label2\" content=\"Tempo di lettura stimato\" \/>\n\t<meta name=\"twitter:data2\" content=\"2 minuti\" \/>\n<script type=\"application\/ld+json\" class=\"yoast-schema-graph\">{\"@context\":\"https:\/\/schema.org\",\"@graph\":[{\"@type\":\"WebPage\",\"@id\":\"https:\/\/giannidavico.it\/gopiedmont\/2015\/10\/14\/un-piemonteis-tanti-piemonteis\/\",\"url\":\"https:\/\/giannidavico.it\/gopiedmont\/2015\/10\/14\/un-piemonteis-tanti-piemonteis\/\",\"name\":\"Un piemont\u00e8is, tanti piemont\u00e8is - Go Piedmont\",\"isPartOf\":{\"@id\":\"https:\/\/giannidavico.it\/gopiedmont\/#website\"},\"datePublished\":\"2015-10-14T13:01:11+00:00\",\"dateModified\":\"2015-10-14T13:01:11+00:00\",\"author\":{\"@id\":\"https:\/\/giannidavico.it\/gopiedmont\/#\/schema\/person\/ea1fd17d8f2dba325f3712219efa8f77\"},\"inLanguage\":\"it-IT\",\"potentialAction\":[{\"@type\":\"ReadAction\",\"target\":[\"https:\/\/giannidavico.it\/gopiedmont\/2015\/10\/14\/un-piemonteis-tanti-piemonteis\/\"]}]},{\"@type\":\"WebSite\",\"@id\":\"https:\/\/giannidavico.it\/gopiedmont\/#website\",\"url\":\"https:\/\/giannidavico.it\/gopiedmont\/\",\"name\":\"Go Piedmont\",\"description\":\"pens\u00e9 dzora l\u00ecber, event e p\u00ebrson-e grop\u00e0 al Piemont e a la lenga piemont\u00e8isa\",\"potentialAction\":[{\"@type\":\"SearchAction\",\"target\":{\"@type\":\"EntryPoint\",\"urlTemplate\":\"https:\/\/giannidavico.it\/gopiedmont\/?s={search_term_string}\"},\"query-input\":\"required name=search_term_string\"}],\"inLanguage\":\"it-IT\"},{\"@type\":\"Person\",\"@id\":\"https:\/\/giannidavico.it\/gopiedmont\/#\/schema\/person\/ea1fd17d8f2dba325f3712219efa8f77\",\"name\":\"giannidavico\",\"image\":{\"@type\":\"ImageObject\",\"inLanguage\":\"it-IT\",\"@id\":\"https:\/\/giannidavico.it\/gopiedmont\/#\/schema\/person\/image\/\",\"url\":\"https:\/\/secure.gravatar.com\/avatar\/337748753d882602f3038b55fb369ba1?s=96&d=mm&r=g\",\"contentUrl\":\"https:\/\/secure.gravatar.com\/avatar\/337748753d882602f3038b55fb369ba1?s=96&d=mm&r=g\",\"caption\":\"giannidavico\"},\"url\":\"https:\/\/giannidavico.it\/gopiedmont\/author\/giannidavico\/\"}]}<\/script>\n<!-- \/ Yoast SEO plugin. -->","yoast_head_json":{"title":"Un piemont\u00e8is, tanti piemont\u00e8is - Go Piedmont","robots":{"index":"index","follow":"follow","max-snippet":"max-snippet:-1","max-image-preview":"max-image-preview:large","max-video-preview":"max-video-preview:-1"},"canonical":"https:\/\/giannidavico.it\/gopiedmont\/2015\/10\/14\/un-piemonteis-tanti-piemonteis\/","og_locale":"it_IT","og_type":"article","og_title":"Un piemont\u00e8is, tanti piemont\u00e8is - Go Piedmont","og_description":"La ciaciarada d&#8217;ancheuj a l&#8217;\u00e9 dzortut l&#8217;arconossiment d&#8217;un problema lengh\u00ecstich ch&#8217;i l&#8217;hai da tanti agn e ch&#8217;i son mai riess\u00f9 a arzolve (miraco na solussion a esist nen, ma i v\u00ebdroma). \u00cbl problema a l&#8217;\u00e9 la diferensa ch&#8217;a passa tra &#8216;l piemont\u00e8is dla koin\u00e9 (col ch&#8217;as treuva an s\u00ebl dissionari &#8216;d Milo Br\u00e9, i podr\u00eco d\u00ec semplificand) e &#8216;l piemont\u00e8is che mi i son ch\u00ebrs\u00f9 sentend e parland, visad\u00ec \u00ebl chier\u00e8is ant \u00ebl m\u00e9 cas. E, p\u00ebr dine un-a, an chier\u00e8is a esist nen l&#8217;art\u00eccol &#8220;le&#8221;: a-i son nen le colin-e, a-i son \u00ebl colin-i e fin-a ij colin-i. Come riesse a but\u00e9 ansema an armon\u00eca &#8216;l piemont\u00e8is literari e &#8216;l piemont\u00e8is f\u00e0it \u00ebd t\u00e8ra e &#8216;d vita &#8216;d mincad\u00ec? O, p\u00ebr dila an manera diferenta e slargh\u00e9 un p\u00f2ch la question, come avzin\u00e9 al piemont\u00e8is scrit ij tanti parlant piemont\u00e8is che a s\u00eb sbaruvo dle r\u00e9gole? La risp\u00f2sta ch&#8217;i son dame &#8211; da tanti agn &#8211; a l&#8217;\u00e9 d\u00eb scrive an piemont\u00e8is &#8220;cl\u00e0ssich&#8221; (Br\u00e9), p\u00ebrch\u00e8 s\u00f2n a veul d\u00ec parleje a tuta la gent d\u00ebl Piemont; ma m\u00e9 parl\u00e9 (come col \u00ebd quasi tuti ij piemont\u00e8is) a l&#8217;\u00e9 diferent, e donca a ven a creesse na diston\u00eca. Diston\u00eca che [\u2026] continua a leggere \u00bb","og_url":"https:\/\/giannidavico.it\/gopiedmont\/2015\/10\/14\/un-piemonteis-tanti-piemonteis\/","og_site_name":"Go Piedmont","article_published_time":"2015-10-14T13:01:11+00:00","author":"giannidavico","twitter_card":"summary_large_image","twitter_misc":{"Scritto da":"giannidavico","Tempo di lettura stimato":"2 minuti"},"schema":{"@context":"https:\/\/schema.org","@graph":[{"@type":"WebPage","@id":"https:\/\/giannidavico.it\/gopiedmont\/2015\/10\/14\/un-piemonteis-tanti-piemonteis\/","url":"https:\/\/giannidavico.it\/gopiedmont\/2015\/10\/14\/un-piemonteis-tanti-piemonteis\/","name":"Un piemont\u00e8is, tanti piemont\u00e8is - Go Piedmont","isPartOf":{"@id":"https:\/\/giannidavico.it\/gopiedmont\/#website"},"datePublished":"2015-10-14T13:01:11+00:00","dateModified":"2015-10-14T13:01:11+00:00","author":{"@id":"https:\/\/giannidavico.it\/gopiedmont\/#\/schema\/person\/ea1fd17d8f2dba325f3712219efa8f77"},"inLanguage":"it-IT","potentialAction":[{"@type":"ReadAction","target":["https:\/\/giannidavico.it\/gopiedmont\/2015\/10\/14\/un-piemonteis-tanti-piemonteis\/"]}]},{"@type":"WebSite","@id":"https:\/\/giannidavico.it\/gopiedmont\/#website","url":"https:\/\/giannidavico.it\/gopiedmont\/","name":"Go Piedmont","description":"pens\u00e9 dzora l\u00ecber, event e p\u00ebrson-e grop\u00e0 al Piemont e a la lenga piemont\u00e8isa","potentialAction":[{"@type":"SearchAction","target":{"@type":"EntryPoint","urlTemplate":"https:\/\/giannidavico.it\/gopiedmont\/?s={search_term_string}"},"query-input":"required name=search_term_string"}],"inLanguage":"it-IT"},{"@type":"Person","@id":"https:\/\/giannidavico.it\/gopiedmont\/#\/schema\/person\/ea1fd17d8f2dba325f3712219efa8f77","name":"giannidavico","image":{"@type":"ImageObject","inLanguage":"it-IT","@id":"https:\/\/giannidavico.it\/gopiedmont\/#\/schema\/person\/image\/","url":"https:\/\/secure.gravatar.com\/avatar\/337748753d882602f3038b55fb369ba1?s=96&d=mm&r=g","contentUrl":"https:\/\/secure.gravatar.com\/avatar\/337748753d882602f3038b55fb369ba1?s=96&d=mm&r=g","caption":"giannidavico"},"url":"https:\/\/giannidavico.it\/gopiedmont\/author\/giannidavico\/"}]}},"_links":{"self":[{"href":"https:\/\/giannidavico.it\/gopiedmont\/wp-json\/wp\/v2\/posts\/3168"}],"collection":[{"href":"https:\/\/giannidavico.it\/gopiedmont\/wp-json\/wp\/v2\/posts"}],"about":[{"href":"https:\/\/giannidavico.it\/gopiedmont\/wp-json\/wp\/v2\/types\/post"}],"author":[{"embeddable":true,"href":"https:\/\/giannidavico.it\/gopiedmont\/wp-json\/wp\/v2\/users\/4"}],"replies":[{"embeddable":true,"href":"https:\/\/giannidavico.it\/gopiedmont\/wp-json\/wp\/v2\/comments?post=3168"}],"version-history":[{"count":7,"href":"https:\/\/giannidavico.it\/gopiedmont\/wp-json\/wp\/v2\/posts\/3168\/revisions"}],"predecessor-version":[{"id":3175,"href":"https:\/\/giannidavico.it\/gopiedmont\/wp-json\/wp\/v2\/posts\/3168\/revisions\/3175"}],"wp:attachment":[{"href":"https:\/\/giannidavico.it\/gopiedmont\/wp-json\/wp\/v2\/media?parent=3168"}],"wp:term":[{"taxonomy":"category","embeddable":true,"href":"https:\/\/giannidavico.it\/gopiedmont\/wp-json\/wp\/v2\/categories?post=3168"},{"taxonomy":"post_tag","embeddable":true,"href":"https:\/\/giannidavico.it\/gopiedmont\/wp-json\/wp\/v2\/tags?post=3168"}],"curies":[{"name":"wp","href":"https:\/\/api.w.org\/{rel}","templated":true}]}}