{"id":3176,"date":"2015-10-21T08:11:26","date_gmt":"2015-10-21T07:11:26","guid":{"rendered":"https:\/\/giannidavico.it\/staging\/gopiedmont\/?p=3176"},"modified":"2015-10-21T08:11:26","modified_gmt":"2015-10-21T07:11:26","slug":"el-chiereis-e-la-koine","status":"publish","type":"post","link":"https:\/\/giannidavico.it\/gopiedmont\/2015\/10\/21\/el-chiereis-e-la-koine\/","title":{"rendered":"\u00cbl chier\u00e8is e la koin\u00e9"},"content":{"rendered":"<p>L&#8217;\u00e0utra sman-a <a href=\"https:\/\/giannidavico.it\/gopiedmont\/2015\/10\/14\/un-piemonteis-tanti-piemonteis\/\">i parlava<\/a> d&#8217;un m\u00e9 problema a r\u00ebsguard d\u00ebl piemont\u00e8is: la diferensa tra l\u00eb scrit (graf\u00eca Brand\u00e9) e &#8216;l parl\u00e0 (chier\u00e8is, dial\u00e8t che tra l&#8217;\u00e0utr a l&#8217;ha &#8216;d carater\u00ecstiche bon ben anteressante \u2013 prima o peui a ventr\u00e0 scrivne la gram\u00e0tica), e la diston\u00eca che s\u00f2n a p\u00f2rta.<\/p>\n<p>L&#8217;art\u00eccol a l&#8217;ha port\u00e0 tanti coment, e p\u00ebr s\u00f2n i veuj ringrassi\u00e9 ij tanti amis ch&#8217;a l&#8217;han vors\u00f9 d\u00ec la soa: p\u00ebrch\u00e8 av\u00e8j sent\u00f9 d&#8217;id\u00e8je diferente a l&#8217;\u00e9 servime a cap\u00ec un p\u00f2ch mej m\u00e9 rap\u00f2rt con mia lenga.<\/p>\n<p>L&#8217;opinion dominanta, a m\u00eb smija &#8216;d cap\u00ec, a l&#8217;\u00e9 cola che col che mi i p\u00ebrcepiss come un problema a l&#8217;\u00e9 nen un ver problema, ant \u00ebl sens ch&#8217;a l&#8217;\u00e9 normal p\u00ebr tanti scrive ant na manera e parl\u00e9 an manera diferenta (Riccardo a l&#8217;ha f\u00e0it dj&#8217;esempi p\u00ebr toscan e sud-tirol\u00e8is, Pep p\u00ebr \u00ebl catalan, Liss\u00e0nder p\u00ebr \u00ebl dialet \u00ebd Moncravel rispet al piemont\u00e8is).<\/p>\n<p>D&#8217;\u00e0utra part i peuss nen pretende che le doe r\u00f2be a ven-o a esse l&#8217;istesse (i dovr\u00eca esse na e ch\u00ebrs\u00f9 a Carmagn\u00f2la o a Pinareul!), e a la finitiva l\u00f2n ch&#8217;a capita a l&#8217;\u00e9 natural. Da na mira, an efet, am ven natural scrive dovrand la koin\u00e9, p\u00ebrch\u00e8 a l&#8217;\u00e9 la variet\u00e0 che tuti ij piemont\u00e8is a peulo cap\u00ec; e da l&#8217;\u00e0utra i parl an m\u00e9 chier\u00e8is (bele se m\u00ebs-ci\u00e0 da tante conversassion con tanta brava gent ch&#8217;a ven da tute le bande d\u00ebl Piemont), e i capiss squasi tuti e im fass cap\u00ec da squasi tuti.<\/p>\n<p>Come a l&#8217;ha dit Liss\u00e0nder, &#8220;a son lenghe naturaj e la natura a fa nen le r\u00f2be con l\u00eb stampin&#8221;. E alora a l&#8217;\u00e9 bel e a va bin par\u00e8j: mia lenga piemont\u00e8isa, ch&#8217;a sia scrita o parl\u00e0, a definiss na part bon ben gr\u00f2ssa &#8216;d mia identit\u00e0. A va bin par\u00e8j.<\/p>\n","protected":false},"excerpt":{"rendered":"<p>L&#8217;\u00e0utra sman-a <a href=\"https:\/\/giannidavico.it\/gopiedmont\/2015\/10\/14\/un-piemonteis-tanti-piemonteis\/\">i parlava<\/a> d&#8217;un m\u00e9 problema a r\u00ebsguard d\u00ebl piemont\u00e8is: la diferensa tra l\u00eb scrit (graf\u00eca Brand\u00e9) e &#8216;l parl\u00e0 (chier\u00e8is, dial\u00e8t che tra l&#8217;\u00e0utr a l&#8217;ha &#8216;d carater\u00ecstiche bon ben anteressante \u2013 prima o peui a ventr\u00e0 scrivne la gram\u00e0tica), e la diston\u00eca che s\u00f2n a p\u00f2rta.<\/p>\n<p>L&#8217;art\u00eccol a l&#8217;ha port\u00e0 tanti coment, e p\u00ebr s\u00f2n i veuj ringrassi\u00e9 ij tanti amis ch&#8217;a l&#8217;han vors\u00f9 d\u00ec la soa: p\u00ebrch\u00e8 av\u00e8j sent\u00f9 d&#8217;id\u00e8je diferente a l&#8217;\u00e9 servime a cap\u00ec un p\u00f2ch mej m\u00e9 rap\u00f2rt con mia lenga.<\/p>\n<p>L&#8217;opinion dominanta, a m\u00eb smija &#8216;d cap\u00ec, a l&#8217;\u00e9 cola che col che mi i p\u00ebrcepiss come un problema a l&#8217;\u00e9 nen un ver problema, ant \u00ebl sens ch&#8217;a l&#8217;\u00e9 normal p\u00ebr tanti scrive ant na manera e parl\u00e9 an manera diferenta (Riccardo a l&#8217;ha f\u00e0it dj&#8217;esempi p\u00ebr toscan e sud-tirol\u00e8is, Pep p\u00ebr \u00ebl catalan, Liss\u00e0nder p\u00ebr \u00ebl dialet \u00ebd Moncravel rispet al piemont\u00e8is).<\/p>\n<p>D&#8217;\u00e0utra part i peuss nen pretende che le doe r\u00f2be a ven-o a esse l&#8217;istesse (i dovr\u00eca esse na e ch\u00ebrs\u00f9 a Carmagn\u00f2la o a Pinareul!), e a la finitiva l\u00f2n ch&#8217;a capita a l&#8217;\u00e9 natural. Da na mira, an efet, am ven natural scrive dovrand la [\u2026] <a class=\"moretag\" href=\"https:\/\/giannidavico.it\/gopiedmont\/2015\/10\/21\/el-chiereis-e-la-koine\/\">continua a leggere \u00bb<\/a><\/p>\n","protected":false},"author":4,"featured_media":0,"comment_status":"open","ping_status":"open","sticky":false,"template":"","format":"standard","meta":[],"categories":[130],"tags":[107],"yoast_head":"<!-- This site is optimized with the Yoast SEO plugin v19.14 - https:\/\/yoast.com\/wordpress\/plugins\/seo\/ -->\n<title>\u00cbl chier\u00e8is e la koin\u00e9 - Go Piedmont<\/title>\n<meta name=\"robots\" content=\"index, follow, max-snippet:-1, max-image-preview:large, max-video-preview:-1\" \/>\n<link rel=\"canonical\" href=\"https:\/\/giannidavico.it\/gopiedmont\/2015\/10\/21\/el-chiereis-e-la-koine\/\" \/>\n<meta property=\"og:locale\" content=\"it_IT\" \/>\n<meta property=\"og:type\" content=\"article\" \/>\n<meta property=\"og:title\" content=\"\u00cbl chier\u00e8is e la koin\u00e9 - Go Piedmont\" \/>\n<meta property=\"og:description\" content=\"L&#8217;\u00e0utra sman-a i parlava d&#8217;un m\u00e9 problema a r\u00ebsguard d\u00ebl piemont\u00e8is: la diferensa tra l\u00eb scrit (graf\u00eca Brand\u00e9) e &#8216;l parl\u00e0 (chier\u00e8is, dial\u00e8t che tra l&#8217;\u00e0utr a l&#8217;ha &#8216;d carater\u00ecstiche bon ben anteressante \u2013 prima o peui a ventr\u00e0 scrivne la gram\u00e0tica), e la diston\u00eca che s\u00f2n a p\u00f2rta. L&#8217;art\u00eccol a l&#8217;ha port\u00e0 tanti coment, e p\u00ebr s\u00f2n i veuj ringrassi\u00e9 ij tanti amis ch&#8217;a l&#8217;han vors\u00f9 d\u00ec la soa: p\u00ebrch\u00e8 av\u00e8j sent\u00f9 d&#8217;id\u00e8je diferente a l&#8217;\u00e9 servime a cap\u00ec un p\u00f2ch mej m\u00e9 rap\u00f2rt con mia lenga. L&#8217;opinion dominanta, a m\u00eb smija &#8216;d cap\u00ec, a l&#8217;\u00e9 cola che col che mi i p\u00ebrcepiss come un problema a l&#8217;\u00e9 nen un ver problema, ant \u00ebl sens ch&#8217;a l&#8217;\u00e9 normal p\u00ebr tanti scrive ant na manera e parl\u00e9 an manera diferenta (Riccardo a l&#8217;ha f\u00e0it dj&#8217;esempi p\u00ebr toscan e sud-tirol\u00e8is, Pep p\u00ebr \u00ebl catalan, Liss\u00e0nder p\u00ebr \u00ebl dialet \u00ebd Moncravel rispet al piemont\u00e8is). D&#8217;\u00e0utra part i peuss nen pretende che le doe r\u00f2be a ven-o a esse l&#8217;istesse (i dovr\u00eca esse na e ch\u00ebrs\u00f9 a Carmagn\u00f2la o a Pinareul!), e a la finitiva l\u00f2n ch&#8217;a capita a l&#8217;\u00e9 natural. Da na mira, an efet, am ven natural scrive dovrand la [\u2026] continua a leggere \u00bb\" \/>\n<meta property=\"og:url\" content=\"https:\/\/giannidavico.it\/gopiedmont\/2015\/10\/21\/el-chiereis-e-la-koine\/\" \/>\n<meta property=\"og:site_name\" content=\"Go Piedmont\" \/>\n<meta property=\"article:published_time\" content=\"2015-10-21T07:11:26+00:00\" \/>\n<meta name=\"author\" content=\"giannidavico\" \/>\n<meta name=\"twitter:card\" content=\"summary_large_image\" \/>\n<meta name=\"twitter:label1\" content=\"Scritto da\" \/>\n\t<meta name=\"twitter:data1\" content=\"giannidavico\" \/>\n\t<meta name=\"twitter:label2\" content=\"Tempo di lettura stimato\" \/>\n\t<meta name=\"twitter:data2\" content=\"2 minuti\" \/>\n<script type=\"application\/ld+json\" class=\"yoast-schema-graph\">{\"@context\":\"https:\/\/schema.org\",\"@graph\":[{\"@type\":\"WebPage\",\"@id\":\"https:\/\/giannidavico.it\/gopiedmont\/2015\/10\/21\/el-chiereis-e-la-koine\/\",\"url\":\"https:\/\/giannidavico.it\/gopiedmont\/2015\/10\/21\/el-chiereis-e-la-koine\/\",\"name\":\"\u00cbl chier\u00e8is e la koin\u00e9 - Go Piedmont\",\"isPartOf\":{\"@id\":\"https:\/\/giannidavico.it\/gopiedmont\/#website\"},\"datePublished\":\"2015-10-21T07:11:26+00:00\",\"dateModified\":\"2015-10-21T07:11:26+00:00\",\"author\":{\"@id\":\"https:\/\/giannidavico.it\/gopiedmont\/#\/schema\/person\/ea1fd17d8f2dba325f3712219efa8f77\"},\"inLanguage\":\"it-IT\",\"potentialAction\":[{\"@type\":\"ReadAction\",\"target\":[\"https:\/\/giannidavico.it\/gopiedmont\/2015\/10\/21\/el-chiereis-e-la-koine\/\"]}]},{\"@type\":\"WebSite\",\"@id\":\"https:\/\/giannidavico.it\/gopiedmont\/#website\",\"url\":\"https:\/\/giannidavico.it\/gopiedmont\/\",\"name\":\"Go Piedmont\",\"description\":\"pens\u00e9 dzora l\u00ecber, event e p\u00ebrson-e grop\u00e0 al Piemont e a la lenga piemont\u00e8isa\",\"potentialAction\":[{\"@type\":\"SearchAction\",\"target\":{\"@type\":\"EntryPoint\",\"urlTemplate\":\"https:\/\/giannidavico.it\/gopiedmont\/?s={search_term_string}\"},\"query-input\":\"required name=search_term_string\"}],\"inLanguage\":\"it-IT\"},{\"@type\":\"Person\",\"@id\":\"https:\/\/giannidavico.it\/gopiedmont\/#\/schema\/person\/ea1fd17d8f2dba325f3712219efa8f77\",\"name\":\"giannidavico\",\"image\":{\"@type\":\"ImageObject\",\"inLanguage\":\"it-IT\",\"@id\":\"https:\/\/giannidavico.it\/gopiedmont\/#\/schema\/person\/image\/\",\"url\":\"https:\/\/secure.gravatar.com\/avatar\/337748753d882602f3038b55fb369ba1?s=96&d=mm&r=g\",\"contentUrl\":\"https:\/\/secure.gravatar.com\/avatar\/337748753d882602f3038b55fb369ba1?s=96&d=mm&r=g\",\"caption\":\"giannidavico\"},\"url\":\"https:\/\/giannidavico.it\/gopiedmont\/author\/giannidavico\/\"}]}<\/script>\n<!-- \/ Yoast SEO plugin. -->","yoast_head_json":{"title":"\u00cbl chier\u00e8is e la koin\u00e9 - Go Piedmont","robots":{"index":"index","follow":"follow","max-snippet":"max-snippet:-1","max-image-preview":"max-image-preview:large","max-video-preview":"max-video-preview:-1"},"canonical":"https:\/\/giannidavico.it\/gopiedmont\/2015\/10\/21\/el-chiereis-e-la-koine\/","og_locale":"it_IT","og_type":"article","og_title":"\u00cbl chier\u00e8is e la koin\u00e9 - Go Piedmont","og_description":"L&#8217;\u00e0utra sman-a i parlava d&#8217;un m\u00e9 problema a r\u00ebsguard d\u00ebl piemont\u00e8is: la diferensa tra l\u00eb scrit (graf\u00eca Brand\u00e9) e &#8216;l parl\u00e0 (chier\u00e8is, dial\u00e8t che tra l&#8217;\u00e0utr a l&#8217;ha &#8216;d carater\u00ecstiche bon ben anteressante \u2013 prima o peui a ventr\u00e0 scrivne la gram\u00e0tica), e la diston\u00eca che s\u00f2n a p\u00f2rta. L&#8217;art\u00eccol a l&#8217;ha port\u00e0 tanti coment, e p\u00ebr s\u00f2n i veuj ringrassi\u00e9 ij tanti amis ch&#8217;a l&#8217;han vors\u00f9 d\u00ec la soa: p\u00ebrch\u00e8 av\u00e8j sent\u00f9 d&#8217;id\u00e8je diferente a l&#8217;\u00e9 servime a cap\u00ec un p\u00f2ch mej m\u00e9 rap\u00f2rt con mia lenga. L&#8217;opinion dominanta, a m\u00eb smija &#8216;d cap\u00ec, a l&#8217;\u00e9 cola che col che mi i p\u00ebrcepiss come un problema a l&#8217;\u00e9 nen un ver problema, ant \u00ebl sens ch&#8217;a l&#8217;\u00e9 normal p\u00ebr tanti scrive ant na manera e parl\u00e9 an manera diferenta (Riccardo a l&#8217;ha f\u00e0it dj&#8217;esempi p\u00ebr toscan e sud-tirol\u00e8is, Pep p\u00ebr \u00ebl catalan, Liss\u00e0nder p\u00ebr \u00ebl dialet \u00ebd Moncravel rispet al piemont\u00e8is). D&#8217;\u00e0utra part i peuss nen pretende che le doe r\u00f2be a ven-o a esse l&#8217;istesse (i dovr\u00eca esse na e ch\u00ebrs\u00f9 a Carmagn\u00f2la o a Pinareul!), e a la finitiva l\u00f2n ch&#8217;a capita a l&#8217;\u00e9 natural. Da na mira, an efet, am ven natural scrive dovrand la [\u2026] continua a leggere \u00bb","og_url":"https:\/\/giannidavico.it\/gopiedmont\/2015\/10\/21\/el-chiereis-e-la-koine\/","og_site_name":"Go Piedmont","article_published_time":"2015-10-21T07:11:26+00:00","author":"giannidavico","twitter_card":"summary_large_image","twitter_misc":{"Scritto da":"giannidavico","Tempo di lettura stimato":"2 minuti"},"schema":{"@context":"https:\/\/schema.org","@graph":[{"@type":"WebPage","@id":"https:\/\/giannidavico.it\/gopiedmont\/2015\/10\/21\/el-chiereis-e-la-koine\/","url":"https:\/\/giannidavico.it\/gopiedmont\/2015\/10\/21\/el-chiereis-e-la-koine\/","name":"\u00cbl chier\u00e8is e la koin\u00e9 - Go Piedmont","isPartOf":{"@id":"https:\/\/giannidavico.it\/gopiedmont\/#website"},"datePublished":"2015-10-21T07:11:26+00:00","dateModified":"2015-10-21T07:11:26+00:00","author":{"@id":"https:\/\/giannidavico.it\/gopiedmont\/#\/schema\/person\/ea1fd17d8f2dba325f3712219efa8f77"},"inLanguage":"it-IT","potentialAction":[{"@type":"ReadAction","target":["https:\/\/giannidavico.it\/gopiedmont\/2015\/10\/21\/el-chiereis-e-la-koine\/"]}]},{"@type":"WebSite","@id":"https:\/\/giannidavico.it\/gopiedmont\/#website","url":"https:\/\/giannidavico.it\/gopiedmont\/","name":"Go Piedmont","description":"pens\u00e9 dzora l\u00ecber, event e p\u00ebrson-e grop\u00e0 al Piemont e a la lenga piemont\u00e8isa","potentialAction":[{"@type":"SearchAction","target":{"@type":"EntryPoint","urlTemplate":"https:\/\/giannidavico.it\/gopiedmont\/?s={search_term_string}"},"query-input":"required name=search_term_string"}],"inLanguage":"it-IT"},{"@type":"Person","@id":"https:\/\/giannidavico.it\/gopiedmont\/#\/schema\/person\/ea1fd17d8f2dba325f3712219efa8f77","name":"giannidavico","image":{"@type":"ImageObject","inLanguage":"it-IT","@id":"https:\/\/giannidavico.it\/gopiedmont\/#\/schema\/person\/image\/","url":"https:\/\/secure.gravatar.com\/avatar\/337748753d882602f3038b55fb369ba1?s=96&d=mm&r=g","contentUrl":"https:\/\/secure.gravatar.com\/avatar\/337748753d882602f3038b55fb369ba1?s=96&d=mm&r=g","caption":"giannidavico"},"url":"https:\/\/giannidavico.it\/gopiedmont\/author\/giannidavico\/"}]}},"_links":{"self":[{"href":"https:\/\/giannidavico.it\/gopiedmont\/wp-json\/wp\/v2\/posts\/3176"}],"collection":[{"href":"https:\/\/giannidavico.it\/gopiedmont\/wp-json\/wp\/v2\/posts"}],"about":[{"href":"https:\/\/giannidavico.it\/gopiedmont\/wp-json\/wp\/v2\/types\/post"}],"author":[{"embeddable":true,"href":"https:\/\/giannidavico.it\/gopiedmont\/wp-json\/wp\/v2\/users\/4"}],"replies":[{"embeddable":true,"href":"https:\/\/giannidavico.it\/gopiedmont\/wp-json\/wp\/v2\/comments?post=3176"}],"version-history":[{"count":3,"href":"https:\/\/giannidavico.it\/gopiedmont\/wp-json\/wp\/v2\/posts\/3176\/revisions"}],"predecessor-version":[{"id":3179,"href":"https:\/\/giannidavico.it\/gopiedmont\/wp-json\/wp\/v2\/posts\/3176\/revisions\/3179"}],"wp:attachment":[{"href":"https:\/\/giannidavico.it\/gopiedmont\/wp-json\/wp\/v2\/media?parent=3176"}],"wp:term":[{"taxonomy":"category","embeddable":true,"href":"https:\/\/giannidavico.it\/gopiedmont\/wp-json\/wp\/v2\/categories?post=3176"},{"taxonomy":"post_tag","embeddable":true,"href":"https:\/\/giannidavico.it\/gopiedmont\/wp-json\/wp\/v2\/tags?post=3176"}],"curies":[{"name":"wp","href":"https:\/\/api.w.org\/{rel}","templated":true}]}}