{"id":3182,"date":"2015-10-28T09:54:08","date_gmt":"2015-10-28T08:54:08","guid":{"rendered":"https:\/\/giannidavico.it\/staging\/gopiedmont\/?p=3182"},"modified":"2015-10-28T09:54:08","modified_gmt":"2015-10-28T08:54:08","slug":"barba-toni-bodrie-per-escaudesse","status":"publish","type":"post","link":"https:\/\/giannidavico.it\/gopiedmont\/2015\/10\/28\/barba-toni-bodrie-per-escaudesse\/","title":{"rendered":"Barba T\u00f2ni Bodri\u00e9, P\u00ebr \u00ebscaud\u00e9sse"},"content":{"rendered":"<p><a href=\"https:\/\/giannidavico.it\/gopiedmont\/files\/2015\/10\/armanach.jpg\"><img loading=\"lazy\" src=\"https:\/\/giannidavico.it\/gopiedmont\/files\/2015\/10\/armanach-212x300.jpg\" alt=\"armanach\" width=\"212\" height=\"300\" class=\"alignright size-medium wp-image-3185\" srcset=\"https:\/\/giannidavico.it\/gopiedmont\/files\/2015\/10\/armanach-212x300.jpg 212w, https:\/\/giannidavico.it\/gopiedmont\/files\/2015\/10\/armanach.jpg 416w\" sizes=\"(max-width: 212px) 100vw, 212px\" \/><\/a><br \/>\nP\u00ebr \u00ebscaud\u00e9sse &#8216;l man is je bufavo<br \/>\ncoma a sfreid\u00e9 la b\u00f2ba,<br \/>\np\u00ebr \u00ebscaud\u00e9sse ij pe, mej che ij cali\u00e9,<br \/>\ni bat\u00eco le broch\u00ebtte e i-j arbat\u00eco,<br \/>\np\u00ebr \u00ebscaud\u00e9sse &#8216;l c\u00f2rp ansema a l&#8217;\u00e0nima<br \/>\ni contavo e cantavo &#8216;l bel dl&#8217;ist\u00e0:<br \/>\nsfeuja, sfeuja, sfojor, sfeuja, sfoj\u00f2ira,<br \/>\nle feuje &#8216;d m\u00e9lia, ij feuj \u00ebd margarita<br \/>\n(Am\u00e9lia o Margarita?<br \/>\nCola ch&#8217;a l&#8217;\u00e9 ch&#8217;am vorer\u00e0 p\u00ec bin?);<br \/>\np\u00ebr \u00ebscaud\u00e9-ne l&#8217;\u00e0nima, tan mama<br \/>\nche granda an fas\u00eco luse<br \/>\nla lus d\u00ebl Sol \u00ebd j&#8217;\u00e0nime e dij c\u00f2rp<br \/>\nch&#8217;a ven da l&#8217;\u00f2stia (piassa San Silvest:<br \/>\n\u00ebl miraco)<br \/>\ne da toe lenghe &#8216;d rai, Colomba Bianca,<br \/>\no da le l\u00f2sne dl&#8217;\u00e0ngel tuta lansa,<br \/>\nSan Michel dla balansa:<br \/>\n&#8220;in infernum detrude&#8221;, &#8216;l di &#8216;d soa festa<br \/>\na d\u00ebscadnava d&#8217;ant \u00ebl Purgadeuri<br \/>\nmila milanta e un-a \u00e0nima onesta,<br \/>\nan dis\u00e9ndje: &#8220;Oh,sss,ten,seuri&#8221;<br \/>\ne a le lvava al sol Sol, col dl&#8217;ostenseuri.<br \/>\nP\u00ebr \u00ebscaud\u00e9sse&#8230; e a l&#8217;era c\u00e0uda e b\u00e0uda<br \/>\ntoa l\u00e0uda, \u00f2 vita g\u00e0uda, tuta an f\u00e0uda<br \/>\na ti, Piamont.<\/p>\n<p>&#8212;<\/p>\n<p>Gav\u00e0 da <em>Ij Brand\u00e9. Armanach \u00ebd poes\u00eca piemont\u00e8isa<\/em>, 1987.<\/p>\n","protected":false},"excerpt":{"rendered":"<p><a href=\"https:\/\/giannidavico.it\/gopiedmont\/files\/2015\/10\/armanach.jpg\"><img loading=\"lazy\" src=\"https:\/\/giannidavico.it\/gopiedmont\/files\/2015\/10\/armanach-212x300.jpg\" alt=\"armanach\" width=\"212\" height=\"300\" class=\"alignright size-medium wp-image-3185\" srcset=\"https:\/\/giannidavico.it\/gopiedmont\/files\/2015\/10\/armanach-212x300.jpg 212w, https:\/\/giannidavico.it\/gopiedmont\/files\/2015\/10\/armanach.jpg 416w\" sizes=\"(max-width: 212px) 100vw, 212px\" \/><\/a><br \/> P\u00ebr \u00ebscaud\u00e9sse &#8216;l man is je bufavo<br \/> coma a sfreid\u00e9 la b\u00f2ba,<br \/> p\u00ebr \u00ebscaud\u00e9sse ij pe, mej che ij cali\u00e9,<br \/> i bat\u00eco le broch\u00ebtte e i-j arbat\u00eco,<br \/> p\u00ebr \u00ebscaud\u00e9sse &#8216;l c\u00f2rp ansema a l&#8217;\u00e0nima<br \/> i contavo e cantavo &#8216;l bel dl&#8217;ist\u00e0:<br \/> sfeuja, sfeuja, sfojor, sfeuja, sfoj\u00f2ira,<br \/> le feuje &#8216;d m\u00e9lia, ij feuj \u00ebd margarita<br \/> (Am\u00e9lia o Margarita?<br \/> Cola ch&#8217;a l&#8217;\u00e9 ch&#8217;am vorer\u00e0 p\u00ec bin?);<br \/> p\u00ebr \u00ebscaud\u00e9-ne l&#8217;\u00e0nima, tan mama<br \/> che granda an fas\u00eco luse<br \/> la lus d\u00ebl Sol \u00ebd j&#8217;\u00e0nime e dij c\u00f2rp<br \/> ch&#8217;a ven da l&#8217;\u00f2stia (piassa San Silvest:<br \/> \u00ebl miraco)<br \/> e da toe lenghe &#8216;d rai, Colomba Bianca,<br \/> o da le l\u00f2sne dl&#8217;\u00e0ngel tuta lansa,<br \/> San Michel dla balansa:<br \/> &#8220;in infernum detrude&#8221;, &#8216;l di &#8216;d soa festa<br \/> a d\u00ebscadnava d&#8217;ant \u00ebl Purgadeuri<br \/> mila milanta e un-a \u00e0nima onesta,<br \/> an dis\u00e9ndje: &#8220;Oh,sss,ten,seuri&#8221;<br \/> e a le lvava al sol Sol, col dl&#8217;ostenseuri.<br \/> P\u00ebr \u00ebscaud\u00e9sse&#8230; e a l&#8217;era c\u00e0uda e b\u00e0uda<br \/> toa l\u00e0uda, \u00f2 vita g\u00e0uda, tuta [\u2026] <a class=\"moretag\" href=\"https:\/\/giannidavico.it\/gopiedmont\/2015\/10\/28\/barba-toni-bodrie-per-escaudesse\/\">continua a leggere \u00bb<\/a><\/p>\n","protected":false},"author":4,"featured_media":0,"comment_status":"open","ping_status":"open","sticky":false,"template":"","format":"standard","meta":[],"categories":[130],"tags":[104],"yoast_head":"<!-- This site is optimized with the Yoast SEO plugin v19.14 - https:\/\/yoast.com\/wordpress\/plugins\/seo\/ -->\n<title>Barba T\u00f2ni Bodri\u00e9, P\u00ebr \u00ebscaud\u00e9sse - Go Piedmont<\/title>\n<meta name=\"robots\" content=\"index, follow, max-snippet:-1, max-image-preview:large, max-video-preview:-1\" \/>\n<link rel=\"canonical\" href=\"https:\/\/giannidavico.it\/gopiedmont\/2015\/10\/28\/barba-toni-bodrie-per-escaudesse\/\" \/>\n<meta property=\"og:locale\" content=\"it_IT\" \/>\n<meta property=\"og:type\" content=\"article\" \/>\n<meta property=\"og:title\" content=\"Barba T\u00f2ni Bodri\u00e9, P\u00ebr \u00ebscaud\u00e9sse - Go Piedmont\" \/>\n<meta property=\"og:description\" content=\"P\u00ebr \u00ebscaud\u00e9sse &#8216;l man is je bufavo coma a sfreid\u00e9 la b\u00f2ba, p\u00ebr \u00ebscaud\u00e9sse ij pe, mej che ij cali\u00e9, i bat\u00eco le broch\u00ebtte e i-j arbat\u00eco, p\u00ebr \u00ebscaud\u00e9sse &#8216;l c\u00f2rp ansema a l&#8217;\u00e0nima i contavo e cantavo &#8216;l bel dl&#8217;ist\u00e0: sfeuja, sfeuja, sfojor, sfeuja, sfoj\u00f2ira, le feuje &#8216;d m\u00e9lia, ij feuj \u00ebd margarita (Am\u00e9lia o Margarita? Cola ch&#8217;a l&#8217;\u00e9 ch&#8217;am vorer\u00e0 p\u00ec bin?); p\u00ebr \u00ebscaud\u00e9-ne l&#8217;\u00e0nima, tan mama che granda an fas\u00eco luse la lus d\u00ebl Sol \u00ebd j&#8217;\u00e0nime e dij c\u00f2rp ch&#8217;a ven da l&#8217;\u00f2stia (piassa San Silvest: \u00ebl miraco) e da toe lenghe &#8216;d rai, Colomba Bianca, o da le l\u00f2sne dl&#8217;\u00e0ngel tuta lansa, San Michel dla balansa: &#8220;in infernum detrude&#8221;, &#8216;l di &#8216;d soa festa a d\u00ebscadnava d&#8217;ant \u00ebl Purgadeuri mila milanta e un-a \u00e0nima onesta, an dis\u00e9ndje: &#8220;Oh,sss,ten,seuri&#8221; e a le lvava al sol Sol, col dl&#8217;ostenseuri. P\u00ebr \u00ebscaud\u00e9sse&#8230; e a l&#8217;era c\u00e0uda e b\u00e0uda toa l\u00e0uda, \u00f2 vita g\u00e0uda, tuta [\u2026] continua a leggere \u00bb\" \/>\n<meta property=\"og:url\" content=\"https:\/\/giannidavico.it\/gopiedmont\/2015\/10\/28\/barba-toni-bodrie-per-escaudesse\/\" \/>\n<meta property=\"og:site_name\" content=\"Go Piedmont\" \/>\n<meta property=\"article:published_time\" content=\"2015-10-28T08:54:08+00:00\" \/>\n<meta property=\"og:image\" content=\"https:\/\/giannidavico.it\/gopiedmont\/files\/2015\/10\/armanach-212x300.jpg\" \/>\n<meta name=\"author\" content=\"giannidavico\" \/>\n<meta name=\"twitter:card\" content=\"summary_large_image\" \/>\n<meta name=\"twitter:label1\" content=\"Scritto da\" \/>\n\t<meta name=\"twitter:data1\" content=\"giannidavico\" \/>\n\t<meta name=\"twitter:label2\" content=\"Tempo di lettura stimato\" \/>\n\t<meta name=\"twitter:data2\" content=\"1 minuto\" \/>\n<script type=\"application\/ld+json\" class=\"yoast-schema-graph\">{\"@context\":\"https:\/\/schema.org\",\"@graph\":[{\"@type\":\"WebPage\",\"@id\":\"https:\/\/giannidavico.it\/gopiedmont\/2015\/10\/28\/barba-toni-bodrie-per-escaudesse\/\",\"url\":\"https:\/\/giannidavico.it\/gopiedmont\/2015\/10\/28\/barba-toni-bodrie-per-escaudesse\/\",\"name\":\"Barba T\u00f2ni Bodri\u00e9, P\u00ebr \u00ebscaud\u00e9sse - Go Piedmont\",\"isPartOf\":{\"@id\":\"https:\/\/giannidavico.it\/gopiedmont\/#website\"},\"datePublished\":\"2015-10-28T08:54:08+00:00\",\"dateModified\":\"2015-10-28T08:54:08+00:00\",\"author\":{\"@id\":\"https:\/\/giannidavico.it\/gopiedmont\/#\/schema\/person\/ea1fd17d8f2dba325f3712219efa8f77\"},\"inLanguage\":\"it-IT\",\"potentialAction\":[{\"@type\":\"ReadAction\",\"target\":[\"https:\/\/giannidavico.it\/gopiedmont\/2015\/10\/28\/barba-toni-bodrie-per-escaudesse\/\"]}]},{\"@type\":\"WebSite\",\"@id\":\"https:\/\/giannidavico.it\/gopiedmont\/#website\",\"url\":\"https:\/\/giannidavico.it\/gopiedmont\/\",\"name\":\"Go Piedmont\",\"description\":\"pens\u00e9 dzora l\u00ecber, event e p\u00ebrson-e grop\u00e0 al Piemont e a la lenga piemont\u00e8isa\",\"potentialAction\":[{\"@type\":\"SearchAction\",\"target\":{\"@type\":\"EntryPoint\",\"urlTemplate\":\"https:\/\/giannidavico.it\/gopiedmont\/?s={search_term_string}\"},\"query-input\":\"required name=search_term_string\"}],\"inLanguage\":\"it-IT\"},{\"@type\":\"Person\",\"@id\":\"https:\/\/giannidavico.it\/gopiedmont\/#\/schema\/person\/ea1fd17d8f2dba325f3712219efa8f77\",\"name\":\"giannidavico\",\"image\":{\"@type\":\"ImageObject\",\"inLanguage\":\"it-IT\",\"@id\":\"https:\/\/giannidavico.it\/gopiedmont\/#\/schema\/person\/image\/\",\"url\":\"https:\/\/secure.gravatar.com\/avatar\/337748753d882602f3038b55fb369ba1?s=96&d=mm&r=g\",\"contentUrl\":\"https:\/\/secure.gravatar.com\/avatar\/337748753d882602f3038b55fb369ba1?s=96&d=mm&r=g\",\"caption\":\"giannidavico\"},\"url\":\"https:\/\/giannidavico.it\/gopiedmont\/author\/giannidavico\/\"}]}<\/script>\n<!-- \/ Yoast SEO plugin. -->","yoast_head_json":{"title":"Barba T\u00f2ni Bodri\u00e9, P\u00ebr \u00ebscaud\u00e9sse - Go Piedmont","robots":{"index":"index","follow":"follow","max-snippet":"max-snippet:-1","max-image-preview":"max-image-preview:large","max-video-preview":"max-video-preview:-1"},"canonical":"https:\/\/giannidavico.it\/gopiedmont\/2015\/10\/28\/barba-toni-bodrie-per-escaudesse\/","og_locale":"it_IT","og_type":"article","og_title":"Barba T\u00f2ni Bodri\u00e9, P\u00ebr \u00ebscaud\u00e9sse - Go Piedmont","og_description":"P\u00ebr \u00ebscaud\u00e9sse &#8216;l man is je bufavo coma a sfreid\u00e9 la b\u00f2ba, p\u00ebr \u00ebscaud\u00e9sse ij pe, mej che ij cali\u00e9, i bat\u00eco le broch\u00ebtte e i-j arbat\u00eco, p\u00ebr \u00ebscaud\u00e9sse &#8216;l c\u00f2rp ansema a l&#8217;\u00e0nima i contavo e cantavo &#8216;l bel dl&#8217;ist\u00e0: sfeuja, sfeuja, sfojor, sfeuja, sfoj\u00f2ira, le feuje &#8216;d m\u00e9lia, ij feuj \u00ebd margarita (Am\u00e9lia o Margarita? Cola ch&#8217;a l&#8217;\u00e9 ch&#8217;am vorer\u00e0 p\u00ec bin?); p\u00ebr \u00ebscaud\u00e9-ne l&#8217;\u00e0nima, tan mama che granda an fas\u00eco luse la lus d\u00ebl Sol \u00ebd j&#8217;\u00e0nime e dij c\u00f2rp ch&#8217;a ven da l&#8217;\u00f2stia (piassa San Silvest: \u00ebl miraco) e da toe lenghe &#8216;d rai, Colomba Bianca, o da le l\u00f2sne dl&#8217;\u00e0ngel tuta lansa, San Michel dla balansa: &#8220;in infernum detrude&#8221;, &#8216;l di &#8216;d soa festa a d\u00ebscadnava d&#8217;ant \u00ebl Purgadeuri mila milanta e un-a \u00e0nima onesta, an dis\u00e9ndje: &#8220;Oh,sss,ten,seuri&#8221; e a le lvava al sol Sol, col dl&#8217;ostenseuri. P\u00ebr \u00ebscaud\u00e9sse&#8230; e a l&#8217;era c\u00e0uda e b\u00e0uda toa l\u00e0uda, \u00f2 vita g\u00e0uda, tuta [\u2026] continua a leggere \u00bb","og_url":"https:\/\/giannidavico.it\/gopiedmont\/2015\/10\/28\/barba-toni-bodrie-per-escaudesse\/","og_site_name":"Go Piedmont","article_published_time":"2015-10-28T08:54:08+00:00","og_image":[{"url":"https:\/\/giannidavico.it\/gopiedmont\/files\/2015\/10\/armanach-212x300.jpg"}],"author":"giannidavico","twitter_card":"summary_large_image","twitter_misc":{"Scritto da":"giannidavico","Tempo di lettura stimato":"1 minuto"},"schema":{"@context":"https:\/\/schema.org","@graph":[{"@type":"WebPage","@id":"https:\/\/giannidavico.it\/gopiedmont\/2015\/10\/28\/barba-toni-bodrie-per-escaudesse\/","url":"https:\/\/giannidavico.it\/gopiedmont\/2015\/10\/28\/barba-toni-bodrie-per-escaudesse\/","name":"Barba T\u00f2ni Bodri\u00e9, P\u00ebr \u00ebscaud\u00e9sse - Go Piedmont","isPartOf":{"@id":"https:\/\/giannidavico.it\/gopiedmont\/#website"},"datePublished":"2015-10-28T08:54:08+00:00","dateModified":"2015-10-28T08:54:08+00:00","author":{"@id":"https:\/\/giannidavico.it\/gopiedmont\/#\/schema\/person\/ea1fd17d8f2dba325f3712219efa8f77"},"inLanguage":"it-IT","potentialAction":[{"@type":"ReadAction","target":["https:\/\/giannidavico.it\/gopiedmont\/2015\/10\/28\/barba-toni-bodrie-per-escaudesse\/"]}]},{"@type":"WebSite","@id":"https:\/\/giannidavico.it\/gopiedmont\/#website","url":"https:\/\/giannidavico.it\/gopiedmont\/","name":"Go Piedmont","description":"pens\u00e9 dzora l\u00ecber, event e p\u00ebrson-e grop\u00e0 al Piemont e a la lenga piemont\u00e8isa","potentialAction":[{"@type":"SearchAction","target":{"@type":"EntryPoint","urlTemplate":"https:\/\/giannidavico.it\/gopiedmont\/?s={search_term_string}"},"query-input":"required name=search_term_string"}],"inLanguage":"it-IT"},{"@type":"Person","@id":"https:\/\/giannidavico.it\/gopiedmont\/#\/schema\/person\/ea1fd17d8f2dba325f3712219efa8f77","name":"giannidavico","image":{"@type":"ImageObject","inLanguage":"it-IT","@id":"https:\/\/giannidavico.it\/gopiedmont\/#\/schema\/person\/image\/","url":"https:\/\/secure.gravatar.com\/avatar\/337748753d882602f3038b55fb369ba1?s=96&d=mm&r=g","contentUrl":"https:\/\/secure.gravatar.com\/avatar\/337748753d882602f3038b55fb369ba1?s=96&d=mm&r=g","caption":"giannidavico"},"url":"https:\/\/giannidavico.it\/gopiedmont\/author\/giannidavico\/"}]}},"_links":{"self":[{"href":"https:\/\/giannidavico.it\/gopiedmont\/wp-json\/wp\/v2\/posts\/3182"}],"collection":[{"href":"https:\/\/giannidavico.it\/gopiedmont\/wp-json\/wp\/v2\/posts"}],"about":[{"href":"https:\/\/giannidavico.it\/gopiedmont\/wp-json\/wp\/v2\/types\/post"}],"author":[{"embeddable":true,"href":"https:\/\/giannidavico.it\/gopiedmont\/wp-json\/wp\/v2\/users\/4"}],"replies":[{"embeddable":true,"href":"https:\/\/giannidavico.it\/gopiedmont\/wp-json\/wp\/v2\/comments?post=3182"}],"version-history":[{"count":4,"href":"https:\/\/giannidavico.it\/gopiedmont\/wp-json\/wp\/v2\/posts\/3182\/revisions"}],"predecessor-version":[{"id":3187,"href":"https:\/\/giannidavico.it\/gopiedmont\/wp-json\/wp\/v2\/posts\/3182\/revisions\/3187"}],"wp:attachment":[{"href":"https:\/\/giannidavico.it\/gopiedmont\/wp-json\/wp\/v2\/media?parent=3182"}],"wp:term":[{"taxonomy":"category","embeddable":true,"href":"https:\/\/giannidavico.it\/gopiedmont\/wp-json\/wp\/v2\/categories?post=3182"},{"taxonomy":"post_tag","embeddable":true,"href":"https:\/\/giannidavico.it\/gopiedmont\/wp-json\/wp\/v2\/tags?post=3182"}],"curies":[{"name":"wp","href":"https:\/\/api.w.org\/{rel}","templated":true}]}}