{"id":3205,"date":"2015-11-11T06:00:45","date_gmt":"2015-11-11T05:00:45","guid":{"rendered":"https:\/\/giannidavico.it\/staging\/gopiedmont\/?p=3205"},"modified":"2015-11-09T19:53:29","modified_gmt":"2015-11-09T18:53:29","slug":"da-na-parola-an-su","status":"publish","type":"post","link":"https:\/\/giannidavico.it\/gopiedmont\/2015\/11\/11\/da-na-parola-an-su\/","title":{"rendered":"Da na par\u00f2la an su&#8230;"},"content":{"rendered":"<p>Click <a href=\"#English\">here<\/a> for the English version<br \/>\nClick <a href=\"#Spanish\">aqu\u00ed<\/a> para la versi\u00f3n espa\u00f1ola<br \/>\nClic <a href=\"#Catalan\">aqu\u00ed<\/a> per la versi\u00f3 catalana<br \/>\n<a href=\"https:\/\/giannidavico.it\/gopiedmont\/files\/2015\/11\/Del-Piemont-als-Pirineus.jpg\"><img loading=\"lazy\" src=\"https:\/\/giannidavico.it\/gopiedmont\/files\/2015\/11\/Del-Piemont-als-Pirineus-300x300.jpg\" alt=\"Del Piemont als Pirineus\" width=\"300\" height=\"300\" class=\"alignright size-medium wp-image-3217\" srcset=\"https:\/\/giannidavico.it\/gopiedmont\/files\/2015\/11\/Del-Piemont-als-Pirineus-300x300.jpg 300w, https:\/\/giannidavico.it\/gopiedmont\/files\/2015\/11\/Del-Piemont-als-Pirineus-150x150.jpg 150w, https:\/\/giannidavico.it\/gopiedmont\/files\/2015\/11\/Del-Piemont-als-Pirineus.jpg 512w\" sizes=\"(max-width: 300px) 100vw, 300px\" \/><\/a><br \/>\nMerco dl&#8217;\u00e0uta sman-a Nicol\u00e1s, n&#8217;uruguai\u00e0n ch&#8217;a viv n\u00eb Spagna (e a l&#8217;\u00e9 pen-a &#8216;l cas d&#8217;arcord\u00e9 le liure an tra &#8216;l Piemont e l&#8217;America d&#8217;o Sur), <a href=\"https:\/\/giannidavico.it\/gopiedmont\/2015\/11\/04\/amprende-l-piemonteis-partend-da-zero\/\">a l&#8217;ha scrivume na mail p\u00ebr s\u00ebrch\u00e9 d&#8217;arzorse parl\u00e0 a r\u00ebsguard dij dial\u00e8t dl&#8217;\u00e0uta langa<\/a>.<\/p>\n<p>Com ch&#8217;i dis\u00eca antlora, i but ambeless\u00ec qu\u00e0ich arzorsa ch&#8217;a podr\u00eca giut\u00e9 soa arserca. A segue a-i \u00e9 la mia tradussion an ingl\u00e8is e peui cola &#8216;d Nicol\u00e1s an spagneul e catalan. (A l&#8217;\u00e9 ofrisse chiel, sugerend ch&#8217;a sar\u00eca st\u00e0it n&#8217;art\u00eccol a vantagi &#8216;d chi ch&#8217;a peul vur\u00e8j con\u00f2sse &#8216;d p\u00ec \u00ebd n\u00f2sta lenga ma miraco a con\u00f2ss nen l&#8217;ingl\u00e8is. L&#8217;arzult\u00e0 a l&#8217;\u00e9 col ch&#8217;i podr\u00eco ciam\u00e9 un &#8220;meta-p\u00f2st&#8221; \u2013 o na &#8220;proto-Wikipedia piemont\u00e8isa&#8221;, visad\u00ec n&#8217;art\u00eccol ant\u00e9 che &#8216;l destinatari a l&#8217;\u00e9 \u00ebdc\u00f2 l\u00eb scrivent.)<\/p>\n<p>\u00cbl prim sugeriment ch&#8217;a l&#8217;\u00e9 mnume an ment a l&#8217;\u00e9 <a href=\"http:\/\/elmepiemonteis.blogspot.it\/\" target=\"_blank\">cost<\/a>: la testimoniansa &#8216;d Rick Henry ant l&#8217;amprende le basi &#8216;d n\u00f2sta lenga.<\/p>\n<p>Tuti ij video dla rubrica <a href=\"https:\/\/www.google.it\/webhp?authuser=1#authuser=1&#038;q=site:vimeo.com+piemonteis\" target=\"_blank\"><em>Parloma e cantoma an Piemont\u00e8is<\/em><\/a> cud\u00eca da barba Guido e Adriano Cavallo ansima a Telegranda: bele che la lenga as avzina p\u00ec a cola piemont\u00e8isa dla koin\u00e9 \u00ebl f\u00e0it \u00ebd pud\u00e8j v\u00ebdde e scot\u00e9 dij discors antr\u00e8gh a giuta sens&#8217;\u00e0utr.<\/p>\n<p>Un bel strument a l&#8217;\u00e9 la m\u00f9sica. E antlora &#8216;l prim cons\u00e8j a l&#8217;\u00e9 d&#8217;ancamin\u00e9 dai <a href=\"https:\/\/www.youtube.com\/results?search_query=musicant+d%27alba\" target=\"_blank\">Musicant d&#8217;Alba<\/a>.<\/p>\n<p>A-i son \u00ebdc\u00f2 j&#8217;epis\u00f2di &#8216;d Peppa Pig an piemont\u00e8is (an langh\u00e8t, p\u00ebr esse p\u00ec precis): <a href=\"https:\/\/www.youtube.com\/watch?v=KK6hoUKwCCs\" target=\"_blank\">ambeless\u00ec<\/a> \u00ebl prim, ma a-i na i-\u00e9 diversi. A peulo serve p\u00ebr sente parl\u00e9 langh\u00e8t, bele che &#8216;l but a smija nen dij p\u00ec fin.<\/p>\n<p>Nicol\u00e1s midem a l&#8217;ha but\u00e0 <a href=\"https:\/\/www.reddit.com\/r\/piedmontese\/comments\/3qy7gn\/piedmontese_learning_resources\/\" target=\"_blank\">ambeless\u00ec<\/a> d&#8217;\u00e0utre arzorse (chiel a l&#8217;ha cap\u00ec s\u00f9bit che p\u00ebr tut l\u00f2n ch&#8217;a l&#8217;\u00e9 piemont\u00e8is i pudoma nen spet\u00e9 ch&#8217;an rivo le risp\u00f2ste, a venta ch&#8217;is dago da f\u00e9 noi\u00e0utri).<\/p>\n<p>Ansoma tante r\u00f2be cite, ch&#8217;a peulo serve p\u00ebr fesse n&#8217;id\u00e8ja dla lenga dij n\u00f2no e, miraco, ancamin\u00e9 a parl\u00e9 un p\u00f2ch cola lenga antica. F\u00f2rsa Nicol\u00e1s!<\/p>\n<p><a name=\"English\"><\/a><br \/>\n<strong>Starting from a word<\/strong><\/p>\n<p>The last Wednesday Nicol\u00e1s, an Uruguayan guy who lives in Spain (and it is hardly necessary to recall the links between Piedmont and South America), <a href=\"https:\/\/giannidavico.it\/gopiedmont\/2015\/11\/04\/amprende-l-piemonteis-partend-da-zero\/\">sent me an email to find resources about the dialects spoken in Alta Langa<\/a>.<\/p>\n<p>As I announced on that occasion, I put here some resources that could help his search. You will find here following my translation into English and then the translation in Spanish and Catalan, courtesy of Nicol\u00e1s. (Nicol\u00e1s himself offered to do this, suggesting that it would be an article for the benefit of people who may want to know something more of our language but maybe without speaking English. We could call the result a &#8220;meta-post&#8221; \u2013 or a &#8220;proto-Piedmontese Wikipedia &#8220;, that is to say an article where the recipient is also the author.)<\/p>\n<p>The first suggestion that come to mind was <a href=\"http:\/\/elmepiemonteis.blogspot.it\/\" target=\"_blank\">this<\/a>: the experiment of Rick Henry in learning the basics of our language.<\/p>\n<p>All the videos of the <a href=\"https:\/\/www.google.it\/webhp?authuser=1#authuser=1&#038;q=site:vimeo.com+piemonteis\" target=\"_blank\"><em>Parloma e cantoma an Piemont\u00e8is<\/em> broadcast<\/a> managed by barba Guido and Adriano Cavallo on Telegranda: even if the language is closer to the standard Piedmontese, being able to watch and listen entire speeches certainly helps.<\/p>\n<p>A nice tool is the music. The first suggestion is to start with the <a href=\"https:\/\/www.youtube.com\/results?search_query=musicant+d%27alba\" target=\"_blank\">Musicant d&#8217;Alba<\/a>.<\/p>\n<p>There are also episodes of Peppa Pig in Piedmontese (in the Langarolo variety, to be exact): <a href=\"https:\/\/www.youtube.com\/watch?v=KK6hoUKwCCs\" target=\"_blank\">here<\/a> there is the first, but you can find many of them. They can be useful to listen to the Langarolo dialect, even if the aim doesn&#8217;t seem to be very polite.<\/p>\n<p>Nicol\u00e1s himself put <a href=\"https:\/\/www.reddit.com\/r\/piedmontese\/comments\/3qy7gn\/piedmontese_learning_resources\/\" target=\"_blank\">here<\/a> other resources (he immediately understood that for everything Piedmontese we cannot wait for the answers to arrive, but we in person have to take action).<\/p>\n<p>To sum up: many little things that can be useful to get an idea of the language of our ancestors and, maybe, to start speaking a bit that ancient language. Go Nicol\u00e1s!<\/p>\n<p><a name=\"Spanish\"><\/a><br \/>\n<strong>A partir de una palabra<\/strong><\/p>\n<p>El pasado mi\u00e9rcoles, Nicol\u00e1s, un uruguayo residente en Espa\u00f1a (no es necesario recordar otra vez los puntos de uni\u00f3n entre el Piamonte y Sudam\u00e9rica) <a href=\"https:\/\/giannidavico.it\/gopiedmont\/2015\/11\/04\/amprende-l-piemonteis-partend-da-zero\/\">me envi\u00f3 un email para encontrar recursos de los dialectos hablados en Alta Langa<\/a>.<\/p>\n<p>Como anunci\u00e9 entonces, he puesto aqu\u00ed algunos recursos que podr\u00edan ayudarle en su b\u00fasqueda. Encontrar\u00e9is debajo mi traducci\u00f3n al ingl\u00e9s y, despu\u00e9s, la traducci\u00f3n al espa\u00f1ol y el catal\u00e1n, cortes\u00eda de Nicol\u00e1s (Nicol\u00e1s se ha ofrecido a hacerlo, sugiriendo que podr\u00eda ser un art\u00edculo muy \u00fatil para la gente que quisiese aprender algo m\u00e1s de nuestra lengua y que quiz\u00e1s no hablase ingl\u00e9s. Podr\u00edamos bautizar al resultado como \u201cmetapost\u201d o como una \u201cprotowikipedia piamontesa\u201d, es decir, un art\u00edculo donde el beneficiario es tambi\u00e9n su autor).<\/p>\n<p>Lo primero que se me ha venido a la cabeza es <a href=\"http:\/\/elmepiemonteis.blogspot.it\/\" target=\"_blank\">esto<\/a>: El experimento de Rick Henry para aprender lo b\u00e1sico de nuestra lengua.<\/p>\n<p>Los v\u00eddeos de la serie <a href=\"https:\/\/www.google.it\/webhp?authuser=1#authuser=1&#038;q=site:vimeo.com+piemonteis\" target=\"_blank\"><em>Parloma e cantoma an Piemont\u00e8is<\/em><\/a>, administrada por Barba Guido y Adriano Cavallo en Telegranda: Aunque su habla sea m\u00e1s cercana a la est\u00e1ndar piamontesa, ser capaz de ver y escuchar discursos enteros es de gran ayuda.<\/p>\n<p>Otra gran herramienta es la m\u00fasica. Mi primer consejo ser\u00eda empezar con los <a href=\"https:\/\/www.youtube.com\/results?search_query=musicant+d%27alba\" target=\"_blank\">Musicant d&#8217;Alba<\/a>.<\/p>\n<p>Tambi\u00e9n hay episodios de Peppa Pig en piamont\u00e9s (en el dialecto langarolo, para ser precisos) <a href=\"https:\/\/www.youtube.com\/watch?v=KK6hoUKwCCs\" target=\"_blank\">aqu\u00ed<\/a>. Este es el primero, pero pod\u00e9is encontrar muchos m\u00e1s. Pueden ser \u00fatiles para escuchar el dialecto langarolo, aunque la intenci\u00f3n de los v\u00eddeos sea un poco m\u00e1s humor\u00edstica que la de la serie original.<\/p>\n<p>El mismo Nicol\u00e1s ha puesto <a href=\"https:\/\/www.reddit.com\/r\/piedmontese\/comments\/3qy7gn\/piedmontese_learning_resources\/\" target=\"_blank\">aqu\u00ed<\/a> otros recursos (ha entendido inmediatamente que, por el piamont\u00e9s, no podemos quedarnos sentados a esperar, sino que nosotros mismos tenemos que tomar medidas).<\/p>\n<p>En resumen: Muchas cosas peque\u00f1as que pueden ser \u00fatiles para hacernos una idea de la lengua de nuestros antepasados y, quiz\u00e1, empezar a hablar un poco de ese antiguo idioma. \u00a1Vamos Nicol\u00e1s!<\/p>\n<p><a name=\"Catalan\"><\/a><br \/>\n<strong>A partir d&#8217;una paraula<\/strong><\/p>\n<p>El passat dimecres,\u00a0Nicol\u00e1s, un uruguai\u00e0 resident a Espanya (no \u00e9s necessari recordar una altra vegada els punts d&#8217;uni\u00f3 entre el\u00a0Piamont\u00a0i\u00a0Sudam\u00e8rica) em va enviar <a href=\"https:\/\/giannidavico.it\/gopiedmont\/2015\/11\/04\/amprende-l-piemonteis-partend-da-zero\/\" target=\"_blank\">aquest email per trobar recursos dels dialectes parlats a l&#8217;Alta Langa<\/a>.<\/p>\n<p>Com vaig anunciar llavors, he posat aqu\u00ed alguns recursos que\u00a0podr\u00eden\u00a0ajudar-lo en la seva recerca.\u00a0Trovareu\u00a0davall la meva traducci\u00f3 a l&#8217;angl\u00e8s i, despr\u00e9s, la traducci\u00f3 al castell\u00e0 i al catal\u00e0, cortesia d&#8217;en\u00a0Nicol\u00e1s\u00a0(en\u00a0Nicol\u00e1s\u00a0es va oferir a fer-ho, suggerint que podria ser un article molt \u00fatil per a la gent que volgu\u00e9s aprendre alguna cosa m\u00e9s de la nostra llengua i que potser no\u00a0parl\u00e9s\u00a0angl\u00e8s. Podr\u00edem anomenar al resultat com a \u201cmetapost\u201d o com una \u201cprotowikip\u00e8dia\u00a0piamontesa\u201d, \u00e9s a dir, un article on el beneficiari\u00a0\u00e9s\u00a0tamb\u00e9 l&#8217;autor).<\/p>\n<p>El primer que m&#8217;ha vingut al cap ha sigut <a href=\"http:\/\/elmepiemonteis.blogspot.it\/\" target=\"_blank\">aix\u00f2<\/a>. L&#8217;experiment d&#8217;en\u00a0Rick\u00a0Henry per aprendre els punts b\u00e0sics de la nostra llengua.<\/p>\n<p>Els\u00a0videos\u00a0de la s\u00e8rie\u00a0<a href=\"https:\/\/www.google.it\/webhp?authuser=1#authuser=1&#038;q=site:vimeo.com+piemonteis\" target=\"_blank\"><em>Parloma\u00a0e\u00a0cantoma\u00a0an\u00a0Piemont\u00e8is<\/em><\/a>, administrada per Barba\u00a0Guido\u00a0i\u00a0Adriano\u00a0Cavallo a\u00a0Telegranda:\u00a0Encara que la seva parla sigui\u00a0m\u00e9s propera a l&#8217;est\u00e0ndard piemont\u00e8s, ser capa\u00e7 de veure i escoltar discursos sencers\u00a0\u00e9s\u00a0de molta ajuda.<\/p>\n<p>Una altra gran eina\u00a0\u00e9s\u00a0la m\u00fasica. El meu primer consell seria comen\u00e7ar amb els <a href=\"https:\/\/www.youtube.com\/results?search_query=musicant+d%27alba\" target=\"_blank\">Musicant d&#8217;Alba<\/a>.<\/p>\n<p>Tamb\u00e9\u00a0hi ha\u00a0episodis de\u00a0Peppa\u00a0Pig\u00a0en piemont\u00e8s (en el dialecte\u00a0langarol, per ser m\u00e9s precisos) <a href=\"https:\/\/www.youtube.com\/watch?v=KK6hoUKwCCs\" target=\"_blank\">aqu\u00ed<\/a>.  Aquest \u00e9s el primer, per\u00f2 podreu\u00a0trovar\u00a0molts m\u00e9s. Poden ser \u00fatils per escoltar el dialecte\u00a0langarol, encara que la intenci\u00f3 d&#8217;aquestos videos sigui un poc m\u00e9s humor\u00edstica que la del programa original.<\/p>\n<p>El mateix\u00a0Nicol\u00e1s\u00a0ha penjat <a href=\"https:\/\/www.reddit.com\/r\/piedmontese\/comments\/3qy7gn\/piedmontese_learning_resources\/\" target=\"_blank\">aqu\u00ed<\/a> altres recursos (ha ent\u00e8s immediatament que, pel piemont\u00e8s, no podem quedar-nos asseguts esperant, sin\u00f3 que nosaltres mateixos hem de prendre mesures).<\/p>\n<p>Resumint: Moltes coses petites que poden ser \u00fatils per fer-nos una idea de la llengua dels nostres avantpassats i, potser, comen\u00e7ar a parlar un\u00a0poc\u00a0d&#8217;aquell antic idioma. Anem,\u00a0Nicol\u00e1s!<\/p>\n","protected":false},"excerpt":{"rendered":"<p>Click <a href=\"#English\">here<\/a> for the English version<br \/> Click <a href=\"#Spanish\">aqu\u00ed<\/a> para la versi\u00f3n espa\u00f1ola<br \/> Clic <a href=\"#Catalan\">aqu\u00ed<\/a> per la versi\u00f3 catalana<br \/> <a href=\"https:\/\/giannidavico.it\/gopiedmont\/files\/2015\/11\/Del-Piemont-als-Pirineus.jpg\"><img loading=\"lazy\" src=\"https:\/\/giannidavico.it\/gopiedmont\/files\/2015\/11\/Del-Piemont-als-Pirineus-300x300.jpg\" alt=\"Del Piemont als Pirineus\" width=\"300\" height=\"300\" class=\"alignright size-medium wp-image-3217\" srcset=\"https:\/\/giannidavico.it\/gopiedmont\/files\/2015\/11\/Del-Piemont-als-Pirineus-300x300.jpg 300w, https:\/\/giannidavico.it\/gopiedmont\/files\/2015\/11\/Del-Piemont-als-Pirineus-150x150.jpg 150w, https:\/\/giannidavico.it\/gopiedmont\/files\/2015\/11\/Del-Piemont-als-Pirineus.jpg 512w\" sizes=\"(max-width: 300px) 100vw, 300px\" \/><\/a><br \/> Merco dl&#8217;\u00e0uta sman-a Nicol\u00e1s, n&#8217;uruguai\u00e0n ch&#8217;a viv n\u00eb Spagna (e a l&#8217;\u00e9 pen-a &#8216;l cas d&#8217;arcord\u00e9 le liure an tra &#8216;l Piemont e l&#8217;America d&#8217;o Sur), <a href=\"https:\/\/giannidavico.it\/gopiedmont\/2015\/11\/04\/amprende-l-piemonteis-partend-da-zero\/\">a l&#8217;ha scrivume na mail p\u00ebr s\u00ebrch\u00e9 d&#8217;arzorse parl\u00e0 a r\u00ebsguard dij dial\u00e8t dl&#8217;\u00e0uta langa<\/a>.<\/p>\n<p>Com ch&#8217;i dis\u00eca antlora, i but ambeless\u00ec qu\u00e0ich arzorsa ch&#8217;a podr\u00eca giut\u00e9 soa arserca. A segue a-i \u00e9 la mia tradussion an ingl\u00e8is e peui cola &#8216;d Nicol\u00e1s an spagneul e catalan. (A l&#8217;\u00e9 ofrisse chiel, sugerend ch&#8217;a sar\u00eca st\u00e0it n&#8217;art\u00eccol a vantagi &#8216;d chi ch&#8217;a peul vur\u00e8j con\u00f2sse &#8216;d p\u00ec \u00ebd n\u00f2sta lenga ma miraco a con\u00f2ss nen l&#8217;ingl\u00e8is. L&#8217;arzult\u00e0 a l&#8217;\u00e9 col ch&#8217;i podr\u00eco ciam\u00e9 un &#8220;meta-p\u00f2st&#8221; \u2013 o na &#8220;proto-Wikipedia piemont\u00e8isa&#8221;, visad\u00ec n&#8217;art\u00eccol ant\u00e9 che &#8216;l destinatari a l&#8217;\u00e9 \u00ebdc\u00f2 l\u00eb scrivent.)<\/p>\n<p>\u00cbl prim sugeriment ch&#8217;a l&#8217;\u00e9 mnume an ment a l&#8217;\u00e9 <a href=\"http:\/\/elmepiemonteis.blogspot.it\/\" target=\"_blank\">cost<\/a>: la testimoniansa &#8216;d Rick Henry ant l&#8217;amprende le basi &#8216;d n\u00f2sta [\u2026] <a class=\"moretag\" href=\"https:\/\/giannidavico.it\/gopiedmont\/2015\/11\/11\/da-na-parola-an-su\/\">continua a leggere \u00bb<\/a><\/p>\n","protected":false},"author":4,"featured_media":0,"comment_status":"open","ping_status":"open","sticky":false,"template":"","format":"standard","meta":[],"categories":[130],"tags":[107],"yoast_head":"<!-- This site is optimized with the Yoast SEO plugin v19.14 - https:\/\/yoast.com\/wordpress\/plugins\/seo\/ -->\n<title>Da na par\u00f2la an su... - Go Piedmont<\/title>\n<meta name=\"robots\" content=\"index, follow, max-snippet:-1, max-image-preview:large, max-video-preview:-1\" \/>\n<link rel=\"canonical\" href=\"https:\/\/giannidavico.it\/gopiedmont\/2015\/11\/11\/da-na-parola-an-su\/\" \/>\n<meta property=\"og:locale\" content=\"it_IT\" \/>\n<meta property=\"og:type\" content=\"article\" \/>\n<meta property=\"og:title\" content=\"Da na par\u00f2la an su... - Go Piedmont\" \/>\n<meta property=\"og:description\" content=\"Click here for the English version Click aqu\u00ed para la versi\u00f3n espa\u00f1ola Clic aqu\u00ed per la versi\u00f3 catalana Merco dl&#8217;\u00e0uta sman-a Nicol\u00e1s, n&#8217;uruguai\u00e0n ch&#8217;a viv n\u00eb Spagna (e a l&#8217;\u00e9 pen-a &#8216;l cas d&#8217;arcord\u00e9 le liure an tra &#8216;l Piemont e l&#8217;America d&#8217;o Sur), a l&#8217;ha scrivume na mail p\u00ebr s\u00ebrch\u00e9 d&#8217;arzorse parl\u00e0 a r\u00ebsguard dij dial\u00e8t dl&#8217;\u00e0uta langa. Com ch&#8217;i dis\u00eca antlora, i but ambeless\u00ec qu\u00e0ich arzorsa ch&#8217;a podr\u00eca giut\u00e9 soa arserca. A segue a-i \u00e9 la mia tradussion an ingl\u00e8is e peui cola &#8216;d Nicol\u00e1s an spagneul e catalan. (A l&#8217;\u00e9 ofrisse chiel, sugerend ch&#8217;a sar\u00eca st\u00e0it n&#8217;art\u00eccol a vantagi &#8216;d chi ch&#8217;a peul vur\u00e8j con\u00f2sse &#8216;d p\u00ec \u00ebd n\u00f2sta lenga ma miraco a con\u00f2ss nen l&#8217;ingl\u00e8is. L&#8217;arzult\u00e0 a l&#8217;\u00e9 col ch&#8217;i podr\u00eco ciam\u00e9 un &#8220;meta-p\u00f2st&#8221; \u2013 o na &#8220;proto-Wikipedia piemont\u00e8isa&#8221;, visad\u00ec n&#8217;art\u00eccol ant\u00e9 che &#8216;l destinatari a l&#8217;\u00e9 \u00ebdc\u00f2 l\u00eb scrivent.) \u00cbl prim sugeriment ch&#8217;a l&#8217;\u00e9 mnume an ment a l&#8217;\u00e9 cost: la testimoniansa &#8216;d Rick Henry ant l&#8217;amprende le basi &#8216;d n\u00f2sta [\u2026] continua a leggere \u00bb\" \/>\n<meta property=\"og:url\" content=\"https:\/\/giannidavico.it\/gopiedmont\/2015\/11\/11\/da-na-parola-an-su\/\" \/>\n<meta property=\"og:site_name\" content=\"Go Piedmont\" \/>\n<meta property=\"article:published_time\" content=\"2015-11-11T05:00:45+00:00\" \/>\n<meta property=\"article:modified_time\" content=\"2015-11-09T18:53:29+00:00\" \/>\n<meta property=\"og:image\" content=\"https:\/\/giannidavico.it\/gopiedmont\/files\/2015\/11\/Del-Piemont-als-Pirineus-300x300.jpg\" \/>\n<meta name=\"author\" content=\"giannidavico\" \/>\n<meta name=\"twitter:card\" content=\"summary_large_image\" \/>\n<meta name=\"twitter:label1\" content=\"Scritto da\" \/>\n\t<meta name=\"twitter:data1\" content=\"giannidavico\" \/>\n\t<meta name=\"twitter:label2\" content=\"Tempo di lettura stimato\" \/>\n\t<meta name=\"twitter:data2\" content=\"7 minuti\" \/>\n<script type=\"application\/ld+json\" class=\"yoast-schema-graph\">{\"@context\":\"https:\/\/schema.org\",\"@graph\":[{\"@type\":\"WebPage\",\"@id\":\"https:\/\/giannidavico.it\/gopiedmont\/2015\/11\/11\/da-na-parola-an-su\/\",\"url\":\"https:\/\/giannidavico.it\/gopiedmont\/2015\/11\/11\/da-na-parola-an-su\/\",\"name\":\"Da na par\u00f2la an su... - Go Piedmont\",\"isPartOf\":{\"@id\":\"https:\/\/giannidavico.it\/gopiedmont\/#website\"},\"datePublished\":\"2015-11-11T05:00:45+00:00\",\"dateModified\":\"2015-11-09T18:53:29+00:00\",\"author\":{\"@id\":\"https:\/\/giannidavico.it\/gopiedmont\/#\/schema\/person\/ea1fd17d8f2dba325f3712219efa8f77\"},\"inLanguage\":\"it-IT\",\"potentialAction\":[{\"@type\":\"ReadAction\",\"target\":[\"https:\/\/giannidavico.it\/gopiedmont\/2015\/11\/11\/da-na-parola-an-su\/\"]}]},{\"@type\":\"WebSite\",\"@id\":\"https:\/\/giannidavico.it\/gopiedmont\/#website\",\"url\":\"https:\/\/giannidavico.it\/gopiedmont\/\",\"name\":\"Go Piedmont\",\"description\":\"pens\u00e9 dzora l\u00ecber, event e p\u00ebrson-e grop\u00e0 al Piemont e a la lenga piemont\u00e8isa\",\"potentialAction\":[{\"@type\":\"SearchAction\",\"target\":{\"@type\":\"EntryPoint\",\"urlTemplate\":\"https:\/\/giannidavico.it\/gopiedmont\/?s={search_term_string}\"},\"query-input\":\"required name=search_term_string\"}],\"inLanguage\":\"it-IT\"},{\"@type\":\"Person\",\"@id\":\"https:\/\/giannidavico.it\/gopiedmont\/#\/schema\/person\/ea1fd17d8f2dba325f3712219efa8f77\",\"name\":\"giannidavico\",\"image\":{\"@type\":\"ImageObject\",\"inLanguage\":\"it-IT\",\"@id\":\"https:\/\/giannidavico.it\/gopiedmont\/#\/schema\/person\/image\/\",\"url\":\"https:\/\/secure.gravatar.com\/avatar\/337748753d882602f3038b55fb369ba1?s=96&d=mm&r=g\",\"contentUrl\":\"https:\/\/secure.gravatar.com\/avatar\/337748753d882602f3038b55fb369ba1?s=96&d=mm&r=g\",\"caption\":\"giannidavico\"},\"url\":\"https:\/\/giannidavico.it\/gopiedmont\/author\/giannidavico\/\"}]}<\/script>\n<!-- \/ Yoast SEO plugin. -->","yoast_head_json":{"title":"Da na par\u00f2la an su... - Go Piedmont","robots":{"index":"index","follow":"follow","max-snippet":"max-snippet:-1","max-image-preview":"max-image-preview:large","max-video-preview":"max-video-preview:-1"},"canonical":"https:\/\/giannidavico.it\/gopiedmont\/2015\/11\/11\/da-na-parola-an-su\/","og_locale":"it_IT","og_type":"article","og_title":"Da na par\u00f2la an su... - Go Piedmont","og_description":"Click here for the English version Click aqu\u00ed para la versi\u00f3n espa\u00f1ola Clic aqu\u00ed per la versi\u00f3 catalana Merco dl&#8217;\u00e0uta sman-a Nicol\u00e1s, n&#8217;uruguai\u00e0n ch&#8217;a viv n\u00eb Spagna (e a l&#8217;\u00e9 pen-a &#8216;l cas d&#8217;arcord\u00e9 le liure an tra &#8216;l Piemont e l&#8217;America d&#8217;o Sur), a l&#8217;ha scrivume na mail p\u00ebr s\u00ebrch\u00e9 d&#8217;arzorse parl\u00e0 a r\u00ebsguard dij dial\u00e8t dl&#8217;\u00e0uta langa. Com ch&#8217;i dis\u00eca antlora, i but ambeless\u00ec qu\u00e0ich arzorsa ch&#8217;a podr\u00eca giut\u00e9 soa arserca. A segue a-i \u00e9 la mia tradussion an ingl\u00e8is e peui cola &#8216;d Nicol\u00e1s an spagneul e catalan. (A l&#8217;\u00e9 ofrisse chiel, sugerend ch&#8217;a sar\u00eca st\u00e0it n&#8217;art\u00eccol a vantagi &#8216;d chi ch&#8217;a peul vur\u00e8j con\u00f2sse &#8216;d p\u00ec \u00ebd n\u00f2sta lenga ma miraco a con\u00f2ss nen l&#8217;ingl\u00e8is. L&#8217;arzult\u00e0 a l&#8217;\u00e9 col ch&#8217;i podr\u00eco ciam\u00e9 un &#8220;meta-p\u00f2st&#8221; \u2013 o na &#8220;proto-Wikipedia piemont\u00e8isa&#8221;, visad\u00ec n&#8217;art\u00eccol ant\u00e9 che &#8216;l destinatari a l&#8217;\u00e9 \u00ebdc\u00f2 l\u00eb scrivent.) \u00cbl prim sugeriment ch&#8217;a l&#8217;\u00e9 mnume an ment a l&#8217;\u00e9 cost: la testimoniansa &#8216;d Rick Henry ant l&#8217;amprende le basi &#8216;d n\u00f2sta [\u2026] continua a leggere \u00bb","og_url":"https:\/\/giannidavico.it\/gopiedmont\/2015\/11\/11\/da-na-parola-an-su\/","og_site_name":"Go Piedmont","article_published_time":"2015-11-11T05:00:45+00:00","article_modified_time":"2015-11-09T18:53:29+00:00","og_image":[{"url":"https:\/\/giannidavico.it\/gopiedmont\/files\/2015\/11\/Del-Piemont-als-Pirineus-300x300.jpg"}],"author":"giannidavico","twitter_card":"summary_large_image","twitter_misc":{"Scritto da":"giannidavico","Tempo di lettura stimato":"7 minuti"},"schema":{"@context":"https:\/\/schema.org","@graph":[{"@type":"WebPage","@id":"https:\/\/giannidavico.it\/gopiedmont\/2015\/11\/11\/da-na-parola-an-su\/","url":"https:\/\/giannidavico.it\/gopiedmont\/2015\/11\/11\/da-na-parola-an-su\/","name":"Da na par\u00f2la an su... - Go Piedmont","isPartOf":{"@id":"https:\/\/giannidavico.it\/gopiedmont\/#website"},"datePublished":"2015-11-11T05:00:45+00:00","dateModified":"2015-11-09T18:53:29+00:00","author":{"@id":"https:\/\/giannidavico.it\/gopiedmont\/#\/schema\/person\/ea1fd17d8f2dba325f3712219efa8f77"},"inLanguage":"it-IT","potentialAction":[{"@type":"ReadAction","target":["https:\/\/giannidavico.it\/gopiedmont\/2015\/11\/11\/da-na-parola-an-su\/"]}]},{"@type":"WebSite","@id":"https:\/\/giannidavico.it\/gopiedmont\/#website","url":"https:\/\/giannidavico.it\/gopiedmont\/","name":"Go Piedmont","description":"pens\u00e9 dzora l\u00ecber, event e p\u00ebrson-e grop\u00e0 al Piemont e a la lenga piemont\u00e8isa","potentialAction":[{"@type":"SearchAction","target":{"@type":"EntryPoint","urlTemplate":"https:\/\/giannidavico.it\/gopiedmont\/?s={search_term_string}"},"query-input":"required name=search_term_string"}],"inLanguage":"it-IT"},{"@type":"Person","@id":"https:\/\/giannidavico.it\/gopiedmont\/#\/schema\/person\/ea1fd17d8f2dba325f3712219efa8f77","name":"giannidavico","image":{"@type":"ImageObject","inLanguage":"it-IT","@id":"https:\/\/giannidavico.it\/gopiedmont\/#\/schema\/person\/image\/","url":"https:\/\/secure.gravatar.com\/avatar\/337748753d882602f3038b55fb369ba1?s=96&d=mm&r=g","contentUrl":"https:\/\/secure.gravatar.com\/avatar\/337748753d882602f3038b55fb369ba1?s=96&d=mm&r=g","caption":"giannidavico"},"url":"https:\/\/giannidavico.it\/gopiedmont\/author\/giannidavico\/"}]}},"_links":{"self":[{"href":"https:\/\/giannidavico.it\/gopiedmont\/wp-json\/wp\/v2\/posts\/3205"}],"collection":[{"href":"https:\/\/giannidavico.it\/gopiedmont\/wp-json\/wp\/v2\/posts"}],"about":[{"href":"https:\/\/giannidavico.it\/gopiedmont\/wp-json\/wp\/v2\/types\/post"}],"author":[{"embeddable":true,"href":"https:\/\/giannidavico.it\/gopiedmont\/wp-json\/wp\/v2\/users\/4"}],"replies":[{"embeddable":true,"href":"https:\/\/giannidavico.it\/gopiedmont\/wp-json\/wp\/v2\/comments?post=3205"}],"version-history":[{"count":11,"href":"https:\/\/giannidavico.it\/gopiedmont\/wp-json\/wp\/v2\/posts\/3205\/revisions"}],"predecessor-version":[{"id":3219,"href":"https:\/\/giannidavico.it\/gopiedmont\/wp-json\/wp\/v2\/posts\/3205\/revisions\/3219"}],"wp:attachment":[{"href":"https:\/\/giannidavico.it\/gopiedmont\/wp-json\/wp\/v2\/media?parent=3205"}],"wp:term":[{"taxonomy":"category","embeddable":true,"href":"https:\/\/giannidavico.it\/gopiedmont\/wp-json\/wp\/v2\/categories?post=3205"},{"taxonomy":"post_tag","embeddable":true,"href":"https:\/\/giannidavico.it\/gopiedmont\/wp-json\/wp\/v2\/tags?post=3205"}],"curies":[{"name":"wp","href":"https:\/\/api.w.org\/{rel}","templated":true}]}}