{"id":3221,"date":"2015-11-18T06:00:25","date_gmt":"2015-11-18T05:00:25","guid":{"rendered":"https:\/\/giannidavico.it\/staging\/gopiedmont\/?p=3221"},"modified":"2015-11-17T19:28:40","modified_gmt":"2015-11-17T18:28:40","slug":"attilio-bertolucci-per-a-a-soldati-pitor-a-parma","status":"publish","type":"post","link":"https:\/\/giannidavico.it\/gopiedmont\/2015\/11\/18\/attilio-bertolucci-per-a-a-soldati-pitor-a-parma\/","title":{"rendered":"Attilio Bertolucci, P\u00ebr A.A. Soldati pitor a Parma"},"content":{"rendered":"<p><a href=\"https:\/\/giannidavico.it\/gopiedmont\/files\/2015\/11\/capanna.jpg\"><img loading=\"lazy\" src=\"https:\/\/giannidavico.it\/gopiedmont\/files\/2015\/11\/capanna-208x300.jpg\" alt=\"capanna\" width=\"208\" height=\"300\" class=\"alignright size-medium wp-image-3222\" srcset=\"https:\/\/giannidavico.it\/gopiedmont\/files\/2015\/11\/capanna-208x300.jpg 208w, https:\/\/giannidavico.it\/gopiedmont\/files\/2015\/11\/capanna.jpg 451w\" sizes=\"(max-width: 208px) 100vw, 208px\" \/><\/a><br \/>\nAmbeless\u00ec \u00ebl cel la fi\u00f2ca<br \/>\nl&#8217;aqua la nebia<br \/>\nij cop ij borgh<br \/>\na l&#8217;han mach dij gris<br \/>\ncelest \u00f2r ti it s\u00ebrcave<br \/>\n\u00ebl ross \u00ebl gi\u00e0un \u00ebl verd \u00ebl bleu<br \/>\ndla g\u00f2j d\u00ebl magon dij cit &#8211;<br \/>\nant un canton \u00ebl cit a gieuga da sol<br \/>\na canta da sol a piora da sol lasselo st\u00e9 &#8211; <\/p>\n<p>p\u00ebr artrov\u00e8je it l&#8217;has bandon\u00e0 costa gargar\u00eca l&#8217;aria<br \/>\n\u00ebd toa ca it ses fate emigrant artigian<br \/>\n\u00ebd tassej pur<br \/>\nfin\u00eca l&#8217;euvra it ses torn\u00e0 a ca<br \/>\nit ringrassioma<br \/>\narp\u00f2sa an pas.<\/p>\n<p>Attilio Bertolucci, <em>Per A.A. Soldati pittore in Parma<\/em>, an <em>La capanna indiana<\/em>, Milan, Garzanti, 1973.<\/p>\n","protected":false},"excerpt":{"rendered":"<p><a href=\"https:\/\/giannidavico.it\/gopiedmont\/files\/2015\/11\/capanna.jpg\"><img loading=\"lazy\" src=\"https:\/\/giannidavico.it\/gopiedmont\/files\/2015\/11\/capanna-208x300.jpg\" alt=\"capanna\" width=\"208\" height=\"300\" class=\"alignright size-medium wp-image-3222\" srcset=\"https:\/\/giannidavico.it\/gopiedmont\/files\/2015\/11\/capanna-208x300.jpg 208w, https:\/\/giannidavico.it\/gopiedmont\/files\/2015\/11\/capanna.jpg 451w\" sizes=\"(max-width: 208px) 100vw, 208px\" \/><\/a><br \/> Ambeless\u00ec \u00ebl cel la fi\u00f2ca<br \/> l&#8217;aqua la nebia<br \/> ij cop ij borgh<br \/> a l&#8217;han mach dij gris<br \/> celest \u00f2r ti it s\u00ebrcave<br \/> \u00ebl ross \u00ebl gi\u00e0un \u00ebl verd \u00ebl bleu<br \/> dla g\u00f2j d\u00ebl magon dij cit &#8211;<br \/> ant un canton \u00ebl cit a gieuga da sol<br \/> a canta da sol a piora da sol lasselo st\u00e9 &#8211; <\/p>\n<p>p\u00ebr artrov\u00e8je it l&#8217;has bandon\u00e0 costa gargar\u00eca l&#8217;aria<br \/> \u00ebd toa ca it ses fate emigrant artigian<br \/> \u00ebd tassej pur<br \/> fin\u00eca l&#8217;euvra it ses torn\u00e0 a ca<br \/> it ringrassioma<br \/> arp\u00f2sa an pas.<\/p>\n<p>Attilio Bertolucci, <em>Per A.A. Soldati pittore in Parma<\/em>, an <em>La capanna indiana<\/em>, Milan, Garzanti, 1973.<\/p>\n","protected":false},"author":4,"featured_media":0,"comment_status":"open","ping_status":"open","sticky":false,"template":"","format":"standard","meta":[],"categories":[130],"tags":[7851],"yoast_head":"<!-- This site is optimized with the Yoast SEO plugin v19.14 - https:\/\/yoast.com\/wordpress\/plugins\/seo\/ -->\n<title>Attilio Bertolucci, P\u00ebr A.A. Soldati pitor a Parma - Go Piedmont<\/title>\n<meta name=\"robots\" content=\"index, follow, max-snippet:-1, max-image-preview:large, max-video-preview:-1\" \/>\n<link rel=\"canonical\" href=\"https:\/\/giannidavico.it\/gopiedmont\/2015\/11\/18\/attilio-bertolucci-per-a-a-soldati-pitor-a-parma\/\" \/>\n<meta property=\"og:locale\" content=\"it_IT\" \/>\n<meta property=\"og:type\" content=\"article\" \/>\n<meta property=\"og:title\" content=\"Attilio Bertolucci, P\u00ebr A.A. Soldati pitor a Parma - Go Piedmont\" \/>\n<meta property=\"og:description\" content=\"Ambeless\u00ec \u00ebl cel la fi\u00f2ca l&#8217;aqua la nebia ij cop ij borgh a l&#8217;han mach dij gris celest \u00f2r ti it s\u00ebrcave \u00ebl ross \u00ebl gi\u00e0un \u00ebl verd \u00ebl bleu dla g\u00f2j d\u00ebl magon dij cit &#8211; ant un canton \u00ebl cit a gieuga da sol a canta da sol a piora da sol lasselo st\u00e9 &#8211; p\u00ebr artrov\u00e8je it l&#8217;has bandon\u00e0 costa gargar\u00eca l&#8217;aria \u00ebd toa ca it ses fate emigrant artigian \u00ebd tassej pur fin\u00eca l&#8217;euvra it ses torn\u00e0 a ca it ringrassioma arp\u00f2sa an pas. Attilio Bertolucci, Per A.A. Soldati pittore in Parma, an La capanna indiana, Milan, Garzanti, 1973.\" \/>\n<meta property=\"og:url\" content=\"https:\/\/giannidavico.it\/gopiedmont\/2015\/11\/18\/attilio-bertolucci-per-a-a-soldati-pitor-a-parma\/\" \/>\n<meta property=\"og:site_name\" content=\"Go Piedmont\" \/>\n<meta property=\"article:published_time\" content=\"2015-11-18T05:00:25+00:00\" \/>\n<meta property=\"article:modified_time\" content=\"2015-11-17T18:28:40+00:00\" \/>\n<meta property=\"og:image\" content=\"https:\/\/giannidavico.it\/gopiedmont\/files\/2015\/11\/capanna-208x300.jpg\" \/>\n<meta name=\"author\" content=\"giannidavico\" \/>\n<meta name=\"twitter:card\" content=\"summary_large_image\" \/>\n<meta name=\"twitter:label1\" content=\"Scritto da\" \/>\n\t<meta name=\"twitter:data1\" content=\"giannidavico\" \/>\n\t<meta name=\"twitter:label2\" content=\"Tempo di lettura stimato\" \/>\n\t<meta name=\"twitter:data2\" content=\"1 minuto\" \/>\n<script type=\"application\/ld+json\" class=\"yoast-schema-graph\">{\"@context\":\"https:\/\/schema.org\",\"@graph\":[{\"@type\":\"WebPage\",\"@id\":\"https:\/\/giannidavico.it\/gopiedmont\/2015\/11\/18\/attilio-bertolucci-per-a-a-soldati-pitor-a-parma\/\",\"url\":\"https:\/\/giannidavico.it\/gopiedmont\/2015\/11\/18\/attilio-bertolucci-per-a-a-soldati-pitor-a-parma\/\",\"name\":\"Attilio Bertolucci, P\u00ebr A.A. Soldati pitor a Parma - Go Piedmont\",\"isPartOf\":{\"@id\":\"https:\/\/giannidavico.it\/gopiedmont\/#website\"},\"datePublished\":\"2015-11-18T05:00:25+00:00\",\"dateModified\":\"2015-11-17T18:28:40+00:00\",\"author\":{\"@id\":\"https:\/\/giannidavico.it\/gopiedmont\/#\/schema\/person\/ea1fd17d8f2dba325f3712219efa8f77\"},\"inLanguage\":\"it-IT\",\"potentialAction\":[{\"@type\":\"ReadAction\",\"target\":[\"https:\/\/giannidavico.it\/gopiedmont\/2015\/11\/18\/attilio-bertolucci-per-a-a-soldati-pitor-a-parma\/\"]}]},{\"@type\":\"WebSite\",\"@id\":\"https:\/\/giannidavico.it\/gopiedmont\/#website\",\"url\":\"https:\/\/giannidavico.it\/gopiedmont\/\",\"name\":\"Go Piedmont\",\"description\":\"pens\u00e9 dzora l\u00ecber, event e p\u00ebrson-e grop\u00e0 al Piemont e a la lenga piemont\u00e8isa\",\"potentialAction\":[{\"@type\":\"SearchAction\",\"target\":{\"@type\":\"EntryPoint\",\"urlTemplate\":\"https:\/\/giannidavico.it\/gopiedmont\/?s={search_term_string}\"},\"query-input\":\"required name=search_term_string\"}],\"inLanguage\":\"it-IT\"},{\"@type\":\"Person\",\"@id\":\"https:\/\/giannidavico.it\/gopiedmont\/#\/schema\/person\/ea1fd17d8f2dba325f3712219efa8f77\",\"name\":\"giannidavico\",\"image\":{\"@type\":\"ImageObject\",\"inLanguage\":\"it-IT\",\"@id\":\"https:\/\/giannidavico.it\/gopiedmont\/#\/schema\/person\/image\/\",\"url\":\"https:\/\/secure.gravatar.com\/avatar\/337748753d882602f3038b55fb369ba1?s=96&d=mm&r=g\",\"contentUrl\":\"https:\/\/secure.gravatar.com\/avatar\/337748753d882602f3038b55fb369ba1?s=96&d=mm&r=g\",\"caption\":\"giannidavico\"},\"url\":\"https:\/\/giannidavico.it\/gopiedmont\/author\/giannidavico\/\"}]}<\/script>\n<!-- \/ Yoast SEO plugin. -->","yoast_head_json":{"title":"Attilio Bertolucci, P\u00ebr A.A. Soldati pitor a Parma - Go Piedmont","robots":{"index":"index","follow":"follow","max-snippet":"max-snippet:-1","max-image-preview":"max-image-preview:large","max-video-preview":"max-video-preview:-1"},"canonical":"https:\/\/giannidavico.it\/gopiedmont\/2015\/11\/18\/attilio-bertolucci-per-a-a-soldati-pitor-a-parma\/","og_locale":"it_IT","og_type":"article","og_title":"Attilio Bertolucci, P\u00ebr A.A. Soldati pitor a Parma - Go Piedmont","og_description":"Ambeless\u00ec \u00ebl cel la fi\u00f2ca l&#8217;aqua la nebia ij cop ij borgh a l&#8217;han mach dij gris celest \u00f2r ti it s\u00ebrcave \u00ebl ross \u00ebl gi\u00e0un \u00ebl verd \u00ebl bleu dla g\u00f2j d\u00ebl magon dij cit &#8211; ant un canton \u00ebl cit a gieuga da sol a canta da sol a piora da sol lasselo st\u00e9 &#8211; p\u00ebr artrov\u00e8je it l&#8217;has bandon\u00e0 costa gargar\u00eca l&#8217;aria \u00ebd toa ca it ses fate emigrant artigian \u00ebd tassej pur fin\u00eca l&#8217;euvra it ses torn\u00e0 a ca it ringrassioma arp\u00f2sa an pas. Attilio Bertolucci, Per A.A. Soldati pittore in Parma, an La capanna indiana, Milan, Garzanti, 1973.","og_url":"https:\/\/giannidavico.it\/gopiedmont\/2015\/11\/18\/attilio-bertolucci-per-a-a-soldati-pitor-a-parma\/","og_site_name":"Go Piedmont","article_published_time":"2015-11-18T05:00:25+00:00","article_modified_time":"2015-11-17T18:28:40+00:00","og_image":[{"url":"https:\/\/giannidavico.it\/gopiedmont\/files\/2015\/11\/capanna-208x300.jpg"}],"author":"giannidavico","twitter_card":"summary_large_image","twitter_misc":{"Scritto da":"giannidavico","Tempo di lettura stimato":"1 minuto"},"schema":{"@context":"https:\/\/schema.org","@graph":[{"@type":"WebPage","@id":"https:\/\/giannidavico.it\/gopiedmont\/2015\/11\/18\/attilio-bertolucci-per-a-a-soldati-pitor-a-parma\/","url":"https:\/\/giannidavico.it\/gopiedmont\/2015\/11\/18\/attilio-bertolucci-per-a-a-soldati-pitor-a-parma\/","name":"Attilio Bertolucci, P\u00ebr A.A. Soldati pitor a Parma - Go Piedmont","isPartOf":{"@id":"https:\/\/giannidavico.it\/gopiedmont\/#website"},"datePublished":"2015-11-18T05:00:25+00:00","dateModified":"2015-11-17T18:28:40+00:00","author":{"@id":"https:\/\/giannidavico.it\/gopiedmont\/#\/schema\/person\/ea1fd17d8f2dba325f3712219efa8f77"},"inLanguage":"it-IT","potentialAction":[{"@type":"ReadAction","target":["https:\/\/giannidavico.it\/gopiedmont\/2015\/11\/18\/attilio-bertolucci-per-a-a-soldati-pitor-a-parma\/"]}]},{"@type":"WebSite","@id":"https:\/\/giannidavico.it\/gopiedmont\/#website","url":"https:\/\/giannidavico.it\/gopiedmont\/","name":"Go Piedmont","description":"pens\u00e9 dzora l\u00ecber, event e p\u00ebrson-e grop\u00e0 al Piemont e a la lenga piemont\u00e8isa","potentialAction":[{"@type":"SearchAction","target":{"@type":"EntryPoint","urlTemplate":"https:\/\/giannidavico.it\/gopiedmont\/?s={search_term_string}"},"query-input":"required name=search_term_string"}],"inLanguage":"it-IT"},{"@type":"Person","@id":"https:\/\/giannidavico.it\/gopiedmont\/#\/schema\/person\/ea1fd17d8f2dba325f3712219efa8f77","name":"giannidavico","image":{"@type":"ImageObject","inLanguage":"it-IT","@id":"https:\/\/giannidavico.it\/gopiedmont\/#\/schema\/person\/image\/","url":"https:\/\/secure.gravatar.com\/avatar\/337748753d882602f3038b55fb369ba1?s=96&d=mm&r=g","contentUrl":"https:\/\/secure.gravatar.com\/avatar\/337748753d882602f3038b55fb369ba1?s=96&d=mm&r=g","caption":"giannidavico"},"url":"https:\/\/giannidavico.it\/gopiedmont\/author\/giannidavico\/"}]}},"_links":{"self":[{"href":"https:\/\/giannidavico.it\/gopiedmont\/wp-json\/wp\/v2\/posts\/3221"}],"collection":[{"href":"https:\/\/giannidavico.it\/gopiedmont\/wp-json\/wp\/v2\/posts"}],"about":[{"href":"https:\/\/giannidavico.it\/gopiedmont\/wp-json\/wp\/v2\/types\/post"}],"author":[{"embeddable":true,"href":"https:\/\/giannidavico.it\/gopiedmont\/wp-json\/wp\/v2\/users\/4"}],"replies":[{"embeddable":true,"href":"https:\/\/giannidavico.it\/gopiedmont\/wp-json\/wp\/v2\/comments?post=3221"}],"version-history":[{"count":3,"href":"https:\/\/giannidavico.it\/gopiedmont\/wp-json\/wp\/v2\/posts\/3221\/revisions"}],"predecessor-version":[{"id":3225,"href":"https:\/\/giannidavico.it\/gopiedmont\/wp-json\/wp\/v2\/posts\/3221\/revisions\/3225"}],"wp:attachment":[{"href":"https:\/\/giannidavico.it\/gopiedmont\/wp-json\/wp\/v2\/media?parent=3221"}],"wp:term":[{"taxonomy":"category","embeddable":true,"href":"https:\/\/giannidavico.it\/gopiedmont\/wp-json\/wp\/v2\/categories?post=3221"},{"taxonomy":"post_tag","embeddable":true,"href":"https:\/\/giannidavico.it\/gopiedmont\/wp-json\/wp\/v2\/tags?post=3221"}],"curies":[{"name":"wp","href":"https:\/\/api.w.org\/{rel}","templated":true}]}}