{"id":3226,"date":"2015-11-25T09:53:36","date_gmt":"2015-11-25T08:53:36","guid":{"rendered":"https:\/\/giannidavico.it\/staging\/gopiedmont\/?p=3226"},"modified":"2015-12-07T10:33:36","modified_gmt":"2015-12-07T09:33:36","slug":"concors-literari-moncravel-2016","status":"publish","type":"post","link":"https:\/\/giannidavico.it\/gopiedmont\/2015\/11\/25\/concors-literari-moncravel-2016\/","title":{"rendered":"Concors literari Moncravel 2016"},"content":{"rendered":"<p><a href=\"https:\/\/giannidavico.it\/gopiedmont\/files\/2015\/12\/concors.jpg\"><img loading=\"lazy\" src=\"https:\/\/giannidavico.it\/gopiedmont\/files\/2015\/12\/concors-224x300.jpg\" alt=\"concors\" width=\"224\" height=\"300\" class=\"alignright size-medium wp-image-3227\" \/><\/a><br \/>\n<a href=\"https:\/\/giannidavico.it\/gopiedmont\/?s=Liss%C3%A0nder+Motin\">Liss\u00e0nder Motin<\/a>, un dij contributor regolar \u00ebd cost bl\u00f2gh, a n&#8217;informa d\u00ebl concors literari p\u00ebr la lenga piemont\u00e8isa che p\u00ebr la quarta v\u00f2lta a ven organis\u00e0 a <a href=\"http:\/\/www.comune.moncrivello.vc.it\/\" title=\"Moncrivello\" target=\"_blank\">Moncravel<\/a>.<\/p>\n<p><a href=\"https:\/\/giannidavico.it\/gopiedmont\/files\/2015\/11\/Moncravel-2016.pdf\" title=\"Moncravel 2016\">Ambeless\u00ec<\/a> a-i \u00e9 \u00ebl regolament, ma an doe par\u00f2le:<\/p>\n<p>&#8211; doe session p\u00ebr la pr\u00f2sa (tema l\u00ecber e f\u00e0ula) e un-a p\u00ebr la poes\u00eca (tema l\u00ecber);<\/p>\n<p>&#8211; graf\u00eca Brand\u00e9 (ma &#8220;an considerand che nen tute le p\u00ebrson-e ch\u2019a a l\u2019han a cheur la t\u00f9a d\u00ebl piemont\u00e8is a deuvro la graf\u00eca Brand\u00e9, a vniran acet\u00e0 \u2018dc\u00f2 euvre scrite con \u00ebd graf\u00ece &#8216;l\u00ecbere&#8217;\u201d);<\/p>\n<p>&#8211; partecipassion a gr\u00e0tis, con un m\u00e0ssim \u00ebd n\u2019euvra p\u00ebr session;<\/p>\n<p>&#8211; scadensa 24 avril, premiassion 26 giugn 2016 a 3 b\u00f2t d\u00ebl d\u00f2p-mesd\u00ec.<\/p>\n<p>P\u00ebr minca anformassion scrive liberament a concors.moncravel@libero.it.<\/p>\n<p>Bele p\u00ebr costa edission Liss\u00e0nder a l&#8217;ha invitame a f\u00e9 part dla giur\u00eca, angagg ch&#8217;i l&#8217;hai acet\u00e0 con pias\u00ec. P\u00ebrch\u00e8 costa a l&#8217;\u00e9 na r\u00f2ba cita e bela come tute le r\u00f2be &#8216;d n\u00f2st Piemont.<\/p>\n","protected":false},"excerpt":{"rendered":"<p><a href=\"https:\/\/giannidavico.it\/gopiedmont\/files\/2015\/12\/concors.jpg\"><img loading=\"lazy\" src=\"https:\/\/giannidavico.it\/gopiedmont\/files\/2015\/12\/concors-224x300.jpg\" alt=\"concors\" width=\"224\" height=\"300\" class=\"alignright size-medium wp-image-3227\" \/><\/a><br \/> <a href=\"https:\/\/giannidavico.it\/gopiedmont\/?s=Liss%C3%A0nder+Motin\">Liss\u00e0nder Motin<\/a>, un dij contributor regolar \u00ebd cost bl\u00f2gh, a n&#8217;informa d\u00ebl concors literari p\u00ebr la lenga piemont\u00e8isa che p\u00ebr la quarta v\u00f2lta a ven organis\u00e0 a <a href=\"http:\/\/www.comune.moncrivello.vc.it\/\" title=\"Moncrivello\" target=\"_blank\">Moncravel<\/a>.<\/p>\n<p><a href=\"https:\/\/giannidavico.it\/gopiedmont\/files\/2015\/11\/Moncravel-2016.pdf\" title=\"Moncravel 2016\">Ambeless\u00ec<\/a> a-i \u00e9 \u00ebl regolament, ma an doe par\u00f2le:<\/p>\n<p>&#8211; doe session p\u00ebr la pr\u00f2sa (tema l\u00ecber e f\u00e0ula) e un-a p\u00ebr la poes\u00eca (tema l\u00ecber);<\/p>\n<p>&#8211; graf\u00eca Brand\u00e9 (ma &#8220;an considerand che nen tute le p\u00ebrson-e ch\u2019a a l\u2019han a cheur la t\u00f9a d\u00ebl piemont\u00e8is a deuvro la graf\u00eca Brand\u00e9, a vniran acet\u00e0 \u2018dc\u00f2 euvre scrite con \u00ebd graf\u00ece &#8216;l\u00ecbere&#8217;\u201d);<\/p>\n<p>&#8211; partecipassion a gr\u00e0tis, con un m\u00e0ssim \u00ebd n\u2019euvra p\u00ebr session;<\/p>\n<p>&#8211; scadensa 24 avril, premiassion 26 giugn 2016 a 3 b\u00f2t d\u00ebl d\u00f2p-mesd\u00ec.<\/p>\n<p>P\u00ebr minca anformassion scrive liberament a concors.moncravel@libero.it.<\/p>\n<p>Bele p\u00ebr costa edission Liss\u00e0nder a l&#8217;ha invitame a f\u00e9 part dla giur\u00eca, angagg ch&#8217;i l&#8217;hai acet\u00e0 con pias\u00ec. P\u00ebrch\u00e8 costa a l&#8217;\u00e9 na r\u00f2ba cita e bela come tute le r\u00f2be &#8216;d n\u00f2st Piemont.<\/p>\n","protected":false},"author":4,"featured_media":0,"comment_status":"open","ping_status":"open","sticky":false,"template":"","format":"standard","meta":[],"categories":[130],"tags":[131],"yoast_head":"<!-- This site is optimized with the Yoast SEO plugin v19.14 - https:\/\/yoast.com\/wordpress\/plugins\/seo\/ -->\n<title>Concors literari Moncravel 2016 - Go Piedmont<\/title>\n<meta name=\"robots\" content=\"index, follow, max-snippet:-1, max-image-preview:large, max-video-preview:-1\" \/>\n<link rel=\"canonical\" href=\"https:\/\/giannidavico.it\/gopiedmont\/2015\/11\/25\/concors-literari-moncravel-2016\/\" \/>\n<meta property=\"og:locale\" content=\"it_IT\" \/>\n<meta property=\"og:type\" content=\"article\" \/>\n<meta property=\"og:title\" content=\"Concors literari Moncravel 2016 - Go Piedmont\" \/>\n<meta property=\"og:description\" content=\"Liss\u00e0nder Motin, un dij contributor regolar \u00ebd cost bl\u00f2gh, a n&#8217;informa d\u00ebl concors literari p\u00ebr la lenga piemont\u00e8isa che p\u00ebr la quarta v\u00f2lta a ven organis\u00e0 a Moncravel. Ambeless\u00ec a-i \u00e9 \u00ebl regolament, ma an doe par\u00f2le: &#8211; doe session p\u00ebr la pr\u00f2sa (tema l\u00ecber e f\u00e0ula) e un-a p\u00ebr la poes\u00eca (tema l\u00ecber); &#8211; graf\u00eca Brand\u00e9 (ma &#8220;an considerand che nen tute le p\u00ebrson-e ch\u2019a a l\u2019han a cheur la t\u00f9a d\u00ebl piemont\u00e8is a deuvro la graf\u00eca Brand\u00e9, a vniran acet\u00e0 \u2018dc\u00f2 euvre scrite con \u00ebd graf\u00ece &#8216;l\u00ecbere&#8217;\u201d); &#8211; partecipassion a gr\u00e0tis, con un m\u00e0ssim \u00ebd n\u2019euvra p\u00ebr session; &#8211; scadensa 24 avril, premiassion 26 giugn 2016 a 3 b\u00f2t d\u00ebl d\u00f2p-mesd\u00ec. P\u00ebr minca anformassion scrive liberament a concors.moncravel@libero.it. Bele p\u00ebr costa edission Liss\u00e0nder a l&#8217;ha invitame a f\u00e9 part dla giur\u00eca, angagg ch&#8217;i l&#8217;hai acet\u00e0 con pias\u00ec. P\u00ebrch\u00e8 costa a l&#8217;\u00e9 na r\u00f2ba cita e bela come tute le r\u00f2be &#8216;d n\u00f2st Piemont.\" \/>\n<meta property=\"og:url\" content=\"https:\/\/giannidavico.it\/gopiedmont\/2015\/11\/25\/concors-literari-moncravel-2016\/\" \/>\n<meta property=\"og:site_name\" content=\"Go Piedmont\" \/>\n<meta property=\"article:published_time\" content=\"2015-11-25T08:53:36+00:00\" \/>\n<meta property=\"article:modified_time\" content=\"2015-12-07T09:33:36+00:00\" \/>\n<meta property=\"og:image\" content=\"https:\/\/giannidavico.it\/gopiedmont\/files\/2015\/12\/concors-224x300.jpg\" \/>\n<meta name=\"author\" content=\"giannidavico\" \/>\n<meta name=\"twitter:card\" content=\"summary_large_image\" \/>\n<meta name=\"twitter:label1\" content=\"Scritto da\" \/>\n\t<meta name=\"twitter:data1\" content=\"giannidavico\" \/>\n\t<meta name=\"twitter:label2\" content=\"Tempo di lettura stimato\" \/>\n\t<meta name=\"twitter:data2\" content=\"1 minuto\" \/>\n<script type=\"application\/ld+json\" class=\"yoast-schema-graph\">{\"@context\":\"https:\/\/schema.org\",\"@graph\":[{\"@type\":\"WebPage\",\"@id\":\"https:\/\/giannidavico.it\/gopiedmont\/2015\/11\/25\/concors-literari-moncravel-2016\/\",\"url\":\"https:\/\/giannidavico.it\/gopiedmont\/2015\/11\/25\/concors-literari-moncravel-2016\/\",\"name\":\"Concors literari Moncravel 2016 - Go Piedmont\",\"isPartOf\":{\"@id\":\"https:\/\/giannidavico.it\/gopiedmont\/#website\"},\"datePublished\":\"2015-11-25T08:53:36+00:00\",\"dateModified\":\"2015-12-07T09:33:36+00:00\",\"author\":{\"@id\":\"https:\/\/giannidavico.it\/gopiedmont\/#\/schema\/person\/ea1fd17d8f2dba325f3712219efa8f77\"},\"inLanguage\":\"it-IT\",\"potentialAction\":[{\"@type\":\"ReadAction\",\"target\":[\"https:\/\/giannidavico.it\/gopiedmont\/2015\/11\/25\/concors-literari-moncravel-2016\/\"]}]},{\"@type\":\"WebSite\",\"@id\":\"https:\/\/giannidavico.it\/gopiedmont\/#website\",\"url\":\"https:\/\/giannidavico.it\/gopiedmont\/\",\"name\":\"Go Piedmont\",\"description\":\"pens\u00e9 dzora l\u00ecber, event e p\u00ebrson-e grop\u00e0 al Piemont e a la lenga piemont\u00e8isa\",\"potentialAction\":[{\"@type\":\"SearchAction\",\"target\":{\"@type\":\"EntryPoint\",\"urlTemplate\":\"https:\/\/giannidavico.it\/gopiedmont\/?s={search_term_string}\"},\"query-input\":\"required name=search_term_string\"}],\"inLanguage\":\"it-IT\"},{\"@type\":\"Person\",\"@id\":\"https:\/\/giannidavico.it\/gopiedmont\/#\/schema\/person\/ea1fd17d8f2dba325f3712219efa8f77\",\"name\":\"giannidavico\",\"image\":{\"@type\":\"ImageObject\",\"inLanguage\":\"it-IT\",\"@id\":\"https:\/\/giannidavico.it\/gopiedmont\/#\/schema\/person\/image\/\",\"url\":\"https:\/\/secure.gravatar.com\/avatar\/337748753d882602f3038b55fb369ba1?s=96&d=mm&r=g\",\"contentUrl\":\"https:\/\/secure.gravatar.com\/avatar\/337748753d882602f3038b55fb369ba1?s=96&d=mm&r=g\",\"caption\":\"giannidavico\"},\"url\":\"https:\/\/giannidavico.it\/gopiedmont\/author\/giannidavico\/\"}]}<\/script>\n<!-- \/ Yoast SEO plugin. -->","yoast_head_json":{"title":"Concors literari Moncravel 2016 - Go Piedmont","robots":{"index":"index","follow":"follow","max-snippet":"max-snippet:-1","max-image-preview":"max-image-preview:large","max-video-preview":"max-video-preview:-1"},"canonical":"https:\/\/giannidavico.it\/gopiedmont\/2015\/11\/25\/concors-literari-moncravel-2016\/","og_locale":"it_IT","og_type":"article","og_title":"Concors literari Moncravel 2016 - Go Piedmont","og_description":"Liss\u00e0nder Motin, un dij contributor regolar \u00ebd cost bl\u00f2gh, a n&#8217;informa d\u00ebl concors literari p\u00ebr la lenga piemont\u00e8isa che p\u00ebr la quarta v\u00f2lta a ven organis\u00e0 a Moncravel. Ambeless\u00ec a-i \u00e9 \u00ebl regolament, ma an doe par\u00f2le: &#8211; doe session p\u00ebr la pr\u00f2sa (tema l\u00ecber e f\u00e0ula) e un-a p\u00ebr la poes\u00eca (tema l\u00ecber); &#8211; graf\u00eca Brand\u00e9 (ma &#8220;an considerand che nen tute le p\u00ebrson-e ch\u2019a a l\u2019han a cheur la t\u00f9a d\u00ebl piemont\u00e8is a deuvro la graf\u00eca Brand\u00e9, a vniran acet\u00e0 \u2018dc\u00f2 euvre scrite con \u00ebd graf\u00ece &#8216;l\u00ecbere&#8217;\u201d); &#8211; partecipassion a gr\u00e0tis, con un m\u00e0ssim \u00ebd n\u2019euvra p\u00ebr session; &#8211; scadensa 24 avril, premiassion 26 giugn 2016 a 3 b\u00f2t d\u00ebl d\u00f2p-mesd\u00ec. P\u00ebr minca anformassion scrive liberament a concors.moncravel@libero.it. Bele p\u00ebr costa edission Liss\u00e0nder a l&#8217;ha invitame a f\u00e9 part dla giur\u00eca, angagg ch&#8217;i l&#8217;hai acet\u00e0 con pias\u00ec. P\u00ebrch\u00e8 costa a l&#8217;\u00e9 na r\u00f2ba cita e bela come tute le r\u00f2be &#8216;d n\u00f2st Piemont.","og_url":"https:\/\/giannidavico.it\/gopiedmont\/2015\/11\/25\/concors-literari-moncravel-2016\/","og_site_name":"Go Piedmont","article_published_time":"2015-11-25T08:53:36+00:00","article_modified_time":"2015-12-07T09:33:36+00:00","og_image":[{"url":"https:\/\/giannidavico.it\/gopiedmont\/files\/2015\/12\/concors-224x300.jpg"}],"author":"giannidavico","twitter_card":"summary_large_image","twitter_misc":{"Scritto da":"giannidavico","Tempo di lettura stimato":"1 minuto"},"schema":{"@context":"https:\/\/schema.org","@graph":[{"@type":"WebPage","@id":"https:\/\/giannidavico.it\/gopiedmont\/2015\/11\/25\/concors-literari-moncravel-2016\/","url":"https:\/\/giannidavico.it\/gopiedmont\/2015\/11\/25\/concors-literari-moncravel-2016\/","name":"Concors literari Moncravel 2016 - Go Piedmont","isPartOf":{"@id":"https:\/\/giannidavico.it\/gopiedmont\/#website"},"datePublished":"2015-11-25T08:53:36+00:00","dateModified":"2015-12-07T09:33:36+00:00","author":{"@id":"https:\/\/giannidavico.it\/gopiedmont\/#\/schema\/person\/ea1fd17d8f2dba325f3712219efa8f77"},"inLanguage":"it-IT","potentialAction":[{"@type":"ReadAction","target":["https:\/\/giannidavico.it\/gopiedmont\/2015\/11\/25\/concors-literari-moncravel-2016\/"]}]},{"@type":"WebSite","@id":"https:\/\/giannidavico.it\/gopiedmont\/#website","url":"https:\/\/giannidavico.it\/gopiedmont\/","name":"Go Piedmont","description":"pens\u00e9 dzora l\u00ecber, event e p\u00ebrson-e grop\u00e0 al Piemont e a la lenga piemont\u00e8isa","potentialAction":[{"@type":"SearchAction","target":{"@type":"EntryPoint","urlTemplate":"https:\/\/giannidavico.it\/gopiedmont\/?s={search_term_string}"},"query-input":"required name=search_term_string"}],"inLanguage":"it-IT"},{"@type":"Person","@id":"https:\/\/giannidavico.it\/gopiedmont\/#\/schema\/person\/ea1fd17d8f2dba325f3712219efa8f77","name":"giannidavico","image":{"@type":"ImageObject","inLanguage":"it-IT","@id":"https:\/\/giannidavico.it\/gopiedmont\/#\/schema\/person\/image\/","url":"https:\/\/secure.gravatar.com\/avatar\/337748753d882602f3038b55fb369ba1?s=96&d=mm&r=g","contentUrl":"https:\/\/secure.gravatar.com\/avatar\/337748753d882602f3038b55fb369ba1?s=96&d=mm&r=g","caption":"giannidavico"},"url":"https:\/\/giannidavico.it\/gopiedmont\/author\/giannidavico\/"}]}},"_links":{"self":[{"href":"https:\/\/giannidavico.it\/gopiedmont\/wp-json\/wp\/v2\/posts\/3226"}],"collection":[{"href":"https:\/\/giannidavico.it\/gopiedmont\/wp-json\/wp\/v2\/posts"}],"about":[{"href":"https:\/\/giannidavico.it\/gopiedmont\/wp-json\/wp\/v2\/types\/post"}],"author":[{"embeddable":true,"href":"https:\/\/giannidavico.it\/gopiedmont\/wp-json\/wp\/v2\/users\/4"}],"replies":[{"embeddable":true,"href":"https:\/\/giannidavico.it\/gopiedmont\/wp-json\/wp\/v2\/comments?post=3226"}],"version-history":[{"count":5,"href":"https:\/\/giannidavico.it\/gopiedmont\/wp-json\/wp\/v2\/posts\/3226\/revisions"}],"predecessor-version":[{"id":3240,"href":"https:\/\/giannidavico.it\/gopiedmont\/wp-json\/wp\/v2\/posts\/3226\/revisions\/3240"}],"wp:attachment":[{"href":"https:\/\/giannidavico.it\/gopiedmont\/wp-json\/wp\/v2\/media?parent=3226"}],"wp:term":[{"taxonomy":"category","embeddable":true,"href":"https:\/\/giannidavico.it\/gopiedmont\/wp-json\/wp\/v2\/categories?post=3226"},{"taxonomy":"post_tag","embeddable":true,"href":"https:\/\/giannidavico.it\/gopiedmont\/wp-json\/wp\/v2\/tags?post=3226"}],"curies":[{"name":"wp","href":"https:\/\/api.w.org\/{rel}","templated":true}]}}