{"id":3233,"date":"2015-12-02T06:00:58","date_gmt":"2015-12-02T05:00:58","guid":{"rendered":"https:\/\/giannidavico.it\/staging\/gopiedmont\/?p=3233"},"modified":"2015-12-01T20:02:45","modified_gmt":"2015-12-01T19:02:45","slug":"esop-el-croass-e-la-volp","status":"publish","type":"post","link":"https:\/\/giannidavico.it\/gopiedmont\/2015\/12\/02\/esop-el-croass-e-la-volp\/","title":{"rendered":"Es\u00f2p, \u00cbl Croass e la Volp"},"content":{"rendered":"<p><a href=\"https:\/\/giannidavico.it\/gopiedmont\/files\/2015\/12\/Bojin.jpg\"><img loading=\"lazy\" src=\"https:\/\/giannidavico.it\/gopiedmont\/files\/2015\/12\/Bojin-300x247.jpg\" alt=\"Bojin\" width=\"300\" height=\"247\" class=\"alignright size-medium wp-image-3234\" srcset=\"https:\/\/giannidavico.it\/gopiedmont\/files\/2015\/12\/Bojin-300x247.jpg 300w, https:\/\/giannidavico.it\/gopiedmont\/files\/2015\/12\/Bojin.jpg 780w\" sizes=\"(max-width: 300px) 100vw, 300px\" \/><\/a><br \/>\nUn croass, n\u00e8ir e gr\u00f2ss, coaci\u00e0 sla rama \u2018d n\u2019erbo, a mangiava dasi\u00f2t dasi\u00f2t un t\u00f2ch \u00ebd toma.<\/p>\n<p>Na volp, ch\u2019a s\u00ebrcava s\u00f2 disn\u00e9, v\u00ebddend \u00ebl bel t\u00f2ch \u00ebd formagg a l\u2019ha butasse a studi\u00e9 la manera \u2018d portejlo via.<\/p>\n<p>Butand-se sota la pianta, con bel f\u00e9 a l\u2019ha ancamin\u00e0 a dije al croass:<br \/>\n&#8211; \u00d2h coma ch\u2019it ses bel! Che bele piume ch\u2019it l\u2019has! Se ti it l\u2019av\u00e8isse \u2018dc\u00f2 na bela vos, gnun \u00ebd j\u2019\u00e0utri osej a sar\u00eca mej che ti!<\/p>\n<p>\u00cbl croass, baravantan, a l\u2019era pr\u00f2pe sigur d\u2019av\u00e8j na bela vos. P\u00ebr fesse sente, a l\u2019ha duvert\u00e0 \u2018l b\u00e8ch e a l\u2019ha butasse a croass\u00e9 antramentre che la toma a rotolava p\u00ebr t\u00e8ra.<\/p>\n<p>La volp, con un s\u00e0ut, a l\u2019ha ciap\u00e0 al v\u00f2li \u00ebl t\u00f2ch \u00ebd toma e, ampressa ampressa, a l\u2019\u00e9 spar\u00eca ant \u00ebl b\u00f2sch a mangessla antramentre \u2018l croass as n\u00eb stas\u00eca l\u00ec con na branca al nas.<\/p>\n<p>Moral: a venta pijesse varda da chi ch\u2019a rivo ij compliment: nen sempe a son sincer!<\/p>\n<p>&#8212;<\/p>\n<p>Gav\u00e0 da Es\u00f2p, Fedro, Arn\u00e0ud, <em>Faul\u00ebtte<\/em>, cont\u00e0 da Lilian-a \u2018d Bojin, Turin, 2005, EUR 11 <a href=\"http:\/\/www.gioventurapiemonteisa.net\/catalogo\/\" target=\"_blank\">an s\u00ebl sit \u00ebd Gioventura Piemont\u00e8isa<\/a>.<\/p>\n","protected":false},"excerpt":{"rendered":"<p><a href=\"https:\/\/giannidavico.it\/gopiedmont\/files\/2015\/12\/Bojin.jpg\"><img loading=\"lazy\" src=\"https:\/\/giannidavico.it\/gopiedmont\/files\/2015\/12\/Bojin-300x247.jpg\" alt=\"Bojin\" width=\"300\" height=\"247\" class=\"alignright size-medium wp-image-3234\" srcset=\"https:\/\/giannidavico.it\/gopiedmont\/files\/2015\/12\/Bojin-300x247.jpg 300w, https:\/\/giannidavico.it\/gopiedmont\/files\/2015\/12\/Bojin.jpg 780w\" sizes=\"(max-width: 300px) 100vw, 300px\" \/><\/a><br \/> Un croass, n\u00e8ir e gr\u00f2ss, coaci\u00e0 sla rama \u2018d n\u2019erbo, a mangiava dasi\u00f2t dasi\u00f2t un t\u00f2ch \u00ebd toma.<\/p>\n<p>Na volp, ch\u2019a s\u00ebrcava s\u00f2 disn\u00e9, v\u00ebddend \u00ebl bel t\u00f2ch \u00ebd formagg a l\u2019ha butasse a studi\u00e9 la manera \u2018d portejlo via.<\/p>\n<p>Butand-se sota la pianta, con bel f\u00e9 a l\u2019ha ancamin\u00e0 a dije al croass:<br \/> &#8211; \u00d2h coma ch\u2019it ses bel! Che bele piume ch\u2019it l\u2019has! Se ti it l\u2019av\u00e8isse \u2018dc\u00f2 na bela vos, gnun \u00ebd j\u2019\u00e0utri osej a sar\u00eca mej che ti!<\/p>\n<p>\u00cbl croass, baravantan, a l\u2019era pr\u00f2pe sigur d\u2019av\u00e8j na bela vos. P\u00ebr fesse sente, a l\u2019ha duvert\u00e0 \u2018l b\u00e8ch e a l\u2019ha butasse a croass\u00e9 antramentre che la toma a rotolava p\u00ebr t\u00e8ra.<\/p>\n<p>La volp, con un s\u00e0ut, a l\u2019ha ciap\u00e0 al v\u00f2li \u00ebl t\u00f2ch \u00ebd toma e, ampressa ampressa, a l\u2019\u00e9 spar\u00eca ant \u00ebl b\u00f2sch a mangessla antramentre \u2018l croass as n\u00eb stas\u00eca l\u00ec con na branca al nas.<\/p>\n<p>Moral: a venta pijesse varda da chi ch\u2019a rivo ij compliment: nen sempe a son sincer!<\/p>\n<p>&#8212;<\/p>\n<p>Gav\u00e0 da Es\u00f2p, Fedro, Arn\u00e0ud, <em>Faul\u00ebtte<\/em>, cont\u00e0 da Lilian-a \u2018d [\u2026] <a class=\"moretag\" href=\"https:\/\/giannidavico.it\/gopiedmont\/2015\/12\/02\/esop-el-croass-e-la-volp\/\">continua a leggere \u00bb<\/a><\/p>\n","protected":false},"author":4,"featured_media":0,"comment_status":"open","ping_status":"open","sticky":false,"template":"","format":"standard","meta":[],"categories":[130],"tags":[64,104],"yoast_head":"<!-- This site is optimized with the Yoast SEO plugin v19.14 - https:\/\/yoast.com\/wordpress\/plugins\/seo\/ -->\n<title>Es\u00f2p, \u00cbl Croass e la Volp - Go Piedmont<\/title>\n<meta name=\"robots\" content=\"index, follow, max-snippet:-1, max-image-preview:large, max-video-preview:-1\" \/>\n<link rel=\"canonical\" href=\"https:\/\/giannidavico.it\/gopiedmont\/2015\/12\/02\/esop-el-croass-e-la-volp\/\" \/>\n<meta property=\"og:locale\" content=\"it_IT\" \/>\n<meta property=\"og:type\" content=\"article\" \/>\n<meta property=\"og:title\" content=\"Es\u00f2p, \u00cbl Croass e la Volp - Go Piedmont\" \/>\n<meta property=\"og:description\" content=\"Un croass, n\u00e8ir e gr\u00f2ss, coaci\u00e0 sla rama \u2018d n\u2019erbo, a mangiava dasi\u00f2t dasi\u00f2t un t\u00f2ch \u00ebd toma. Na volp, ch\u2019a s\u00ebrcava s\u00f2 disn\u00e9, v\u00ebddend \u00ebl bel t\u00f2ch \u00ebd formagg a l\u2019ha butasse a studi\u00e9 la manera \u2018d portejlo via. Butand-se sota la pianta, con bel f\u00e9 a l\u2019ha ancamin\u00e0 a dije al croass: &#8211; \u00d2h coma ch\u2019it ses bel! Che bele piume ch\u2019it l\u2019has! Se ti it l\u2019av\u00e8isse \u2018dc\u00f2 na bela vos, gnun \u00ebd j\u2019\u00e0utri osej a sar\u00eca mej che ti! \u00cbl croass, baravantan, a l\u2019era pr\u00f2pe sigur d\u2019av\u00e8j na bela vos. P\u00ebr fesse sente, a l\u2019ha duvert\u00e0 \u2018l b\u00e8ch e a l\u2019ha butasse a croass\u00e9 antramentre che la toma a rotolava p\u00ebr t\u00e8ra. La volp, con un s\u00e0ut, a l\u2019ha ciap\u00e0 al v\u00f2li \u00ebl t\u00f2ch \u00ebd toma e, ampressa ampressa, a l\u2019\u00e9 spar\u00eca ant \u00ebl b\u00f2sch a mangessla antramentre \u2018l croass as n\u00eb stas\u00eca l\u00ec con na branca al nas. Moral: a venta pijesse varda da chi ch\u2019a rivo ij compliment: nen sempe a son sincer! &#8212; Gav\u00e0 da Es\u00f2p, Fedro, Arn\u00e0ud, Faul\u00ebtte, cont\u00e0 da Lilian-a \u2018d [\u2026] continua a leggere \u00bb\" \/>\n<meta property=\"og:url\" content=\"https:\/\/giannidavico.it\/gopiedmont\/2015\/12\/02\/esop-el-croass-e-la-volp\/\" \/>\n<meta property=\"og:site_name\" content=\"Go Piedmont\" \/>\n<meta property=\"article:published_time\" content=\"2015-12-02T05:00:58+00:00\" \/>\n<meta property=\"article:modified_time\" content=\"2015-12-01T19:02:45+00:00\" \/>\n<meta property=\"og:image\" content=\"https:\/\/giannidavico.it\/gopiedmont\/files\/2015\/12\/Bojin-300x247.jpg\" \/>\n<meta name=\"author\" content=\"giannidavico\" \/>\n<meta name=\"twitter:card\" content=\"summary_large_image\" \/>\n<meta name=\"twitter:label1\" content=\"Scritto da\" \/>\n\t<meta name=\"twitter:data1\" content=\"giannidavico\" \/>\n\t<meta name=\"twitter:label2\" content=\"Tempo di lettura stimato\" \/>\n\t<meta name=\"twitter:data2\" content=\"1 minuto\" \/>\n<script type=\"application\/ld+json\" class=\"yoast-schema-graph\">{\"@context\":\"https:\/\/schema.org\",\"@graph\":[{\"@type\":\"WebPage\",\"@id\":\"https:\/\/giannidavico.it\/gopiedmont\/2015\/12\/02\/esop-el-croass-e-la-volp\/\",\"url\":\"https:\/\/giannidavico.it\/gopiedmont\/2015\/12\/02\/esop-el-croass-e-la-volp\/\",\"name\":\"Es\u00f2p, \u00cbl Croass e la Volp - Go Piedmont\",\"isPartOf\":{\"@id\":\"https:\/\/giannidavico.it\/gopiedmont\/#website\"},\"datePublished\":\"2015-12-02T05:00:58+00:00\",\"dateModified\":\"2015-12-01T19:02:45+00:00\",\"author\":{\"@id\":\"https:\/\/giannidavico.it\/gopiedmont\/#\/schema\/person\/ea1fd17d8f2dba325f3712219efa8f77\"},\"inLanguage\":\"it-IT\",\"potentialAction\":[{\"@type\":\"ReadAction\",\"target\":[\"https:\/\/giannidavico.it\/gopiedmont\/2015\/12\/02\/esop-el-croass-e-la-volp\/\"]}]},{\"@type\":\"WebSite\",\"@id\":\"https:\/\/giannidavico.it\/gopiedmont\/#website\",\"url\":\"https:\/\/giannidavico.it\/gopiedmont\/\",\"name\":\"Go Piedmont\",\"description\":\"pens\u00e9 dzora l\u00ecber, event e p\u00ebrson-e grop\u00e0 al Piemont e a la lenga piemont\u00e8isa\",\"potentialAction\":[{\"@type\":\"SearchAction\",\"target\":{\"@type\":\"EntryPoint\",\"urlTemplate\":\"https:\/\/giannidavico.it\/gopiedmont\/?s={search_term_string}\"},\"query-input\":\"required name=search_term_string\"}],\"inLanguage\":\"it-IT\"},{\"@type\":\"Person\",\"@id\":\"https:\/\/giannidavico.it\/gopiedmont\/#\/schema\/person\/ea1fd17d8f2dba325f3712219efa8f77\",\"name\":\"giannidavico\",\"image\":{\"@type\":\"ImageObject\",\"inLanguage\":\"it-IT\",\"@id\":\"https:\/\/giannidavico.it\/gopiedmont\/#\/schema\/person\/image\/\",\"url\":\"https:\/\/secure.gravatar.com\/avatar\/337748753d882602f3038b55fb369ba1?s=96&d=mm&r=g\",\"contentUrl\":\"https:\/\/secure.gravatar.com\/avatar\/337748753d882602f3038b55fb369ba1?s=96&d=mm&r=g\",\"caption\":\"giannidavico\"},\"url\":\"https:\/\/giannidavico.it\/gopiedmont\/author\/giannidavico\/\"}]}<\/script>\n<!-- \/ Yoast SEO plugin. -->","yoast_head_json":{"title":"Es\u00f2p, \u00cbl Croass e la Volp - Go Piedmont","robots":{"index":"index","follow":"follow","max-snippet":"max-snippet:-1","max-image-preview":"max-image-preview:large","max-video-preview":"max-video-preview:-1"},"canonical":"https:\/\/giannidavico.it\/gopiedmont\/2015\/12\/02\/esop-el-croass-e-la-volp\/","og_locale":"it_IT","og_type":"article","og_title":"Es\u00f2p, \u00cbl Croass e la Volp - Go Piedmont","og_description":"Un croass, n\u00e8ir e gr\u00f2ss, coaci\u00e0 sla rama \u2018d n\u2019erbo, a mangiava dasi\u00f2t dasi\u00f2t un t\u00f2ch \u00ebd toma. Na volp, ch\u2019a s\u00ebrcava s\u00f2 disn\u00e9, v\u00ebddend \u00ebl bel t\u00f2ch \u00ebd formagg a l\u2019ha butasse a studi\u00e9 la manera \u2018d portejlo via. Butand-se sota la pianta, con bel f\u00e9 a l\u2019ha ancamin\u00e0 a dije al croass: &#8211; \u00d2h coma ch\u2019it ses bel! Che bele piume ch\u2019it l\u2019has! Se ti it l\u2019av\u00e8isse \u2018dc\u00f2 na bela vos, gnun \u00ebd j\u2019\u00e0utri osej a sar\u00eca mej che ti! \u00cbl croass, baravantan, a l\u2019era pr\u00f2pe sigur d\u2019av\u00e8j na bela vos. P\u00ebr fesse sente, a l\u2019ha duvert\u00e0 \u2018l b\u00e8ch e a l\u2019ha butasse a croass\u00e9 antramentre che la toma a rotolava p\u00ebr t\u00e8ra. La volp, con un s\u00e0ut, a l\u2019ha ciap\u00e0 al v\u00f2li \u00ebl t\u00f2ch \u00ebd toma e, ampressa ampressa, a l\u2019\u00e9 spar\u00eca ant \u00ebl b\u00f2sch a mangessla antramentre \u2018l croass as n\u00eb stas\u00eca l\u00ec con na branca al nas. Moral: a venta pijesse varda da chi ch\u2019a rivo ij compliment: nen sempe a son sincer! &#8212; Gav\u00e0 da Es\u00f2p, Fedro, Arn\u00e0ud, Faul\u00ebtte, cont\u00e0 da Lilian-a \u2018d [\u2026] continua a leggere \u00bb","og_url":"https:\/\/giannidavico.it\/gopiedmont\/2015\/12\/02\/esop-el-croass-e-la-volp\/","og_site_name":"Go Piedmont","article_published_time":"2015-12-02T05:00:58+00:00","article_modified_time":"2015-12-01T19:02:45+00:00","og_image":[{"url":"https:\/\/giannidavico.it\/gopiedmont\/files\/2015\/12\/Bojin-300x247.jpg"}],"author":"giannidavico","twitter_card":"summary_large_image","twitter_misc":{"Scritto da":"giannidavico","Tempo di lettura stimato":"1 minuto"},"schema":{"@context":"https:\/\/schema.org","@graph":[{"@type":"WebPage","@id":"https:\/\/giannidavico.it\/gopiedmont\/2015\/12\/02\/esop-el-croass-e-la-volp\/","url":"https:\/\/giannidavico.it\/gopiedmont\/2015\/12\/02\/esop-el-croass-e-la-volp\/","name":"Es\u00f2p, \u00cbl Croass e la Volp - Go Piedmont","isPartOf":{"@id":"https:\/\/giannidavico.it\/gopiedmont\/#website"},"datePublished":"2015-12-02T05:00:58+00:00","dateModified":"2015-12-01T19:02:45+00:00","author":{"@id":"https:\/\/giannidavico.it\/gopiedmont\/#\/schema\/person\/ea1fd17d8f2dba325f3712219efa8f77"},"inLanguage":"it-IT","potentialAction":[{"@type":"ReadAction","target":["https:\/\/giannidavico.it\/gopiedmont\/2015\/12\/02\/esop-el-croass-e-la-volp\/"]}]},{"@type":"WebSite","@id":"https:\/\/giannidavico.it\/gopiedmont\/#website","url":"https:\/\/giannidavico.it\/gopiedmont\/","name":"Go Piedmont","description":"pens\u00e9 dzora l\u00ecber, event e p\u00ebrson-e grop\u00e0 al Piemont e a la lenga piemont\u00e8isa","potentialAction":[{"@type":"SearchAction","target":{"@type":"EntryPoint","urlTemplate":"https:\/\/giannidavico.it\/gopiedmont\/?s={search_term_string}"},"query-input":"required name=search_term_string"}],"inLanguage":"it-IT"},{"@type":"Person","@id":"https:\/\/giannidavico.it\/gopiedmont\/#\/schema\/person\/ea1fd17d8f2dba325f3712219efa8f77","name":"giannidavico","image":{"@type":"ImageObject","inLanguage":"it-IT","@id":"https:\/\/giannidavico.it\/gopiedmont\/#\/schema\/person\/image\/","url":"https:\/\/secure.gravatar.com\/avatar\/337748753d882602f3038b55fb369ba1?s=96&d=mm&r=g","contentUrl":"https:\/\/secure.gravatar.com\/avatar\/337748753d882602f3038b55fb369ba1?s=96&d=mm&r=g","caption":"giannidavico"},"url":"https:\/\/giannidavico.it\/gopiedmont\/author\/giannidavico\/"}]}},"_links":{"self":[{"href":"https:\/\/giannidavico.it\/gopiedmont\/wp-json\/wp\/v2\/posts\/3233"}],"collection":[{"href":"https:\/\/giannidavico.it\/gopiedmont\/wp-json\/wp\/v2\/posts"}],"about":[{"href":"https:\/\/giannidavico.it\/gopiedmont\/wp-json\/wp\/v2\/types\/post"}],"author":[{"embeddable":true,"href":"https:\/\/giannidavico.it\/gopiedmont\/wp-json\/wp\/v2\/users\/4"}],"replies":[{"embeddable":true,"href":"https:\/\/giannidavico.it\/gopiedmont\/wp-json\/wp\/v2\/comments?post=3233"}],"version-history":[{"count":2,"href":"https:\/\/giannidavico.it\/gopiedmont\/wp-json\/wp\/v2\/posts\/3233\/revisions"}],"predecessor-version":[{"id":3236,"href":"https:\/\/giannidavico.it\/gopiedmont\/wp-json\/wp\/v2\/posts\/3233\/revisions\/3236"}],"wp:attachment":[{"href":"https:\/\/giannidavico.it\/gopiedmont\/wp-json\/wp\/v2\/media?parent=3233"}],"wp:term":[{"taxonomy":"category","embeddable":true,"href":"https:\/\/giannidavico.it\/gopiedmont\/wp-json\/wp\/v2\/categories?post=3233"},{"taxonomy":"post_tag","embeddable":true,"href":"https:\/\/giannidavico.it\/gopiedmont\/wp-json\/wp\/v2\/tags?post=3233"}],"curies":[{"name":"wp","href":"https:\/\/api.w.org\/{rel}","templated":true}]}}