{"id":3241,"date":"2015-12-09T09:14:35","date_gmt":"2015-12-09T08:14:35","guid":{"rendered":"https:\/\/giannidavico.it\/staging\/gopiedmont\/?p=3241"},"modified":"2016-01-16T19:42:35","modified_gmt":"2016-01-16T18:42:35","slug":"lingua-del-popolo-e-lingua-dei-re-el-piemonteis-a-bianze","status":"publish","type":"post","link":"https:\/\/giannidavico.it\/gopiedmont\/2015\/12\/09\/lingua-del-popolo-e-lingua-dei-re-el-piemonteis-a-bianze\/","title":{"rendered":"Lingua del popolo e lingua dei re: \u00ebl piemont\u00e8is a Bians\u00e9"},"content":{"rendered":"<p><a href=\"https:\/\/giannidavico.it\/gopiedmont\/files\/2015\/12\/unitre.jpg\"><img loading=\"lazy\" src=\"https:\/\/giannidavico.it\/gopiedmont\/files\/2015\/12\/unitre-300x263.jpg\" alt=\"unitre\" width=\"300\" height=\"263\" class=\"alignright size-medium wp-image-3245\" srcset=\"https:\/\/giannidavico.it\/gopiedmont\/files\/2015\/12\/unitre-300x263.jpg 300w, https:\/\/giannidavico.it\/gopiedmont\/files\/2015\/12\/unitre.jpg 962w\" sizes=\"(max-width: 300px) 100vw, 300px\" \/><\/a><br \/>\nI ston prontand doe conferense an s\u00ebl piemont\u00e8is ch&#8217;i tenrai a <a href=\"http:\/\/www.unitrebianze.it\/\" target=\"_blank\">l&#8217;Unitre &#8216;d Bians\u00e9<\/a>, lun-es 14 dz\u00e8mber e lun-es 18 gen\u00e9, a 8 e mesa &#8216;d s\u00e8ira p\u00ebr doe ore.<\/p>\n<p>La c\u00f2sa a l&#8217;\u00e9 na mers\u00ec a <a href=\"https:\/\/giannidavico.it\/gopiedmont\/?s=liss%C3%A0nder+motin\">Liss\u00e0nder Motin<\/a>, un-a dj&#8217;\u00e0nime d\u00ebl piemont\u00e8is a V\u00ebrs\u00e8j e anviron, ch&#8217;a l&#8217;ha butame an contat con cola organisassion. Naturalment as trata d&#8217;un &#8220;lavoro ad alto rendimento&#8221;, p\u00ebr dila con <a href=\"http:\/\/www.casascaparone.it\/\" target=\"_blank\">Batista<\/a>; ma i soma bin ch&#8217;as peul nen butesse \u00ebn pressi ansima a le r\u00f2be d\u00ebl Piemont.<\/p>\n<p>(Am ven an ment la lession, an s\u00ecntesi estrema, \u00ebd m\u00e8 professor <a href=\"https:\/\/giannidavico.it\/gopiedmont\/2009\/07\/27\/riccardo-massano-%E2%80%93-i-ciam-scusa-i-lo-savia-nen\/\">Riccardo Massano<\/a>:<\/p>\n<blockquote><p>Fa\u2019 t\u00f2 dover e ch\u00ebrpa.)<\/p><\/blockquote>\n<p>Certe r\u00f2be i-i foma p\u00ebrch\u00e8 a van f\u00e0ite, a-i na f\u00e0 gnente se a son cite frise ant un mond ch&#8217;a va lest e as f\u00ebrma nen a pens\u00e9. Erri De Luca:<\/p>\n<blockquote><p>Considero valore quello che domani non varr\u00e0 pi\u00f9 niente e quello che oggi vale ancora poco.<br \/>\n[I consider valor l\u00f2n che doman a valr\u00e0 p\u00ec gnente, e l\u00f2n che ancheuj a val ancor p\u00f2ch.]<\/p><\/blockquote>\n<p>\u00cbl t\u00ectol ch&#8217;i l&#8217;hai anmagin\u00e0 p\u00ebr <a href=\"http:\/\/www.unitrebianze.it\/ligua-del-popolo-lingua-del-re-il-piemontese\" target=\"_blank\">le doe conferense<\/a> a l&#8217;\u00e9 <em>Lingua del popolo e lingua dei re: il piemontese<\/em>. La prima s\u00e8ira i farai n&#8217;introdussion a la lenga, i darai dle definission, dle n\u00f2te st\u00f2riche, i parlerai \u00ebd vocabolari vej e neuv, \u00ebd gram\u00e0tiche e dla graf\u00eca d&#8217;ancheuj. Ant la sconda i partiroma torna da la graf\u00eca p\u00ebr peui d\u00ebscore &#8216;d liber, d&#8217;arviste e d&#8217;associassion, p\u00ebr fin\u00ec con l&#8217;anliura pi anciarmanta e dlic\u00e0 \u00ebd tute: cola an tra &#8216;l piemont\u00e8is e ij cit.<\/p>\n<p>Tut an \u00ebl segn, ant \u00ebl sorgh (&#8220;i soma nan an sle spale dij gigant&#8221;, a l&#8217;avr\u00eca dit Bernard \u00ebd Chartres &#8211; bele che d\u00ebdnans a costi monument mi im senta nan e basta) \u00ebd doi poeta, Barba T\u00f2ni (&#8220;\u00cbl piemont\u00e8is a venta \/ parlelo. Che meisin-a. Mej che la revalenta&#8221;) e Tavo Burat (&#8220;\u2018L piemont\u00e8is a l\u2019\u00e9 m\u00e8 pais. \/ Tuta la resta a l\u2019\u00e9 mach d\u2019anviron&#8221;).<\/p>\n<p>Ij me vintesingh letor a son invit\u00e0.<\/p>\n","protected":false},"excerpt":{"rendered":"<p><a href=\"https:\/\/giannidavico.it\/gopiedmont\/files\/2015\/12\/unitre.jpg\"><img loading=\"lazy\" src=\"https:\/\/giannidavico.it\/gopiedmont\/files\/2015\/12\/unitre-300x263.jpg\" alt=\"unitre\" width=\"300\" height=\"263\" class=\"alignright size-medium wp-image-3245\" srcset=\"https:\/\/giannidavico.it\/gopiedmont\/files\/2015\/12\/unitre-300x263.jpg 300w, https:\/\/giannidavico.it\/gopiedmont\/files\/2015\/12\/unitre.jpg 962w\" sizes=\"(max-width: 300px) 100vw, 300px\" \/><\/a><br \/> I ston prontand doe conferense an s\u00ebl piemont\u00e8is ch&#8217;i tenrai a <a href=\"http:\/\/www.unitrebianze.it\/\" target=\"_blank\">l&#8217;Unitre &#8216;d Bians\u00e9<\/a>, lun-es 14 dz\u00e8mber e lun-es 18 gen\u00e9, a 8 e mesa &#8216;d s\u00e8ira p\u00ebr doe ore.<\/p>\n<p>La c\u00f2sa a l&#8217;\u00e9 na mers\u00ec a <a href=\"https:\/\/giannidavico.it\/gopiedmont\/?s=liss%C3%A0nder+motin\">Liss\u00e0nder Motin<\/a>, un-a dj&#8217;\u00e0nime d\u00ebl piemont\u00e8is a V\u00ebrs\u00e8j e anviron, ch&#8217;a l&#8217;ha butame an contat con cola organisassion. Naturalment as trata d&#8217;un &#8220;lavoro ad alto rendimento&#8221;, p\u00ebr dila con <a href=\"http:\/\/www.casascaparone.it\/\" target=\"_blank\">Batista<\/a>; ma i soma bin ch&#8217;as peul nen butesse \u00ebn pressi ansima a le r\u00f2be d\u00ebl Piemont.<\/p>\n<p>(Am ven an ment la lession, an s\u00ecntesi estrema, \u00ebd m\u00e8 professor <a href=\"https:\/\/giannidavico.it\/gopiedmont\/2009\/07\/27\/riccardo-massano-%E2%80%93-i-ciam-scusa-i-lo-savia-nen\/\">Riccardo Massano<\/a>:<\/p>\n<p>Fa\u2019 t\u00f2 dover e ch\u00ebrpa.)<\/p>\n<p>Certe r\u00f2be i-i foma p\u00ebrch\u00e8 a van f\u00e0ite, a-i na f\u00e0 gnente se a son cite frise ant un mond ch&#8217;a va lest e as f\u00ebrma nen a pens\u00e9. Erri De Luca:<\/p>\n<p>Considero valore quello che domani non varr\u00e0 pi\u00f9 niente e quello che oggi vale ancora poco.<br \/> [I consider valor l\u00f2n che doman a valr\u00e0 p\u00ec gnente, e l\u00f2n che ancheuj a val ancor p\u00f2ch.]<\/p>\n<p>\u00cbl t\u00ectol ch&#8217;i l&#8217;hai anmagin\u00e0 [\u2026] <a class=\"moretag\" href=\"https:\/\/giannidavico.it\/gopiedmont\/2015\/12\/09\/lingua-del-popolo-e-lingua-dei-re-el-piemonteis-a-bianze\/\">continua a leggere \u00bb<\/a><\/p>\n","protected":false},"author":4,"featured_media":0,"comment_status":"open","ping_status":"open","sticky":false,"template":"","format":"standard","meta":[],"categories":[130],"tags":[108,131,107],"yoast_head":"<!-- This site is optimized with the Yoast SEO plugin v19.14 - https:\/\/yoast.com\/wordpress\/plugins\/seo\/ -->\n<title>Lingua del popolo e lingua dei re: \u00ebl piemont\u00e8is a Bians\u00e9 - Go Piedmont<\/title>\n<meta name=\"robots\" content=\"index, follow, max-snippet:-1, max-image-preview:large, max-video-preview:-1\" \/>\n<link rel=\"canonical\" href=\"https:\/\/giannidavico.it\/gopiedmont\/2015\/12\/09\/lingua-del-popolo-e-lingua-dei-re-el-piemonteis-a-bianze\/\" \/>\n<meta property=\"og:locale\" content=\"it_IT\" \/>\n<meta property=\"og:type\" content=\"article\" \/>\n<meta property=\"og:title\" content=\"Lingua del popolo e lingua dei re: \u00ebl piemont\u00e8is a Bians\u00e9 - Go Piedmont\" \/>\n<meta property=\"og:description\" content=\"I ston prontand doe conferense an s\u00ebl piemont\u00e8is ch&#8217;i tenrai a l&#8217;Unitre &#8216;d Bians\u00e9, lun-es 14 dz\u00e8mber e lun-es 18 gen\u00e9, a 8 e mesa &#8216;d s\u00e8ira p\u00ebr doe ore. La c\u00f2sa a l&#8217;\u00e9 na mers\u00ec a Liss\u00e0nder Motin, un-a dj&#8217;\u00e0nime d\u00ebl piemont\u00e8is a V\u00ebrs\u00e8j e anviron, ch&#8217;a l&#8217;ha butame an contat con cola organisassion. Naturalment as trata d&#8217;un &#8220;lavoro ad alto rendimento&#8221;, p\u00ebr dila con Batista; ma i soma bin ch&#8217;as peul nen butesse \u00ebn pressi ansima a le r\u00f2be d\u00ebl Piemont. (Am ven an ment la lession, an s\u00ecntesi estrema, \u00ebd m\u00e8 professor Riccardo Massano: Fa\u2019 t\u00f2 dover e ch\u00ebrpa.) Certe r\u00f2be i-i foma p\u00ebrch\u00e8 a van f\u00e0ite, a-i na f\u00e0 gnente se a son cite frise ant un mond ch&#8217;a va lest e as f\u00ebrma nen a pens\u00e9. Erri De Luca: Considero valore quello che domani non varr\u00e0 pi\u00f9 niente e quello che oggi vale ancora poco. [I consider valor l\u00f2n che doman a valr\u00e0 p\u00ec gnente, e l\u00f2n che ancheuj a val ancor p\u00f2ch.] \u00cbl t\u00ectol ch&#8217;i l&#8217;hai anmagin\u00e0 [\u2026] continua a leggere \u00bb\" \/>\n<meta property=\"og:url\" content=\"https:\/\/giannidavico.it\/gopiedmont\/2015\/12\/09\/lingua-del-popolo-e-lingua-dei-re-el-piemonteis-a-bianze\/\" \/>\n<meta property=\"og:site_name\" content=\"Go Piedmont\" \/>\n<meta property=\"article:published_time\" content=\"2015-12-09T08:14:35+00:00\" \/>\n<meta property=\"article:modified_time\" content=\"2016-01-16T18:42:35+00:00\" \/>\n<meta property=\"og:image\" content=\"https:\/\/giannidavico.it\/gopiedmont\/files\/2015\/12\/unitre-300x263.jpg\" \/>\n<meta name=\"author\" content=\"giannidavico\" \/>\n<meta name=\"twitter:card\" content=\"summary_large_image\" \/>\n<meta name=\"twitter:label1\" content=\"Scritto da\" \/>\n\t<meta name=\"twitter:data1\" content=\"giannidavico\" \/>\n\t<meta name=\"twitter:label2\" content=\"Tempo di lettura stimato\" \/>\n\t<meta name=\"twitter:data2\" content=\"2 minuti\" \/>\n<script type=\"application\/ld+json\" class=\"yoast-schema-graph\">{\"@context\":\"https:\/\/schema.org\",\"@graph\":[{\"@type\":\"WebPage\",\"@id\":\"https:\/\/giannidavico.it\/gopiedmont\/2015\/12\/09\/lingua-del-popolo-e-lingua-dei-re-el-piemonteis-a-bianze\/\",\"url\":\"https:\/\/giannidavico.it\/gopiedmont\/2015\/12\/09\/lingua-del-popolo-e-lingua-dei-re-el-piemonteis-a-bianze\/\",\"name\":\"Lingua del popolo e lingua dei re: \u00ebl piemont\u00e8is a Bians\u00e9 - Go Piedmont\",\"isPartOf\":{\"@id\":\"https:\/\/giannidavico.it\/gopiedmont\/#website\"},\"datePublished\":\"2015-12-09T08:14:35+00:00\",\"dateModified\":\"2016-01-16T18:42:35+00:00\",\"author\":{\"@id\":\"https:\/\/giannidavico.it\/gopiedmont\/#\/schema\/person\/ea1fd17d8f2dba325f3712219efa8f77\"},\"inLanguage\":\"it-IT\",\"potentialAction\":[{\"@type\":\"ReadAction\",\"target\":[\"https:\/\/giannidavico.it\/gopiedmont\/2015\/12\/09\/lingua-del-popolo-e-lingua-dei-re-el-piemonteis-a-bianze\/\"]}]},{\"@type\":\"WebSite\",\"@id\":\"https:\/\/giannidavico.it\/gopiedmont\/#website\",\"url\":\"https:\/\/giannidavico.it\/gopiedmont\/\",\"name\":\"Go Piedmont\",\"description\":\"pens\u00e9 dzora l\u00ecber, event e p\u00ebrson-e grop\u00e0 al Piemont e a la lenga piemont\u00e8isa\",\"potentialAction\":[{\"@type\":\"SearchAction\",\"target\":{\"@type\":\"EntryPoint\",\"urlTemplate\":\"https:\/\/giannidavico.it\/gopiedmont\/?s={search_term_string}\"},\"query-input\":\"required name=search_term_string\"}],\"inLanguage\":\"it-IT\"},{\"@type\":\"Person\",\"@id\":\"https:\/\/giannidavico.it\/gopiedmont\/#\/schema\/person\/ea1fd17d8f2dba325f3712219efa8f77\",\"name\":\"giannidavico\",\"image\":{\"@type\":\"ImageObject\",\"inLanguage\":\"it-IT\",\"@id\":\"https:\/\/giannidavico.it\/gopiedmont\/#\/schema\/person\/image\/\",\"url\":\"https:\/\/secure.gravatar.com\/avatar\/337748753d882602f3038b55fb369ba1?s=96&d=mm&r=g\",\"contentUrl\":\"https:\/\/secure.gravatar.com\/avatar\/337748753d882602f3038b55fb369ba1?s=96&d=mm&r=g\",\"caption\":\"giannidavico\"},\"url\":\"https:\/\/giannidavico.it\/gopiedmont\/author\/giannidavico\/\"}]}<\/script>\n<!-- \/ Yoast SEO plugin. -->","yoast_head_json":{"title":"Lingua del popolo e lingua dei re: \u00ebl piemont\u00e8is a Bians\u00e9 - Go Piedmont","robots":{"index":"index","follow":"follow","max-snippet":"max-snippet:-1","max-image-preview":"max-image-preview:large","max-video-preview":"max-video-preview:-1"},"canonical":"https:\/\/giannidavico.it\/gopiedmont\/2015\/12\/09\/lingua-del-popolo-e-lingua-dei-re-el-piemonteis-a-bianze\/","og_locale":"it_IT","og_type":"article","og_title":"Lingua del popolo e lingua dei re: \u00ebl piemont\u00e8is a Bians\u00e9 - Go Piedmont","og_description":"I ston prontand doe conferense an s\u00ebl piemont\u00e8is ch&#8217;i tenrai a l&#8217;Unitre &#8216;d Bians\u00e9, lun-es 14 dz\u00e8mber e lun-es 18 gen\u00e9, a 8 e mesa &#8216;d s\u00e8ira p\u00ebr doe ore. La c\u00f2sa a l&#8217;\u00e9 na mers\u00ec a Liss\u00e0nder Motin, un-a dj&#8217;\u00e0nime d\u00ebl piemont\u00e8is a V\u00ebrs\u00e8j e anviron, ch&#8217;a l&#8217;ha butame an contat con cola organisassion. Naturalment as trata d&#8217;un &#8220;lavoro ad alto rendimento&#8221;, p\u00ebr dila con Batista; ma i soma bin ch&#8217;as peul nen butesse \u00ebn pressi ansima a le r\u00f2be d\u00ebl Piemont. (Am ven an ment la lession, an s\u00ecntesi estrema, \u00ebd m\u00e8 professor Riccardo Massano: Fa\u2019 t\u00f2 dover e ch\u00ebrpa.) Certe r\u00f2be i-i foma p\u00ebrch\u00e8 a van f\u00e0ite, a-i na f\u00e0 gnente se a son cite frise ant un mond ch&#8217;a va lest e as f\u00ebrma nen a pens\u00e9. Erri De Luca: Considero valore quello che domani non varr\u00e0 pi\u00f9 niente e quello che oggi vale ancora poco. [I consider valor l\u00f2n che doman a valr\u00e0 p\u00ec gnente, e l\u00f2n che ancheuj a val ancor p\u00f2ch.] \u00cbl t\u00ectol ch&#8217;i l&#8217;hai anmagin\u00e0 [\u2026] continua a leggere \u00bb","og_url":"https:\/\/giannidavico.it\/gopiedmont\/2015\/12\/09\/lingua-del-popolo-e-lingua-dei-re-el-piemonteis-a-bianze\/","og_site_name":"Go Piedmont","article_published_time":"2015-12-09T08:14:35+00:00","article_modified_time":"2016-01-16T18:42:35+00:00","og_image":[{"url":"https:\/\/giannidavico.it\/gopiedmont\/files\/2015\/12\/unitre-300x263.jpg"}],"author":"giannidavico","twitter_card":"summary_large_image","twitter_misc":{"Scritto da":"giannidavico","Tempo di lettura stimato":"2 minuti"},"schema":{"@context":"https:\/\/schema.org","@graph":[{"@type":"WebPage","@id":"https:\/\/giannidavico.it\/gopiedmont\/2015\/12\/09\/lingua-del-popolo-e-lingua-dei-re-el-piemonteis-a-bianze\/","url":"https:\/\/giannidavico.it\/gopiedmont\/2015\/12\/09\/lingua-del-popolo-e-lingua-dei-re-el-piemonteis-a-bianze\/","name":"Lingua del popolo e lingua dei re: \u00ebl piemont\u00e8is a Bians\u00e9 - Go Piedmont","isPartOf":{"@id":"https:\/\/giannidavico.it\/gopiedmont\/#website"},"datePublished":"2015-12-09T08:14:35+00:00","dateModified":"2016-01-16T18:42:35+00:00","author":{"@id":"https:\/\/giannidavico.it\/gopiedmont\/#\/schema\/person\/ea1fd17d8f2dba325f3712219efa8f77"},"inLanguage":"it-IT","potentialAction":[{"@type":"ReadAction","target":["https:\/\/giannidavico.it\/gopiedmont\/2015\/12\/09\/lingua-del-popolo-e-lingua-dei-re-el-piemonteis-a-bianze\/"]}]},{"@type":"WebSite","@id":"https:\/\/giannidavico.it\/gopiedmont\/#website","url":"https:\/\/giannidavico.it\/gopiedmont\/","name":"Go Piedmont","description":"pens\u00e9 dzora l\u00ecber, event e p\u00ebrson-e grop\u00e0 al Piemont e a la lenga piemont\u00e8isa","potentialAction":[{"@type":"SearchAction","target":{"@type":"EntryPoint","urlTemplate":"https:\/\/giannidavico.it\/gopiedmont\/?s={search_term_string}"},"query-input":"required name=search_term_string"}],"inLanguage":"it-IT"},{"@type":"Person","@id":"https:\/\/giannidavico.it\/gopiedmont\/#\/schema\/person\/ea1fd17d8f2dba325f3712219efa8f77","name":"giannidavico","image":{"@type":"ImageObject","inLanguage":"it-IT","@id":"https:\/\/giannidavico.it\/gopiedmont\/#\/schema\/person\/image\/","url":"https:\/\/secure.gravatar.com\/avatar\/337748753d882602f3038b55fb369ba1?s=96&d=mm&r=g","contentUrl":"https:\/\/secure.gravatar.com\/avatar\/337748753d882602f3038b55fb369ba1?s=96&d=mm&r=g","caption":"giannidavico"},"url":"https:\/\/giannidavico.it\/gopiedmont\/author\/giannidavico\/"}]}},"_links":{"self":[{"href":"https:\/\/giannidavico.it\/gopiedmont\/wp-json\/wp\/v2\/posts\/3241"}],"collection":[{"href":"https:\/\/giannidavico.it\/gopiedmont\/wp-json\/wp\/v2\/posts"}],"about":[{"href":"https:\/\/giannidavico.it\/gopiedmont\/wp-json\/wp\/v2\/types\/post"}],"author":[{"embeddable":true,"href":"https:\/\/giannidavico.it\/gopiedmont\/wp-json\/wp\/v2\/users\/4"}],"replies":[{"embeddable":true,"href":"https:\/\/giannidavico.it\/gopiedmont\/wp-json\/wp\/v2\/comments?post=3241"}],"version-history":[{"count":4,"href":"https:\/\/giannidavico.it\/gopiedmont\/wp-json\/wp\/v2\/posts\/3241\/revisions"}],"predecessor-version":[{"id":3282,"href":"https:\/\/giannidavico.it\/gopiedmont\/wp-json\/wp\/v2\/posts\/3241\/revisions\/3282"}],"wp:attachment":[{"href":"https:\/\/giannidavico.it\/gopiedmont\/wp-json\/wp\/v2\/media?parent=3241"}],"wp:term":[{"taxonomy":"category","embeddable":true,"href":"https:\/\/giannidavico.it\/gopiedmont\/wp-json\/wp\/v2\/categories?post=3241"},{"taxonomy":"post_tag","embeddable":true,"href":"https:\/\/giannidavico.it\/gopiedmont\/wp-json\/wp\/v2\/tags?post=3241"}],"curies":[{"name":"wp","href":"https:\/\/api.w.org\/{rel}","templated":true}]}}