{"id":3249,"date":"2015-12-16T10:10:53","date_gmt":"2015-12-16T09:10:53","guid":{"rendered":"https:\/\/giannidavico.it\/staging\/gopiedmont\/?p=3249"},"modified":"2016-01-16T19:43:12","modified_gmt":"2016-01-16T18:43:12","slug":"el-piemonteis-a-bianze-prima-part","status":"publish","type":"post","link":"https:\/\/giannidavico.it\/gopiedmont\/2015\/12\/16\/el-piemonteis-a-bianze-prima-part\/","title":{"rendered":"\u00cbl piemont\u00e8is a Bians\u00e9, prima part"},"content":{"rendered":"<p><img loading=\"lazy\" src=\"https:\/\/giannidavico.it\/gopiedmont\/files\/2015\/12\/unitre-1-225x300.jpg\" alt=\"unitre\" width=\"225\" height=\"300\" class=\"alignright size-medium wp-image-3250\" srcset=\"https:\/\/giannidavico.it\/gopiedmont\/files\/2015\/12\/unitre-1-225x300.jpg 225w, https:\/\/giannidavico.it\/gopiedmont\/files\/2015\/12\/unitre-1-768x1024.jpg 768w, https:\/\/giannidavico.it\/gopiedmont\/files\/2015\/12\/unitre-1.jpg 1200w\" sizes=\"(max-width: 225px) 100vw, 225px\" \/><br \/>\nL\u00f9n-es i l&#8217;hai tn\u00f9 a Bians\u00e9 la prima dle doe conferense (mi i preferiss ciameje &#8220;ciaciarade&#8221;) an s\u00ebl piemont\u00e8is dont i l&#8217;av\u00eca parl\u00e0 <a href=\"https:\/\/giannidavico.it\/gopiedmont\/2015\/12\/09\/lingua-del-popolo-e-lingua-dei-re-el-piemonteis-a-bianze\/\">ambeless\u00ec<\/a>.<\/p>\n<p>La partecipassion a l\u2019\u00e9 st\u00e0ita bon-a: mia cita granda a l\u2019ha cont\u00e0 19 p\u00ebrson-e p\u00ec tre organisador (ch&#8217;am f\u00e0 pias\u00ec ringrassi\u00e9 ancora p\u00ebr l&#8217;acoliensa e p\u00ebr l\u00f2n ch&#8217;a fan) e ij me familiar.<\/p>\n<p>An costa prima pont\u00e0, ch&#8217;i l&#8217;hai ciam\u00e0 <em>Ancaminoma<\/em>, i l&#8217;oma s\u00ebrc\u00e0 \u00ebd cap\u00ec l\u00f2n ch&#8217;a l&#8217;\u00e9 \u00ebl piemont\u00e8is (e l\u00f2n ch&#8217;a l&#8217;\u00e9 nen, visad\u00ec un dial\u00e8t &#8211; com ch&#8217;a dis\u00eca Pasolini, &#8220;il friulano \u00e8 una lingua con diciotto dialetti&#8221;), i l&#8217;oma f\u00e0it na cita st\u00f2ria dla lenga scrita (nen tuti a san che ij <em>Sermon Subalpin<\/em>, \u00ebl pi ant\u00ecch document an piemont\u00e8is ch&#8217;a sia ruv\u00e0 fin-a a noi, a l&#8217;\u00e9 dla fin d\u00ebl s\u00e9col ch&#8217;a f\u00e0 dodes &#8211; 850 agn f\u00e0!), i &#8216;oma f\u00e0it na cita panoramica dij dissionari e dle gram\u00e0tiche ch&#8217;a esisto an n\u00f2sta lenga.<\/p>\n<p>Tute le p\u00ebrson-e presente a j&#8217;ero anteress\u00e0, a fas\u00eco &#8216;d domande e d&#8217;osservassion. Na cita vij\u00e0. Na vij\u00e0 che, as capiss, a arz\u00f2lv nen ij tanti problema &#8216;d n\u00f2sta lenga &#8211; come la mancansa &#8216;d s\u00f2ld p\u00ebr f\u00e9 le r\u00f2be: da na mira general i soma bin ch&#8217;i s&#8217;arviroma sempe ant ij midem discors, e son a l\u2019\u00e9 un f\u00e0it. La solussion, chiss\u00e0.<\/p>\n<p>Ma antratant p\u00ebr doe ore i l&#8217;oma parl\u00e0 \u00ebd n\u00f2sta identit\u00e0, e bele cost a l&#8217;\u00e9 un f\u00e0it. Sensa pretende &#8216;d convince gnun, sensa vor\u00e8j esse superb o savant: semplicement butand d\u00ebdnans a noi\u00e0utri midem n\u00f2sta umanit\u00e0. P\u00ebrch\u00e9 a l&#8217;\u00e9 pr\u00f2pi com ch&#8217;a dis\u00eca Publio Terenzio Afro (<em>Heautontimor\u00f9menos<\/em>, I, 1, 25):<\/p>\n<blockquote><p>Homo sum, humani nihil a me alienum puto.<br \/>\n[I son uman, e gnente \u2018d l\u00f2n ch\u2019a l\u2019\u00e9 uman a l\u2019\u00e9 forest p\u00ebr mi.]<\/p><\/blockquote>\n","protected":false},"excerpt":{"rendered":"<p><img loading=\"lazy\" src=\"https:\/\/giannidavico.it\/gopiedmont\/files\/2015\/12\/unitre-1-225x300.jpg\" alt=\"unitre\" width=\"225\" height=\"300\" class=\"alignright size-medium wp-image-3250\" srcset=\"https:\/\/giannidavico.it\/gopiedmont\/files\/2015\/12\/unitre-1-225x300.jpg 225w, https:\/\/giannidavico.it\/gopiedmont\/files\/2015\/12\/unitre-1-768x1024.jpg 768w, https:\/\/giannidavico.it\/gopiedmont\/files\/2015\/12\/unitre-1.jpg 1200w\" sizes=\"(max-width: 225px) 100vw, 225px\" \/><br \/> L\u00f9n-es i l&#8217;hai tn\u00f9 a Bians\u00e9 la prima dle doe conferense (mi i preferiss ciameje &#8220;ciaciarade&#8221;) an s\u00ebl piemont\u00e8is dont i l&#8217;av\u00eca parl\u00e0 <a href=\"https:\/\/giannidavico.it\/gopiedmont\/2015\/12\/09\/lingua-del-popolo-e-lingua-dei-re-el-piemonteis-a-bianze\/\">ambeless\u00ec<\/a>.<\/p>\n<p>La partecipassion a l\u2019\u00e9 st\u00e0ita bon-a: mia cita granda a l\u2019ha cont\u00e0 19 p\u00ebrson-e p\u00ec tre organisador (ch&#8217;am f\u00e0 pias\u00ec ringrassi\u00e9 ancora p\u00ebr l&#8217;acoliensa e p\u00ebr l\u00f2n ch&#8217;a fan) e ij me familiar.<\/p>\n<p>An costa prima pont\u00e0, ch&#8217;i l&#8217;hai ciam\u00e0 <em>Ancaminoma<\/em>, i l&#8217;oma s\u00ebrc\u00e0 \u00ebd cap\u00ec l\u00f2n ch&#8217;a l&#8217;\u00e9 \u00ebl piemont\u00e8is (e l\u00f2n ch&#8217;a l&#8217;\u00e9 nen, visad\u00ec un dial\u00e8t &#8211; com ch&#8217;a dis\u00eca Pasolini, &#8220;il friulano \u00e8 una lingua con diciotto dialetti&#8221;), i l&#8217;oma f\u00e0it na cita st\u00f2ria dla lenga scrita (nen tuti a san che ij <em>Sermon Subalpin<\/em>, \u00ebl pi ant\u00ecch document an piemont\u00e8is ch&#8217;a sia ruv\u00e0 fin-a a noi, a l&#8217;\u00e9 dla fin d\u00ebl s\u00e9col ch&#8217;a f\u00e0 dodes &#8211; 850 agn f\u00e0!), i &#8216;oma f\u00e0it na cita panoramica dij dissionari e dle gram\u00e0tiche ch&#8217;a esisto an n\u00f2sta lenga.<\/p>\n<p>Tute le p\u00ebrson-e presente a j&#8217;ero anteress\u00e0, a fas\u00eco &#8216;d domande e d&#8217;osservassion. Na cita vij\u00e0. Na vij\u00e0 che, as capiss, a arz\u00f2lv nen [\u2026] <a class=\"moretag\" href=\"https:\/\/giannidavico.it\/gopiedmont\/2015\/12\/16\/el-piemonteis-a-bianze-prima-part\/\">continua a leggere \u00bb<\/a><\/p>\n","protected":false},"author":4,"featured_media":0,"comment_status":"open","ping_status":"open","sticky":false,"template":"","format":"standard","meta":[],"categories":[130],"tags":[108,131,107],"yoast_head":"<!-- This site is optimized with the Yoast SEO plugin v19.14 - https:\/\/yoast.com\/wordpress\/plugins\/seo\/ -->\n<title>\u00cbl piemont\u00e8is a Bians\u00e9, prima part - Go Piedmont<\/title>\n<meta name=\"robots\" content=\"index, follow, max-snippet:-1, max-image-preview:large, max-video-preview:-1\" \/>\n<link rel=\"canonical\" href=\"https:\/\/giannidavico.it\/gopiedmont\/2015\/12\/16\/el-piemonteis-a-bianze-prima-part\/\" \/>\n<meta property=\"og:locale\" content=\"it_IT\" \/>\n<meta property=\"og:type\" content=\"article\" \/>\n<meta property=\"og:title\" content=\"\u00cbl piemont\u00e8is a Bians\u00e9, prima part - Go Piedmont\" \/>\n<meta property=\"og:description\" content=\"L\u00f9n-es i l&#8217;hai tn\u00f9 a Bians\u00e9 la prima dle doe conferense (mi i preferiss ciameje &#8220;ciaciarade&#8221;) an s\u00ebl piemont\u00e8is dont i l&#8217;av\u00eca parl\u00e0 ambeless\u00ec. La partecipassion a l\u2019\u00e9 st\u00e0ita bon-a: mia cita granda a l\u2019ha cont\u00e0 19 p\u00ebrson-e p\u00ec tre organisador (ch&#8217;am f\u00e0 pias\u00ec ringrassi\u00e9 ancora p\u00ebr l&#8217;acoliensa e p\u00ebr l\u00f2n ch&#8217;a fan) e ij me familiar. An costa prima pont\u00e0, ch&#8217;i l&#8217;hai ciam\u00e0 Ancaminoma, i l&#8217;oma s\u00ebrc\u00e0 \u00ebd cap\u00ec l\u00f2n ch&#8217;a l&#8217;\u00e9 \u00ebl piemont\u00e8is (e l\u00f2n ch&#8217;a l&#8217;\u00e9 nen, visad\u00ec un dial\u00e8t &#8211; com ch&#8217;a dis\u00eca Pasolini, &#8220;il friulano \u00e8 una lingua con diciotto dialetti&#8221;), i l&#8217;oma f\u00e0it na cita st\u00f2ria dla lenga scrita (nen tuti a san che ij Sermon Subalpin, \u00ebl pi ant\u00ecch document an piemont\u00e8is ch&#8217;a sia ruv\u00e0 fin-a a noi, a l&#8217;\u00e9 dla fin d\u00ebl s\u00e9col ch&#8217;a f\u00e0 dodes &#8211; 850 agn f\u00e0!), i &#8216;oma f\u00e0it na cita panoramica dij dissionari e dle gram\u00e0tiche ch&#8217;a esisto an n\u00f2sta lenga. Tute le p\u00ebrson-e presente a j&#8217;ero anteress\u00e0, a fas\u00eco &#8216;d domande e d&#8217;osservassion. Na cita vij\u00e0. Na vij\u00e0 che, as capiss, a arz\u00f2lv nen [\u2026] continua a leggere \u00bb\" \/>\n<meta property=\"og:url\" content=\"https:\/\/giannidavico.it\/gopiedmont\/2015\/12\/16\/el-piemonteis-a-bianze-prima-part\/\" \/>\n<meta property=\"og:site_name\" content=\"Go Piedmont\" \/>\n<meta property=\"article:published_time\" content=\"2015-12-16T09:10:53+00:00\" \/>\n<meta property=\"article:modified_time\" content=\"2016-01-16T18:43:12+00:00\" \/>\n<meta property=\"og:image\" content=\"https:\/\/giannidavico.it\/gopiedmont\/files\/2015\/12\/unitre-1-225x300.jpg\" \/>\n<meta name=\"author\" content=\"giannidavico\" \/>\n<meta name=\"twitter:card\" content=\"summary_large_image\" \/>\n<meta name=\"twitter:label1\" content=\"Scritto da\" \/>\n\t<meta name=\"twitter:data1\" content=\"giannidavico\" \/>\n\t<meta name=\"twitter:label2\" content=\"Tempo di lettura stimato\" \/>\n\t<meta name=\"twitter:data2\" content=\"2 minuti\" \/>\n<script type=\"application\/ld+json\" class=\"yoast-schema-graph\">{\"@context\":\"https:\/\/schema.org\",\"@graph\":[{\"@type\":\"WebPage\",\"@id\":\"https:\/\/giannidavico.it\/gopiedmont\/2015\/12\/16\/el-piemonteis-a-bianze-prima-part\/\",\"url\":\"https:\/\/giannidavico.it\/gopiedmont\/2015\/12\/16\/el-piemonteis-a-bianze-prima-part\/\",\"name\":\"\u00cbl piemont\u00e8is a Bians\u00e9, prima part - Go Piedmont\",\"isPartOf\":{\"@id\":\"https:\/\/giannidavico.it\/gopiedmont\/#website\"},\"datePublished\":\"2015-12-16T09:10:53+00:00\",\"dateModified\":\"2016-01-16T18:43:12+00:00\",\"author\":{\"@id\":\"https:\/\/giannidavico.it\/gopiedmont\/#\/schema\/person\/ea1fd17d8f2dba325f3712219efa8f77\"},\"inLanguage\":\"it-IT\",\"potentialAction\":[{\"@type\":\"ReadAction\",\"target\":[\"https:\/\/giannidavico.it\/gopiedmont\/2015\/12\/16\/el-piemonteis-a-bianze-prima-part\/\"]}]},{\"@type\":\"WebSite\",\"@id\":\"https:\/\/giannidavico.it\/gopiedmont\/#website\",\"url\":\"https:\/\/giannidavico.it\/gopiedmont\/\",\"name\":\"Go Piedmont\",\"description\":\"pens\u00e9 dzora l\u00ecber, event e p\u00ebrson-e grop\u00e0 al Piemont e a la lenga piemont\u00e8isa\",\"potentialAction\":[{\"@type\":\"SearchAction\",\"target\":{\"@type\":\"EntryPoint\",\"urlTemplate\":\"https:\/\/giannidavico.it\/gopiedmont\/?s={search_term_string}\"},\"query-input\":\"required name=search_term_string\"}],\"inLanguage\":\"it-IT\"},{\"@type\":\"Person\",\"@id\":\"https:\/\/giannidavico.it\/gopiedmont\/#\/schema\/person\/ea1fd17d8f2dba325f3712219efa8f77\",\"name\":\"giannidavico\",\"image\":{\"@type\":\"ImageObject\",\"inLanguage\":\"it-IT\",\"@id\":\"https:\/\/giannidavico.it\/gopiedmont\/#\/schema\/person\/image\/\",\"url\":\"https:\/\/secure.gravatar.com\/avatar\/337748753d882602f3038b55fb369ba1?s=96&d=mm&r=g\",\"contentUrl\":\"https:\/\/secure.gravatar.com\/avatar\/337748753d882602f3038b55fb369ba1?s=96&d=mm&r=g\",\"caption\":\"giannidavico\"},\"url\":\"https:\/\/giannidavico.it\/gopiedmont\/author\/giannidavico\/\"}]}<\/script>\n<!-- \/ Yoast SEO plugin. -->","yoast_head_json":{"title":"\u00cbl piemont\u00e8is a Bians\u00e9, prima part - Go Piedmont","robots":{"index":"index","follow":"follow","max-snippet":"max-snippet:-1","max-image-preview":"max-image-preview:large","max-video-preview":"max-video-preview:-1"},"canonical":"https:\/\/giannidavico.it\/gopiedmont\/2015\/12\/16\/el-piemonteis-a-bianze-prima-part\/","og_locale":"it_IT","og_type":"article","og_title":"\u00cbl piemont\u00e8is a Bians\u00e9, prima part - Go Piedmont","og_description":"L\u00f9n-es i l&#8217;hai tn\u00f9 a Bians\u00e9 la prima dle doe conferense (mi i preferiss ciameje &#8220;ciaciarade&#8221;) an s\u00ebl piemont\u00e8is dont i l&#8217;av\u00eca parl\u00e0 ambeless\u00ec. La partecipassion a l\u2019\u00e9 st\u00e0ita bon-a: mia cita granda a l\u2019ha cont\u00e0 19 p\u00ebrson-e p\u00ec tre organisador (ch&#8217;am f\u00e0 pias\u00ec ringrassi\u00e9 ancora p\u00ebr l&#8217;acoliensa e p\u00ebr l\u00f2n ch&#8217;a fan) e ij me familiar. An costa prima pont\u00e0, ch&#8217;i l&#8217;hai ciam\u00e0 Ancaminoma, i l&#8217;oma s\u00ebrc\u00e0 \u00ebd cap\u00ec l\u00f2n ch&#8217;a l&#8217;\u00e9 \u00ebl piemont\u00e8is (e l\u00f2n ch&#8217;a l&#8217;\u00e9 nen, visad\u00ec un dial\u00e8t &#8211; com ch&#8217;a dis\u00eca Pasolini, &#8220;il friulano \u00e8 una lingua con diciotto dialetti&#8221;), i l&#8217;oma f\u00e0it na cita st\u00f2ria dla lenga scrita (nen tuti a san che ij Sermon Subalpin, \u00ebl pi ant\u00ecch document an piemont\u00e8is ch&#8217;a sia ruv\u00e0 fin-a a noi, a l&#8217;\u00e9 dla fin d\u00ebl s\u00e9col ch&#8217;a f\u00e0 dodes &#8211; 850 agn f\u00e0!), i &#8216;oma f\u00e0it na cita panoramica dij dissionari e dle gram\u00e0tiche ch&#8217;a esisto an n\u00f2sta lenga. Tute le p\u00ebrson-e presente a j&#8217;ero anteress\u00e0, a fas\u00eco &#8216;d domande e d&#8217;osservassion. Na cita vij\u00e0. Na vij\u00e0 che, as capiss, a arz\u00f2lv nen [\u2026] continua a leggere \u00bb","og_url":"https:\/\/giannidavico.it\/gopiedmont\/2015\/12\/16\/el-piemonteis-a-bianze-prima-part\/","og_site_name":"Go Piedmont","article_published_time":"2015-12-16T09:10:53+00:00","article_modified_time":"2016-01-16T18:43:12+00:00","og_image":[{"url":"https:\/\/giannidavico.it\/gopiedmont\/files\/2015\/12\/unitre-1-225x300.jpg"}],"author":"giannidavico","twitter_card":"summary_large_image","twitter_misc":{"Scritto da":"giannidavico","Tempo di lettura stimato":"2 minuti"},"schema":{"@context":"https:\/\/schema.org","@graph":[{"@type":"WebPage","@id":"https:\/\/giannidavico.it\/gopiedmont\/2015\/12\/16\/el-piemonteis-a-bianze-prima-part\/","url":"https:\/\/giannidavico.it\/gopiedmont\/2015\/12\/16\/el-piemonteis-a-bianze-prima-part\/","name":"\u00cbl piemont\u00e8is a Bians\u00e9, prima part - Go Piedmont","isPartOf":{"@id":"https:\/\/giannidavico.it\/gopiedmont\/#website"},"datePublished":"2015-12-16T09:10:53+00:00","dateModified":"2016-01-16T18:43:12+00:00","author":{"@id":"https:\/\/giannidavico.it\/gopiedmont\/#\/schema\/person\/ea1fd17d8f2dba325f3712219efa8f77"},"inLanguage":"it-IT","potentialAction":[{"@type":"ReadAction","target":["https:\/\/giannidavico.it\/gopiedmont\/2015\/12\/16\/el-piemonteis-a-bianze-prima-part\/"]}]},{"@type":"WebSite","@id":"https:\/\/giannidavico.it\/gopiedmont\/#website","url":"https:\/\/giannidavico.it\/gopiedmont\/","name":"Go Piedmont","description":"pens\u00e9 dzora l\u00ecber, event e p\u00ebrson-e grop\u00e0 al Piemont e a la lenga piemont\u00e8isa","potentialAction":[{"@type":"SearchAction","target":{"@type":"EntryPoint","urlTemplate":"https:\/\/giannidavico.it\/gopiedmont\/?s={search_term_string}"},"query-input":"required name=search_term_string"}],"inLanguage":"it-IT"},{"@type":"Person","@id":"https:\/\/giannidavico.it\/gopiedmont\/#\/schema\/person\/ea1fd17d8f2dba325f3712219efa8f77","name":"giannidavico","image":{"@type":"ImageObject","inLanguage":"it-IT","@id":"https:\/\/giannidavico.it\/gopiedmont\/#\/schema\/person\/image\/","url":"https:\/\/secure.gravatar.com\/avatar\/337748753d882602f3038b55fb369ba1?s=96&d=mm&r=g","contentUrl":"https:\/\/secure.gravatar.com\/avatar\/337748753d882602f3038b55fb369ba1?s=96&d=mm&r=g","caption":"giannidavico"},"url":"https:\/\/giannidavico.it\/gopiedmont\/author\/giannidavico\/"}]}},"_links":{"self":[{"href":"https:\/\/giannidavico.it\/gopiedmont\/wp-json\/wp\/v2\/posts\/3249"}],"collection":[{"href":"https:\/\/giannidavico.it\/gopiedmont\/wp-json\/wp\/v2\/posts"}],"about":[{"href":"https:\/\/giannidavico.it\/gopiedmont\/wp-json\/wp\/v2\/types\/post"}],"author":[{"embeddable":true,"href":"https:\/\/giannidavico.it\/gopiedmont\/wp-json\/wp\/v2\/users\/4"}],"replies":[{"embeddable":true,"href":"https:\/\/giannidavico.it\/gopiedmont\/wp-json\/wp\/v2\/comments?post=3249"}],"version-history":[{"count":6,"href":"https:\/\/giannidavico.it\/gopiedmont\/wp-json\/wp\/v2\/posts\/3249\/revisions"}],"predecessor-version":[{"id":3283,"href":"https:\/\/giannidavico.it\/gopiedmont\/wp-json\/wp\/v2\/posts\/3249\/revisions\/3283"}],"wp:attachment":[{"href":"https:\/\/giannidavico.it\/gopiedmont\/wp-json\/wp\/v2\/media?parent=3249"}],"wp:term":[{"taxonomy":"category","embeddable":true,"href":"https:\/\/giannidavico.it\/gopiedmont\/wp-json\/wp\/v2\/categories?post=3249"},{"taxonomy":"post_tag","embeddable":true,"href":"https:\/\/giannidavico.it\/gopiedmont\/wp-json\/wp\/v2\/tags?post=3249"}],"curies":[{"name":"wp","href":"https:\/\/api.w.org\/{rel}","templated":true}]}}