{"id":3276,"date":"2016-01-13T10:34:55","date_gmt":"2016-01-13T09:34:55","guid":{"rendered":"https:\/\/giannidavico.it\/staging\/gopiedmont\/?p=3276"},"modified":"2016-01-13T10:34:55","modified_gmt":"2016-01-13T09:34:55","slug":"perche-un-piemonteis-a-dovria-lesescrive-an-piemonteis","status":"publish","type":"post","link":"https:\/\/giannidavico.it\/gopiedmont\/2016\/01\/13\/perche-un-piemonteis-a-dovria-lesescrive-an-piemonteis\/","title":{"rendered":"P\u00ebrch\u00e8 un piemont\u00e8is a dovr\u00eca lese\/scrive an piemont\u00e8is?"},"content":{"rendered":"<p><iframe loading=\"lazy\" width=\"560\" height=\"315\" src=\"https:\/\/www.youtube.com\/embed\/zRRC_56nyfk?rel=0\" frameborder=\"0\" allowfullscreen><\/iframe><br \/>\nLa ciaciarada d&#8217;ancheuj a pija l&#8217;andi da na cita discussion \u00ebd qu\u00e0ich sman-a f\u00e0 an sla lista <a href=\"https:\/\/groups.yahoo.com\/group\/piemontviv\/\" target=\"_blank\">piemontviv<\/a>, ant\u00e9 ch&#8217;i parlavo dle manere &#8216;d deje n&#8217;andi a la letura an piemont\u00e8is.<\/p>\n<p>A-i \u00e9 un problema general e nen superabil: a l\u2019\u00e9 nen tant \u00ebl f\u00e0it che ij piemont\u00e8is a sio nen anteress\u00e0 al piemont\u00e8is, a l\u2019\u00e9 pit\u00f2st che noi\u00e0utri piemont\u00e8is i soma nen lese \u2018l piemont\u00e8is n\u00ec i l\u2019oma anv\u00eca o damanca \u2018d felo.<\/p>\n<p>Pr&#8217;esempi, chi ch&#8217;a riva sla p\u00e0gina <a href=\"https:\/\/www.facebook.com\/bogianen\/\" target=\"_blank\">Bogianen<\/a> a l&#8217;\u00e9 p\u00ec antrig\u00e0 da la la f\u00f2to dla bagna c\u00e0uda che nen da j&#8217;art\u00eccoj. O la par\u00f2la dla n\u00f2na a l&#8217;\u00e9 p\u00ec significativa che un l\u00ecber. E son i lo capiss: lese a costa fatiga.<\/p>\n<p>Francament, p\u00ebrch\u00e8 un piemont\u00e8is a dovr\u00eca lese an piemont\u00e8is? Mi i but ambeless\u00ec minca merco d\u00ebl mond un t\u00f2ch, ma ij letor a son p\u00f2chi. N\u00ec a podr\u00eca esse diversament. Dijoma ch\u2019i lo fass p\u00ebr mi, an sla carz\u00e0 \u2018d Clivio (&#8220;Mia part i l\u2019hai fala, ij m\u00e8 cit a parlo piemont\u00e8is e fin ch\u2019i vivo i l\u2019avrai da parleje piemont\u00e8is a quaidun&#8221;); ma i pudr\u00eca piant\u00e9 l\u00ec ancheuj e gnun (o bin, bin p\u00f2chi) as n\u2019ancorser\u00eca.<\/p>\n<p>E r\u00f2ba da lese an piemont\u00e8is a-i na j&#8217;\u00e9 tanta. \u00cbl problema a l\u2019\u00e9 nen trov\u00e9 da lese an piemont\u00e8is, a l\u2019\u00e9 lese \u2013 vor\u00e8j lese \u2013 an piemont\u00e8is. O, p\u00ebr dila con Nelo Risi:<\/p>\n<blockquote><p>Non basta scrivere perch\u00e9 lo scritto viva<br \/>\n\u00e8 essenziale pensare di essere letti<br \/>\ndato che il vero nemico \u00e8 il silenzio<br \/>\ne lo scrivere \u00e8 un atto politico; conta<br \/>\nappunto il lettore, io lo affronto<br \/>\nio lo provoco, se non c\u2019\u00e8 lo invento.<br \/>\nVorrei solo che dall\u2019urto<br \/>\nnascesse una pi\u00f9 energica morale. <\/p><\/blockquote>\n<p>Ma naturalment noi i duvoma nen piant\u00e9 l\u00ec \u00ebd sogn\u00e9. Qu\u00e0ich agn f\u00e0, passand p\u00ebr piassa Castel a Turin, i l\u2019av\u00eca sent\u00ec na p\u00ebrson-a (un professor, i pens) che a dis\u00eca a un grup \u00ebd giovo, vardandse d\u2019antorn e fasend un gest con ij brass, \u201c\u00ebl piemont\u00e8is a l\u2019\u00e9 dasp\u00ebrtut antorn a noi\u201d. E bin, p\u00ebr mi a son cole cite r\u00f2be ch\u2019a fan \u00ebl piemont\u00e8is. Quand ch\u2019i son ant \u00ebl m\u00e8 arfugi an sij mont, an col cit pais\u00f2t \u00ebd dosent anime, e bin, \u00ebl piemont\u00e8is a l\u2019\u00e9 bin viv lass\u00f9. An mia famija a l\u2019\u00e9 viv.<\/p>\n<p>E com ch\u2019a fort\u00eca Tavo Burat cit\u00e0 da Fabrissi Arnaud, ij malavi terminaj a son ancora viv e pa ancora m\u00f2rt. Mincadun \u00ebd noi\u00e0utri a f\u00e0 p\u00ebr \u00ebl piemont\u00e8is l\u00f2n ch\u2019a peul scond s\u00f2 desideri e soe possibilit\u00e0. A l\u2019\u00e9 na bataja persa? A peul esse, ma nen p\u00ebr s\u00f2n a venta nen giughela fin-a a la fin.<\/p>\n","protected":false},"excerpt":{"rendered":"<p> La ciaciarada d&#8217;ancheuj a pija l&#8217;andi da na cita discussion \u00ebd qu\u00e0ich sman-a f\u00e0 an sla lista <a href=\"https:\/\/groups.yahoo.com\/group\/piemontviv\/\" target=\"_blank\">piemontviv<\/a>, ant\u00e9 ch&#8217;i parlavo dle manere &#8216;d deje n&#8217;andi a la letura an piemont\u00e8is.<\/p>\n<p>A-i \u00e9 un problema general e nen superabil: a l\u2019\u00e9 nen tant \u00ebl f\u00e0it che ij piemont\u00e8is a sio nen anteress\u00e0 al piemont\u00e8is, a l\u2019\u00e9 pit\u00f2st che noi\u00e0utri piemont\u00e8is i soma nen lese \u2018l piemont\u00e8is n\u00ec i l\u2019oma anv\u00eca o damanca \u2018d felo.<\/p>\n<p>Pr&#8217;esempi, chi ch&#8217;a riva sla p\u00e0gina <a href=\"https:\/\/www.facebook.com\/bogianen\/\" target=\"_blank\">Bogianen<\/a> a l&#8217;\u00e9 p\u00ec antrig\u00e0 da la la f\u00f2to dla bagna c\u00e0uda che nen da j&#8217;art\u00eccoj. O la par\u00f2la dla n\u00f2na a l&#8217;\u00e9 p\u00ec significativa che un l\u00ecber. E son i lo capiss: lese a costa fatiga.<\/p>\n<p>Francament, p\u00ebrch\u00e8 un piemont\u00e8is a dovr\u00eca lese an piemont\u00e8is? Mi i but ambeless\u00ec minca merco d\u00ebl mond un t\u00f2ch, ma ij letor a son p\u00f2chi. N\u00ec a podr\u00eca esse diversament. Dijoma ch\u2019i lo fass p\u00ebr mi, an sla carz\u00e0 \u2018d Clivio (&#8220;Mia part i l\u2019hai fala, ij m\u00e8 cit a parlo piemont\u00e8is e fin ch\u2019i vivo i l\u2019avrai da parleje piemont\u00e8is a quaidun&#8221;); ma i pudr\u00eca piant\u00e9 l\u00ec ancheuj e gnun (o bin, bin p\u00f2chi) as n\u2019ancorser\u00eca.<\/p>\n<p> [\u2026] <a class=\"moretag\" href=\"https:\/\/giannidavico.it\/gopiedmont\/2016\/01\/13\/perche-un-piemonteis-a-dovria-lesescrive-an-piemonteis\/\">continua a leggere \u00bb<\/a><\/p>\n","protected":false},"author":4,"featured_media":0,"comment_status":"open","ping_status":"open","sticky":false,"template":"","format":"standard","meta":[],"categories":[130],"tags":[107],"yoast_head":"<!-- This site is optimized with the Yoast SEO plugin v19.14 - https:\/\/yoast.com\/wordpress\/plugins\/seo\/ -->\n<title>P\u00ebrch\u00e8 un piemont\u00e8is a dovr\u00eca lese\/scrive an piemont\u00e8is? - Go Piedmont<\/title>\n<meta name=\"robots\" content=\"index, follow, max-snippet:-1, max-image-preview:large, max-video-preview:-1\" \/>\n<link rel=\"canonical\" href=\"https:\/\/giannidavico.it\/gopiedmont\/2016\/01\/13\/perche-un-piemonteis-a-dovria-lesescrive-an-piemonteis\/\" \/>\n<meta property=\"og:locale\" content=\"it_IT\" \/>\n<meta property=\"og:type\" content=\"article\" \/>\n<meta property=\"og:title\" content=\"P\u00ebrch\u00e8 un piemont\u00e8is a dovr\u00eca lese\/scrive an piemont\u00e8is? - Go Piedmont\" \/>\n<meta property=\"og:description\" content=\"La ciaciarada d&#8217;ancheuj a pija l&#8217;andi da na cita discussion \u00ebd qu\u00e0ich sman-a f\u00e0 an sla lista piemontviv, ant\u00e9 ch&#8217;i parlavo dle manere &#8216;d deje n&#8217;andi a la letura an piemont\u00e8is. A-i \u00e9 un problema general e nen superabil: a l\u2019\u00e9 nen tant \u00ebl f\u00e0it che ij piemont\u00e8is a sio nen anteress\u00e0 al piemont\u00e8is, a l\u2019\u00e9 pit\u00f2st che noi\u00e0utri piemont\u00e8is i soma nen lese \u2018l piemont\u00e8is n\u00ec i l\u2019oma anv\u00eca o damanca \u2018d felo. Pr&#8217;esempi, chi ch&#8217;a riva sla p\u00e0gina Bogianen a l&#8217;\u00e9 p\u00ec antrig\u00e0 da la la f\u00f2to dla bagna c\u00e0uda che nen da j&#8217;art\u00eccoj. O la par\u00f2la dla n\u00f2na a l&#8217;\u00e9 p\u00ec significativa che un l\u00ecber. E son i lo capiss: lese a costa fatiga. Francament, p\u00ebrch\u00e8 un piemont\u00e8is a dovr\u00eca lese an piemont\u00e8is? Mi i but ambeless\u00ec minca merco d\u00ebl mond un t\u00f2ch, ma ij letor a son p\u00f2chi. N\u00ec a podr\u00eca esse diversament. Dijoma ch\u2019i lo fass p\u00ebr mi, an sla carz\u00e0 \u2018d Clivio (&#8220;Mia part i l\u2019hai fala, ij m\u00e8 cit a parlo piemont\u00e8is e fin ch\u2019i vivo i l\u2019avrai da parleje piemont\u00e8is a quaidun&#8221;); ma i pudr\u00eca piant\u00e9 l\u00ec ancheuj e gnun (o bin, bin p\u00f2chi) as n\u2019ancorser\u00eca. [\u2026] continua a leggere \u00bb\" \/>\n<meta property=\"og:url\" content=\"https:\/\/giannidavico.it\/gopiedmont\/2016\/01\/13\/perche-un-piemonteis-a-dovria-lesescrive-an-piemonteis\/\" \/>\n<meta property=\"og:site_name\" content=\"Go Piedmont\" \/>\n<meta property=\"article:published_time\" content=\"2016-01-13T09:34:55+00:00\" \/>\n<meta name=\"author\" content=\"giannidavico\" \/>\n<meta name=\"twitter:card\" content=\"summary_large_image\" \/>\n<meta name=\"twitter:label1\" content=\"Scritto da\" \/>\n\t<meta name=\"twitter:data1\" content=\"giannidavico\" \/>\n\t<meta name=\"twitter:label2\" content=\"Tempo di lettura stimato\" \/>\n\t<meta name=\"twitter:data2\" content=\"3 minuti\" \/>\n<script type=\"application\/ld+json\" class=\"yoast-schema-graph\">{\"@context\":\"https:\/\/schema.org\",\"@graph\":[{\"@type\":\"WebPage\",\"@id\":\"https:\/\/giannidavico.it\/gopiedmont\/2016\/01\/13\/perche-un-piemonteis-a-dovria-lesescrive-an-piemonteis\/\",\"url\":\"https:\/\/giannidavico.it\/gopiedmont\/2016\/01\/13\/perche-un-piemonteis-a-dovria-lesescrive-an-piemonteis\/\",\"name\":\"P\u00ebrch\u00e8 un piemont\u00e8is a dovr\u00eca lese\/scrive an piemont\u00e8is? - Go Piedmont\",\"isPartOf\":{\"@id\":\"https:\/\/giannidavico.it\/gopiedmont\/#website\"},\"datePublished\":\"2016-01-13T09:34:55+00:00\",\"dateModified\":\"2016-01-13T09:34:55+00:00\",\"author\":{\"@id\":\"https:\/\/giannidavico.it\/gopiedmont\/#\/schema\/person\/ea1fd17d8f2dba325f3712219efa8f77\"},\"inLanguage\":\"it-IT\",\"potentialAction\":[{\"@type\":\"ReadAction\",\"target\":[\"https:\/\/giannidavico.it\/gopiedmont\/2016\/01\/13\/perche-un-piemonteis-a-dovria-lesescrive-an-piemonteis\/\"]}]},{\"@type\":\"WebSite\",\"@id\":\"https:\/\/giannidavico.it\/gopiedmont\/#website\",\"url\":\"https:\/\/giannidavico.it\/gopiedmont\/\",\"name\":\"Go Piedmont\",\"description\":\"pens\u00e9 dzora l\u00ecber, event e p\u00ebrson-e grop\u00e0 al Piemont e a la lenga piemont\u00e8isa\",\"potentialAction\":[{\"@type\":\"SearchAction\",\"target\":{\"@type\":\"EntryPoint\",\"urlTemplate\":\"https:\/\/giannidavico.it\/gopiedmont\/?s={search_term_string}\"},\"query-input\":\"required name=search_term_string\"}],\"inLanguage\":\"it-IT\"},{\"@type\":\"Person\",\"@id\":\"https:\/\/giannidavico.it\/gopiedmont\/#\/schema\/person\/ea1fd17d8f2dba325f3712219efa8f77\",\"name\":\"giannidavico\",\"image\":{\"@type\":\"ImageObject\",\"inLanguage\":\"it-IT\",\"@id\":\"https:\/\/giannidavico.it\/gopiedmont\/#\/schema\/person\/image\/\",\"url\":\"https:\/\/secure.gravatar.com\/avatar\/337748753d882602f3038b55fb369ba1?s=96&d=mm&r=g\",\"contentUrl\":\"https:\/\/secure.gravatar.com\/avatar\/337748753d882602f3038b55fb369ba1?s=96&d=mm&r=g\",\"caption\":\"giannidavico\"},\"url\":\"https:\/\/giannidavico.it\/gopiedmont\/author\/giannidavico\/\"}]}<\/script>\n<!-- \/ Yoast SEO plugin. -->","yoast_head_json":{"title":"P\u00ebrch\u00e8 un piemont\u00e8is a dovr\u00eca lese\/scrive an piemont\u00e8is? - Go Piedmont","robots":{"index":"index","follow":"follow","max-snippet":"max-snippet:-1","max-image-preview":"max-image-preview:large","max-video-preview":"max-video-preview:-1"},"canonical":"https:\/\/giannidavico.it\/gopiedmont\/2016\/01\/13\/perche-un-piemonteis-a-dovria-lesescrive-an-piemonteis\/","og_locale":"it_IT","og_type":"article","og_title":"P\u00ebrch\u00e8 un piemont\u00e8is a dovr\u00eca lese\/scrive an piemont\u00e8is? - Go Piedmont","og_description":"La ciaciarada d&#8217;ancheuj a pija l&#8217;andi da na cita discussion \u00ebd qu\u00e0ich sman-a f\u00e0 an sla lista piemontviv, ant\u00e9 ch&#8217;i parlavo dle manere &#8216;d deje n&#8217;andi a la letura an piemont\u00e8is. A-i \u00e9 un problema general e nen superabil: a l\u2019\u00e9 nen tant \u00ebl f\u00e0it che ij piemont\u00e8is a sio nen anteress\u00e0 al piemont\u00e8is, a l\u2019\u00e9 pit\u00f2st che noi\u00e0utri piemont\u00e8is i soma nen lese \u2018l piemont\u00e8is n\u00ec i l\u2019oma anv\u00eca o damanca \u2018d felo. Pr&#8217;esempi, chi ch&#8217;a riva sla p\u00e0gina Bogianen a l&#8217;\u00e9 p\u00ec antrig\u00e0 da la la f\u00f2to dla bagna c\u00e0uda che nen da j&#8217;art\u00eccoj. O la par\u00f2la dla n\u00f2na a l&#8217;\u00e9 p\u00ec significativa che un l\u00ecber. E son i lo capiss: lese a costa fatiga. Francament, p\u00ebrch\u00e8 un piemont\u00e8is a dovr\u00eca lese an piemont\u00e8is? Mi i but ambeless\u00ec minca merco d\u00ebl mond un t\u00f2ch, ma ij letor a son p\u00f2chi. N\u00ec a podr\u00eca esse diversament. Dijoma ch\u2019i lo fass p\u00ebr mi, an sla carz\u00e0 \u2018d Clivio (&#8220;Mia part i l\u2019hai fala, ij m\u00e8 cit a parlo piemont\u00e8is e fin ch\u2019i vivo i l\u2019avrai da parleje piemont\u00e8is a quaidun&#8221;); ma i pudr\u00eca piant\u00e9 l\u00ec ancheuj e gnun (o bin, bin p\u00f2chi) as n\u2019ancorser\u00eca. [\u2026] continua a leggere \u00bb","og_url":"https:\/\/giannidavico.it\/gopiedmont\/2016\/01\/13\/perche-un-piemonteis-a-dovria-lesescrive-an-piemonteis\/","og_site_name":"Go Piedmont","article_published_time":"2016-01-13T09:34:55+00:00","author":"giannidavico","twitter_card":"summary_large_image","twitter_misc":{"Scritto da":"giannidavico","Tempo di lettura stimato":"3 minuti"},"schema":{"@context":"https:\/\/schema.org","@graph":[{"@type":"WebPage","@id":"https:\/\/giannidavico.it\/gopiedmont\/2016\/01\/13\/perche-un-piemonteis-a-dovria-lesescrive-an-piemonteis\/","url":"https:\/\/giannidavico.it\/gopiedmont\/2016\/01\/13\/perche-un-piemonteis-a-dovria-lesescrive-an-piemonteis\/","name":"P\u00ebrch\u00e8 un piemont\u00e8is a dovr\u00eca lese\/scrive an piemont\u00e8is? - Go Piedmont","isPartOf":{"@id":"https:\/\/giannidavico.it\/gopiedmont\/#website"},"datePublished":"2016-01-13T09:34:55+00:00","dateModified":"2016-01-13T09:34:55+00:00","author":{"@id":"https:\/\/giannidavico.it\/gopiedmont\/#\/schema\/person\/ea1fd17d8f2dba325f3712219efa8f77"},"inLanguage":"it-IT","potentialAction":[{"@type":"ReadAction","target":["https:\/\/giannidavico.it\/gopiedmont\/2016\/01\/13\/perche-un-piemonteis-a-dovria-lesescrive-an-piemonteis\/"]}]},{"@type":"WebSite","@id":"https:\/\/giannidavico.it\/gopiedmont\/#website","url":"https:\/\/giannidavico.it\/gopiedmont\/","name":"Go Piedmont","description":"pens\u00e9 dzora l\u00ecber, event e p\u00ebrson-e grop\u00e0 al Piemont e a la lenga piemont\u00e8isa","potentialAction":[{"@type":"SearchAction","target":{"@type":"EntryPoint","urlTemplate":"https:\/\/giannidavico.it\/gopiedmont\/?s={search_term_string}"},"query-input":"required name=search_term_string"}],"inLanguage":"it-IT"},{"@type":"Person","@id":"https:\/\/giannidavico.it\/gopiedmont\/#\/schema\/person\/ea1fd17d8f2dba325f3712219efa8f77","name":"giannidavico","image":{"@type":"ImageObject","inLanguage":"it-IT","@id":"https:\/\/giannidavico.it\/gopiedmont\/#\/schema\/person\/image\/","url":"https:\/\/secure.gravatar.com\/avatar\/337748753d882602f3038b55fb369ba1?s=96&d=mm&r=g","contentUrl":"https:\/\/secure.gravatar.com\/avatar\/337748753d882602f3038b55fb369ba1?s=96&d=mm&r=g","caption":"giannidavico"},"url":"https:\/\/giannidavico.it\/gopiedmont\/author\/giannidavico\/"}]}},"_links":{"self":[{"href":"https:\/\/giannidavico.it\/gopiedmont\/wp-json\/wp\/v2\/posts\/3276"}],"collection":[{"href":"https:\/\/giannidavico.it\/gopiedmont\/wp-json\/wp\/v2\/posts"}],"about":[{"href":"https:\/\/giannidavico.it\/gopiedmont\/wp-json\/wp\/v2\/types\/post"}],"author":[{"embeddable":true,"href":"https:\/\/giannidavico.it\/gopiedmont\/wp-json\/wp\/v2\/users\/4"}],"replies":[{"embeddable":true,"href":"https:\/\/giannidavico.it\/gopiedmont\/wp-json\/wp\/v2\/comments?post=3276"}],"version-history":[{"count":4,"href":"https:\/\/giannidavico.it\/gopiedmont\/wp-json\/wp\/v2\/posts\/3276\/revisions"}],"predecessor-version":[{"id":3280,"href":"https:\/\/giannidavico.it\/gopiedmont\/wp-json\/wp\/v2\/posts\/3276\/revisions\/3280"}],"wp:attachment":[{"href":"https:\/\/giannidavico.it\/gopiedmont\/wp-json\/wp\/v2\/media?parent=3276"}],"wp:term":[{"taxonomy":"category","embeddable":true,"href":"https:\/\/giannidavico.it\/gopiedmont\/wp-json\/wp\/v2\/categories?post=3276"},{"taxonomy":"post_tag","embeddable":true,"href":"https:\/\/giannidavico.it\/gopiedmont\/wp-json\/wp\/v2\/tags?post=3276"}],"curies":[{"name":"wp","href":"https:\/\/api.w.org\/{rel}","templated":true}]}}