{"id":3297,"date":"2016-02-03T10:33:28","date_gmt":"2016-02-03T09:33:28","guid":{"rendered":"https:\/\/giannidavico.it\/staging\/gopiedmont\/?p=3297"},"modified":"2016-02-03T10:33:28","modified_gmt":"2016-02-03T09:33:28","slug":"nino-costa-el-galucio-1923","status":"publish","type":"post","link":"https:\/\/giannidavico.it\/gopiedmont\/2016\/02\/03\/nino-costa-el-galucio-1923\/","title":{"rendered":"Nino C\u00f2sta, \u00cbl galucio (1923)"},"content":{"rendered":"<p><iframe loading=\"lazy\" width=\"560\" height=\"315\" src=\"https:\/\/www.youtube.com\/embed\/vT_7TZKZBcA?rel=0\" frameborder=\"0\" allowfullscreen><\/iframe><br \/>\nAn sla ponta d\u00ebl cioch\u00e9<br \/>\ni&#8217;\u00e9 un galucio, caparucio,<br \/>\nf\u00e0it \u00ebd t\u00f2la pitur\u00e0:<br \/>\ntuta quanta la giorn\u00e0<br \/>\nchiel a gira,<br \/>\nchiel as vira<br \/>\nda la part che &#8216;l vent a tira.<\/p>\n<p>\u00cbl paisan d&#8217;an mes la piassa,<br \/>\nquand ch&#8217;a passa,<br \/>\nminca tant a guarda an s\u00f9,<br \/>\ne as n&#8217;antaja &#8211; s\u00f9 p\u00ebr gi\u00f9 &#8211;<br \/>\ncom \u00ebl temp a varier\u00e0<br \/>\nda la mira<br \/>\nche &#8216;l galucio a l&#8217;\u00e9 volt\u00e0.<\/p>\n<p>Col galucio f\u00e0it \u00ebd t\u00f2la<br \/>\nl&#8217;\u00e9 pa tant na b\u00ebstia f\u00f2la<br \/>\nchiel a sa<br \/>\nch&#8217;a l&#8217;\u00e9 s\u00e9mper bin piass\u00e0,<br \/>\ncol ch&#8217;as vira<br \/>\nda la part che &#8216;l vent a tira,<\/p>\n<p>e, guardand da s\u00f2 cioch\u00e9,<br \/>\nchiel a v\u00ebdd s\u00ebl marciap\u00e9<br \/>\ntanta gent, pien-a &#8216;d bab\u00eca,<br \/>\nch&#8217;a j\u00eb smija<br \/>\nch&#8217;a veul nen ch&#8217;a sia dla dita<br \/>\nma ant la vita<br \/>\n&#8211; gira &#8216;d s\u00e0, gira &#8216;d l\u00e0 &#8211;<br \/>\na l&#8217;ha l&#8217;istessa teor\u00eca<br \/>\nd\u00ebl galucio pitur\u00e0.<\/p>\n","protected":false},"excerpt":{"rendered":"<p> An sla ponta d\u00ebl cioch\u00e9<br \/> i&#8217;\u00e9 un galucio, caparucio,<br \/> f\u00e0it \u00ebd t\u00f2la pitur\u00e0:<br \/> tuta quanta la giorn\u00e0<br \/> chiel a gira,<br \/> chiel as vira<br \/> da la part che &#8216;l vent a tira.<\/p>\n<p>\u00cbl paisan d&#8217;an mes la piassa,<br \/> quand ch&#8217;a passa,<br \/> minca tant a guarda an s\u00f9,<br \/> e as n&#8217;antaja &#8211; s\u00f9 p\u00ebr gi\u00f9 &#8211;<br \/> com \u00ebl temp a varier\u00e0<br \/> da la mira<br \/> che &#8216;l galucio a l&#8217;\u00e9 volt\u00e0.<\/p>\n<p>Col galucio f\u00e0it \u00ebd t\u00f2la<br \/> l&#8217;\u00e9 pa tant na b\u00ebstia f\u00f2la<br \/> chiel a sa<br \/> ch&#8217;a l&#8217;\u00e9 s\u00e9mper bin piass\u00e0,<br \/> col ch&#8217;as vira<br \/> da la part che &#8216;l vent a tira,<\/p>\n<p>e, guardand da s\u00f2 cioch\u00e9,<br \/> chiel a v\u00ebdd s\u00ebl marciap\u00e9<br \/> tanta gent, pien-a &#8216;d bab\u00eca,<br \/> ch&#8217;a j\u00eb smija<br \/> ch&#8217;a veul nen ch&#8217;a sia dla dita<br \/> ma ant la vita<br \/> &#8211; gira &#8216;d s\u00e0, gira &#8216;d l\u00e0 &#8211;<br \/> a l&#8217;ha l&#8217;istessa teor\u00eca<br \/> d\u00ebl galucio pitur\u00e0.<\/p>\n","protected":false},"author":4,"featured_media":0,"comment_status":"open","ping_status":"open","sticky":false,"template":"","format":"standard","meta":[],"categories":[130],"tags":[104],"yoast_head":"<!-- This site is optimized with the Yoast SEO plugin v19.14 - https:\/\/yoast.com\/wordpress\/plugins\/seo\/ -->\n<title>Nino C\u00f2sta, \u00cbl galucio (1923) - Go Piedmont<\/title>\n<meta name=\"robots\" content=\"index, follow, max-snippet:-1, max-image-preview:large, max-video-preview:-1\" \/>\n<link rel=\"canonical\" href=\"https:\/\/giannidavico.it\/gopiedmont\/2016\/02\/03\/nino-costa-el-galucio-1923\/\" \/>\n<meta property=\"og:locale\" content=\"it_IT\" \/>\n<meta property=\"og:type\" content=\"article\" \/>\n<meta property=\"og:title\" content=\"Nino C\u00f2sta, \u00cbl galucio (1923) - Go Piedmont\" \/>\n<meta property=\"og:description\" content=\"An sla ponta d\u00ebl cioch\u00e9 i&#8217;\u00e9 un galucio, caparucio, f\u00e0it \u00ebd t\u00f2la pitur\u00e0: tuta quanta la giorn\u00e0 chiel a gira, chiel as vira da la part che &#8216;l vent a tira. \u00cbl paisan d&#8217;an mes la piassa, quand ch&#8217;a passa, minca tant a guarda an s\u00f9, e as n&#8217;antaja &#8211; s\u00f9 p\u00ebr gi\u00f9 &#8211; com \u00ebl temp a varier\u00e0 da la mira che &#8216;l galucio a l&#8217;\u00e9 volt\u00e0. Col galucio f\u00e0it \u00ebd t\u00f2la l&#8217;\u00e9 pa tant na b\u00ebstia f\u00f2la chiel a sa ch&#8217;a l&#8217;\u00e9 s\u00e9mper bin piass\u00e0, col ch&#8217;as vira da la part che &#8216;l vent a tira, e, guardand da s\u00f2 cioch\u00e9, chiel a v\u00ebdd s\u00ebl marciap\u00e9 tanta gent, pien-a &#8216;d bab\u00eca, ch&#8217;a j\u00eb smija ch&#8217;a veul nen ch&#8217;a sia dla dita ma ant la vita &#8211; gira &#8216;d s\u00e0, gira &#8216;d l\u00e0 &#8211; a l&#8217;ha l&#8217;istessa teor\u00eca d\u00ebl galucio pitur\u00e0.\" \/>\n<meta property=\"og:url\" content=\"https:\/\/giannidavico.it\/gopiedmont\/2016\/02\/03\/nino-costa-el-galucio-1923\/\" \/>\n<meta property=\"og:site_name\" content=\"Go Piedmont\" \/>\n<meta property=\"article:published_time\" content=\"2016-02-03T09:33:28+00:00\" \/>\n<meta name=\"author\" content=\"giannidavico\" \/>\n<meta name=\"twitter:card\" content=\"summary_large_image\" \/>\n<meta name=\"twitter:label1\" content=\"Scritto da\" \/>\n\t<meta name=\"twitter:data1\" content=\"giannidavico\" \/>\n\t<meta name=\"twitter:label2\" content=\"Tempo di lettura stimato\" \/>\n\t<meta name=\"twitter:data2\" content=\"1 minuto\" \/>\n<script type=\"application\/ld+json\" class=\"yoast-schema-graph\">{\"@context\":\"https:\/\/schema.org\",\"@graph\":[{\"@type\":\"WebPage\",\"@id\":\"https:\/\/giannidavico.it\/gopiedmont\/2016\/02\/03\/nino-costa-el-galucio-1923\/\",\"url\":\"https:\/\/giannidavico.it\/gopiedmont\/2016\/02\/03\/nino-costa-el-galucio-1923\/\",\"name\":\"Nino C\u00f2sta, \u00cbl galucio (1923) - Go Piedmont\",\"isPartOf\":{\"@id\":\"https:\/\/giannidavico.it\/gopiedmont\/#website\"},\"datePublished\":\"2016-02-03T09:33:28+00:00\",\"dateModified\":\"2016-02-03T09:33:28+00:00\",\"author\":{\"@id\":\"https:\/\/giannidavico.it\/gopiedmont\/#\/schema\/person\/ea1fd17d8f2dba325f3712219efa8f77\"},\"inLanguage\":\"it-IT\",\"potentialAction\":[{\"@type\":\"ReadAction\",\"target\":[\"https:\/\/giannidavico.it\/gopiedmont\/2016\/02\/03\/nino-costa-el-galucio-1923\/\"]}]},{\"@type\":\"WebSite\",\"@id\":\"https:\/\/giannidavico.it\/gopiedmont\/#website\",\"url\":\"https:\/\/giannidavico.it\/gopiedmont\/\",\"name\":\"Go Piedmont\",\"description\":\"pens\u00e9 dzora l\u00ecber, event e p\u00ebrson-e grop\u00e0 al Piemont e a la lenga piemont\u00e8isa\",\"potentialAction\":[{\"@type\":\"SearchAction\",\"target\":{\"@type\":\"EntryPoint\",\"urlTemplate\":\"https:\/\/giannidavico.it\/gopiedmont\/?s={search_term_string}\"},\"query-input\":\"required name=search_term_string\"}],\"inLanguage\":\"it-IT\"},{\"@type\":\"Person\",\"@id\":\"https:\/\/giannidavico.it\/gopiedmont\/#\/schema\/person\/ea1fd17d8f2dba325f3712219efa8f77\",\"name\":\"giannidavico\",\"image\":{\"@type\":\"ImageObject\",\"inLanguage\":\"it-IT\",\"@id\":\"https:\/\/giannidavico.it\/gopiedmont\/#\/schema\/person\/image\/\",\"url\":\"https:\/\/secure.gravatar.com\/avatar\/337748753d882602f3038b55fb369ba1?s=96&d=mm&r=g\",\"contentUrl\":\"https:\/\/secure.gravatar.com\/avatar\/337748753d882602f3038b55fb369ba1?s=96&d=mm&r=g\",\"caption\":\"giannidavico\"},\"url\":\"https:\/\/giannidavico.it\/gopiedmont\/author\/giannidavico\/\"}]}<\/script>\n<!-- \/ Yoast SEO plugin. -->","yoast_head_json":{"title":"Nino C\u00f2sta, \u00cbl galucio (1923) - Go Piedmont","robots":{"index":"index","follow":"follow","max-snippet":"max-snippet:-1","max-image-preview":"max-image-preview:large","max-video-preview":"max-video-preview:-1"},"canonical":"https:\/\/giannidavico.it\/gopiedmont\/2016\/02\/03\/nino-costa-el-galucio-1923\/","og_locale":"it_IT","og_type":"article","og_title":"Nino C\u00f2sta, \u00cbl galucio (1923) - Go Piedmont","og_description":"An sla ponta d\u00ebl cioch\u00e9 i&#8217;\u00e9 un galucio, caparucio, f\u00e0it \u00ebd t\u00f2la pitur\u00e0: tuta quanta la giorn\u00e0 chiel a gira, chiel as vira da la part che &#8216;l vent a tira. \u00cbl paisan d&#8217;an mes la piassa, quand ch&#8217;a passa, minca tant a guarda an s\u00f9, e as n&#8217;antaja &#8211; s\u00f9 p\u00ebr gi\u00f9 &#8211; com \u00ebl temp a varier\u00e0 da la mira che &#8216;l galucio a l&#8217;\u00e9 volt\u00e0. Col galucio f\u00e0it \u00ebd t\u00f2la l&#8217;\u00e9 pa tant na b\u00ebstia f\u00f2la chiel a sa ch&#8217;a l&#8217;\u00e9 s\u00e9mper bin piass\u00e0, col ch&#8217;as vira da la part che &#8216;l vent a tira, e, guardand da s\u00f2 cioch\u00e9, chiel a v\u00ebdd s\u00ebl marciap\u00e9 tanta gent, pien-a &#8216;d bab\u00eca, ch&#8217;a j\u00eb smija ch&#8217;a veul nen ch&#8217;a sia dla dita ma ant la vita &#8211; gira &#8216;d s\u00e0, gira &#8216;d l\u00e0 &#8211; a l&#8217;ha l&#8217;istessa teor\u00eca d\u00ebl galucio pitur\u00e0.","og_url":"https:\/\/giannidavico.it\/gopiedmont\/2016\/02\/03\/nino-costa-el-galucio-1923\/","og_site_name":"Go Piedmont","article_published_time":"2016-02-03T09:33:28+00:00","author":"giannidavico","twitter_card":"summary_large_image","twitter_misc":{"Scritto da":"giannidavico","Tempo di lettura stimato":"1 minuto"},"schema":{"@context":"https:\/\/schema.org","@graph":[{"@type":"WebPage","@id":"https:\/\/giannidavico.it\/gopiedmont\/2016\/02\/03\/nino-costa-el-galucio-1923\/","url":"https:\/\/giannidavico.it\/gopiedmont\/2016\/02\/03\/nino-costa-el-galucio-1923\/","name":"Nino C\u00f2sta, \u00cbl galucio (1923) - Go Piedmont","isPartOf":{"@id":"https:\/\/giannidavico.it\/gopiedmont\/#website"},"datePublished":"2016-02-03T09:33:28+00:00","dateModified":"2016-02-03T09:33:28+00:00","author":{"@id":"https:\/\/giannidavico.it\/gopiedmont\/#\/schema\/person\/ea1fd17d8f2dba325f3712219efa8f77"},"inLanguage":"it-IT","potentialAction":[{"@type":"ReadAction","target":["https:\/\/giannidavico.it\/gopiedmont\/2016\/02\/03\/nino-costa-el-galucio-1923\/"]}]},{"@type":"WebSite","@id":"https:\/\/giannidavico.it\/gopiedmont\/#website","url":"https:\/\/giannidavico.it\/gopiedmont\/","name":"Go Piedmont","description":"pens\u00e9 dzora l\u00ecber, event e p\u00ebrson-e grop\u00e0 al Piemont e a la lenga piemont\u00e8isa","potentialAction":[{"@type":"SearchAction","target":{"@type":"EntryPoint","urlTemplate":"https:\/\/giannidavico.it\/gopiedmont\/?s={search_term_string}"},"query-input":"required name=search_term_string"}],"inLanguage":"it-IT"},{"@type":"Person","@id":"https:\/\/giannidavico.it\/gopiedmont\/#\/schema\/person\/ea1fd17d8f2dba325f3712219efa8f77","name":"giannidavico","image":{"@type":"ImageObject","inLanguage":"it-IT","@id":"https:\/\/giannidavico.it\/gopiedmont\/#\/schema\/person\/image\/","url":"https:\/\/secure.gravatar.com\/avatar\/337748753d882602f3038b55fb369ba1?s=96&d=mm&r=g","contentUrl":"https:\/\/secure.gravatar.com\/avatar\/337748753d882602f3038b55fb369ba1?s=96&d=mm&r=g","caption":"giannidavico"},"url":"https:\/\/giannidavico.it\/gopiedmont\/author\/giannidavico\/"}]}},"_links":{"self":[{"href":"https:\/\/giannidavico.it\/gopiedmont\/wp-json\/wp\/v2\/posts\/3297"}],"collection":[{"href":"https:\/\/giannidavico.it\/gopiedmont\/wp-json\/wp\/v2\/posts"}],"about":[{"href":"https:\/\/giannidavico.it\/gopiedmont\/wp-json\/wp\/v2\/types\/post"}],"author":[{"embeddable":true,"href":"https:\/\/giannidavico.it\/gopiedmont\/wp-json\/wp\/v2\/users\/4"}],"replies":[{"embeddable":true,"href":"https:\/\/giannidavico.it\/gopiedmont\/wp-json\/wp\/v2\/comments?post=3297"}],"version-history":[{"count":2,"href":"https:\/\/giannidavico.it\/gopiedmont\/wp-json\/wp\/v2\/posts\/3297\/revisions"}],"predecessor-version":[{"id":3299,"href":"https:\/\/giannidavico.it\/gopiedmont\/wp-json\/wp\/v2\/posts\/3297\/revisions\/3299"}],"wp:attachment":[{"href":"https:\/\/giannidavico.it\/gopiedmont\/wp-json\/wp\/v2\/media?parent=3297"}],"wp:term":[{"taxonomy":"category","embeddable":true,"href":"https:\/\/giannidavico.it\/gopiedmont\/wp-json\/wp\/v2\/categories?post=3297"},{"taxonomy":"post_tag","embeddable":true,"href":"https:\/\/giannidavico.it\/gopiedmont\/wp-json\/wp\/v2\/tags?post=3297"}],"curies":[{"name":"wp","href":"https:\/\/api.w.org\/{rel}","templated":true}]}}