{"id":3305,"date":"2016-02-17T06:00:05","date_gmt":"2016-02-17T05:00:05","guid":{"rendered":"https:\/\/giannidavico.it\/staging\/gopiedmont\/?p=3305"},"modified":"2016-02-16T11:59:54","modified_gmt":"2016-02-16T10:59:54","slug":"sent-agn","status":"publish","type":"post","link":"https:\/\/giannidavico.it\/gopiedmont\/2016\/02\/17\/sent-agn\/","title":{"rendered":"Sent agn"},"content":{"rendered":"<p style=\"text-align: left;padding-left: 180px\">I l&#8217;hai d\u00ebscurb\u00ec che, prima &#8216;d nasse, i l&#8217;hai viv\u00f9<br \/>\nsempe ant \u00f2mo frem, padron \u00ebd soa p\u00ebrson-a,<br \/>\ne gnun a sav\u00eca r\u00ebsponde e tuj a j&#8217;ero calm.<br \/>\n(Cesare Pavese, <em>Antenati<\/em>, vv. 8-10, tradussion \u00ebd Gioanin Davico)<\/p>\n<p>(<a href=\"https:\/\/giannidavico.it\/brainfood\/2016\/02\/15\/cento-anni\/\">L\u00f9n-es i l&#8217;hai dilo an italian<\/a>, ma p\u00ebr mem\u00f2ria d\u00ebl pass\u00e0 e dl&#8217;avn\u00ec i pens ch&#8217;a sia na bon-a r\u00f2ba arpetlo an mia lenga mare.)<\/p>\n<p>I l&#8217;hai \u00ebd sensassion dr\u00f2le, an cost per\u00ecod. Buteje p\u00ebr iscrit a l&#8217;\u00e9 nen belf\u00e9. I ch\u00ebrd che s\u00f2n a sia grop\u00e0 a la mesa et\u00e0, al voghe \u2013 anmaginela, almanch \u2013 la fin d\u00ebl temp, a la trasformassion d\u00ebl c\u00f2rp e dla ment. E a la ca ch&#8217;a l&#8217;\u00e9 dla mia famija da sent agn.<br \/>\n<a href=\"https:\/\/giannidavico.it\/brainfood\/files\/2016\/02\/IMG_2385.jpg\" rel=\"attachment wp-att-3140\"><img loading=\"lazy\" src=\"https:\/\/giannidavico.it\/brainfood\/files\/2016\/02\/IMG_2385-218x300.jpg\" alt=\"IMG_2385\" width=\"218\" height=\"300\" class=\"alignright size-medium wp-image-3140\" \/><\/a><br \/>\nSent<br \/>\nagn.<\/p>\n<p>Da quand che d\u00ebl 1920 le set monie Rosin-e ch&#8217;a j&#8217;ero rest\u00e0 a l&#8217;han lass\u00e0 \u00ebl convent p\u00ebr pij\u00e9 la via &#8216;d Turin, e n\u00f2no Gioanin a l&#8217;ha cat\u00e0 la ca p\u00ebr anandi\u00e9 la soa f\u00e0brica.<\/p>\n<p>E a-i \u00e9 costa f\u00f2to con pap\u00e0 e n\u00f2no che am tira tant. I stim ch&#8217;a sia dla prima bondosa d\u00ebl 1937, pap\u00e0 a l&#8217;av\u00eca 8 agn a l&#8217;\u00e9poca, n\u00f2no a j&#8217;era a j&#8217;\u00f9ltime \u2013 ma it lo dir\u00ece nen vardand la f\u00f2to, n\u00ec gnun a pod\u00eca prev\u00ebdlo an col moment.<\/p>\n<p>E i pens che &#8216;l temp a l&#8217;\u00e9 circolar. Mi i son \u00ebl pare (\u00ebl n\u00f2no, ambeless\u00ec) e i son \u00ebdc\u00f2 \u00ebl fieul (\u00ebl pare, ambeless\u00ec).<br \/>\n<a href=\"https:\/\/giannidavico.it\/brainfood\/files\/2016\/02\/IMG_2386.jpg\" rel=\"attachment wp-att-3142\"><img loading=\"lazy\" src=\"https:\/\/giannidavico.it\/brainfood\/files\/2016\/02\/IMG_2386-300x225.jpg\" alt=\"IMG_2386\" width=\"300\" height=\"225\" class=\"alignleft size-medium wp-image-3142\" \/><\/a><br \/>\nE costa ca a l&#8217;\u00e9 na s\u00f2rt \u00ebd tr\u00e0mit an tra le generassion. I lo sai da sempe, ma i son ancorsumne un p\u00f2ch \u00ebd pi an costi di, ant ij quai i ston curand dij prog\u00e8t intern a la ca, i toch con man dij mon che sensa d\u00f9bit sent agn prima a l&#8217;ha toc\u00e0 me n\u00f2no, che a l&#8217;\u00e9 \u00ebdc\u00f2 la p\u00ebrson-a ch&#8217;a l&#8217;ha mostame \u00ebl sens \u00ebd giustissia e dritura, bele se i l&#8217;hai mai conossulo. I l&#8217;hai sognalo, s\u00ec; e tant. A l&#8217;ha inspirame.<\/p>\n<p>A son sensassion ch&#8217;i sai nen esprime bin con par\u00f2le. I deuv elaboreje, ma an part \u2013 an part gr\u00f2ssa, i l&#8217;hai t\u00ebmma \u2013 a resteran nen esprim\u00f9e. Ma costi mon bele da s\u00ec sent agn a parleran.<\/p>\n","protected":false},"excerpt":{"rendered":"<p style=\"text-align: left;padding-left: 180px\">I l&#8217;hai d\u00ebscurb\u00ec che, prima &#8216;d nasse, i l&#8217;hai viv\u00f9<br \/> sempe ant \u00f2mo frem, padron \u00ebd soa p\u00ebrson-a,<br \/> e gnun a sav\u00eca r\u00ebsponde e tuj a j&#8217;ero calm.<br \/> (Cesare Pavese, <em>Antenati<\/em>, vv. 8-10, tradussion \u00ebd Gioanin Davico)<\/p>\n<p>(<a href=\"https:\/\/giannidavico.it\/brainfood\/2016\/02\/15\/cento-anni\/\">L\u00f9n-es i l&#8217;hai dilo an italian<\/a>, ma p\u00ebr mem\u00f2ria d\u00ebl pass\u00e0 e dl&#8217;avn\u00ec i pens ch&#8217;a sia na bon-a r\u00f2ba arpetlo an mia lenga mare.)<\/p>\n<p>I l&#8217;hai \u00ebd sensassion dr\u00f2le, an cost per\u00ecod. Buteje p\u00ebr iscrit a l&#8217;\u00e9 nen belf\u00e9. I ch\u00ebrd che s\u00f2n a sia grop\u00e0 a la mesa et\u00e0, al voghe \u2013 anmaginela, almanch \u2013 la fin d\u00ebl temp, a la trasformassion d\u00ebl c\u00f2rp e dla ment. E a la ca ch&#8217;a l&#8217;\u00e9 dla mia famija da sent agn.<br \/> <a href=\"https:\/\/giannidavico.it\/brainfood\/files\/2016\/02\/IMG_2385.jpg\" rel=\"attachment wp-att-3140\"><img loading=\"lazy\" src=\"https:\/\/giannidavico.it\/brainfood\/files\/2016\/02\/IMG_2385-218x300.jpg\" alt=\"IMG_2385\" width=\"218\" height=\"300\" class=\"alignright size-medium wp-image-3140\" \/><\/a><br \/> Sent<br \/> agn.<\/p>\n<p>Da quand che d\u00ebl 1920 le set monie Rosin-e ch&#8217;a j&#8217;ero rest\u00e0 a l&#8217;han lass\u00e0 \u00ebl convent p\u00ebr pij\u00e9 la via &#8216;d Turin, e n\u00f2no Gioanin a l&#8217;ha cat\u00e0 la ca p\u00ebr anandi\u00e9 la soa f\u00e0brica.<\/p>\n<p>E a-i \u00e9 costa f\u00f2to con pap\u00e0 e n\u00f2no che am tira tant. I stim ch&#8217;a sia dla prima bondosa d\u00ebl [\u2026] <a class=\"moretag\" href=\"https:\/\/giannidavico.it\/gopiedmont\/2016\/02\/17\/sent-agn\/\">continua a leggere \u00bb<\/a><\/p>\n","protected":false},"author":4,"featured_media":0,"comment_status":"open","ping_status":"open","sticky":false,"template":"","format":"standard","meta":[],"categories":[130],"tags":[76],"yoast_head":"<!-- This site is optimized with the Yoast SEO plugin v19.14 - https:\/\/yoast.com\/wordpress\/plugins\/seo\/ -->\n<title>Sent agn - Go Piedmont<\/title>\n<meta name=\"robots\" content=\"index, follow, max-snippet:-1, max-image-preview:large, max-video-preview:-1\" \/>\n<link rel=\"canonical\" href=\"https:\/\/giannidavico.it\/gopiedmont\/2016\/02\/17\/sent-agn\/\" \/>\n<meta property=\"og:locale\" content=\"it_IT\" \/>\n<meta property=\"og:type\" content=\"article\" \/>\n<meta property=\"og:title\" content=\"Sent agn - Go Piedmont\" \/>\n<meta property=\"og:description\" content=\"I l&#8217;hai d\u00ebscurb\u00ec che, prima &#8216;d nasse, i l&#8217;hai viv\u00f9 sempe ant \u00f2mo frem, padron \u00ebd soa p\u00ebrson-a, e gnun a sav\u00eca r\u00ebsponde e tuj a j&#8217;ero calm. (Cesare Pavese, Antenati, vv. 8-10, tradussion \u00ebd Gioanin Davico) (L\u00f9n-es i l&#8217;hai dilo an italian, ma p\u00ebr mem\u00f2ria d\u00ebl pass\u00e0 e dl&#8217;avn\u00ec i pens ch&#8217;a sia na bon-a r\u00f2ba arpetlo an mia lenga mare.) I l&#8217;hai \u00ebd sensassion dr\u00f2le, an cost per\u00ecod. Buteje p\u00ebr iscrit a l&#8217;\u00e9 nen belf\u00e9. I ch\u00ebrd che s\u00f2n a sia grop\u00e0 a la mesa et\u00e0, al voghe \u2013 anmaginela, almanch \u2013 la fin d\u00ebl temp, a la trasformassion d\u00ebl c\u00f2rp e dla ment. E a la ca ch&#8217;a l&#8217;\u00e9 dla mia famija da sent agn. Sent agn. Da quand che d\u00ebl 1920 le set monie Rosin-e ch&#8217;a j&#8217;ero rest\u00e0 a l&#8217;han lass\u00e0 \u00ebl convent p\u00ebr pij\u00e9 la via &#8216;d Turin, e n\u00f2no Gioanin a l&#8217;ha cat\u00e0 la ca p\u00ebr anandi\u00e9 la soa f\u00e0brica. E a-i \u00e9 costa f\u00f2to con pap\u00e0 e n\u00f2no che am tira tant. I stim ch&#8217;a sia dla prima bondosa d\u00ebl [\u2026] continua a leggere \u00bb\" \/>\n<meta property=\"og:url\" content=\"https:\/\/giannidavico.it\/gopiedmont\/2016\/02\/17\/sent-agn\/\" \/>\n<meta property=\"og:site_name\" content=\"Go Piedmont\" \/>\n<meta property=\"article:published_time\" content=\"2016-02-17T05:00:05+00:00\" \/>\n<meta property=\"article:modified_time\" content=\"2016-02-16T10:59:54+00:00\" \/>\n<meta property=\"og:image\" content=\"https:\/\/giannidavico.it\/brainfood\/files\/2016\/02\/IMG_2385-218x300.jpg\" \/>\n<meta name=\"author\" content=\"giannidavico\" \/>\n<meta name=\"twitter:card\" content=\"summary_large_image\" \/>\n<meta name=\"twitter:label1\" content=\"Scritto da\" \/>\n\t<meta name=\"twitter:data1\" content=\"giannidavico\" \/>\n\t<meta name=\"twitter:label2\" content=\"Tempo di lettura stimato\" \/>\n\t<meta name=\"twitter:data2\" content=\"2 minuti\" \/>\n<script type=\"application\/ld+json\" class=\"yoast-schema-graph\">{\"@context\":\"https:\/\/schema.org\",\"@graph\":[{\"@type\":\"WebPage\",\"@id\":\"https:\/\/giannidavico.it\/gopiedmont\/2016\/02\/17\/sent-agn\/\",\"url\":\"https:\/\/giannidavico.it\/gopiedmont\/2016\/02\/17\/sent-agn\/\",\"name\":\"Sent agn - Go Piedmont\",\"isPartOf\":{\"@id\":\"https:\/\/giannidavico.it\/gopiedmont\/#website\"},\"datePublished\":\"2016-02-17T05:00:05+00:00\",\"dateModified\":\"2016-02-16T10:59:54+00:00\",\"author\":{\"@id\":\"https:\/\/giannidavico.it\/gopiedmont\/#\/schema\/person\/ea1fd17d8f2dba325f3712219efa8f77\"},\"inLanguage\":\"it-IT\",\"potentialAction\":[{\"@type\":\"ReadAction\",\"target\":[\"https:\/\/giannidavico.it\/gopiedmont\/2016\/02\/17\/sent-agn\/\"]}]},{\"@type\":\"WebSite\",\"@id\":\"https:\/\/giannidavico.it\/gopiedmont\/#website\",\"url\":\"https:\/\/giannidavico.it\/gopiedmont\/\",\"name\":\"Go Piedmont\",\"description\":\"pens\u00e9 dzora l\u00ecber, event e p\u00ebrson-e grop\u00e0 al Piemont e a la lenga piemont\u00e8isa\",\"potentialAction\":[{\"@type\":\"SearchAction\",\"target\":{\"@type\":\"EntryPoint\",\"urlTemplate\":\"https:\/\/giannidavico.it\/gopiedmont\/?s={search_term_string}\"},\"query-input\":\"required name=search_term_string\"}],\"inLanguage\":\"it-IT\"},{\"@type\":\"Person\",\"@id\":\"https:\/\/giannidavico.it\/gopiedmont\/#\/schema\/person\/ea1fd17d8f2dba325f3712219efa8f77\",\"name\":\"giannidavico\",\"image\":{\"@type\":\"ImageObject\",\"inLanguage\":\"it-IT\",\"@id\":\"https:\/\/giannidavico.it\/gopiedmont\/#\/schema\/person\/image\/\",\"url\":\"https:\/\/secure.gravatar.com\/avatar\/337748753d882602f3038b55fb369ba1?s=96&d=mm&r=g\",\"contentUrl\":\"https:\/\/secure.gravatar.com\/avatar\/337748753d882602f3038b55fb369ba1?s=96&d=mm&r=g\",\"caption\":\"giannidavico\"},\"url\":\"https:\/\/giannidavico.it\/gopiedmont\/author\/giannidavico\/\"}]}<\/script>\n<!-- \/ Yoast SEO plugin. -->","yoast_head_json":{"title":"Sent agn - Go Piedmont","robots":{"index":"index","follow":"follow","max-snippet":"max-snippet:-1","max-image-preview":"max-image-preview:large","max-video-preview":"max-video-preview:-1"},"canonical":"https:\/\/giannidavico.it\/gopiedmont\/2016\/02\/17\/sent-agn\/","og_locale":"it_IT","og_type":"article","og_title":"Sent agn - Go Piedmont","og_description":"I l&#8217;hai d\u00ebscurb\u00ec che, prima &#8216;d nasse, i l&#8217;hai viv\u00f9 sempe ant \u00f2mo frem, padron \u00ebd soa p\u00ebrson-a, e gnun a sav\u00eca r\u00ebsponde e tuj a j&#8217;ero calm. (Cesare Pavese, Antenati, vv. 8-10, tradussion \u00ebd Gioanin Davico) (L\u00f9n-es i l&#8217;hai dilo an italian, ma p\u00ebr mem\u00f2ria d\u00ebl pass\u00e0 e dl&#8217;avn\u00ec i pens ch&#8217;a sia na bon-a r\u00f2ba arpetlo an mia lenga mare.) I l&#8217;hai \u00ebd sensassion dr\u00f2le, an cost per\u00ecod. Buteje p\u00ebr iscrit a l&#8217;\u00e9 nen belf\u00e9. I ch\u00ebrd che s\u00f2n a sia grop\u00e0 a la mesa et\u00e0, al voghe \u2013 anmaginela, almanch \u2013 la fin d\u00ebl temp, a la trasformassion d\u00ebl c\u00f2rp e dla ment. E a la ca ch&#8217;a l&#8217;\u00e9 dla mia famija da sent agn. Sent agn. Da quand che d\u00ebl 1920 le set monie Rosin-e ch&#8217;a j&#8217;ero rest\u00e0 a l&#8217;han lass\u00e0 \u00ebl convent p\u00ebr pij\u00e9 la via &#8216;d Turin, e n\u00f2no Gioanin a l&#8217;ha cat\u00e0 la ca p\u00ebr anandi\u00e9 la soa f\u00e0brica. E a-i \u00e9 costa f\u00f2to con pap\u00e0 e n\u00f2no che am tira tant. I stim ch&#8217;a sia dla prima bondosa d\u00ebl [\u2026] continua a leggere \u00bb","og_url":"https:\/\/giannidavico.it\/gopiedmont\/2016\/02\/17\/sent-agn\/","og_site_name":"Go Piedmont","article_published_time":"2016-02-17T05:00:05+00:00","article_modified_time":"2016-02-16T10:59:54+00:00","og_image":[{"url":"https:\/\/giannidavico.it\/brainfood\/files\/2016\/02\/IMG_2385-218x300.jpg"}],"author":"giannidavico","twitter_card":"summary_large_image","twitter_misc":{"Scritto da":"giannidavico","Tempo di lettura stimato":"2 minuti"},"schema":{"@context":"https:\/\/schema.org","@graph":[{"@type":"WebPage","@id":"https:\/\/giannidavico.it\/gopiedmont\/2016\/02\/17\/sent-agn\/","url":"https:\/\/giannidavico.it\/gopiedmont\/2016\/02\/17\/sent-agn\/","name":"Sent agn - Go Piedmont","isPartOf":{"@id":"https:\/\/giannidavico.it\/gopiedmont\/#website"},"datePublished":"2016-02-17T05:00:05+00:00","dateModified":"2016-02-16T10:59:54+00:00","author":{"@id":"https:\/\/giannidavico.it\/gopiedmont\/#\/schema\/person\/ea1fd17d8f2dba325f3712219efa8f77"},"inLanguage":"it-IT","potentialAction":[{"@type":"ReadAction","target":["https:\/\/giannidavico.it\/gopiedmont\/2016\/02\/17\/sent-agn\/"]}]},{"@type":"WebSite","@id":"https:\/\/giannidavico.it\/gopiedmont\/#website","url":"https:\/\/giannidavico.it\/gopiedmont\/","name":"Go Piedmont","description":"pens\u00e9 dzora l\u00ecber, event e p\u00ebrson-e grop\u00e0 al Piemont e a la lenga piemont\u00e8isa","potentialAction":[{"@type":"SearchAction","target":{"@type":"EntryPoint","urlTemplate":"https:\/\/giannidavico.it\/gopiedmont\/?s={search_term_string}"},"query-input":"required name=search_term_string"}],"inLanguage":"it-IT"},{"@type":"Person","@id":"https:\/\/giannidavico.it\/gopiedmont\/#\/schema\/person\/ea1fd17d8f2dba325f3712219efa8f77","name":"giannidavico","image":{"@type":"ImageObject","inLanguage":"it-IT","@id":"https:\/\/giannidavico.it\/gopiedmont\/#\/schema\/person\/image\/","url":"https:\/\/secure.gravatar.com\/avatar\/337748753d882602f3038b55fb369ba1?s=96&d=mm&r=g","contentUrl":"https:\/\/secure.gravatar.com\/avatar\/337748753d882602f3038b55fb369ba1?s=96&d=mm&r=g","caption":"giannidavico"},"url":"https:\/\/giannidavico.it\/gopiedmont\/author\/giannidavico\/"}]}},"_links":{"self":[{"href":"https:\/\/giannidavico.it\/gopiedmont\/wp-json\/wp\/v2\/posts\/3305"}],"collection":[{"href":"https:\/\/giannidavico.it\/gopiedmont\/wp-json\/wp\/v2\/posts"}],"about":[{"href":"https:\/\/giannidavico.it\/gopiedmont\/wp-json\/wp\/v2\/types\/post"}],"author":[{"embeddable":true,"href":"https:\/\/giannidavico.it\/gopiedmont\/wp-json\/wp\/v2\/users\/4"}],"replies":[{"embeddable":true,"href":"https:\/\/giannidavico.it\/gopiedmont\/wp-json\/wp\/v2\/comments?post=3305"}],"version-history":[{"count":5,"href":"https:\/\/giannidavico.it\/gopiedmont\/wp-json\/wp\/v2\/posts\/3305\/revisions"}],"predecessor-version":[{"id":3310,"href":"https:\/\/giannidavico.it\/gopiedmont\/wp-json\/wp\/v2\/posts\/3305\/revisions\/3310"}],"wp:attachment":[{"href":"https:\/\/giannidavico.it\/gopiedmont\/wp-json\/wp\/v2\/media?parent=3305"}],"wp:term":[{"taxonomy":"category","embeddable":true,"href":"https:\/\/giannidavico.it\/gopiedmont\/wp-json\/wp\/v2\/categories?post=3305"},{"taxonomy":"post_tag","embeddable":true,"href":"https:\/\/giannidavico.it\/gopiedmont\/wp-json\/wp\/v2\/tags?post=3305"}],"curies":[{"name":"wp","href":"https:\/\/api.w.org\/{rel}","templated":true}]}}