{"id":3312,"date":"2016-02-24T11:16:14","date_gmt":"2016-02-24T10:16:14","guid":{"rendered":"https:\/\/giannidavico.it\/staging\/gopiedmont\/?p=3312"},"modified":"2016-02-24T11:16:14","modified_gmt":"2016-02-24T10:16:14","slug":"doe-nivole-travers-el-cel","status":"publish","type":"post","link":"https:\/\/giannidavico.it\/gopiedmont\/2016\/02\/24\/doe-nivole-travers-el-cel\/","title":{"rendered":"Doe n\u00ecvole travers \u00ebl cel"},"content":{"rendered":"<p><iframe loading=\"lazy\" width=\"560\" height=\"315\" src=\"https:\/\/www.youtube.com\/embed\/U1qUzrowN68?rel=0\" frameborder=\"0\" allowfullscreen><\/iframe><br \/>\n<div id=\"attachment_3313\" style=\"width: 235px\" class=\"wp-caption alignright\"><a href=\"https:\/\/giannidavico.it\/gopiedmont\/files\/2016\/02\/Michi.jpg\" rel=\"attachment wp-att-3313\"><img aria-describedby=\"caption-attachment-3313\" loading=\"lazy\" src=\"https:\/\/giannidavico.it\/gopiedmont\/files\/2016\/02\/Michi-225x300.jpg\" alt=\"cita amusandse\" width=\"225\" height=\"300\" class=\"size-medium wp-image-3313\" srcset=\"https:\/\/giannidavico.it\/gopiedmont\/files\/2016\/02\/Michi-225x300.jpg 225w, https:\/\/giannidavico.it\/gopiedmont\/files\/2016\/02\/Michi.jpg 720w\" sizes=\"(max-width: 225px) 100vw, 225px\" \/><\/a><p id=\"caption-attachment-3313\" class=\"wp-caption-text\">cita amusandse<\/p><\/div><br \/>\nBut\u00e9 le r\u00f2be an prospetiva a l&#8217;\u00e9 amportant.<\/p>\n<p>I son and\u00e0it an montagna, ier, con la cita cita. I l&#8217;oma giug\u00e0 con la fi\u00f2ca, i l&#8217;oma tir\u00e0 &#8216;d pere ant l&#8217;eva, r\u00f2be par\u00e8j.<\/p>\n<p>Peui, p\u00ebr arcuper\u00e9, i l&#8217;hai travaj\u00e0 ier da ses ore a des e mesa, ma l\u00f2n ch&#8217;a-i na f\u00e0? A la finitiva a son coste le r\u00f2be ch&#8217;am resteran dle cite quand ch&#8217;a saran grande (&#8220;quand ch&#8217;a saran&#8221;, un-a a l&#8217;\u00e9 gi\u00e0 squasi granda adess \u2013 e difatti p\u00ebr mi a l&#8217;\u00e9 la &#8220;cita granda&#8221;).<\/p>\n<p>I son st\u00e0it content con mia cita contenta, l\u00f2n ch&#8217;a-i \u00e9 \u00ebd p\u00ec significativ ant la vita?<br \/>\nE antlora a ven a taj Nino Costa:<\/p>\n<blockquote><p>Quand ch\u2019a-i rivr\u00e0 l\u2019ora p\u00ec granda: l\u2019\u00f9ltima<br \/>\ne ch\u2019am ciamran l\u00f2n ch\u2019i l\u2019hai f\u00e0it \u00ebd bel<br \/>\nmi rispondrai ch\u2019i l\u2019hai guard\u00e0 le n\u00ecvole<br \/>\nle n\u00ecvole ch\u2019a van&#8230; travers \u00ebl cel. <\/p><\/blockquote>\n<p>Ecco, le n\u00ecvole a son figura \u2013 ant \u00ebl sens auerbachian d\u00ebl termo \u2013 dle cite. E son a basta.<\/p>\n","protected":false},"excerpt":{"rendered":"<\/p>\n<p>But\u00e9 le r\u00f2be an prospetiva a l&#8217;\u00e9 amportant.<\/p>\n<p>I son and\u00e0it an montagna, ier, con la cita cita. I l&#8217;oma giug\u00e0 con la fi\u00f2ca, i l&#8217;oma tir\u00e0 &#8216;d pere ant l&#8217;eva, r\u00f2be par\u00e8j.<\/p>\n<p>Peui, p\u00ebr arcuper\u00e9, i l&#8217;hai travaj\u00e0 ier da ses ore a des e mesa, ma l\u00f2n ch&#8217;a-i na f\u00e0? A la finitiva a son coste le r\u00f2be ch&#8217;am resteran dle cite quand ch&#8217;a saran grande (&#8220;quand ch&#8217;a saran&#8221;, un-a a l&#8217;\u00e9 gi\u00e0 squasi granda adess \u2013 e difatti p\u00ebr mi a l&#8217;\u00e9 la &#8220;cita granda&#8221;).<\/p>\n<p>I son st\u00e0it content con mia cita contenta, l\u00f2n ch&#8217;a-i \u00e9 \u00ebd p\u00ec significativ ant la vita?<br \/> E antlora a ven a taj Nino Costa:<\/p>\n<p>Quand ch\u2019a-i rivr\u00e0 l\u2019ora p\u00ec granda: l\u2019\u00f9ltima<br \/> e ch\u2019am ciamran l\u00f2n ch\u2019i l\u2019hai f\u00e0it \u00ebd bel<br \/> mi rispondrai ch\u2019i l\u2019hai guard\u00e0 le n\u00ecvole<br \/> le n\u00ecvole ch\u2019a van&#8230; travers \u00ebl cel. <\/p>\n<p>Ecco, le n\u00ecvole a son figura \u2013 ant \u00ebl sens auerbachian d\u00ebl termo \u2013 dle cite. E son a basta.<\/p>\n","protected":false},"author":4,"featured_media":0,"comment_status":"open","ping_status":"open","sticky":false,"template":"","format":"standard","meta":[],"categories":[130],"tags":[76,64,52],"yoast_head":"<!-- This site is optimized with the Yoast SEO plugin v19.14 - https:\/\/yoast.com\/wordpress\/plugins\/seo\/ -->\n<title>Doe n\u00ecvole travers \u00ebl cel - Go Piedmont<\/title>\n<meta name=\"robots\" content=\"index, follow, max-snippet:-1, max-image-preview:large, max-video-preview:-1\" \/>\n<link rel=\"canonical\" href=\"https:\/\/giannidavico.it\/gopiedmont\/2016\/02\/24\/doe-nivole-travers-el-cel\/\" \/>\n<meta property=\"og:locale\" content=\"it_IT\" \/>\n<meta property=\"og:type\" content=\"article\" \/>\n<meta property=\"og:title\" content=\"Doe n\u00ecvole travers \u00ebl cel - Go Piedmont\" \/>\n<meta property=\"og:description\" content=\"But\u00e9 le r\u00f2be an prospetiva a l&#8217;\u00e9 amportant. I son and\u00e0it an montagna, ier, con la cita cita. I l&#8217;oma giug\u00e0 con la fi\u00f2ca, i l&#8217;oma tir\u00e0 &#8216;d pere ant l&#8217;eva, r\u00f2be par\u00e8j. Peui, p\u00ebr arcuper\u00e9, i l&#8217;hai travaj\u00e0 ier da ses ore a des e mesa, ma l\u00f2n ch&#8217;a-i na f\u00e0? A la finitiva a son coste le r\u00f2be ch&#8217;am resteran dle cite quand ch&#8217;a saran grande (&#8220;quand ch&#8217;a saran&#8221;, un-a a l&#8217;\u00e9 gi\u00e0 squasi granda adess \u2013 e difatti p\u00ebr mi a l&#8217;\u00e9 la &#8220;cita granda&#8221;). I son st\u00e0it content con mia cita contenta, l\u00f2n ch&#8217;a-i \u00e9 \u00ebd p\u00ec significativ ant la vita? E antlora a ven a taj Nino Costa: Quand ch\u2019a-i rivr\u00e0 l\u2019ora p\u00ec granda: l\u2019\u00f9ltima e ch\u2019am ciamran l\u00f2n ch\u2019i l\u2019hai f\u00e0it \u00ebd bel mi rispondrai ch\u2019i l\u2019hai guard\u00e0 le n\u00ecvole le n\u00ecvole ch\u2019a van&#8230; travers \u00ebl cel. Ecco, le n\u00ecvole a son figura \u2013 ant \u00ebl sens auerbachian d\u00ebl termo \u2013 dle cite. E son a basta.\" \/>\n<meta property=\"og:url\" content=\"https:\/\/giannidavico.it\/gopiedmont\/2016\/02\/24\/doe-nivole-travers-el-cel\/\" \/>\n<meta property=\"og:site_name\" content=\"Go Piedmont\" \/>\n<meta property=\"article:published_time\" content=\"2016-02-24T10:16:14+00:00\" \/>\n<meta property=\"og:image\" content=\"https:\/\/giannidavico.it\/gopiedmont\/files\/2016\/02\/Michi-225x300.jpg\" \/>\n<meta name=\"author\" content=\"giannidavico\" \/>\n<meta name=\"twitter:card\" content=\"summary_large_image\" \/>\n<meta name=\"twitter:label1\" content=\"Scritto da\" \/>\n\t<meta name=\"twitter:data1\" content=\"giannidavico\" \/>\n\t<meta name=\"twitter:label2\" content=\"Tempo di lettura stimato\" \/>\n\t<meta name=\"twitter:data2\" content=\"1 minuto\" \/>\n<script type=\"application\/ld+json\" class=\"yoast-schema-graph\">{\"@context\":\"https:\/\/schema.org\",\"@graph\":[{\"@type\":\"WebPage\",\"@id\":\"https:\/\/giannidavico.it\/gopiedmont\/2016\/02\/24\/doe-nivole-travers-el-cel\/\",\"url\":\"https:\/\/giannidavico.it\/gopiedmont\/2016\/02\/24\/doe-nivole-travers-el-cel\/\",\"name\":\"Doe n\u00ecvole travers \u00ebl cel - Go Piedmont\",\"isPartOf\":{\"@id\":\"https:\/\/giannidavico.it\/gopiedmont\/#website\"},\"datePublished\":\"2016-02-24T10:16:14+00:00\",\"dateModified\":\"2016-02-24T10:16:14+00:00\",\"author\":{\"@id\":\"https:\/\/giannidavico.it\/gopiedmont\/#\/schema\/person\/ea1fd17d8f2dba325f3712219efa8f77\"},\"inLanguage\":\"it-IT\",\"potentialAction\":[{\"@type\":\"ReadAction\",\"target\":[\"https:\/\/giannidavico.it\/gopiedmont\/2016\/02\/24\/doe-nivole-travers-el-cel\/\"]}]},{\"@type\":\"WebSite\",\"@id\":\"https:\/\/giannidavico.it\/gopiedmont\/#website\",\"url\":\"https:\/\/giannidavico.it\/gopiedmont\/\",\"name\":\"Go Piedmont\",\"description\":\"pens\u00e9 dzora l\u00ecber, event e p\u00ebrson-e grop\u00e0 al Piemont e a la lenga piemont\u00e8isa\",\"potentialAction\":[{\"@type\":\"SearchAction\",\"target\":{\"@type\":\"EntryPoint\",\"urlTemplate\":\"https:\/\/giannidavico.it\/gopiedmont\/?s={search_term_string}\"},\"query-input\":\"required name=search_term_string\"}],\"inLanguage\":\"it-IT\"},{\"@type\":\"Person\",\"@id\":\"https:\/\/giannidavico.it\/gopiedmont\/#\/schema\/person\/ea1fd17d8f2dba325f3712219efa8f77\",\"name\":\"giannidavico\",\"image\":{\"@type\":\"ImageObject\",\"inLanguage\":\"it-IT\",\"@id\":\"https:\/\/giannidavico.it\/gopiedmont\/#\/schema\/person\/image\/\",\"url\":\"https:\/\/secure.gravatar.com\/avatar\/337748753d882602f3038b55fb369ba1?s=96&d=mm&r=g\",\"contentUrl\":\"https:\/\/secure.gravatar.com\/avatar\/337748753d882602f3038b55fb369ba1?s=96&d=mm&r=g\",\"caption\":\"giannidavico\"},\"url\":\"https:\/\/giannidavico.it\/gopiedmont\/author\/giannidavico\/\"}]}<\/script>\n<!-- \/ Yoast SEO plugin. -->","yoast_head_json":{"title":"Doe n\u00ecvole travers \u00ebl cel - Go Piedmont","robots":{"index":"index","follow":"follow","max-snippet":"max-snippet:-1","max-image-preview":"max-image-preview:large","max-video-preview":"max-video-preview:-1"},"canonical":"https:\/\/giannidavico.it\/gopiedmont\/2016\/02\/24\/doe-nivole-travers-el-cel\/","og_locale":"it_IT","og_type":"article","og_title":"Doe n\u00ecvole travers \u00ebl cel - Go Piedmont","og_description":"But\u00e9 le r\u00f2be an prospetiva a l&#8217;\u00e9 amportant. I son and\u00e0it an montagna, ier, con la cita cita. I l&#8217;oma giug\u00e0 con la fi\u00f2ca, i l&#8217;oma tir\u00e0 &#8216;d pere ant l&#8217;eva, r\u00f2be par\u00e8j. Peui, p\u00ebr arcuper\u00e9, i l&#8217;hai travaj\u00e0 ier da ses ore a des e mesa, ma l\u00f2n ch&#8217;a-i na f\u00e0? A la finitiva a son coste le r\u00f2be ch&#8217;am resteran dle cite quand ch&#8217;a saran grande (&#8220;quand ch&#8217;a saran&#8221;, un-a a l&#8217;\u00e9 gi\u00e0 squasi granda adess \u2013 e difatti p\u00ebr mi a l&#8217;\u00e9 la &#8220;cita granda&#8221;). I son st\u00e0it content con mia cita contenta, l\u00f2n ch&#8217;a-i \u00e9 \u00ebd p\u00ec significativ ant la vita? E antlora a ven a taj Nino Costa: Quand ch\u2019a-i rivr\u00e0 l\u2019ora p\u00ec granda: l\u2019\u00f9ltima e ch\u2019am ciamran l\u00f2n ch\u2019i l\u2019hai f\u00e0it \u00ebd bel mi rispondrai ch\u2019i l\u2019hai guard\u00e0 le n\u00ecvole le n\u00ecvole ch\u2019a van&#8230; travers \u00ebl cel. Ecco, le n\u00ecvole a son figura \u2013 ant \u00ebl sens auerbachian d\u00ebl termo \u2013 dle cite. E son a basta.","og_url":"https:\/\/giannidavico.it\/gopiedmont\/2016\/02\/24\/doe-nivole-travers-el-cel\/","og_site_name":"Go Piedmont","article_published_time":"2016-02-24T10:16:14+00:00","og_image":[{"url":"https:\/\/giannidavico.it\/gopiedmont\/files\/2016\/02\/Michi-225x300.jpg"}],"author":"giannidavico","twitter_card":"summary_large_image","twitter_misc":{"Scritto da":"giannidavico","Tempo di lettura stimato":"1 minuto"},"schema":{"@context":"https:\/\/schema.org","@graph":[{"@type":"WebPage","@id":"https:\/\/giannidavico.it\/gopiedmont\/2016\/02\/24\/doe-nivole-travers-el-cel\/","url":"https:\/\/giannidavico.it\/gopiedmont\/2016\/02\/24\/doe-nivole-travers-el-cel\/","name":"Doe n\u00ecvole travers \u00ebl cel - Go Piedmont","isPartOf":{"@id":"https:\/\/giannidavico.it\/gopiedmont\/#website"},"datePublished":"2016-02-24T10:16:14+00:00","dateModified":"2016-02-24T10:16:14+00:00","author":{"@id":"https:\/\/giannidavico.it\/gopiedmont\/#\/schema\/person\/ea1fd17d8f2dba325f3712219efa8f77"},"inLanguage":"it-IT","potentialAction":[{"@type":"ReadAction","target":["https:\/\/giannidavico.it\/gopiedmont\/2016\/02\/24\/doe-nivole-travers-el-cel\/"]}]},{"@type":"WebSite","@id":"https:\/\/giannidavico.it\/gopiedmont\/#website","url":"https:\/\/giannidavico.it\/gopiedmont\/","name":"Go Piedmont","description":"pens\u00e9 dzora l\u00ecber, event e p\u00ebrson-e grop\u00e0 al Piemont e a la lenga piemont\u00e8isa","potentialAction":[{"@type":"SearchAction","target":{"@type":"EntryPoint","urlTemplate":"https:\/\/giannidavico.it\/gopiedmont\/?s={search_term_string}"},"query-input":"required name=search_term_string"}],"inLanguage":"it-IT"},{"@type":"Person","@id":"https:\/\/giannidavico.it\/gopiedmont\/#\/schema\/person\/ea1fd17d8f2dba325f3712219efa8f77","name":"giannidavico","image":{"@type":"ImageObject","inLanguage":"it-IT","@id":"https:\/\/giannidavico.it\/gopiedmont\/#\/schema\/person\/image\/","url":"https:\/\/secure.gravatar.com\/avatar\/337748753d882602f3038b55fb369ba1?s=96&d=mm&r=g","contentUrl":"https:\/\/secure.gravatar.com\/avatar\/337748753d882602f3038b55fb369ba1?s=96&d=mm&r=g","caption":"giannidavico"},"url":"https:\/\/giannidavico.it\/gopiedmont\/author\/giannidavico\/"}]}},"_links":{"self":[{"href":"https:\/\/giannidavico.it\/gopiedmont\/wp-json\/wp\/v2\/posts\/3312"}],"collection":[{"href":"https:\/\/giannidavico.it\/gopiedmont\/wp-json\/wp\/v2\/posts"}],"about":[{"href":"https:\/\/giannidavico.it\/gopiedmont\/wp-json\/wp\/v2\/types\/post"}],"author":[{"embeddable":true,"href":"https:\/\/giannidavico.it\/gopiedmont\/wp-json\/wp\/v2\/users\/4"}],"replies":[{"embeddable":true,"href":"https:\/\/giannidavico.it\/gopiedmont\/wp-json\/wp\/v2\/comments?post=3312"}],"version-history":[{"count":2,"href":"https:\/\/giannidavico.it\/gopiedmont\/wp-json\/wp\/v2\/posts\/3312\/revisions"}],"predecessor-version":[{"id":3315,"href":"https:\/\/giannidavico.it\/gopiedmont\/wp-json\/wp\/v2\/posts\/3312\/revisions\/3315"}],"wp:attachment":[{"href":"https:\/\/giannidavico.it\/gopiedmont\/wp-json\/wp\/v2\/media?parent=3312"}],"wp:term":[{"taxonomy":"category","embeddable":true,"href":"https:\/\/giannidavico.it\/gopiedmont\/wp-json\/wp\/v2\/categories?post=3312"},{"taxonomy":"post_tag","embeddable":true,"href":"https:\/\/giannidavico.it\/gopiedmont\/wp-json\/wp\/v2\/tags?post=3312"}],"curies":[{"name":"wp","href":"https:\/\/api.w.org\/{rel}","templated":true}]}}